{"id":4882,"date":"2023-06-21T13:18:29","date_gmt":"2023-06-21T13:18:29","guid":{"rendered":"https:\/\/challengeseconomiques.com\/?p=4882"},"modified":"2023-06-21T13:31:06","modified_gmt":"2023-06-21T13:31:06","slug":"lassainissement-budgetaire-est-une-priorite-au-regard-du-durcissement-des-conditions-financieres","status":"publish","type":"post","link":"https:\/\/challengeseconomiques.com\/?p=4882","title":{"rendered":"S\u00e9n\u00e9gal\/Banque mondiale: L\u2019assainissement budg\u00e9taire est une priorit\u00e9 au regard du durcissement des conditions financi\u00e8res"},"content":{"rendered":"<p><strong>Keiko Miwa, Directrice des op\u00e9rations de la Banque mondiale au S\u00e9n\u00e9ga<\/strong>l<\/p>\n<p><strong>La croissance \u00e9conomique du S\u00e9n\u00e9gal s\u2019est ralentie en 2022, dans un contexte de hausse des prix mondiaux des produits de base, indique la Banque mondiale dans son rapport 2023 sur la situation \u00e9conomique du S\u00e9n\u00e9gal. \u00a0<\/strong><\/p>\n<p>Une baisse de l&rsquo;investissement priv\u00e9 et des exportations, ainsi qu\u2019une contraction du secteur agricole et de la production industrielle sont \u00e0 la base de ce ralentissement. Il en r\u00e9sulte une d\u00e9c\u00e9l\u00e9ration de la croissance du PIB r\u00e9el en 2022 \u00e0 4,2%, apr\u00e8s une forte reprise post COVID 19 en 2021 \u00e0 6,5%.<\/p>\n<p><em>\u201c La croissance du pays reste r\u00e9siliente malgr\u00e9 les crises multiples, et les perspectives macro\u00e9conomiques sont favorables. Toutefois cette croissance se doit d\u2019\u00eatre plus inclusive compte tenu de l\u2019inflation qui a accentu\u00e9 la pauvret\u00e9 en 2022\u201d, <\/em>a d\u00e9clar\u00e9 Keiko Miwa, directrice des op\u00e9rations de la Banque mondiale pour le Cabo Verde, la Gambie, la Guin\u00e9e-Bissau, la Mauritanie et le S\u00e9n\u00e9gal.<\/p>\n<p><strong>\u00a0<\/strong>Les fortes pressions inflationnistes, marqu\u00e9es par un impact non n\u00e9gligeable sur les m\u00e9nages \u00e0 faible revenu, ont conduit \u00e0 des mesures d\u2019att\u00e9nuation des chocs, qui combin\u00e9es aux emprunts contract\u00e9s par les entreprises publiques &#8211; principalement pour financer les investissements dans le secteur du p\u00e9trole et du gaz &#8211; ont entrain\u00e9 une augmentation de la dette publique en 2022.<\/p>\n<p>Les perspectives macro\u00e9conomiques, bien que soumises \u00e0 d\u2019importantes variabilit\u00e9s, sont n\u00e9anmoins favorables. Elles devraient se traduire par un rebond de la croissance \u00e0 9.9 % en 2024, tir\u00e9e par une forte production industrielle marqu\u00e9e par le d\u00e9but de\u00a0l\u2019exploitation des hydrocarbures.<\/p>\n<p><em>\u201cL\u2019assainissement budg\u00e9taire est une priorit\u00e9 pour le S\u00e9n\u00e9gal au regard du durcissement des conditions financi\u00e8res sur les marches r\u00e9gionaux et internationaux. Il permettrait une diminution progressive de la part importante de l\u2019encours de la dette au PIB apr\u00e8s 2023.<\/em> <em>Le risque de surendettement global reste mod\u00e9r\u00e9, mais il importe d\u2019avoir une marge de man\u0153uvre pour faire face aux conjonctures d\u00e9favorables<\/em>.<em>\u00a0\u00bb <\/em>souligne H\u00e9l\u00e8ne Aminatou Ba, \u00e9conomiste-pays \u00e0 la Banque mondiale et l\u2019une des principales auteurs du rapport.<\/p>\n<p>Le rapport consacre son chapitre th\u00e9matique aux politiques de r\u00e9ponses possibles aux besoins des groupes vuln\u00e9rables permettant d\u2019am\u00e9liorer leur r\u00e9silience aux chocs. Les politiques de r\u00e9duction de la pauvret\u00e9 ciblant uniquement les populations pauvres pourraient se r\u00e9v\u00e9ler inefficaces en cas de chocs, car elles excluent les personnes vuln\u00e9rables \u00e0 la pauvret\u00e9. Assurer une croissance inclusive, face \u00e0 la r\u00e9currence des chocs, constitue un important d\u00e9fi auquel le pays devrait faire face.<\/p>\n<p>Par ailleurs, la normalisation des prix internationaux des mati\u00e8res premi\u00e8res, un environnement institutionnel favorable, le recours aux partenariats public-priv\u00e9 pour financer les investissements publics et l&rsquo;augmentation des investissements \u00e9trangers directs dans le d\u00e9veloppement des hydrocarbures devraient, selon le rapport, favoriser un rebond imminent du secteur secondaire.<\/p>\n<p><strong>Source: Banque mondiale<\/strong><\/p>\n","protected":false},"excerpt":{"rendered":"<p>Keiko Miwa, Directrice des op\u00e9rations de la Banque mondiale au S\u00e9n\u00e9gal La croissance \u00e9conomique du S\u00e9n\u00e9gal s\u2019est ralentie en 2022, dans un contexte de hausse&#8230;<\/p>\n","protected":false},"author":1,"featured_media":4887,"comment_status":"closed","ping_status":"open","sticky":false,"template":"","format":"standard","meta":{"_jetpack_memberships_contains_paid_content":false,"footnotes":""},"categories":[23,10],"tags":[],"class_list":["post-4882","post","type-post","status-publish","format-standard","has-post-thumbnail","hentry","category-a-la-une","category-infos-eco","wpcat-23-id","wpcat-10-id"],"yoast_head":"<!-- This site is optimized with the Yoast SEO plugin v27.1.1 - https:\/\/yoast.com\/product\/yoast-seo-wordpress\/ -->\n<title>S\u00e9n\u00e9gal\/Banque mondiale: L\u2019assainissement budg\u00e9taire est une priorit\u00e9 au regard du durcissement des conditions financi\u00e8res - challenges economiques<\/title>\n<meta name=\"robots\" content=\"index, follow, max-snippet:-1, max-image-preview:large, max-video-preview:-1\" \/>\n<link rel=\"canonical\" href=\"https:\/\/challengeseconomiques.com\/?p=4882\" \/>\n<meta property=\"og:locale\" content=\"fr_FR\" \/>\n<meta property=\"og:type\" content=\"article\" \/>\n<meta property=\"og:title\" content=\"S\u00e9n\u00e9gal\/Banque mondiale: L\u2019assainissement budg\u00e9taire est une priorit\u00e9 au regard du durcissement des conditions financi\u00e8res - challenges economiques\" \/>\n<meta property=\"og:description\" content=\"Keiko Miwa, Directrice des op\u00e9rations de la Banque mondiale au S\u00e9n\u00e9gal La croissance \u00e9conomique du S\u00e9n\u00e9gal s\u2019est ralentie en 2022, dans un contexte de hausse...\" \/>\n<meta property=\"og:url\" content=\"https:\/\/challengeseconomiques.com\/?p=4882\" \/>\n<meta property=\"og:site_name\" content=\"challenges economiques\" \/>\n<meta property=\"article:published_time\" content=\"2023-06-21T13:18:29+00:00\" \/>\n<meta property=\"article:modified_time\" content=\"2023-06-21T13:31:06+00:00\" \/>\n<meta property=\"og:image\" content=\"https:\/\/challengeseconomiques.com\/wp-content\/uploads\/2023\/06\/KeikoMiwa.jpg\" \/>\n\t<meta property=\"og:image:width\" content=\"750\" \/>\n\t<meta property=\"og:image:height\" content=\"500\" \/>\n\t<meta property=\"og:image:type\" content=\"image\/jpeg\" \/>\n<meta name=\"author\" content=\"admin\" \/>\n<meta name=\"twitter:card\" content=\"summary_large_image\" \/>\n<meta name=\"twitter:label1\" content=\"\u00c9crit par\" \/>\n\t<meta name=\"twitter:data1\" content=\"admin\" \/>\n\t<meta name=\"twitter:label2\" content=\"Dur\u00e9e de lecture estim\u00e9e\" \/>\n\t<meta name=\"twitter:data2\" content=\"2 minutes\" \/>\n<script type=\"application\/ld+json\" class=\"yoast-schema-graph\">{\"@context\":\"https:\/\/schema.org\",\"@graph\":[{\"@type\":\"Article\",\"@id\":\"https:\/\/challengeseconomiques.com\/?p=4882#article\",\"isPartOf\":{\"@id\":\"https:\/\/challengeseconomiques.com\/?p=4882\"},\"author\":{\"name\":\"admin\",\"@id\":\"https:\/\/challengeseconomiques.com\/#\/schema\/person\/b4568c9afebc5a9238a771873801e349\"},\"headline\":\"S\u00e9n\u00e9gal\/Banque mondiale: L\u2019assainissement budg\u00e9taire est une priorit\u00e9 au regard du durcissement des conditions financi\u00e8res\",\"datePublished\":\"2023-06-21T13:18:29+00:00\",\"dateModified\":\"2023-06-21T13:31:06+00:00\",\"mainEntityOfPage\":{\"@id\":\"https:\/\/challengeseconomiques.com\/?p=4882\"},\"wordCount\":521,\"image\":{\"@id\":\"https:\/\/challengeseconomiques.com\/?p=4882#primaryimage\"},\"thumbnailUrl\":\"https:\/\/challengeseconomiques.com\/wp-content\/uploads\/2023\/06\/KeikoMiwa.jpg\",\"articleSection\":[\"A la une\",\"Infos \u00e9co\"],\"inLanguage\":\"fr-FR\"},{\"@type\":\"WebPage\",\"@id\":\"https:\/\/challengeseconomiques.com\/?p=4882\",\"url\":\"https:\/\/challengeseconomiques.com\/?p=4882\",\"name\":\"S\u00e9n\u00e9gal\/Banque mondiale: L\u2019assainissement budg\u00e9taire est une priorit\u00e9 au regard du durcissement des conditions financi\u00e8res - challenges economiques\",\"isPartOf\":{\"@id\":\"https:\/\/challengeseconomiques.com\/#website\"},\"primaryImageOfPage\":{\"@id\":\"https:\/\/challengeseconomiques.com\/?p=4882#primaryimage\"},\"image\":{\"@id\":\"https:\/\/challengeseconomiques.com\/?p=4882#primaryimage\"},\"thumbnailUrl\":\"https:\/\/challengeseconomiques.com\/wp-content\/uploads\/2023\/06\/KeikoMiwa.jpg\",\"datePublished\":\"2023-06-21T13:18:29+00:00\",\"dateModified\":\"2023-06-21T13:31:06+00:00\",\"author\":{\"@id\":\"https:\/\/challengeseconomiques.com\/#\/schema\/person\/b4568c9afebc5a9238a771873801e349\"},\"breadcrumb\":{\"@id\":\"https:\/\/challengeseconomiques.com\/?p=4882#breadcrumb\"},\"inLanguage\":\"fr-FR\",\"potentialAction\":[{\"@type\":\"ReadAction\",\"target\":[\"https:\/\/challengeseconomiques.com\/?p=4882\"]}]},{\"@type\":\"ImageObject\",\"inLanguage\":\"fr-FR\",\"@id\":\"https:\/\/challengeseconomiques.com\/?p=4882#primaryimage\",\"url\":\"https:\/\/challengeseconomiques.com\/wp-content\/uploads\/2023\/06\/KeikoMiwa.jpg\",\"contentUrl\":\"https:\/\/challengeseconomiques.com\/wp-content\/uploads\/2023\/06\/KeikoMiwa.jpg\",\"width\":750,\"height\":500},{\"@type\":\"BreadcrumbList\",\"@id\":\"https:\/\/challengeseconomiques.com\/?p=4882#breadcrumb\",\"itemListElement\":[{\"@type\":\"ListItem\",\"position\":1,\"name\":\"Home\",\"item\":\"https:\/\/challengeseconomiques.com\/\"},{\"@type\":\"ListItem\",\"position\":2,\"name\":\"S\u00e9n\u00e9gal\/Banque mondiale: L\u2019assainissement budg\u00e9taire est une priorit\u00e9 au regard du durcissement des conditions financi\u00e8res\"}]},{\"@type\":\"WebSite\",\"@id\":\"https:\/\/challengeseconomiques.com\/#website\",\"url\":\"https:\/\/challengeseconomiques.com\/\",\"name\":\"challenges economiques\",\"description\":\"\",\"potentialAction\":[{\"@type\":\"SearchAction\",\"target\":{\"@type\":\"EntryPoint\",\"urlTemplate\":\"https:\/\/challengeseconomiques.com\/?s={search_term_string}\"},\"query-input\":{\"@type\":\"PropertyValueSpecification\",\"valueRequired\":true,\"valueName\":\"search_term_string\"}}],\"inLanguage\":\"fr-FR\"},{\"@type\":\"Person\",\"@id\":\"https:\/\/challengeseconomiques.com\/#\/schema\/person\/b4568c9afebc5a9238a771873801e349\",\"name\":\"admin\",\"image\":{\"@type\":\"ImageObject\",\"inLanguage\":\"fr-FR\",\"@id\":\"https:\/\/challengeseconomiques.com\/#\/schema\/person\/image\/\",\"url\":\"https:\/\/secure.gravatar.com\/avatar\/099e42240b5eea11acdb72751fcce0dd918603f0749d24974b7984ea47ed9fd9?s=96&d=mm&r=g\",\"contentUrl\":\"https:\/\/secure.gravatar.com\/avatar\/099e42240b5eea11acdb72751fcce0dd918603f0749d24974b7984ea47ed9fd9?s=96&d=mm&r=g\",\"caption\":\"admin\"},\"sameAs\":[\"https:\/\/challengeseconomiques.com\"],\"url\":\"https:\/\/challengeseconomiques.com\/?author=1\"}]}<\/script>\n<!-- \/ Yoast SEO plugin. -->","yoast_head_json":{"title":"S\u00e9n\u00e9gal\/Banque mondiale: L\u2019assainissement budg\u00e9taire est une priorit\u00e9 au regard du durcissement des conditions financi\u00e8res - challenges economiques","robots":{"index":"index","follow":"follow","max-snippet":"max-snippet:-1","max-image-preview":"max-image-preview:large","max-video-preview":"max-video-preview:-1"},"canonical":"https:\/\/challengeseconomiques.com\/?p=4882","og_locale":"fr_FR","og_type":"article","og_title":"S\u00e9n\u00e9gal\/Banque mondiale: L\u2019assainissement budg\u00e9taire est une priorit\u00e9 au regard du durcissement des conditions financi\u00e8res - challenges economiques","og_description":"Keiko Miwa, Directrice des op\u00e9rations de la Banque mondiale au S\u00e9n\u00e9gal La croissance \u00e9conomique du S\u00e9n\u00e9gal s\u2019est ralentie en 2022, dans un contexte de hausse...","og_url":"https:\/\/challengeseconomiques.com\/?p=4882","og_site_name":"challenges economiques","article_published_time":"2023-06-21T13:18:29+00:00","article_modified_time":"2023-06-21T13:31:06+00:00","og_image":[{"width":750,"height":500,"url":"https:\/\/challengeseconomiques.com\/wp-content\/uploads\/2023\/06\/KeikoMiwa.jpg","type":"image\/jpeg"}],"author":"admin","twitter_card":"summary_large_image","twitter_misc":{"\u00c9crit par":"admin","Dur\u00e9e de lecture estim\u00e9e":"2 minutes"},"schema":{"@context":"https:\/\/schema.org","@graph":[{"@type":"Article","@id":"https:\/\/challengeseconomiques.com\/?p=4882#article","isPartOf":{"@id":"https:\/\/challengeseconomiques.com\/?p=4882"},"author":{"name":"admin","@id":"https:\/\/challengeseconomiques.com\/#\/schema\/person\/b4568c9afebc5a9238a771873801e349"},"headline":"S\u00e9n\u00e9gal\/Banque mondiale: L\u2019assainissement budg\u00e9taire est une priorit\u00e9 au regard du durcissement des conditions financi\u00e8res","datePublished":"2023-06-21T13:18:29+00:00","dateModified":"2023-06-21T13:31:06+00:00","mainEntityOfPage":{"@id":"https:\/\/challengeseconomiques.com\/?p=4882"},"wordCount":521,"image":{"@id":"https:\/\/challengeseconomiques.com\/?p=4882#primaryimage"},"thumbnailUrl":"https:\/\/challengeseconomiques.com\/wp-content\/uploads\/2023\/06\/KeikoMiwa.jpg","articleSection":["A la une","Infos \u00e9co"],"inLanguage":"fr-FR"},{"@type":"WebPage","@id":"https:\/\/challengeseconomiques.com\/?p=4882","url":"https:\/\/challengeseconomiques.com\/?p=4882","name":"S\u00e9n\u00e9gal\/Banque mondiale: L\u2019assainissement budg\u00e9taire est une priorit\u00e9 au regard du durcissement des conditions financi\u00e8res - challenges economiques","isPartOf":{"@id":"https:\/\/challengeseconomiques.com\/#website"},"primaryImageOfPage":{"@id":"https:\/\/challengeseconomiques.com\/?p=4882#primaryimage"},"image":{"@id":"https:\/\/challengeseconomiques.com\/?p=4882#primaryimage"},"thumbnailUrl":"https:\/\/challengeseconomiques.com\/wp-content\/uploads\/2023\/06\/KeikoMiwa.jpg","datePublished":"2023-06-21T13:18:29+00:00","dateModified":"2023-06-21T13:31:06+00:00","author":{"@id":"https:\/\/challengeseconomiques.com\/#\/schema\/person\/b4568c9afebc5a9238a771873801e349"},"breadcrumb":{"@id":"https:\/\/challengeseconomiques.com\/?p=4882#breadcrumb"},"inLanguage":"fr-FR","potentialAction":[{"@type":"ReadAction","target":["https:\/\/challengeseconomiques.com\/?p=4882"]}]},{"@type":"ImageObject","inLanguage":"fr-FR","@id":"https:\/\/challengeseconomiques.com\/?p=4882#primaryimage","url":"https:\/\/challengeseconomiques.com\/wp-content\/uploads\/2023\/06\/KeikoMiwa.jpg","contentUrl":"https:\/\/challengeseconomiques.com\/wp-content\/uploads\/2023\/06\/KeikoMiwa.jpg","width":750,"height":500},{"@type":"BreadcrumbList","@id":"https:\/\/challengeseconomiques.com\/?p=4882#breadcrumb","itemListElement":[{"@type":"ListItem","position":1,"name":"Home","item":"https:\/\/challengeseconomiques.com\/"},{"@type":"ListItem","position":2,"name":"S\u00e9n\u00e9gal\/Banque mondiale: L\u2019assainissement budg\u00e9taire est une priorit\u00e9 au regard du durcissement des conditions financi\u00e8res"}]},{"@type":"WebSite","@id":"https:\/\/challengeseconomiques.com\/#website","url":"https:\/\/challengeseconomiques.com\/","name":"challenges economiques","description":"","potentialAction":[{"@type":"SearchAction","target":{"@type":"EntryPoint","urlTemplate":"https:\/\/challengeseconomiques.com\/?s={search_term_string}"},"query-input":{"@type":"PropertyValueSpecification","valueRequired":true,"valueName":"search_term_string"}}],"inLanguage":"fr-FR"},{"@type":"Person","@id":"https:\/\/challengeseconomiques.com\/#\/schema\/person\/b4568c9afebc5a9238a771873801e349","name":"admin","image":{"@type":"ImageObject","inLanguage":"fr-FR","@id":"https:\/\/challengeseconomiques.com\/#\/schema\/person\/image\/","url":"https:\/\/secure.gravatar.com\/avatar\/099e42240b5eea11acdb72751fcce0dd918603f0749d24974b7984ea47ed9fd9?s=96&d=mm&r=g","contentUrl":"https:\/\/secure.gravatar.com\/avatar\/099e42240b5eea11acdb72751fcce0dd918603f0749d24974b7984ea47ed9fd9?s=96&d=mm&r=g","caption":"admin"},"sameAs":["https:\/\/challengeseconomiques.com"],"url":"https:\/\/challengeseconomiques.com\/?author=1"}]}},"jetpack_featured_media_url":"https:\/\/challengeseconomiques.com\/wp-content\/uploads\/2023\/06\/KeikoMiwa.jpg","jetpack_sharing_enabled":true,"_links":{"self":[{"href":"https:\/\/challengeseconomiques.com\/index.php?rest_route=\/wp\/v2\/posts\/4882","targetHints":{"allow":["GET"]}}],"collection":[{"href":"https:\/\/challengeseconomiques.com\/index.php?rest_route=\/wp\/v2\/posts"}],"about":[{"href":"https:\/\/challengeseconomiques.com\/index.php?rest_route=\/wp\/v2\/types\/post"}],"author":[{"embeddable":true,"href":"https:\/\/challengeseconomiques.com\/index.php?rest_route=\/wp\/v2\/users\/1"}],"replies":[{"embeddable":true,"href":"https:\/\/challengeseconomiques.com\/index.php?rest_route=%2Fwp%2Fv2%2Fcomments&post=4882"}],"version-history":[{"count":3,"href":"https:\/\/challengeseconomiques.com\/index.php?rest_route=\/wp\/v2\/posts\/4882\/revisions"}],"predecessor-version":[{"id":4886,"href":"https:\/\/challengeseconomiques.com\/index.php?rest_route=\/wp\/v2\/posts\/4882\/revisions\/4886"}],"wp:featuredmedia":[{"embeddable":true,"href":"https:\/\/challengeseconomiques.com\/index.php?rest_route=\/wp\/v2\/media\/4887"}],"wp:attachment":[{"href":"https:\/\/challengeseconomiques.com\/index.php?rest_route=%2Fwp%2Fv2%2Fmedia&parent=4882"}],"wp:term":[{"taxonomy":"category","embeddable":true,"href":"https:\/\/challengeseconomiques.com\/index.php?rest_route=%2Fwp%2Fv2%2Fcategories&post=4882"},{"taxonomy":"post_tag","embeddable":true,"href":"https:\/\/challengeseconomiques.com\/index.php?rest_route=%2Fwp%2Fv2%2Ftags&post=4882"}],"curies":[{"name":"wp","href":"https:\/\/api.w.org\/{rel}","templated":true}]}}