{"id":4750,"date":"2023-05-22T10:25:35","date_gmt":"2023-05-22T10:25:35","guid":{"rendered":"https:\/\/challengeseconomiques.com\/?p=4750"},"modified":"2023-05-22T10:26:12","modified_gmt":"2023-05-22T10:26:12","slug":"meta-celebre-les-etoiles-montantes-de-lafrique-a-travers-ledition-2023-de-sa-campagne-made-by-africa-loved-by-the-world","status":"publish","type":"post","link":"https:\/\/challengeseconomiques.com\/?p=4750","title":{"rendered":"Meta c\u00e9l\u00e8bre les \u00c9toiles Montantes de l\u2019Afrique \u00e0 travers l\u2019\u00e9dition 2023 de sa campagne \u00ab Made by Africa Loved by the World \u00bb"},"content":{"rendered":"<p>En perspective de la c\u00e9l\u00e9bration de la journ\u00e9e de l\u2019Afrique pr\u00e9vue le 25 Mai, Meta annonce la 3\u00e8me \u00e9dition de sa campagne panafricaine <strong>\u00ab&nbsp;Made by Africa Loved by the World&nbsp;\u00bb<\/strong>. Sous le th\u00e8me <strong><em>\u00ab&nbsp;Rising Stars&nbsp;\u00bb<\/em><\/strong>, la campagne de cette ann\u00e9e a pour objectif d\u2019amplifier les voix et les histoires de huit talents \u00e9mergents \u00e0 travers l\u2019Afrique qui ont su asseoir leur pr\u00e9sence globale, changeant ainsi la fa\u00e7on dont l\u2019Afrique est per\u00e7ue sur la sc\u00e8ne internationale.<\/p>\n<p>Repr\u00e9sentant diverses industries cr\u00e9atives allant de la musique \u00e0 l\u2019art, en passant par la mode et le style de vie, les courts-m\u00e9trages en format \u00ab&nbsp;vlog&nbsp;\u00bb mis en avant cette ann\u00e9e donnent un aper\u00e7u du quotidien des cr\u00e9ateurs, leurs moments phares de la journ\u00e9e et la mani\u00e8re dont l\u2019Afrique inspire leur cr\u00e9ativit\u00e9. De plus, Meta lance aussi le challenge communautaire <strong>#ShareYourAfrica<\/strong> sur Instagram sous format de Reels, qui encourage les communaut\u00e9s africaines \u00e0 c\u00e9l\u00e9brer leur authenticit\u00e9 \u00e0 travers la danse, la musique, la mode, la gastronomie ou encore l\u2019art. A l\u2019occasion de la journ\u00e9e de l\u2019Afrique, Meta compte organiser des \u00e9changes en ligne avec des personnalit\u00e9s d\u2019Afrique au sujet de l\u2019impact global de la jeunesse africaine et du r\u00f4le crucial des plateformes sociales, telles qu\u2019Instagram, dans le d\u00e9veloppement de leur notori\u00e9t\u00e9 \u00e0 travers le monde.<\/p>\n<p>&nbsp;<\/p>\n<p>A ce propos, Kezia Anim-Addo, Directrice de la Communication pour l\u2019Afrique subsaharienne chez Meta, a d\u00e9clar\u00e9&nbsp;: \u00ab&nbsp;Nous sommes ravis de c\u00e9l\u00e9brer la journ\u00e9e de l\u2019Afrique cette ann\u00e9e en faisant r\u00e9sonner les histoires quelques talents et \u00c9toiles Montantes en Afrique et qui font briller, \u00e0 travers leurs voix, la culture, la musique, la gastronomie, la mode africaines et bien plus encore. Tous les jours, les jeunes cr\u00e9ateurs africains ont recours aux technologies de Meta telles qu\u2019Instagram pour partager leurs histoires, s\u2019exprimer librement et rassembler les gens de fa\u00e7on inspirante. Nous sommes fiers de constater que nos technologies ont un r\u00f4le \u00e0 jouer dans l\u2019amplification de ces voix et de ces histoires tant au niveau du continent qu\u2019\u00e0 l\u2019\u00e9chelle internationale \u00bb.<\/p>\n<p><strong>Les \u00c9toiles Montantes&nbsp;de Made by Africa, Loved by the World<\/strong><\/p>\n<p>Les courts-m\u00e9trages suivants sont disponibles sur les pages Instagram respectives de chacun des cr\u00e9ateurs ainsi que sur la <u>Page Facebook Meta Africa<\/u>&nbsp;:<\/p>\n<p><strong><u><a href=\"https:\/\/www.instagram.com\/octopizzo\/\">Henry Ohanga<\/a><\/u><\/strong><strong> (Kenya):<\/strong> Octopizzo est un artiste prim\u00e9 qui utilise ses nombreux talents pour inspirer le changement dans divers domaines tels que l&rsquo;art, la musique, le sport et la culture.<\/p>\n<p><strong><u><a href=\"https:\/\/www.instagram.com\/fhatuwanimukheli\/\">Fhatuwani Mukheli<\/a><\/u><\/strong><strong> (Afrique du Sud):<\/strong> Artiste visuel, cin\u00e9aste et photographe de renomm\u00e9e internationale, anim\u00e9 par la conviction de pouvoir gu\u00e9rir les gens \u00e0 travers les arts visuels.<\/p>\n<p><strong><u><a href=\"https:\/\/www.instagram.com\/gyakie_\/\">Jacqueline Acheampong &#8211; Gyakie<\/a><\/u><\/strong><strong> (Ghana):<\/strong> Chanteuse, compositrice et interpr\u00e8te de musique aux m\u00e9lodies accrocheuses et aux rythmes entra\u00eenants. Elle s&rsquo;est produite \u00e0 plusieurs reprises au Ghana ainsi que dans le monde entier. Gyakie a aussi remport\u00e9 de nombreuses r\u00e9compenses locales et internationales.<\/p>\n<p><strong><u><a href=\"https:\/\/www.instagram.com\/enioluwaofficial\/\">Enioluwa Adeoluwa<\/a><\/u><\/strong><strong> (Nig\u00e9ria):<\/strong> Influenceur mode et lifestyle qui s&rsquo;est forg\u00e9 une place dans l&rsquo;industrie de la mode en collaborant avec des marques internationales et en se construisant une solide communaut\u00e9 de fans issus de la g\u00e9n\u00e9ration Z.<\/p>\n<p><strong><u><a href=\"https:\/\/www.instagram.com\/ko_c.official\/?hl=fr\">Njang Mengu Collins<\/a><\/u><\/strong><strong> (Cameroun):<\/strong> Chanteur et rappeur connu sous le nom de <strong>Ko-C<\/strong>. Sa musique se caract\u00e9rise par une fusion unique d&rsquo;Afropop et de hip-hop. Le succ\u00e8s de ses chansons lui a valu de nombreuses nominations internationales.<strong><u><a href=\"https:\/\/www.instagram.com\/qhamanandemaswana\/\">Qhamanande Maswana<\/a><\/u><\/strong><strong> (Afrique du Sud): <\/strong>Artiste visuel de renomm\u00e9e internationale, il m\u00eale avec aisance le r\u00e9el et l&rsquo;imaginaire dans chacun de ses portraits. Ses \u0153uvres d\u00e9crivent souvent la beaut\u00e9 ainsi que les d\u00e9fis de la vie quotidienne en Afrique du Sud.<\/p>\n<p><strong><u><a href=\"https:\/\/www.instagram.com\/fenamenal\/\">Fena Gitu<\/a><\/u><\/strong><strong> (Kenya):<\/strong> Chanteuse, compositrice et productrice de musique&nbsp;\u00ab&nbsp;Urban Soul&nbsp;\u00bb. Elle s&rsquo;est associ\u00e9e, tout au long de sa carri\u00e8re, \u00e0 des artistes locaux et internationaux. Fena a \u00e9galement re\u00e7u plusieurs distinctions pour son travail remarquable dans l&rsquo;industrie musicale et continue d&rsquo;\u00eatre appr\u00e9ci\u00e9e au-del\u00e0 des fronti\u00e8res k\u00e9nyanes.<\/p>\n<p><strong><u><a href=\"https:\/\/www.instagram.com\/shankcomics\/\">Adesokan Emmanuel &#8211; Shanks Comics<\/a><\/u><\/strong><strong> (Nig\u00e9ria)<\/strong> Humoriste sur les plateformes sociales, cr\u00e9ateur de contenu, influenceur de marque, personnalit\u00e9 m\u00e9diatique convaincu par le pouvoir du storytelling.<\/p>\n<p><strong>Source:(META)<\/strong><\/p>\n<p>&nbsp;<\/p>\n<p>&nbsp;<\/p>\n","protected":false},"excerpt":{"rendered":"<p>En perspective de la c\u00e9l\u00e9bration de la journ\u00e9e de l\u2019Afrique pr\u00e9vue le 25 Mai, Meta annonce la 3\u00e8me \u00e9dition de sa campagne panafricaine \u00ab&nbsp;Made by&#8230;<\/p>\n","protected":false},"author":1,"featured_media":3576,"comment_status":"closed","ping_status":"open","sticky":false,"template":"","format":"standard","meta":{"_jetpack_memberships_contains_paid_content":false,"footnotes":""},"categories":[8],"tags":[],"class_list":["post-4750","post","type-post","status-publish","format-standard","has-post-thumbnail","hentry","category-actualite-economique","wpcat-8-id"],"yoast_head":"<!-- This site is optimized with the Yoast SEO plugin v27.1.1 - https:\/\/yoast.com\/product\/yoast-seo-wordpress\/ -->\n<title>Meta c\u00e9l\u00e8bre les \u00c9toiles Montantes de l\u2019Afrique \u00e0 travers l\u2019\u00e9dition 2023 de sa campagne \u00ab Made by Africa Loved by the World \u00bb - challenges economiques<\/title>\n<meta name=\"robots\" content=\"index, follow, max-snippet:-1, max-image-preview:large, max-video-preview:-1\" \/>\n<link rel=\"canonical\" href=\"https:\/\/challengeseconomiques.com\/?p=4750\" \/>\n<meta property=\"og:locale\" content=\"fr_FR\" \/>\n<meta property=\"og:type\" content=\"article\" \/>\n<meta property=\"og:title\" content=\"Meta c\u00e9l\u00e8bre les \u00c9toiles Montantes de l\u2019Afrique \u00e0 travers l\u2019\u00e9dition 2023 de sa campagne \u00ab Made by Africa Loved by the World \u00bb - challenges economiques\" \/>\n<meta property=\"og:description\" content=\"En perspective de la c\u00e9l\u00e9bration de la journ\u00e9e de l\u2019Afrique pr\u00e9vue le 25 Mai, Meta annonce la 3\u00e8me \u00e9dition de sa campagne panafricaine \u00ab&nbsp;Made by...\" \/>\n<meta property=\"og:url\" content=\"https:\/\/challengeseconomiques.com\/?p=4750\" \/>\n<meta property=\"og:site_name\" content=\"challenges economiques\" \/>\n<meta property=\"article:published_time\" content=\"2023-05-22T10:25:35+00:00\" \/>\n<meta property=\"article:modified_time\" content=\"2023-05-22T10:26:12+00:00\" \/>\n<meta property=\"og:image\" content=\"https:\/\/challengeseconomiques.com\/wp-content\/uploads\/2022\/06\/meta-facebook.jpg\" \/>\n\t<meta property=\"og:image:width\" content=\"1200\" \/>\n\t<meta property=\"og:image:height\" content=\"720\" \/>\n\t<meta property=\"og:image:type\" content=\"image\/jpeg\" \/>\n<meta name=\"author\" content=\"admin\" \/>\n<meta name=\"twitter:card\" content=\"summary_large_image\" \/>\n<meta name=\"twitter:label1\" content=\"\u00c9crit par\" \/>\n\t<meta name=\"twitter:data1\" content=\"admin\" \/>\n\t<meta name=\"twitter:label2\" content=\"Dur\u00e9e de lecture estim\u00e9e\" \/>\n\t<meta name=\"twitter:data2\" content=\"4 minutes\" \/>\n<script type=\"application\/ld+json\" class=\"yoast-schema-graph\">{\"@context\":\"https:\/\/schema.org\",\"@graph\":[{\"@type\":\"Article\",\"@id\":\"https:\/\/challengeseconomiques.com\/?p=4750#article\",\"isPartOf\":{\"@id\":\"https:\/\/challengeseconomiques.com\/?p=4750\"},\"author\":{\"name\":\"admin\",\"@id\":\"https:\/\/challengeseconomiques.com\/#\/schema\/person\/b4568c9afebc5a9238a771873801e349\"},\"headline\":\"Meta c\u00e9l\u00e8bre les \u00c9toiles Montantes de l\u2019Afrique \u00e0 travers l\u2019\u00e9dition 2023 de sa campagne \u00ab Made by Africa Loved by the World \u00bb\",\"datePublished\":\"2023-05-22T10:25:35+00:00\",\"dateModified\":\"2023-05-22T10:26:12+00:00\",\"mainEntityOfPage\":{\"@id\":\"https:\/\/challengeseconomiques.com\/?p=4750\"},\"wordCount\":768,\"image\":{\"@id\":\"https:\/\/challengeseconomiques.com\/?p=4750#primaryimage\"},\"thumbnailUrl\":\"https:\/\/challengeseconomiques.com\/wp-content\/uploads\/2022\/06\/meta-facebook.jpg\",\"articleSection\":[\"Actualit\u00e9 \u00e9conomique\"],\"inLanguage\":\"fr-FR\"},{\"@type\":\"WebPage\",\"@id\":\"https:\/\/challengeseconomiques.com\/?p=4750\",\"url\":\"https:\/\/challengeseconomiques.com\/?p=4750\",\"name\":\"Meta c\u00e9l\u00e8bre les \u00c9toiles Montantes de l\u2019Afrique \u00e0 travers l\u2019\u00e9dition 2023 de sa campagne \u00ab Made by Africa Loved by the World \u00bb - challenges economiques\",\"isPartOf\":{\"@id\":\"https:\/\/challengeseconomiques.com\/#website\"},\"primaryImageOfPage\":{\"@id\":\"https:\/\/challengeseconomiques.com\/?p=4750#primaryimage\"},\"image\":{\"@id\":\"https:\/\/challengeseconomiques.com\/?p=4750#primaryimage\"},\"thumbnailUrl\":\"https:\/\/challengeseconomiques.com\/wp-content\/uploads\/2022\/06\/meta-facebook.jpg\",\"datePublished\":\"2023-05-22T10:25:35+00:00\",\"dateModified\":\"2023-05-22T10:26:12+00:00\",\"author\":{\"@id\":\"https:\/\/challengeseconomiques.com\/#\/schema\/person\/b4568c9afebc5a9238a771873801e349\"},\"breadcrumb\":{\"@id\":\"https:\/\/challengeseconomiques.com\/?p=4750#breadcrumb\"},\"inLanguage\":\"fr-FR\",\"potentialAction\":[{\"@type\":\"ReadAction\",\"target\":[\"https:\/\/challengeseconomiques.com\/?p=4750\"]}]},{\"@type\":\"ImageObject\",\"inLanguage\":\"fr-FR\",\"@id\":\"https:\/\/challengeseconomiques.com\/?p=4750#primaryimage\",\"url\":\"https:\/\/challengeseconomiques.com\/wp-content\/uploads\/2022\/06\/meta-facebook.jpg\",\"contentUrl\":\"https:\/\/challengeseconomiques.com\/wp-content\/uploads\/2022\/06\/meta-facebook.jpg\",\"width\":1200,\"height\":720},{\"@type\":\"BreadcrumbList\",\"@id\":\"https:\/\/challengeseconomiques.com\/?p=4750#breadcrumb\",\"itemListElement\":[{\"@type\":\"ListItem\",\"position\":1,\"name\":\"Home\",\"item\":\"https:\/\/challengeseconomiques.com\/\"},{\"@type\":\"ListItem\",\"position\":2,\"name\":\"Meta c\u00e9l\u00e8bre les \u00c9toiles Montantes de l\u2019Afrique \u00e0 travers l\u2019\u00e9dition 2023 de sa campagne \u00ab Made by Africa Loved by the World \u00bb\"}]},{\"@type\":\"WebSite\",\"@id\":\"https:\/\/challengeseconomiques.com\/#website\",\"url\":\"https:\/\/challengeseconomiques.com\/\",\"name\":\"challenges economiques\",\"description\":\"\",\"potentialAction\":[{\"@type\":\"SearchAction\",\"target\":{\"@type\":\"EntryPoint\",\"urlTemplate\":\"https:\/\/challengeseconomiques.com\/?s={search_term_string}\"},\"query-input\":{\"@type\":\"PropertyValueSpecification\",\"valueRequired\":true,\"valueName\":\"search_term_string\"}}],\"inLanguage\":\"fr-FR\"},{\"@type\":\"Person\",\"@id\":\"https:\/\/challengeseconomiques.com\/#\/schema\/person\/b4568c9afebc5a9238a771873801e349\",\"name\":\"admin\",\"image\":{\"@type\":\"ImageObject\",\"inLanguage\":\"fr-FR\",\"@id\":\"https:\/\/challengeseconomiques.com\/#\/schema\/person\/image\/\",\"url\":\"https:\/\/secure.gravatar.com\/avatar\/099e42240b5eea11acdb72751fcce0dd918603f0749d24974b7984ea47ed9fd9?s=96&d=mm&r=g\",\"contentUrl\":\"https:\/\/secure.gravatar.com\/avatar\/099e42240b5eea11acdb72751fcce0dd918603f0749d24974b7984ea47ed9fd9?s=96&d=mm&r=g\",\"caption\":\"admin\"},\"sameAs\":[\"https:\/\/challengeseconomiques.com\"],\"url\":\"https:\/\/challengeseconomiques.com\/?author=1\"}]}<\/script>\n<!-- \/ Yoast SEO plugin. -->","yoast_head_json":{"title":"Meta c\u00e9l\u00e8bre les \u00c9toiles Montantes de l\u2019Afrique \u00e0 travers l\u2019\u00e9dition 2023 de sa campagne \u00ab Made by Africa Loved by the World \u00bb - challenges economiques","robots":{"index":"index","follow":"follow","max-snippet":"max-snippet:-1","max-image-preview":"max-image-preview:large","max-video-preview":"max-video-preview:-1"},"canonical":"https:\/\/challengeseconomiques.com\/?p=4750","og_locale":"fr_FR","og_type":"article","og_title":"Meta c\u00e9l\u00e8bre les \u00c9toiles Montantes de l\u2019Afrique \u00e0 travers l\u2019\u00e9dition 2023 de sa campagne \u00ab Made by Africa Loved by the World \u00bb - challenges economiques","og_description":"En perspective de la c\u00e9l\u00e9bration de la journ\u00e9e de l\u2019Afrique pr\u00e9vue le 25 Mai, Meta annonce la 3\u00e8me \u00e9dition de sa campagne panafricaine \u00ab&nbsp;Made by...","og_url":"https:\/\/challengeseconomiques.com\/?p=4750","og_site_name":"challenges economiques","article_published_time":"2023-05-22T10:25:35+00:00","article_modified_time":"2023-05-22T10:26:12+00:00","og_image":[{"width":1200,"height":720,"url":"https:\/\/challengeseconomiques.com\/wp-content\/uploads\/2022\/06\/meta-facebook.jpg","type":"image\/jpeg"}],"author":"admin","twitter_card":"summary_large_image","twitter_misc":{"\u00c9crit par":"admin","Dur\u00e9e de lecture estim\u00e9e":"4 minutes"},"schema":{"@context":"https:\/\/schema.org","@graph":[{"@type":"Article","@id":"https:\/\/challengeseconomiques.com\/?p=4750#article","isPartOf":{"@id":"https:\/\/challengeseconomiques.com\/?p=4750"},"author":{"name":"admin","@id":"https:\/\/challengeseconomiques.com\/#\/schema\/person\/b4568c9afebc5a9238a771873801e349"},"headline":"Meta c\u00e9l\u00e8bre les \u00c9toiles Montantes de l\u2019Afrique \u00e0 travers l\u2019\u00e9dition 2023 de sa campagne \u00ab Made by Africa Loved by the World \u00bb","datePublished":"2023-05-22T10:25:35+00:00","dateModified":"2023-05-22T10:26:12+00:00","mainEntityOfPage":{"@id":"https:\/\/challengeseconomiques.com\/?p=4750"},"wordCount":768,"image":{"@id":"https:\/\/challengeseconomiques.com\/?p=4750#primaryimage"},"thumbnailUrl":"https:\/\/challengeseconomiques.com\/wp-content\/uploads\/2022\/06\/meta-facebook.jpg","articleSection":["Actualit\u00e9 \u00e9conomique"],"inLanguage":"fr-FR"},{"@type":"WebPage","@id":"https:\/\/challengeseconomiques.com\/?p=4750","url":"https:\/\/challengeseconomiques.com\/?p=4750","name":"Meta c\u00e9l\u00e8bre les \u00c9toiles Montantes de l\u2019Afrique \u00e0 travers l\u2019\u00e9dition 2023 de sa campagne \u00ab Made by Africa Loved by the World \u00bb - challenges economiques","isPartOf":{"@id":"https:\/\/challengeseconomiques.com\/#website"},"primaryImageOfPage":{"@id":"https:\/\/challengeseconomiques.com\/?p=4750#primaryimage"},"image":{"@id":"https:\/\/challengeseconomiques.com\/?p=4750#primaryimage"},"thumbnailUrl":"https:\/\/challengeseconomiques.com\/wp-content\/uploads\/2022\/06\/meta-facebook.jpg","datePublished":"2023-05-22T10:25:35+00:00","dateModified":"2023-05-22T10:26:12+00:00","author":{"@id":"https:\/\/challengeseconomiques.com\/#\/schema\/person\/b4568c9afebc5a9238a771873801e349"},"breadcrumb":{"@id":"https:\/\/challengeseconomiques.com\/?p=4750#breadcrumb"},"inLanguage":"fr-FR","potentialAction":[{"@type":"ReadAction","target":["https:\/\/challengeseconomiques.com\/?p=4750"]}]},{"@type":"ImageObject","inLanguage":"fr-FR","@id":"https:\/\/challengeseconomiques.com\/?p=4750#primaryimage","url":"https:\/\/challengeseconomiques.com\/wp-content\/uploads\/2022\/06\/meta-facebook.jpg","contentUrl":"https:\/\/challengeseconomiques.com\/wp-content\/uploads\/2022\/06\/meta-facebook.jpg","width":1200,"height":720},{"@type":"BreadcrumbList","@id":"https:\/\/challengeseconomiques.com\/?p=4750#breadcrumb","itemListElement":[{"@type":"ListItem","position":1,"name":"Home","item":"https:\/\/challengeseconomiques.com\/"},{"@type":"ListItem","position":2,"name":"Meta c\u00e9l\u00e8bre les \u00c9toiles Montantes de l\u2019Afrique \u00e0 travers l\u2019\u00e9dition 2023 de sa campagne \u00ab Made by Africa Loved by the World \u00bb"}]},{"@type":"WebSite","@id":"https:\/\/challengeseconomiques.com\/#website","url":"https:\/\/challengeseconomiques.com\/","name":"challenges economiques","description":"","potentialAction":[{"@type":"SearchAction","target":{"@type":"EntryPoint","urlTemplate":"https:\/\/challengeseconomiques.com\/?s={search_term_string}"},"query-input":{"@type":"PropertyValueSpecification","valueRequired":true,"valueName":"search_term_string"}}],"inLanguage":"fr-FR"},{"@type":"Person","@id":"https:\/\/challengeseconomiques.com\/#\/schema\/person\/b4568c9afebc5a9238a771873801e349","name":"admin","image":{"@type":"ImageObject","inLanguage":"fr-FR","@id":"https:\/\/challengeseconomiques.com\/#\/schema\/person\/image\/","url":"https:\/\/secure.gravatar.com\/avatar\/099e42240b5eea11acdb72751fcce0dd918603f0749d24974b7984ea47ed9fd9?s=96&d=mm&r=g","contentUrl":"https:\/\/secure.gravatar.com\/avatar\/099e42240b5eea11acdb72751fcce0dd918603f0749d24974b7984ea47ed9fd9?s=96&d=mm&r=g","caption":"admin"},"sameAs":["https:\/\/challengeseconomiques.com"],"url":"https:\/\/challengeseconomiques.com\/?author=1"}]}},"jetpack_featured_media_url":"https:\/\/challengeseconomiques.com\/wp-content\/uploads\/2022\/06\/meta-facebook.jpg","jetpack_sharing_enabled":true,"_links":{"self":[{"href":"https:\/\/challengeseconomiques.com\/index.php?rest_route=\/wp\/v2\/posts\/4750","targetHints":{"allow":["GET"]}}],"collection":[{"href":"https:\/\/challengeseconomiques.com\/index.php?rest_route=\/wp\/v2\/posts"}],"about":[{"href":"https:\/\/challengeseconomiques.com\/index.php?rest_route=\/wp\/v2\/types\/post"}],"author":[{"embeddable":true,"href":"https:\/\/challengeseconomiques.com\/index.php?rest_route=\/wp\/v2\/users\/1"}],"replies":[{"embeddable":true,"href":"https:\/\/challengeseconomiques.com\/index.php?rest_route=%2Fwp%2Fv2%2Fcomments&post=4750"}],"version-history":[{"count":2,"href":"https:\/\/challengeseconomiques.com\/index.php?rest_route=\/wp\/v2\/posts\/4750\/revisions"}],"predecessor-version":[{"id":4752,"href":"https:\/\/challengeseconomiques.com\/index.php?rest_route=\/wp\/v2\/posts\/4750\/revisions\/4752"}],"wp:featuredmedia":[{"embeddable":true,"href":"https:\/\/challengeseconomiques.com\/index.php?rest_route=\/wp\/v2\/media\/3576"}],"wp:attachment":[{"href":"https:\/\/challengeseconomiques.com\/index.php?rest_route=%2Fwp%2Fv2%2Fmedia&parent=4750"}],"wp:term":[{"taxonomy":"category","embeddable":true,"href":"https:\/\/challengeseconomiques.com\/index.php?rest_route=%2Fwp%2Fv2%2Fcategories&post=4750"},{"taxonomy":"post_tag","embeddable":true,"href":"https:\/\/challengeseconomiques.com\/index.php?rest_route=%2Fwp%2Fv2%2Ftags&post=4750"}],"curies":[{"name":"wp","href":"https:\/\/api.w.org\/{rel}","templated":true}]}}