{"id":4745,"date":"2023-05-20T01:40:56","date_gmt":"2023-05-20T01:40:56","guid":{"rendered":"https:\/\/challengeseconomiques.com\/?p=4745"},"modified":"2024-12-23T13:42:53","modified_gmt":"2024-12-23T13:42:53","slug":"ag-extraordinaire-de-lunccias-abdoulaye-sow-elu-nouveau-president","status":"publish","type":"post","link":"https:\/\/challengeseconomiques.com\/?p=4745","title":{"rendered":"AG extraordinaire de l\u2019UNCCIAS: Abdoulaye Sow \u00e9lu nouveau pr\u00e9sident"},"content":{"rendered":"<p>Le pr\u00e9sident de la chambre de commerce, d\u2019industrie et agriculture\u00a0 de Dakar, Abdoulaye Sow est le nouveau pr\u00e9sident de l\u2019Union nationale des chambres de commerce, d\u2019industrie \u00a0et d\u2019agriculture du S\u00e9n\u00e9gal (UNCCIAS). Il remplace \u00e0 ce poste Serigne Mboup, le pr\u00e9sident de la chambre de commerce et d\u2019agriculture de Kaolack. L\u2019\u00e9lection de M. Sow a eu lieu le vendredi 19 mai \u00a02023, dans un h\u00f4tel de la place.<\/p>\n<p>Initialement pr\u00e9vu pour se tenir au si\u00e8ge de l\u2019UNCCIAS, o\u00f9 les travaux ont effectivement d\u00e9but\u00e9, \u00a0l\u2019Assembl\u00e9e g\u00e9n\u00e9rale extraordinaire a \u00e9t\u00e9 bloqu\u00e9e par le refus du pr\u00e9sident sortant, Serigne Mboup et des cinq pr\u00e9sidents de chambre de commerce qui le soutiennent, \u00e0 cause de leur refus d\u2019adopter le seul point inscrit \u00e0 l\u2019ordre du jour de la rencontre, selon Cheikh Mouhamadou Sourang, secr\u00e9taire de s\u00e9ance et par ailleurs , pr\u00e9sident de la chambre de commerce de Saint Louis. C\u2019est face \u00e0 ce blocage que les sept autres pr\u00e9sidents de chambre commerce pr\u00e9sents \u00e0 cette AG ont pris la d\u00e9cision d\u2019aller dans un h\u00f4tel pour proc\u00e9der au renouvellement du bureau.<\/p>\n<p>Au sortir de leurs travaux, le pr\u00e9sident de s\u00e9ance Cheikh Mouhamadou Sourang a lu le\u00a0 proc\u00e8s-verbal de l\u2019AG devant la presse, au si\u00e8ge de la chambre de commerce de Dakar. M. Sourang a d\u00e9clin\u00e9 la composition du nouveau\u00a0 bureau de l\u2019UNCCIAS. Il se compose comme suit : 1<sup>er<\/sup> vice-pr\u00e9sident, Seyni Ndiaye S\u00e9ne, Pr\u00e9sident de la chambre de commerce de Louga. M. Pascal Ehemba, pr\u00e9sident de la chambre de commerce de Ziguinchor est le deuxi\u00e8me vice-pr\u00e9sident. \u00a0Cheikh Mouhamadou Sourang\u00a0 est le nouveau secr\u00e9taire \u00e9lu. Maodo Sarr, pr\u00e9sident de la chambre de commerce de Kaffrine occupera le poste de secr\u00e9taire \u00e9lu adjoint. Djibril Ciss\u00e9, le pr\u00e9sident de la chambre de commerce de Tamba est le nouveau tr\u00e9sorier et Mamadou Cherif Diallo, le pr\u00e9sident de la chambre de commerce de Kolda est son adjoint.<\/p>\n<p>Le nouveau pr\u00e9sident de l\u2019UNCCIAS, Abdoulaye Sow a apr\u00e8s lecture du proc\u00e8s-verbal de l\u2019AG pris la parole pour remercier ses coll\u00e8gues, pr\u00e9sidents pour la confiance. Face aux nombreux d\u00e9fis \u00e0 relever, le pr\u00e9sident Sow a d\u00e9clar\u00e9\u00a0: \u00ab\u00a0 je tends la main \u00e0 tout le monde\u00a0\u00bb.<\/p>\n<p>Il faut rappeler que l\u2019Union nationale des chambres de commerce d\u2019agriculture et d\u2019industrie regroupe en son sein tous les acteurs du secteur priv\u00e9 \u00e9voluant dans le commerce, l\u2019industrie et l\u2019agriculture.<\/p>\n","protected":false},"excerpt":{"rendered":"<p>Le pr\u00e9sident de la chambre de commerce, d\u2019industrie et agriculture\u00a0 de Dakar, Abdoulaye Sow est le nouveau pr\u00e9sident de l\u2019Union nationale des chambres de commerce,&#8230;<\/p>\n","protected":false},"author":1,"featured_media":4749,"comment_status":"closed","ping_status":"open","sticky":false,"template":"","format":"standard","meta":{"_jetpack_memberships_contains_paid_content":false,"footnotes":""},"categories":[23,8,10],"tags":[],"class_list":["post-4745","post","type-post","status-publish","format-standard","has-post-thumbnail","hentry","category-a-la-une","category-actualite-economique","category-infos-eco","wpcat-23-id","wpcat-8-id","wpcat-10-id"],"yoast_head":"<!-- This site is optimized with the Yoast SEO plugin v27.1.1 - https:\/\/yoast.com\/product\/yoast-seo-wordpress\/ -->\n<title>AG extraordinaire de l\u2019UNCCIAS: Abdoulaye Sow \u00e9lu nouveau pr\u00e9sident - challenges economiques<\/title>\n<meta name=\"robots\" content=\"index, follow, max-snippet:-1, max-image-preview:large, max-video-preview:-1\" \/>\n<link rel=\"canonical\" href=\"https:\/\/challengeseconomiques.com\/?p=4745\" \/>\n<meta property=\"og:locale\" content=\"fr_FR\" \/>\n<meta property=\"og:type\" content=\"article\" \/>\n<meta property=\"og:title\" content=\"AG extraordinaire de l\u2019UNCCIAS: Abdoulaye Sow \u00e9lu nouveau pr\u00e9sident - challenges economiques\" \/>\n<meta property=\"og:description\" content=\"Le pr\u00e9sident de la chambre de commerce, d\u2019industrie et agriculture\u00a0 de Dakar, Abdoulaye Sow est le nouveau pr\u00e9sident de l\u2019Union nationale des chambres de commerce,...\" \/>\n<meta property=\"og:url\" content=\"https:\/\/challengeseconomiques.com\/?p=4745\" \/>\n<meta property=\"og:site_name\" content=\"challenges economiques\" \/>\n<meta property=\"article:published_time\" content=\"2023-05-20T01:40:56+00:00\" \/>\n<meta property=\"article:modified_time\" content=\"2024-12-23T13:42:53+00:00\" \/>\n<meta property=\"og:image\" content=\"https:\/\/challengeseconomiques.com\/wp-content\/uploads\/2023\/05\/abdoulayesowbon.jpg\" \/>\n\t<meta property=\"og:image:width\" content=\"950\" \/>\n\t<meta property=\"og:image:height\" content=\"887\" \/>\n\t<meta property=\"og:image:type\" content=\"image\/jpeg\" \/>\n<meta name=\"author\" content=\"admin\" \/>\n<meta name=\"twitter:card\" content=\"summary_large_image\" \/>\n<meta name=\"twitter:label1\" content=\"\u00c9crit par\" \/>\n\t<meta name=\"twitter:data1\" content=\"admin\" \/>\n\t<meta name=\"twitter:label2\" content=\"Dur\u00e9e de lecture estim\u00e9e\" \/>\n\t<meta name=\"twitter:data2\" content=\"2 minutes\" \/>\n<script type=\"application\/ld+json\" class=\"yoast-schema-graph\">{\"@context\":\"https:\/\/schema.org\",\"@graph\":[{\"@type\":\"Article\",\"@id\":\"https:\/\/challengeseconomiques.com\/?p=4745#article\",\"isPartOf\":{\"@id\":\"https:\/\/challengeseconomiques.com\/?p=4745\"},\"author\":{\"name\":\"admin\",\"@id\":\"https:\/\/challengeseconomiques.com\/#\/schema\/person\/b4568c9afebc5a9238a771873801e349\"},\"headline\":\"AG extraordinaire de l\u2019UNCCIAS: Abdoulaye Sow \u00e9lu nouveau pr\u00e9sident\",\"datePublished\":\"2023-05-20T01:40:56+00:00\",\"dateModified\":\"2024-12-23T13:42:53+00:00\",\"mainEntityOfPage\":{\"@id\":\"https:\/\/challengeseconomiques.com\/?p=4745\"},\"wordCount\":449,\"image\":{\"@id\":\"https:\/\/challengeseconomiques.com\/?p=4745#primaryimage\"},\"thumbnailUrl\":\"https:\/\/challengeseconomiques.com\/wp-content\/uploads\/2023\/05\/abdoulayesowbon.jpg\",\"articleSection\":[\"A la une\",\"Actualit\u00e9 \u00e9conomique\",\"Infos \u00e9co\"],\"inLanguage\":\"fr-FR\"},{\"@type\":\"WebPage\",\"@id\":\"https:\/\/challengeseconomiques.com\/?p=4745\",\"url\":\"https:\/\/challengeseconomiques.com\/?p=4745\",\"name\":\"AG extraordinaire de l\u2019UNCCIAS: Abdoulaye Sow \u00e9lu nouveau pr\u00e9sident - challenges economiques\",\"isPartOf\":{\"@id\":\"https:\/\/challengeseconomiques.com\/#website\"},\"primaryImageOfPage\":{\"@id\":\"https:\/\/challengeseconomiques.com\/?p=4745#primaryimage\"},\"image\":{\"@id\":\"https:\/\/challengeseconomiques.com\/?p=4745#primaryimage\"},\"thumbnailUrl\":\"https:\/\/challengeseconomiques.com\/wp-content\/uploads\/2023\/05\/abdoulayesowbon.jpg\",\"datePublished\":\"2023-05-20T01:40:56+00:00\",\"dateModified\":\"2024-12-23T13:42:53+00:00\",\"author\":{\"@id\":\"https:\/\/challengeseconomiques.com\/#\/schema\/person\/b4568c9afebc5a9238a771873801e349\"},\"breadcrumb\":{\"@id\":\"https:\/\/challengeseconomiques.com\/?p=4745#breadcrumb\"},\"inLanguage\":\"fr-FR\",\"potentialAction\":[{\"@type\":\"ReadAction\",\"target\":[\"https:\/\/challengeseconomiques.com\/?p=4745\"]}]},{\"@type\":\"ImageObject\",\"inLanguage\":\"fr-FR\",\"@id\":\"https:\/\/challengeseconomiques.com\/?p=4745#primaryimage\",\"url\":\"https:\/\/challengeseconomiques.com\/wp-content\/uploads\/2023\/05\/abdoulayesowbon.jpg\",\"contentUrl\":\"https:\/\/challengeseconomiques.com\/wp-content\/uploads\/2023\/05\/abdoulayesowbon.jpg\",\"width\":950,\"height\":887},{\"@type\":\"BreadcrumbList\",\"@id\":\"https:\/\/challengeseconomiques.com\/?p=4745#breadcrumb\",\"itemListElement\":[{\"@type\":\"ListItem\",\"position\":1,\"name\":\"Home\",\"item\":\"https:\/\/challengeseconomiques.com\/\"},{\"@type\":\"ListItem\",\"position\":2,\"name\":\"AG extraordinaire de l\u2019UNCCIAS: Abdoulaye Sow \u00e9lu nouveau pr\u00e9sident\"}]},{\"@type\":\"WebSite\",\"@id\":\"https:\/\/challengeseconomiques.com\/#website\",\"url\":\"https:\/\/challengeseconomiques.com\/\",\"name\":\"challenges economiques\",\"description\":\"\",\"potentialAction\":[{\"@type\":\"SearchAction\",\"target\":{\"@type\":\"EntryPoint\",\"urlTemplate\":\"https:\/\/challengeseconomiques.com\/?s={search_term_string}\"},\"query-input\":{\"@type\":\"PropertyValueSpecification\",\"valueRequired\":true,\"valueName\":\"search_term_string\"}}],\"inLanguage\":\"fr-FR\"},{\"@type\":\"Person\",\"@id\":\"https:\/\/challengeseconomiques.com\/#\/schema\/person\/b4568c9afebc5a9238a771873801e349\",\"name\":\"admin\",\"image\":{\"@type\":\"ImageObject\",\"inLanguage\":\"fr-FR\",\"@id\":\"https:\/\/challengeseconomiques.com\/#\/schema\/person\/image\/\",\"url\":\"https:\/\/secure.gravatar.com\/avatar\/099e42240b5eea11acdb72751fcce0dd918603f0749d24974b7984ea47ed9fd9?s=96&d=mm&r=g\",\"contentUrl\":\"https:\/\/secure.gravatar.com\/avatar\/099e42240b5eea11acdb72751fcce0dd918603f0749d24974b7984ea47ed9fd9?s=96&d=mm&r=g\",\"caption\":\"admin\"},\"sameAs\":[\"https:\/\/challengeseconomiques.com\"],\"url\":\"https:\/\/challengeseconomiques.com\/?author=1\"}]}<\/script>\n<!-- \/ Yoast SEO plugin. -->","yoast_head_json":{"title":"AG extraordinaire de l\u2019UNCCIAS: Abdoulaye Sow \u00e9lu nouveau pr\u00e9sident - challenges economiques","robots":{"index":"index","follow":"follow","max-snippet":"max-snippet:-1","max-image-preview":"max-image-preview:large","max-video-preview":"max-video-preview:-1"},"canonical":"https:\/\/challengeseconomiques.com\/?p=4745","og_locale":"fr_FR","og_type":"article","og_title":"AG extraordinaire de l\u2019UNCCIAS: Abdoulaye Sow \u00e9lu nouveau pr\u00e9sident - challenges economiques","og_description":"Le pr\u00e9sident de la chambre de commerce, d\u2019industrie et agriculture\u00a0 de Dakar, Abdoulaye Sow est le nouveau pr\u00e9sident de l\u2019Union nationale des chambres de commerce,...","og_url":"https:\/\/challengeseconomiques.com\/?p=4745","og_site_name":"challenges economiques","article_published_time":"2023-05-20T01:40:56+00:00","article_modified_time":"2024-12-23T13:42:53+00:00","og_image":[{"width":950,"height":887,"url":"https:\/\/challengeseconomiques.com\/wp-content\/uploads\/2023\/05\/abdoulayesowbon.jpg","type":"image\/jpeg"}],"author":"admin","twitter_card":"summary_large_image","twitter_misc":{"\u00c9crit par":"admin","Dur\u00e9e de lecture estim\u00e9e":"2 minutes"},"schema":{"@context":"https:\/\/schema.org","@graph":[{"@type":"Article","@id":"https:\/\/challengeseconomiques.com\/?p=4745#article","isPartOf":{"@id":"https:\/\/challengeseconomiques.com\/?p=4745"},"author":{"name":"admin","@id":"https:\/\/challengeseconomiques.com\/#\/schema\/person\/b4568c9afebc5a9238a771873801e349"},"headline":"AG extraordinaire de l\u2019UNCCIAS: Abdoulaye Sow \u00e9lu nouveau pr\u00e9sident","datePublished":"2023-05-20T01:40:56+00:00","dateModified":"2024-12-23T13:42:53+00:00","mainEntityOfPage":{"@id":"https:\/\/challengeseconomiques.com\/?p=4745"},"wordCount":449,"image":{"@id":"https:\/\/challengeseconomiques.com\/?p=4745#primaryimage"},"thumbnailUrl":"https:\/\/challengeseconomiques.com\/wp-content\/uploads\/2023\/05\/abdoulayesowbon.jpg","articleSection":["A la une","Actualit\u00e9 \u00e9conomique","Infos \u00e9co"],"inLanguage":"fr-FR"},{"@type":"WebPage","@id":"https:\/\/challengeseconomiques.com\/?p=4745","url":"https:\/\/challengeseconomiques.com\/?p=4745","name":"AG extraordinaire de l\u2019UNCCIAS: Abdoulaye Sow \u00e9lu nouveau pr\u00e9sident - challenges economiques","isPartOf":{"@id":"https:\/\/challengeseconomiques.com\/#website"},"primaryImageOfPage":{"@id":"https:\/\/challengeseconomiques.com\/?p=4745#primaryimage"},"image":{"@id":"https:\/\/challengeseconomiques.com\/?p=4745#primaryimage"},"thumbnailUrl":"https:\/\/challengeseconomiques.com\/wp-content\/uploads\/2023\/05\/abdoulayesowbon.jpg","datePublished":"2023-05-20T01:40:56+00:00","dateModified":"2024-12-23T13:42:53+00:00","author":{"@id":"https:\/\/challengeseconomiques.com\/#\/schema\/person\/b4568c9afebc5a9238a771873801e349"},"breadcrumb":{"@id":"https:\/\/challengeseconomiques.com\/?p=4745#breadcrumb"},"inLanguage":"fr-FR","potentialAction":[{"@type":"ReadAction","target":["https:\/\/challengeseconomiques.com\/?p=4745"]}]},{"@type":"ImageObject","inLanguage":"fr-FR","@id":"https:\/\/challengeseconomiques.com\/?p=4745#primaryimage","url":"https:\/\/challengeseconomiques.com\/wp-content\/uploads\/2023\/05\/abdoulayesowbon.jpg","contentUrl":"https:\/\/challengeseconomiques.com\/wp-content\/uploads\/2023\/05\/abdoulayesowbon.jpg","width":950,"height":887},{"@type":"BreadcrumbList","@id":"https:\/\/challengeseconomiques.com\/?p=4745#breadcrumb","itemListElement":[{"@type":"ListItem","position":1,"name":"Home","item":"https:\/\/challengeseconomiques.com\/"},{"@type":"ListItem","position":2,"name":"AG extraordinaire de l\u2019UNCCIAS: Abdoulaye Sow \u00e9lu nouveau pr\u00e9sident"}]},{"@type":"WebSite","@id":"https:\/\/challengeseconomiques.com\/#website","url":"https:\/\/challengeseconomiques.com\/","name":"challenges economiques","description":"","potentialAction":[{"@type":"SearchAction","target":{"@type":"EntryPoint","urlTemplate":"https:\/\/challengeseconomiques.com\/?s={search_term_string}"},"query-input":{"@type":"PropertyValueSpecification","valueRequired":true,"valueName":"search_term_string"}}],"inLanguage":"fr-FR"},{"@type":"Person","@id":"https:\/\/challengeseconomiques.com\/#\/schema\/person\/b4568c9afebc5a9238a771873801e349","name":"admin","image":{"@type":"ImageObject","inLanguage":"fr-FR","@id":"https:\/\/challengeseconomiques.com\/#\/schema\/person\/image\/","url":"https:\/\/secure.gravatar.com\/avatar\/099e42240b5eea11acdb72751fcce0dd918603f0749d24974b7984ea47ed9fd9?s=96&d=mm&r=g","contentUrl":"https:\/\/secure.gravatar.com\/avatar\/099e42240b5eea11acdb72751fcce0dd918603f0749d24974b7984ea47ed9fd9?s=96&d=mm&r=g","caption":"admin"},"sameAs":["https:\/\/challengeseconomiques.com"],"url":"https:\/\/challengeseconomiques.com\/?author=1"}]}},"jetpack_featured_media_url":"https:\/\/challengeseconomiques.com\/wp-content\/uploads\/2023\/05\/abdoulayesowbon.jpg","jetpack_sharing_enabled":true,"_links":{"self":[{"href":"https:\/\/challengeseconomiques.com\/index.php?rest_route=\/wp\/v2\/posts\/4745","targetHints":{"allow":["GET"]}}],"collection":[{"href":"https:\/\/challengeseconomiques.com\/index.php?rest_route=\/wp\/v2\/posts"}],"about":[{"href":"https:\/\/challengeseconomiques.com\/index.php?rest_route=\/wp\/v2\/types\/post"}],"author":[{"embeddable":true,"href":"https:\/\/challengeseconomiques.com\/index.php?rest_route=\/wp\/v2\/users\/1"}],"replies":[{"embeddable":true,"href":"https:\/\/challengeseconomiques.com\/index.php?rest_route=%2Fwp%2Fv2%2Fcomments&post=4745"}],"version-history":[{"count":3,"href":"https:\/\/challengeseconomiques.com\/index.php?rest_route=\/wp\/v2\/posts\/4745\/revisions"}],"predecessor-version":[{"id":7519,"href":"https:\/\/challengeseconomiques.com\/index.php?rest_route=\/wp\/v2\/posts\/4745\/revisions\/7519"}],"wp:featuredmedia":[{"embeddable":true,"href":"https:\/\/challengeseconomiques.com\/index.php?rest_route=\/wp\/v2\/media\/4749"}],"wp:attachment":[{"href":"https:\/\/challengeseconomiques.com\/index.php?rest_route=%2Fwp%2Fv2%2Fmedia&parent=4745"}],"wp:term":[{"taxonomy":"category","embeddable":true,"href":"https:\/\/challengeseconomiques.com\/index.php?rest_route=%2Fwp%2Fv2%2Fcategories&post=4745"},{"taxonomy":"post_tag","embeddable":true,"href":"https:\/\/challengeseconomiques.com\/index.php?rest_route=%2Fwp%2Fv2%2Ftags&post=4745"}],"curies":[{"name":"wp","href":"https:\/\/api.w.org\/{rel}","templated":true}]}}