{"id":4738,"date":"2023-05-17T16:00:45","date_gmt":"2023-05-17T16:00:45","guid":{"rendered":"https:\/\/challengeseconomiques.com\/?p=4738"},"modified":"2023-05-17T16:05:43","modified_gmt":"2023-05-17T16:05:43","slug":"cooperation-maroc-senegal-les-potentialites-de-dahla-oued-eddahab-presentees-aux-operateurs-economiques-locaux","status":"publish","type":"post","link":"https:\/\/challengeseconomiques.com\/?p=4738","title":{"rendered":"Coop\u00e9ration Maroc- S\u00e9n\u00e9gal : Les potentialit\u00e9s de Dahla-Oued Eddahab pr\u00e9sent\u00e9es aux op\u00e9rateurs \u00e9conomiques locaux"},"content":{"rendered":"<p><strong>L\u2019ambassade du Maroc au S\u00e9n\u00e9gal a organis\u00e9, le lundi 15 Mai \u00e0 Dakar, une conf\u00e9rence \u00e9conomique sous le th\u00e8me suivant : \u00ab Les potentialit\u00e9s de Dahla-Oued Eddahab \u00bb. L\u2019objectif vis\u00e9 est de promouvoir cette R\u00e9gion marocaine aupr\u00e8s des op\u00e9rateurs \u00e9conomiques s\u00e9n\u00e9galais, en vue de booster les \u00e9changes commerciaux et les investissements entre les deux pays.<\/strong><\/p>\n<p>\u00ab&nbsp;Nous sommes venus pr\u00e9senter les opportunit\u00e9s d\u2019investissements de Dahla-Oued Eddahab aux op\u00e9rateurs \u00e9conomiques s\u00e9n\u00e9galais&nbsp;\u00bb, a d\u2019embl\u00e9e expliqu\u00e9 El Khattat Yenja, pr\u00e9sident du Conseil Communal de cette R\u00e9gion, au cours de la rencontre \u00e9conomique organis\u00e9e, ce lundi 15 Mai, dans la Capitale s\u00e9n\u00e9galaise.<br \/>\nParmi les atouts, il a notamment cit\u00e9 la position g\u00e9ographique de Dahla-Oued Eddahab qui offre des possibilit\u00e9s de collaboration entre acteurs \u00e9conomiques marocains et s\u00e9n\u00e9galais.<br \/>\nPour lui, les secteurs de la p\u00eache, du tourisme, de l\u2019agriculture, de l\u2019industrie, de l\u2019\u00e9nergie, etc., offrent de multiples opportunit\u00e9s d\u2019investissements aux op\u00e9rateurs \u00e9conomiques des deux pays.<\/p>\n<p><strong>Exploiter les opportunit\u00e9s<\/strong><\/p>\n<p>Situ\u00e9e dans le Sud du Maroc, la R\u00e9gion de Dahla-Oued Eddahab b\u00e9n\u00e9ficie d\u2019une fa\u00e7ade maritime de 667 km. Cette localit\u00e9 prometteuse est aujourd\u2019hui en pleine mutation avec des projets d\u2019envergure. Dans ce sens, il a \u00e9num\u00e9r\u00e9 le projet portuaire de l\u2019Atlantique, le parc \u00e9olien, la zone franche,, etc. Dans la foul\u00e9e, El Khattat Yenja a invit\u00e9 les op\u00e9rateurs \u00e9conomiques s\u00e9n\u00e9galais \u00e0 l\u2019exploitation commune des opportunit\u00e9s.<br \/>\nPour sa part, l\u2019ambassadeur du Maroc au S\u00e9n\u00e9gal, son Excellence Hassan Naciri, a expliqu\u00e9 que cette rencontre \u00e9conomique vise \u00e0 faire la promotion de la R\u00e9gion de Dahla en particulier et du Maroc en g\u00e9n\u00e9ral. Il a soulign\u00e9 que cette localit\u00e9 est un mod\u00e8le r\u00e9ussi en termes de d\u00e9veloppement r\u00e9gional et d\u2019infrastructures. Selon lui, Dahla est un compl\u00e9ment \u00e0 la cha\u00eene de valeur africaine dont le S\u00e9n\u00e9gal constitue un maillon tr\u00e8s important.<br \/>\nL\u2019ambassadeur du Maroc au S\u00e9n\u00e9gal a expliqu\u00e9 que cette R\u00e9gion est un p\u00f4le commercial et logistique pour l\u2019Afrique du Nord et l\u2019Afrique de l\u2019Ouest. Il a notamment mis l\u2019accent sur le projet du Port de l\u2019Atlantique de Dahla, qui pourra \u00eatre en connexion avec le Port Autonome de Dakar (PAD) et le futur Port de Ndayane.<\/p>\n<p><strong>Promotion des Accords commerciaux<\/strong><\/p>\n<p>En outre, le diplomate a \u00e9num\u00e9r\u00e9 l\u2019autoroute de 2.300 km qui relie la fronti\u00e8re maroco- mauritanienne \u00e0 la ville de Tanger, pr\u00e8s de l\u2019Espagne. Son Excellence Hassan Naciri a aussi \u00e9voqu\u00e9 les opportunit\u00e9s relatives au p\u00f4le industriel ultramoderne de la R\u00e9gion de Dahka, qui est dot\u00e9 de stations de dessalement d\u2019eau, ainsi qu\u2019au gazoduc qui relie le Nigeria au Maroc en passant par le S\u00e9n\u00e9gal.<br \/>\nBabacar Ba, directeur des Partenariats au Minist\u00e8re des Affaires Etrang\u00e8res, a mis l\u2019accent sur les leviers de diversification des \u00e9changes. Il a ainsi \u00e9num\u00e9r\u00e9 la promotion des Accords commerciaux, la diversification des produits, la promotion des investissements entre les deux pays, le renforcement des infrastructures de transport, la promotion du tourisme, le renforcement des liens culturels et \u00e9ducatifs, etc.<br \/>\nDe son c\u00f4t\u00e9, Lamine Ba, responsable \u00e0 l\u2019Agence de promotion des investissements et des grands travaux (APIX) a pr\u00e9sent\u00e9 le climat des affaires au S\u00e9n\u00e9gal. Apr\u00e8s cette rencontre \u00e9conomique tenue \u00e0 Dakar, une d\u00e9l\u00e9gation s\u00e9n\u00e9galaise se rendra \u00e0 Dahla, au mois de Juin prochain, a annonc\u00e9 El Khattat Yenja, pr\u00e9sident du Conseil Communal de cette R\u00e9gion marocaine.<\/p>\n<p>BIE<\/p>\n","protected":false},"excerpt":{"rendered":"<p>L\u2019ambassade du Maroc au S\u00e9n\u00e9gal a organis\u00e9, le lundi 15 Mai \u00e0 Dakar, une conf\u00e9rence \u00e9conomique sous le th\u00e8me suivant : \u00ab Les potentialit\u00e9s de&#8230;<\/p>\n","protected":false},"author":1,"featured_media":4739,"comment_status":"closed","ping_status":"open","sticky":false,"template":"","format":"standard","meta":{"_jetpack_memberships_contains_paid_content":false,"footnotes":""},"categories":[8,10],"tags":[],"class_list":["post-4738","post","type-post","status-publish","format-standard","has-post-thumbnail","hentry","category-actualite-economique","category-infos-eco","wpcat-8-id","wpcat-10-id"],"yoast_head":"<!-- This site is optimized with the Yoast SEO plugin v27.1.1 - https:\/\/yoast.com\/product\/yoast-seo-wordpress\/ -->\n<title>Coop\u00e9ration Maroc- S\u00e9n\u00e9gal : Les potentialit\u00e9s de Dahla-Oued Eddahab pr\u00e9sent\u00e9es aux op\u00e9rateurs \u00e9conomiques locaux - challenges economiques<\/title>\n<meta name=\"robots\" content=\"index, follow, max-snippet:-1, max-image-preview:large, max-video-preview:-1\" \/>\n<link rel=\"canonical\" href=\"https:\/\/challengeseconomiques.com\/?p=4738\" \/>\n<meta property=\"og:locale\" content=\"fr_FR\" \/>\n<meta property=\"og:type\" content=\"article\" \/>\n<meta property=\"og:title\" content=\"Coop\u00e9ration Maroc- S\u00e9n\u00e9gal : Les potentialit\u00e9s de Dahla-Oued Eddahab pr\u00e9sent\u00e9es aux op\u00e9rateurs \u00e9conomiques locaux - challenges economiques\" \/>\n<meta property=\"og:description\" content=\"L\u2019ambassade du Maroc au S\u00e9n\u00e9gal a organis\u00e9, le lundi 15 Mai \u00e0 Dakar, une conf\u00e9rence \u00e9conomique sous le th\u00e8me suivant : \u00ab Les potentialit\u00e9s de...\" \/>\n<meta property=\"og:url\" content=\"https:\/\/challengeseconomiques.com\/?p=4738\" \/>\n<meta property=\"og:site_name\" content=\"challenges economiques\" \/>\n<meta property=\"article:published_time\" content=\"2023-05-17T16:00:45+00:00\" \/>\n<meta property=\"article:modified_time\" content=\"2023-05-17T16:05:43+00:00\" \/>\n<meta property=\"og:image\" content=\"https:\/\/challengeseconomiques.com\/wp-content\/uploads\/2023\/05\/Forum-Economique_Dahla-Dakar_1-1536x1023-1.jpeg\" \/>\n\t<meta property=\"og:image:width\" content=\"1536\" \/>\n\t<meta property=\"og:image:height\" content=\"1023\" \/>\n\t<meta property=\"og:image:type\" content=\"image\/jpeg\" \/>\n<meta name=\"author\" content=\"admin\" \/>\n<meta name=\"twitter:card\" content=\"summary_large_image\" \/>\n<meta name=\"twitter:label1\" content=\"\u00c9crit par\" \/>\n\t<meta name=\"twitter:data1\" content=\"admin\" \/>\n\t<meta name=\"twitter:label2\" content=\"Dur\u00e9e de lecture estim\u00e9e\" \/>\n\t<meta name=\"twitter:data2\" content=\"3 minutes\" \/>\n<script type=\"application\/ld+json\" class=\"yoast-schema-graph\">{\"@context\":\"https:\/\/schema.org\",\"@graph\":[{\"@type\":\"Article\",\"@id\":\"https:\/\/challengeseconomiques.com\/?p=4738#article\",\"isPartOf\":{\"@id\":\"https:\/\/challengeseconomiques.com\/?p=4738\"},\"author\":{\"name\":\"admin\",\"@id\":\"https:\/\/challengeseconomiques.com\/#\/schema\/person\/b4568c9afebc5a9238a771873801e349\"},\"headline\":\"Coop\u00e9ration Maroc- S\u00e9n\u00e9gal : Les potentialit\u00e9s de Dahla-Oued Eddahab pr\u00e9sent\u00e9es aux op\u00e9rateurs \u00e9conomiques locaux\",\"datePublished\":\"2023-05-17T16:00:45+00:00\",\"dateModified\":\"2023-05-17T16:05:43+00:00\",\"mainEntityOfPage\":{\"@id\":\"https:\/\/challengeseconomiques.com\/?p=4738\"},\"wordCount\":645,\"image\":{\"@id\":\"https:\/\/challengeseconomiques.com\/?p=4738#primaryimage\"},\"thumbnailUrl\":\"https:\/\/challengeseconomiques.com\/wp-content\/uploads\/2023\/05\/Forum-Economique_Dahla-Dakar_1-1536x1023-1.jpeg\",\"articleSection\":[\"Actualit\u00e9 \u00e9conomique\",\"Infos \u00e9co\"],\"inLanguage\":\"fr-FR\"},{\"@type\":\"WebPage\",\"@id\":\"https:\/\/challengeseconomiques.com\/?p=4738\",\"url\":\"https:\/\/challengeseconomiques.com\/?p=4738\",\"name\":\"Coop\u00e9ration Maroc- S\u00e9n\u00e9gal : Les potentialit\u00e9s de Dahla-Oued Eddahab pr\u00e9sent\u00e9es aux op\u00e9rateurs \u00e9conomiques locaux - challenges economiques\",\"isPartOf\":{\"@id\":\"https:\/\/challengeseconomiques.com\/#website\"},\"primaryImageOfPage\":{\"@id\":\"https:\/\/challengeseconomiques.com\/?p=4738#primaryimage\"},\"image\":{\"@id\":\"https:\/\/challengeseconomiques.com\/?p=4738#primaryimage\"},\"thumbnailUrl\":\"https:\/\/challengeseconomiques.com\/wp-content\/uploads\/2023\/05\/Forum-Economique_Dahla-Dakar_1-1536x1023-1.jpeg\",\"datePublished\":\"2023-05-17T16:00:45+00:00\",\"dateModified\":\"2023-05-17T16:05:43+00:00\",\"author\":{\"@id\":\"https:\/\/challengeseconomiques.com\/#\/schema\/person\/b4568c9afebc5a9238a771873801e349\"},\"breadcrumb\":{\"@id\":\"https:\/\/challengeseconomiques.com\/?p=4738#breadcrumb\"},\"inLanguage\":\"fr-FR\",\"potentialAction\":[{\"@type\":\"ReadAction\",\"target\":[\"https:\/\/challengeseconomiques.com\/?p=4738\"]}]},{\"@type\":\"ImageObject\",\"inLanguage\":\"fr-FR\",\"@id\":\"https:\/\/challengeseconomiques.com\/?p=4738#primaryimage\",\"url\":\"https:\/\/challengeseconomiques.com\/wp-content\/uploads\/2023\/05\/Forum-Economique_Dahla-Dakar_1-1536x1023-1.jpeg\",\"contentUrl\":\"https:\/\/challengeseconomiques.com\/wp-content\/uploads\/2023\/05\/Forum-Economique_Dahla-Dakar_1-1536x1023-1.jpeg\",\"width\":1536,\"height\":1023},{\"@type\":\"BreadcrumbList\",\"@id\":\"https:\/\/challengeseconomiques.com\/?p=4738#breadcrumb\",\"itemListElement\":[{\"@type\":\"ListItem\",\"position\":1,\"name\":\"Home\",\"item\":\"https:\/\/challengeseconomiques.com\/\"},{\"@type\":\"ListItem\",\"position\":2,\"name\":\"Coop\u00e9ration Maroc- S\u00e9n\u00e9gal : Les potentialit\u00e9s de Dahla-Oued Eddahab pr\u00e9sent\u00e9es aux op\u00e9rateurs \u00e9conomiques locaux\"}]},{\"@type\":\"WebSite\",\"@id\":\"https:\/\/challengeseconomiques.com\/#website\",\"url\":\"https:\/\/challengeseconomiques.com\/\",\"name\":\"challenges economiques\",\"description\":\"\",\"potentialAction\":[{\"@type\":\"SearchAction\",\"target\":{\"@type\":\"EntryPoint\",\"urlTemplate\":\"https:\/\/challengeseconomiques.com\/?s={search_term_string}\"},\"query-input\":{\"@type\":\"PropertyValueSpecification\",\"valueRequired\":true,\"valueName\":\"search_term_string\"}}],\"inLanguage\":\"fr-FR\"},{\"@type\":\"Person\",\"@id\":\"https:\/\/challengeseconomiques.com\/#\/schema\/person\/b4568c9afebc5a9238a771873801e349\",\"name\":\"admin\",\"image\":{\"@type\":\"ImageObject\",\"inLanguage\":\"fr-FR\",\"@id\":\"https:\/\/challengeseconomiques.com\/#\/schema\/person\/image\/\",\"url\":\"https:\/\/secure.gravatar.com\/avatar\/099e42240b5eea11acdb72751fcce0dd918603f0749d24974b7984ea47ed9fd9?s=96&d=mm&r=g\",\"contentUrl\":\"https:\/\/secure.gravatar.com\/avatar\/099e42240b5eea11acdb72751fcce0dd918603f0749d24974b7984ea47ed9fd9?s=96&d=mm&r=g\",\"caption\":\"admin\"},\"sameAs\":[\"https:\/\/challengeseconomiques.com\"],\"url\":\"https:\/\/challengeseconomiques.com\/?author=1\"}]}<\/script>\n<!-- \/ Yoast SEO plugin. -->","yoast_head_json":{"title":"Coop\u00e9ration Maroc- S\u00e9n\u00e9gal : Les potentialit\u00e9s de Dahla-Oued Eddahab pr\u00e9sent\u00e9es aux op\u00e9rateurs \u00e9conomiques locaux - challenges economiques","robots":{"index":"index","follow":"follow","max-snippet":"max-snippet:-1","max-image-preview":"max-image-preview:large","max-video-preview":"max-video-preview:-1"},"canonical":"https:\/\/challengeseconomiques.com\/?p=4738","og_locale":"fr_FR","og_type":"article","og_title":"Coop\u00e9ration Maroc- S\u00e9n\u00e9gal : Les potentialit\u00e9s de Dahla-Oued Eddahab pr\u00e9sent\u00e9es aux op\u00e9rateurs \u00e9conomiques locaux - challenges economiques","og_description":"L\u2019ambassade du Maroc au S\u00e9n\u00e9gal a organis\u00e9, le lundi 15 Mai \u00e0 Dakar, une conf\u00e9rence \u00e9conomique sous le th\u00e8me suivant : \u00ab Les potentialit\u00e9s de...","og_url":"https:\/\/challengeseconomiques.com\/?p=4738","og_site_name":"challenges economiques","article_published_time":"2023-05-17T16:00:45+00:00","article_modified_time":"2023-05-17T16:05:43+00:00","og_image":[{"width":1536,"height":1023,"url":"https:\/\/challengeseconomiques.com\/wp-content\/uploads\/2023\/05\/Forum-Economique_Dahla-Dakar_1-1536x1023-1.jpeg","type":"image\/jpeg"}],"author":"admin","twitter_card":"summary_large_image","twitter_misc":{"\u00c9crit par":"admin","Dur\u00e9e de lecture estim\u00e9e":"3 minutes"},"schema":{"@context":"https:\/\/schema.org","@graph":[{"@type":"Article","@id":"https:\/\/challengeseconomiques.com\/?p=4738#article","isPartOf":{"@id":"https:\/\/challengeseconomiques.com\/?p=4738"},"author":{"name":"admin","@id":"https:\/\/challengeseconomiques.com\/#\/schema\/person\/b4568c9afebc5a9238a771873801e349"},"headline":"Coop\u00e9ration Maroc- S\u00e9n\u00e9gal : Les potentialit\u00e9s de Dahla-Oued Eddahab pr\u00e9sent\u00e9es aux op\u00e9rateurs \u00e9conomiques locaux","datePublished":"2023-05-17T16:00:45+00:00","dateModified":"2023-05-17T16:05:43+00:00","mainEntityOfPage":{"@id":"https:\/\/challengeseconomiques.com\/?p=4738"},"wordCount":645,"image":{"@id":"https:\/\/challengeseconomiques.com\/?p=4738#primaryimage"},"thumbnailUrl":"https:\/\/challengeseconomiques.com\/wp-content\/uploads\/2023\/05\/Forum-Economique_Dahla-Dakar_1-1536x1023-1.jpeg","articleSection":["Actualit\u00e9 \u00e9conomique","Infos \u00e9co"],"inLanguage":"fr-FR"},{"@type":"WebPage","@id":"https:\/\/challengeseconomiques.com\/?p=4738","url":"https:\/\/challengeseconomiques.com\/?p=4738","name":"Coop\u00e9ration Maroc- S\u00e9n\u00e9gal : Les potentialit\u00e9s de Dahla-Oued Eddahab pr\u00e9sent\u00e9es aux op\u00e9rateurs \u00e9conomiques locaux - challenges economiques","isPartOf":{"@id":"https:\/\/challengeseconomiques.com\/#website"},"primaryImageOfPage":{"@id":"https:\/\/challengeseconomiques.com\/?p=4738#primaryimage"},"image":{"@id":"https:\/\/challengeseconomiques.com\/?p=4738#primaryimage"},"thumbnailUrl":"https:\/\/challengeseconomiques.com\/wp-content\/uploads\/2023\/05\/Forum-Economique_Dahla-Dakar_1-1536x1023-1.jpeg","datePublished":"2023-05-17T16:00:45+00:00","dateModified":"2023-05-17T16:05:43+00:00","author":{"@id":"https:\/\/challengeseconomiques.com\/#\/schema\/person\/b4568c9afebc5a9238a771873801e349"},"breadcrumb":{"@id":"https:\/\/challengeseconomiques.com\/?p=4738#breadcrumb"},"inLanguage":"fr-FR","potentialAction":[{"@type":"ReadAction","target":["https:\/\/challengeseconomiques.com\/?p=4738"]}]},{"@type":"ImageObject","inLanguage":"fr-FR","@id":"https:\/\/challengeseconomiques.com\/?p=4738#primaryimage","url":"https:\/\/challengeseconomiques.com\/wp-content\/uploads\/2023\/05\/Forum-Economique_Dahla-Dakar_1-1536x1023-1.jpeg","contentUrl":"https:\/\/challengeseconomiques.com\/wp-content\/uploads\/2023\/05\/Forum-Economique_Dahla-Dakar_1-1536x1023-1.jpeg","width":1536,"height":1023},{"@type":"BreadcrumbList","@id":"https:\/\/challengeseconomiques.com\/?p=4738#breadcrumb","itemListElement":[{"@type":"ListItem","position":1,"name":"Home","item":"https:\/\/challengeseconomiques.com\/"},{"@type":"ListItem","position":2,"name":"Coop\u00e9ration Maroc- S\u00e9n\u00e9gal : Les potentialit\u00e9s de Dahla-Oued Eddahab pr\u00e9sent\u00e9es aux op\u00e9rateurs \u00e9conomiques locaux"}]},{"@type":"WebSite","@id":"https:\/\/challengeseconomiques.com\/#website","url":"https:\/\/challengeseconomiques.com\/","name":"challenges economiques","description":"","potentialAction":[{"@type":"SearchAction","target":{"@type":"EntryPoint","urlTemplate":"https:\/\/challengeseconomiques.com\/?s={search_term_string}"},"query-input":{"@type":"PropertyValueSpecification","valueRequired":true,"valueName":"search_term_string"}}],"inLanguage":"fr-FR"},{"@type":"Person","@id":"https:\/\/challengeseconomiques.com\/#\/schema\/person\/b4568c9afebc5a9238a771873801e349","name":"admin","image":{"@type":"ImageObject","inLanguage":"fr-FR","@id":"https:\/\/challengeseconomiques.com\/#\/schema\/person\/image\/","url":"https:\/\/secure.gravatar.com\/avatar\/099e42240b5eea11acdb72751fcce0dd918603f0749d24974b7984ea47ed9fd9?s=96&d=mm&r=g","contentUrl":"https:\/\/secure.gravatar.com\/avatar\/099e42240b5eea11acdb72751fcce0dd918603f0749d24974b7984ea47ed9fd9?s=96&d=mm&r=g","caption":"admin"},"sameAs":["https:\/\/challengeseconomiques.com"],"url":"https:\/\/challengeseconomiques.com\/?author=1"}]}},"jetpack_featured_media_url":"https:\/\/challengeseconomiques.com\/wp-content\/uploads\/2023\/05\/Forum-Economique_Dahla-Dakar_1-1536x1023-1.jpeg","jetpack_sharing_enabled":true,"_links":{"self":[{"href":"https:\/\/challengeseconomiques.com\/index.php?rest_route=\/wp\/v2\/posts\/4738","targetHints":{"allow":["GET"]}}],"collection":[{"href":"https:\/\/challengeseconomiques.com\/index.php?rest_route=\/wp\/v2\/posts"}],"about":[{"href":"https:\/\/challengeseconomiques.com\/index.php?rest_route=\/wp\/v2\/types\/post"}],"author":[{"embeddable":true,"href":"https:\/\/challengeseconomiques.com\/index.php?rest_route=\/wp\/v2\/users\/1"}],"replies":[{"embeddable":true,"href":"https:\/\/challengeseconomiques.com\/index.php?rest_route=%2Fwp%2Fv2%2Fcomments&post=4738"}],"version-history":[{"count":4,"href":"https:\/\/challengeseconomiques.com\/index.php?rest_route=\/wp\/v2\/posts\/4738\/revisions"}],"predecessor-version":[{"id":4744,"href":"https:\/\/challengeseconomiques.com\/index.php?rest_route=\/wp\/v2\/posts\/4738\/revisions\/4744"}],"wp:featuredmedia":[{"embeddable":true,"href":"https:\/\/challengeseconomiques.com\/index.php?rest_route=\/wp\/v2\/media\/4739"}],"wp:attachment":[{"href":"https:\/\/challengeseconomiques.com\/index.php?rest_route=%2Fwp%2Fv2%2Fmedia&parent=4738"}],"wp:term":[{"taxonomy":"category","embeddable":true,"href":"https:\/\/challengeseconomiques.com\/index.php?rest_route=%2Fwp%2Fv2%2Fcategories&post=4738"},{"taxonomy":"post_tag","embeddable":true,"href":"https:\/\/challengeseconomiques.com\/index.php?rest_route=%2Fwp%2Fv2%2Ftags&post=4738"}],"curies":[{"name":"wp","href":"https:\/\/api.w.org\/{rel}","templated":true}]}}