{"id":4736,"date":"2023-05-17T15:07:30","date_gmt":"2023-05-17T15:07:30","guid":{"rendered":"https:\/\/challengeseconomiques.com\/?p=4736"},"modified":"2023-05-17T14:11:45","modified_gmt":"2023-05-17T14:11:45","slug":"diamniadio-la-deuxieme-phase-du-parc-industriel-inauguree-en-octobre","status":"publish","type":"post","link":"https:\/\/challengeseconomiques.com\/?p=4736","title":{"rendered":"Diamniadio : la deuxi\u00e8me phase du parc industriel inaugur\u00e9e en octobre"},"content":{"rendered":"<p>La deuxi\u00e8me phase de la plateforme industrielle de Diamniado dont les travaux sont ex\u00e9cut\u00e9s \u00e0 80% sera livr\u00e9e en octobre prochain, a annonc\u00e9 mardi le directeur g\u00e9n\u00e9ral de l\u2019Agence d\u2019am\u00e9nagement et de promotion des sites industriels (APROSI), Momath Ba.<\/p>\n<p>\u2018\u2019Des milliers d\u2019emplois ont \u00e9t\u00e9 cr\u00e9es dans la construction de la plateforme et nous avons vu que les installations sont quasiment pr\u00eates. Nous pourrons esp\u00e9rer bient\u00f4t une inauguration, probablement vers le mois d\u2019octobre\u2019\u2019, a-t-il dit.<\/p>\n<p>M. Ba recevait le pr\u00e9sident de l\u2019Assembl\u00e9e nationale populaire de Chine, Zhao Lei accompagn\u00e9 de son homologue s\u00e9n\u00e9galais, Amadou Mame Diop. Les deux parlementaires ont visit\u00e9 la plateforme industrielle internationale de Diamniadio, projet phare du Plan S\u00e9n\u00e9gal \u00e9mergent (PSE).<\/p>\n<p>Momath Ba a fait savoir que les entreprises en charge de la r\u00e9alisation de cette plateforme industrielle en avaient donn\u00e9 l\u2019assurance au pr\u00e9sident de l\u2019Assembl\u00e9e nationale de la R\u00e9publique Populaire de Chine.<\/p>\n<p>\u2018\u2019Nous avons vu que la deuxi\u00e8me phase, achev\u00e9e \u00e0 80%, est une r\u00e9alisation de tr\u00e8s haute facture demand\u00e9e par le pr\u00e9sident de la R\u00e9publique\u2019\u2019, a-t-il rappel\u00e9 non sans saluer la bonne marche de la coop\u00e9ration sino-s\u00e9n\u00e9galaise.<\/p>\n<p>\u2018\u2019La plateforme industrielle dans son enti\u00e8ret\u00e9 va impacter l\u2019\u2019\u00e9conomie du pays et va faire aussi de Diamniadio un p\u00f4le habit\u00e9 o\u00f9 il y aura du travail, une ville active en coh\u00e9rence avec le projet du Train express r\u00e9gional (TER) \u00bb, a fait valoir le directeur g\u00e9n\u00e9ral de l\u2019APROSI.<\/p>\n<p>Il a insist\u00e9 sur le fait que la premi\u00e8re phase de ce projet \u00e9tait d\u00e9j\u00e0 en pleine exploitation avec plusieurs entreprises s\u2019activant sur le site.<\/p>\n<p>\u2018\u2019Nous pouvons \u00e9galement magnifier la coop\u00e9ration entre les deux pays parce qu\u2019on a eu des engagements de la partie chinoise pour accompagner le S\u00e9n\u00e9gal dans la cr\u00e9ation d\u2019emploi et l\u2019investissement qui pourrait venir impacter davantage et positivement la plateforme\u2019\u2019, a-t-il indiqu\u00e9.<\/p>\n<p><strong>APS<\/strong><\/p>\n","protected":false},"excerpt":{"rendered":"<p>La deuxi\u00e8me phase de la plateforme industrielle de Diamniado dont les travaux sont ex\u00e9cut\u00e9s \u00e0 80% sera livr\u00e9e en octobre prochain, a annonc\u00e9 mardi le&#8230;<\/p>\n","protected":false},"author":1,"featured_media":4354,"comment_status":"closed","ping_status":"open","sticky":false,"template":"","format":"standard","meta":{"_jetpack_memberships_contains_paid_content":false,"footnotes":""},"categories":[8,10],"tags":[],"class_list":["post-4736","post","type-post","status-publish","format-standard","has-post-thumbnail","hentry","category-actualite-economique","category-infos-eco","wpcat-8-id","wpcat-10-id"],"yoast_head":"<!-- This site is optimized with the Yoast SEO plugin v27.1.1 - https:\/\/yoast.com\/product\/yoast-seo-wordpress\/ -->\n<title>Diamniadio : la deuxi\u00e8me phase du parc industriel inaugur\u00e9e en octobre - challenges economiques<\/title>\n<meta name=\"robots\" content=\"index, follow, max-snippet:-1, max-image-preview:large, max-video-preview:-1\" \/>\n<link rel=\"canonical\" href=\"https:\/\/challengeseconomiques.com\/?p=4736\" \/>\n<meta property=\"og:locale\" content=\"fr_FR\" \/>\n<meta property=\"og:type\" content=\"article\" \/>\n<meta property=\"og:title\" content=\"Diamniadio : la deuxi\u00e8me phase du parc industriel inaugur\u00e9e en octobre - challenges economiques\" \/>\n<meta property=\"og:description\" content=\"La deuxi\u00e8me phase de la plateforme industrielle de Diamniado dont les travaux sont ex\u00e9cut\u00e9s \u00e0 80% sera livr\u00e9e en octobre prochain, a annonc\u00e9 mardi le...\" \/>\n<meta property=\"og:url\" content=\"https:\/\/challengeseconomiques.com\/?p=4736\" \/>\n<meta property=\"og:site_name\" content=\"challenges economiques\" \/>\n<meta property=\"article:published_time\" content=\"2023-05-17T15:07:30+00:00\" \/>\n<meta property=\"og:image\" content=\"https:\/\/challengeseconomiques.com\/wp-content\/uploads\/2022\/11\/Senegal-Diamniadio-770x470-1.webp\" \/>\n\t<meta property=\"og:image:width\" content=\"770\" \/>\n\t<meta property=\"og:image:height\" content=\"470\" \/>\n\t<meta property=\"og:image:type\" content=\"image\/webp\" \/>\n<meta name=\"author\" content=\"admin\" \/>\n<meta name=\"twitter:card\" content=\"summary_large_image\" \/>\n<meta name=\"twitter:label1\" content=\"\u00c9crit par\" \/>\n\t<meta name=\"twitter:data1\" content=\"admin\" \/>\n\t<meta name=\"twitter:label2\" content=\"Dur\u00e9e de lecture estim\u00e9e\" \/>\n\t<meta name=\"twitter:data2\" content=\"2 minutes\" \/>\n<script type=\"application\/ld+json\" class=\"yoast-schema-graph\">{\"@context\":\"https:\/\/schema.org\",\"@graph\":[{\"@type\":\"Article\",\"@id\":\"https:\/\/challengeseconomiques.com\/?p=4736#article\",\"isPartOf\":{\"@id\":\"https:\/\/challengeseconomiques.com\/?p=4736\"},\"author\":{\"name\":\"admin\",\"@id\":\"https:\/\/challengeseconomiques.com\/#\/schema\/person\/b4568c9afebc5a9238a771873801e349\"},\"headline\":\"Diamniadio : la deuxi\u00e8me phase du parc industriel inaugur\u00e9e en octobre\",\"datePublished\":\"2023-05-17T15:07:30+00:00\",\"mainEntityOfPage\":{\"@id\":\"https:\/\/challengeseconomiques.com\/?p=4736\"},\"wordCount\":359,\"image\":{\"@id\":\"https:\/\/challengeseconomiques.com\/?p=4736#primaryimage\"},\"thumbnailUrl\":\"https:\/\/challengeseconomiques.com\/wp-content\/uploads\/2022\/11\/Senegal-Diamniadio-770x470-1.webp\",\"articleSection\":[\"Actualit\u00e9 \u00e9conomique\",\"Infos \u00e9co\"],\"inLanguage\":\"fr-FR\"},{\"@type\":\"WebPage\",\"@id\":\"https:\/\/challengeseconomiques.com\/?p=4736\",\"url\":\"https:\/\/challengeseconomiques.com\/?p=4736\",\"name\":\"Diamniadio : la deuxi\u00e8me phase du parc industriel inaugur\u00e9e en octobre - challenges economiques\",\"isPartOf\":{\"@id\":\"https:\/\/challengeseconomiques.com\/#website\"},\"primaryImageOfPage\":{\"@id\":\"https:\/\/challengeseconomiques.com\/?p=4736#primaryimage\"},\"image\":{\"@id\":\"https:\/\/challengeseconomiques.com\/?p=4736#primaryimage\"},\"thumbnailUrl\":\"https:\/\/challengeseconomiques.com\/wp-content\/uploads\/2022\/11\/Senegal-Diamniadio-770x470-1.webp\",\"datePublished\":\"2023-05-17T15:07:30+00:00\",\"author\":{\"@id\":\"https:\/\/challengeseconomiques.com\/#\/schema\/person\/b4568c9afebc5a9238a771873801e349\"},\"breadcrumb\":{\"@id\":\"https:\/\/challengeseconomiques.com\/?p=4736#breadcrumb\"},\"inLanguage\":\"fr-FR\",\"potentialAction\":[{\"@type\":\"ReadAction\",\"target\":[\"https:\/\/challengeseconomiques.com\/?p=4736\"]}]},{\"@type\":\"ImageObject\",\"inLanguage\":\"fr-FR\",\"@id\":\"https:\/\/challengeseconomiques.com\/?p=4736#primaryimage\",\"url\":\"https:\/\/challengeseconomiques.com\/wp-content\/uploads\/2022\/11\/Senegal-Diamniadio-770x470-1.webp\",\"contentUrl\":\"https:\/\/challengeseconomiques.com\/wp-content\/uploads\/2022\/11\/Senegal-Diamniadio-770x470-1.webp\",\"width\":770,\"height\":470},{\"@type\":\"BreadcrumbList\",\"@id\":\"https:\/\/challengeseconomiques.com\/?p=4736#breadcrumb\",\"itemListElement\":[{\"@type\":\"ListItem\",\"position\":1,\"name\":\"Home\",\"item\":\"https:\/\/challengeseconomiques.com\/\"},{\"@type\":\"ListItem\",\"position\":2,\"name\":\"Diamniadio : la deuxi\u00e8me phase du parc industriel inaugur\u00e9e en octobre\"}]},{\"@type\":\"WebSite\",\"@id\":\"https:\/\/challengeseconomiques.com\/#website\",\"url\":\"https:\/\/challengeseconomiques.com\/\",\"name\":\"challenges economiques\",\"description\":\"\",\"potentialAction\":[{\"@type\":\"SearchAction\",\"target\":{\"@type\":\"EntryPoint\",\"urlTemplate\":\"https:\/\/challengeseconomiques.com\/?s={search_term_string}\"},\"query-input\":{\"@type\":\"PropertyValueSpecification\",\"valueRequired\":true,\"valueName\":\"search_term_string\"}}],\"inLanguage\":\"fr-FR\"},{\"@type\":\"Person\",\"@id\":\"https:\/\/challengeseconomiques.com\/#\/schema\/person\/b4568c9afebc5a9238a771873801e349\",\"name\":\"admin\",\"image\":{\"@type\":\"ImageObject\",\"inLanguage\":\"fr-FR\",\"@id\":\"https:\/\/challengeseconomiques.com\/#\/schema\/person\/image\/\",\"url\":\"https:\/\/secure.gravatar.com\/avatar\/099e42240b5eea11acdb72751fcce0dd918603f0749d24974b7984ea47ed9fd9?s=96&d=mm&r=g\",\"contentUrl\":\"https:\/\/secure.gravatar.com\/avatar\/099e42240b5eea11acdb72751fcce0dd918603f0749d24974b7984ea47ed9fd9?s=96&d=mm&r=g\",\"caption\":\"admin\"},\"sameAs\":[\"https:\/\/challengeseconomiques.com\"],\"url\":\"https:\/\/challengeseconomiques.com\/?author=1\"}]}<\/script>\n<!-- \/ Yoast SEO plugin. -->","yoast_head_json":{"title":"Diamniadio : la deuxi\u00e8me phase du parc industriel inaugur\u00e9e en octobre - challenges economiques","robots":{"index":"index","follow":"follow","max-snippet":"max-snippet:-1","max-image-preview":"max-image-preview:large","max-video-preview":"max-video-preview:-1"},"canonical":"https:\/\/challengeseconomiques.com\/?p=4736","og_locale":"fr_FR","og_type":"article","og_title":"Diamniadio : la deuxi\u00e8me phase du parc industriel inaugur\u00e9e en octobre - challenges economiques","og_description":"La deuxi\u00e8me phase de la plateforme industrielle de Diamniado dont les travaux sont ex\u00e9cut\u00e9s \u00e0 80% sera livr\u00e9e en octobre prochain, a annonc\u00e9 mardi le...","og_url":"https:\/\/challengeseconomiques.com\/?p=4736","og_site_name":"challenges economiques","article_published_time":"2023-05-17T15:07:30+00:00","og_image":[{"width":770,"height":470,"url":"https:\/\/challengeseconomiques.com\/wp-content\/uploads\/2022\/11\/Senegal-Diamniadio-770x470-1.webp","type":"image\/webp"}],"author":"admin","twitter_card":"summary_large_image","twitter_misc":{"\u00c9crit par":"admin","Dur\u00e9e de lecture estim\u00e9e":"2 minutes"},"schema":{"@context":"https:\/\/schema.org","@graph":[{"@type":"Article","@id":"https:\/\/challengeseconomiques.com\/?p=4736#article","isPartOf":{"@id":"https:\/\/challengeseconomiques.com\/?p=4736"},"author":{"name":"admin","@id":"https:\/\/challengeseconomiques.com\/#\/schema\/person\/b4568c9afebc5a9238a771873801e349"},"headline":"Diamniadio : la deuxi\u00e8me phase du parc industriel inaugur\u00e9e en octobre","datePublished":"2023-05-17T15:07:30+00:00","mainEntityOfPage":{"@id":"https:\/\/challengeseconomiques.com\/?p=4736"},"wordCount":359,"image":{"@id":"https:\/\/challengeseconomiques.com\/?p=4736#primaryimage"},"thumbnailUrl":"https:\/\/challengeseconomiques.com\/wp-content\/uploads\/2022\/11\/Senegal-Diamniadio-770x470-1.webp","articleSection":["Actualit\u00e9 \u00e9conomique","Infos \u00e9co"],"inLanguage":"fr-FR"},{"@type":"WebPage","@id":"https:\/\/challengeseconomiques.com\/?p=4736","url":"https:\/\/challengeseconomiques.com\/?p=4736","name":"Diamniadio : la deuxi\u00e8me phase du parc industriel inaugur\u00e9e en octobre - challenges economiques","isPartOf":{"@id":"https:\/\/challengeseconomiques.com\/#website"},"primaryImageOfPage":{"@id":"https:\/\/challengeseconomiques.com\/?p=4736#primaryimage"},"image":{"@id":"https:\/\/challengeseconomiques.com\/?p=4736#primaryimage"},"thumbnailUrl":"https:\/\/challengeseconomiques.com\/wp-content\/uploads\/2022\/11\/Senegal-Diamniadio-770x470-1.webp","datePublished":"2023-05-17T15:07:30+00:00","author":{"@id":"https:\/\/challengeseconomiques.com\/#\/schema\/person\/b4568c9afebc5a9238a771873801e349"},"breadcrumb":{"@id":"https:\/\/challengeseconomiques.com\/?p=4736#breadcrumb"},"inLanguage":"fr-FR","potentialAction":[{"@type":"ReadAction","target":["https:\/\/challengeseconomiques.com\/?p=4736"]}]},{"@type":"ImageObject","inLanguage":"fr-FR","@id":"https:\/\/challengeseconomiques.com\/?p=4736#primaryimage","url":"https:\/\/challengeseconomiques.com\/wp-content\/uploads\/2022\/11\/Senegal-Diamniadio-770x470-1.webp","contentUrl":"https:\/\/challengeseconomiques.com\/wp-content\/uploads\/2022\/11\/Senegal-Diamniadio-770x470-1.webp","width":770,"height":470},{"@type":"BreadcrumbList","@id":"https:\/\/challengeseconomiques.com\/?p=4736#breadcrumb","itemListElement":[{"@type":"ListItem","position":1,"name":"Home","item":"https:\/\/challengeseconomiques.com\/"},{"@type":"ListItem","position":2,"name":"Diamniadio : la deuxi\u00e8me phase du parc industriel inaugur\u00e9e en octobre"}]},{"@type":"WebSite","@id":"https:\/\/challengeseconomiques.com\/#website","url":"https:\/\/challengeseconomiques.com\/","name":"challenges economiques","description":"","potentialAction":[{"@type":"SearchAction","target":{"@type":"EntryPoint","urlTemplate":"https:\/\/challengeseconomiques.com\/?s={search_term_string}"},"query-input":{"@type":"PropertyValueSpecification","valueRequired":true,"valueName":"search_term_string"}}],"inLanguage":"fr-FR"},{"@type":"Person","@id":"https:\/\/challengeseconomiques.com\/#\/schema\/person\/b4568c9afebc5a9238a771873801e349","name":"admin","image":{"@type":"ImageObject","inLanguage":"fr-FR","@id":"https:\/\/challengeseconomiques.com\/#\/schema\/person\/image\/","url":"https:\/\/secure.gravatar.com\/avatar\/099e42240b5eea11acdb72751fcce0dd918603f0749d24974b7984ea47ed9fd9?s=96&d=mm&r=g","contentUrl":"https:\/\/secure.gravatar.com\/avatar\/099e42240b5eea11acdb72751fcce0dd918603f0749d24974b7984ea47ed9fd9?s=96&d=mm&r=g","caption":"admin"},"sameAs":["https:\/\/challengeseconomiques.com"],"url":"https:\/\/challengeseconomiques.com\/?author=1"}]}},"jetpack_featured_media_url":"https:\/\/challengeseconomiques.com\/wp-content\/uploads\/2022\/11\/Senegal-Diamniadio-770x470-1.webp","jetpack_sharing_enabled":true,"_links":{"self":[{"href":"https:\/\/challengeseconomiques.com\/index.php?rest_route=\/wp\/v2\/posts\/4736","targetHints":{"allow":["GET"]}}],"collection":[{"href":"https:\/\/challengeseconomiques.com\/index.php?rest_route=\/wp\/v2\/posts"}],"about":[{"href":"https:\/\/challengeseconomiques.com\/index.php?rest_route=\/wp\/v2\/types\/post"}],"author":[{"embeddable":true,"href":"https:\/\/challengeseconomiques.com\/index.php?rest_route=\/wp\/v2\/users\/1"}],"replies":[{"embeddable":true,"href":"https:\/\/challengeseconomiques.com\/index.php?rest_route=%2Fwp%2Fv2%2Fcomments&post=4736"}],"version-history":[{"count":1,"href":"https:\/\/challengeseconomiques.com\/index.php?rest_route=\/wp\/v2\/posts\/4736\/revisions"}],"predecessor-version":[{"id":4737,"href":"https:\/\/challengeseconomiques.com\/index.php?rest_route=\/wp\/v2\/posts\/4736\/revisions\/4737"}],"wp:featuredmedia":[{"embeddable":true,"href":"https:\/\/challengeseconomiques.com\/index.php?rest_route=\/wp\/v2\/media\/4354"}],"wp:attachment":[{"href":"https:\/\/challengeseconomiques.com\/index.php?rest_route=%2Fwp%2Fv2%2Fmedia&parent=4736"}],"wp:term":[{"taxonomy":"category","embeddable":true,"href":"https:\/\/challengeseconomiques.com\/index.php?rest_route=%2Fwp%2Fv2%2Fcategories&post=4736"},{"taxonomy":"post_tag","embeddable":true,"href":"https:\/\/challengeseconomiques.com\/index.php?rest_route=%2Fwp%2Fv2%2Ftags&post=4736"}],"curies":[{"name":"wp","href":"https:\/\/api.w.org\/{rel}","templated":true}]}}