{"id":4714,"date":"2023-05-14T23:42:29","date_gmt":"2023-05-14T23:42:29","guid":{"rendered":"https:\/\/challengeseconomiques.com\/?p=4714"},"modified":"2023-05-14T23:43:26","modified_gmt":"2023-05-14T23:43:26","slug":"la-bnde-sengage-a-accompagner-les-acteurs-economiques-de-la-casamance","status":"publish","type":"post","link":"https:\/\/challengeseconomiques.com\/?p=4714","title":{"rendered":"La BNDE s\u2019engage \u00e0 accompagner les acteurs \u00e9conomiques de la Casamance"},"content":{"rendered":"<p><strong>Le DG de la BNDE Dr Abdoulaye NIANE r\u00e9pondant aux questions de la presse locale<\/strong><\/p>\n<p><strong>Le Directeur G\u00e9n\u00e9ral de la Banque nationale de d\u00e9veloppement \u00e9conomique (BNDE),Dr Abdoulaye NIANE \u00e9tait en tourn\u00e9e les 11 et 12 mai, dans la zone sud du pays, pour rencontrer et \u00e9changer avec la client\u00e8le et rendre des visites de courtoisie aux autorit\u00e9s administratives de la r\u00e9gion.<\/strong><\/p>\n<p>C\u2019est dans ce cadre que le Directeur G\u00e9n\u00e9ral et sa d\u00e9l\u00e9gation ont \u00e9t\u00e9 re\u00e7us d\u2019abord par le Gouverneur de la R\u00e9gion de Ziguinchor Mr Guedj DIOUF, ensuite par le Pr\u00e9sident de la Chambre de Commerce, M. Jean Pascal EHEMBA en compagnie de M. Moussa DIENG, le vice-pr\u00e9sident de la Chambre des M\u00e9tiers.<\/p>\n<p>Partenaire officiel de la 1<sup>\u00e8re<\/sup> \u00e9dition de la Foire de Ziguinchor avec pour slogan \u00ab Soutenir les PME\/PMI locales pour une souverainet\u00e9 \u00e9conomique \u00bb, la BNDE a \u00e9t\u00e9 fortement repr\u00e9sent\u00e9e par son DG, Dr Abdoulaye NIANE et son \u00e9quipe qui se sont rendus \u00e0 la place GAO ou attendaient un bon nombre de clients,&nbsp; prospects et partenaires.<\/p>\n<p>Le Directeur G\u00e9n\u00e9ral a d\u00e9clar\u00e9&nbsp;:&nbsp;\u00ab&nbsp;la BNDE a nou\u00e9 une relation de partenariat de longue date avec la Chambre de Commerce d\u00e8s ses premiers pas dans la R\u00e9gion Sud, c\u2019est ainsi que nous avons particip\u00e9 naturellement \u00e0 la Foire de Ziguinchor&nbsp;\u00bb.<\/p>\n<p>Cette visite de deux jours a permis de rencontrer les principaux clients, acteurs \u00e9conomiques et partenaires afin de mieux connaitre l\u2019\u00e9cosyst\u00e8me sur lequel la BNDE s\u2019est d\u00e9j\u00e0 bien positionn\u00e9e. Le DG de la BNDE a par ailleurs annonc\u00e9 la signature dans les prochains jours d\u2019une convention dynamique et ambitieuse avec la Chambre de Commerce et la Chambre des M\u00e9tiers de Ziguinchor. Elle se fera en collaboration avec les structures d\u2019appui de l\u2019Etat, pour amplifier le positionnement et renforcer l\u2019appui financier n\u00e9cessaire afin d\u2019accompagner le d\u00e9veloppement \u00e9conomique de la Casamance.<\/p>\n<p><strong>Source: (BNDE)<\/strong><\/p>\n<p><img fetchpriority=\"high\" decoding=\"async\" class=\"alignnone  wp-image-4716\" src=\"https:\/\/challengeseconomiques.com\/wp-content\/uploads\/2023\/05\/bndezig2-300x168.jpg\" alt=\"\" width=\"505\" height=\"283\" srcset=\"https:\/\/challengeseconomiques.com\/wp-content\/uploads\/2023\/05\/bndezig2-300x168.jpg 300w, https:\/\/challengeseconomiques.com\/wp-content\/uploads\/2023\/05\/bndezig2.jpg 696w\" sizes=\"(max-width: 505px) 100vw, 505px\" \/><\/p>\n<p>&nbsp;<\/p>\n<p>&nbsp;<\/p>\n","protected":false},"excerpt":{"rendered":"<p>Le DG de la BNDE Dr Abdoulaye NIANE r\u00e9pondant aux questions de la presse locale Le Directeur G\u00e9n\u00e9ral de la Banque nationale de d\u00e9veloppement \u00e9conomique&#8230;<\/p>\n","protected":false},"author":1,"featured_media":4715,"comment_status":"closed","ping_status":"open","sticky":false,"template":"","format":"standard","meta":{"_jetpack_memberships_contains_paid_content":false,"footnotes":""},"categories":[23,10],"tags":[],"class_list":["post-4714","post","type-post","status-publish","format-standard","has-post-thumbnail","hentry","category-a-la-une","category-infos-eco","wpcat-23-id","wpcat-10-id"],"yoast_head":"<!-- This site is optimized with the Yoast SEO plugin v27.1.1 - https:\/\/yoast.com\/product\/yoast-seo-wordpress\/ -->\n<title>La BNDE s\u2019engage \u00e0 accompagner les acteurs \u00e9conomiques de la Casamance - challenges economiques<\/title>\n<meta name=\"robots\" content=\"index, follow, max-snippet:-1, max-image-preview:large, max-video-preview:-1\" \/>\n<link rel=\"canonical\" href=\"https:\/\/challengeseconomiques.com\/?p=4714\" \/>\n<meta property=\"og:locale\" content=\"fr_FR\" \/>\n<meta property=\"og:type\" content=\"article\" \/>\n<meta property=\"og:title\" content=\"La BNDE s\u2019engage \u00e0 accompagner les acteurs \u00e9conomiques de la Casamance - challenges economiques\" \/>\n<meta property=\"og:description\" content=\"Le DG de la BNDE Dr Abdoulaye NIANE r\u00e9pondant aux questions de la presse locale Le Directeur G\u00e9n\u00e9ral de la Banque nationale de d\u00e9veloppement \u00e9conomique...\" \/>\n<meta property=\"og:url\" content=\"https:\/\/challengeseconomiques.com\/?p=4714\" \/>\n<meta property=\"og:site_name\" content=\"challenges economiques\" \/>\n<meta property=\"article:published_time\" content=\"2023-05-14T23:42:29+00:00\" \/>\n<meta property=\"article:modified_time\" content=\"2023-05-14T23:43:26+00:00\" \/>\n<meta property=\"og:image\" content=\"https:\/\/challengeseconomiques.com\/wp-content\/uploads\/2023\/05\/dgbndezigbon.jpg\" \/>\n\t<meta property=\"og:image:width\" content=\"697\" \/>\n\t<meta property=\"og:image:height\" content=\"395\" \/>\n\t<meta property=\"og:image:type\" content=\"image\/jpeg\" \/>\n<meta name=\"author\" content=\"admin\" \/>\n<meta name=\"twitter:card\" content=\"summary_large_image\" \/>\n<meta name=\"twitter:label1\" content=\"\u00c9crit par\" \/>\n\t<meta name=\"twitter:data1\" content=\"admin\" \/>\n\t<meta name=\"twitter:label2\" content=\"Dur\u00e9e de lecture estim\u00e9e\" \/>\n\t<meta name=\"twitter:data2\" content=\"2 minutes\" \/>\n<script type=\"application\/ld+json\" class=\"yoast-schema-graph\">{\"@context\":\"https:\/\/schema.org\",\"@graph\":[{\"@type\":\"Article\",\"@id\":\"https:\/\/challengeseconomiques.com\/?p=4714#article\",\"isPartOf\":{\"@id\":\"https:\/\/challengeseconomiques.com\/?p=4714\"},\"author\":{\"name\":\"admin\",\"@id\":\"https:\/\/challengeseconomiques.com\/#\/schema\/person\/b4568c9afebc5a9238a771873801e349\"},\"headline\":\"La BNDE s\u2019engage \u00e0 accompagner les acteurs \u00e9conomiques de la Casamance\",\"datePublished\":\"2023-05-14T23:42:29+00:00\",\"dateModified\":\"2023-05-14T23:43:26+00:00\",\"mainEntityOfPage\":{\"@id\":\"https:\/\/challengeseconomiques.com\/?p=4714\"},\"wordCount\":356,\"image\":{\"@id\":\"https:\/\/challengeseconomiques.com\/?p=4714#primaryimage\"},\"thumbnailUrl\":\"https:\/\/challengeseconomiques.com\/wp-content\/uploads\/2023\/05\/dgbndezigbon.jpg\",\"articleSection\":[\"A la une\",\"Infos \u00e9co\"],\"inLanguage\":\"fr-FR\"},{\"@type\":\"WebPage\",\"@id\":\"https:\/\/challengeseconomiques.com\/?p=4714\",\"url\":\"https:\/\/challengeseconomiques.com\/?p=4714\",\"name\":\"La BNDE s\u2019engage \u00e0 accompagner les acteurs \u00e9conomiques de la Casamance - challenges economiques\",\"isPartOf\":{\"@id\":\"https:\/\/challengeseconomiques.com\/#website\"},\"primaryImageOfPage\":{\"@id\":\"https:\/\/challengeseconomiques.com\/?p=4714#primaryimage\"},\"image\":{\"@id\":\"https:\/\/challengeseconomiques.com\/?p=4714#primaryimage\"},\"thumbnailUrl\":\"https:\/\/challengeseconomiques.com\/wp-content\/uploads\/2023\/05\/dgbndezigbon.jpg\",\"datePublished\":\"2023-05-14T23:42:29+00:00\",\"dateModified\":\"2023-05-14T23:43:26+00:00\",\"author\":{\"@id\":\"https:\/\/challengeseconomiques.com\/#\/schema\/person\/b4568c9afebc5a9238a771873801e349\"},\"breadcrumb\":{\"@id\":\"https:\/\/challengeseconomiques.com\/?p=4714#breadcrumb\"},\"inLanguage\":\"fr-FR\",\"potentialAction\":[{\"@type\":\"ReadAction\",\"target\":[\"https:\/\/challengeseconomiques.com\/?p=4714\"]}]},{\"@type\":\"ImageObject\",\"inLanguage\":\"fr-FR\",\"@id\":\"https:\/\/challengeseconomiques.com\/?p=4714#primaryimage\",\"url\":\"https:\/\/challengeseconomiques.com\/wp-content\/uploads\/2023\/05\/dgbndezigbon.jpg\",\"contentUrl\":\"https:\/\/challengeseconomiques.com\/wp-content\/uploads\/2023\/05\/dgbndezigbon.jpg\",\"width\":697,\"height\":395},{\"@type\":\"BreadcrumbList\",\"@id\":\"https:\/\/challengeseconomiques.com\/?p=4714#breadcrumb\",\"itemListElement\":[{\"@type\":\"ListItem\",\"position\":1,\"name\":\"Home\",\"item\":\"https:\/\/challengeseconomiques.com\/\"},{\"@type\":\"ListItem\",\"position\":2,\"name\":\"La BNDE s\u2019engage \u00e0 accompagner les acteurs \u00e9conomiques de la Casamance\"}]},{\"@type\":\"WebSite\",\"@id\":\"https:\/\/challengeseconomiques.com\/#website\",\"url\":\"https:\/\/challengeseconomiques.com\/\",\"name\":\"challenges economiques\",\"description\":\"\",\"potentialAction\":[{\"@type\":\"SearchAction\",\"target\":{\"@type\":\"EntryPoint\",\"urlTemplate\":\"https:\/\/challengeseconomiques.com\/?s={search_term_string}\"},\"query-input\":{\"@type\":\"PropertyValueSpecification\",\"valueRequired\":true,\"valueName\":\"search_term_string\"}}],\"inLanguage\":\"fr-FR\"},{\"@type\":\"Person\",\"@id\":\"https:\/\/challengeseconomiques.com\/#\/schema\/person\/b4568c9afebc5a9238a771873801e349\",\"name\":\"admin\",\"image\":{\"@type\":\"ImageObject\",\"inLanguage\":\"fr-FR\",\"@id\":\"https:\/\/challengeseconomiques.com\/#\/schema\/person\/image\/\",\"url\":\"https:\/\/secure.gravatar.com\/avatar\/099e42240b5eea11acdb72751fcce0dd918603f0749d24974b7984ea47ed9fd9?s=96&d=mm&r=g\",\"contentUrl\":\"https:\/\/secure.gravatar.com\/avatar\/099e42240b5eea11acdb72751fcce0dd918603f0749d24974b7984ea47ed9fd9?s=96&d=mm&r=g\",\"caption\":\"admin\"},\"sameAs\":[\"https:\/\/challengeseconomiques.com\"],\"url\":\"https:\/\/challengeseconomiques.com\/?author=1\"}]}<\/script>\n<!-- \/ Yoast SEO plugin. -->","yoast_head_json":{"title":"La BNDE s\u2019engage \u00e0 accompagner les acteurs \u00e9conomiques de la Casamance - challenges economiques","robots":{"index":"index","follow":"follow","max-snippet":"max-snippet:-1","max-image-preview":"max-image-preview:large","max-video-preview":"max-video-preview:-1"},"canonical":"https:\/\/challengeseconomiques.com\/?p=4714","og_locale":"fr_FR","og_type":"article","og_title":"La BNDE s\u2019engage \u00e0 accompagner les acteurs \u00e9conomiques de la Casamance - challenges economiques","og_description":"Le DG de la BNDE Dr Abdoulaye NIANE r\u00e9pondant aux questions de la presse locale Le Directeur G\u00e9n\u00e9ral de la Banque nationale de d\u00e9veloppement \u00e9conomique...","og_url":"https:\/\/challengeseconomiques.com\/?p=4714","og_site_name":"challenges economiques","article_published_time":"2023-05-14T23:42:29+00:00","article_modified_time":"2023-05-14T23:43:26+00:00","og_image":[{"width":697,"height":395,"url":"https:\/\/challengeseconomiques.com\/wp-content\/uploads\/2023\/05\/dgbndezigbon.jpg","type":"image\/jpeg"}],"author":"admin","twitter_card":"summary_large_image","twitter_misc":{"\u00c9crit par":"admin","Dur\u00e9e de lecture estim\u00e9e":"2 minutes"},"schema":{"@context":"https:\/\/schema.org","@graph":[{"@type":"Article","@id":"https:\/\/challengeseconomiques.com\/?p=4714#article","isPartOf":{"@id":"https:\/\/challengeseconomiques.com\/?p=4714"},"author":{"name":"admin","@id":"https:\/\/challengeseconomiques.com\/#\/schema\/person\/b4568c9afebc5a9238a771873801e349"},"headline":"La BNDE s\u2019engage \u00e0 accompagner les acteurs \u00e9conomiques de la Casamance","datePublished":"2023-05-14T23:42:29+00:00","dateModified":"2023-05-14T23:43:26+00:00","mainEntityOfPage":{"@id":"https:\/\/challengeseconomiques.com\/?p=4714"},"wordCount":356,"image":{"@id":"https:\/\/challengeseconomiques.com\/?p=4714#primaryimage"},"thumbnailUrl":"https:\/\/challengeseconomiques.com\/wp-content\/uploads\/2023\/05\/dgbndezigbon.jpg","articleSection":["A la une","Infos \u00e9co"],"inLanguage":"fr-FR"},{"@type":"WebPage","@id":"https:\/\/challengeseconomiques.com\/?p=4714","url":"https:\/\/challengeseconomiques.com\/?p=4714","name":"La BNDE s\u2019engage \u00e0 accompagner les acteurs \u00e9conomiques de la Casamance - challenges economiques","isPartOf":{"@id":"https:\/\/challengeseconomiques.com\/#website"},"primaryImageOfPage":{"@id":"https:\/\/challengeseconomiques.com\/?p=4714#primaryimage"},"image":{"@id":"https:\/\/challengeseconomiques.com\/?p=4714#primaryimage"},"thumbnailUrl":"https:\/\/challengeseconomiques.com\/wp-content\/uploads\/2023\/05\/dgbndezigbon.jpg","datePublished":"2023-05-14T23:42:29+00:00","dateModified":"2023-05-14T23:43:26+00:00","author":{"@id":"https:\/\/challengeseconomiques.com\/#\/schema\/person\/b4568c9afebc5a9238a771873801e349"},"breadcrumb":{"@id":"https:\/\/challengeseconomiques.com\/?p=4714#breadcrumb"},"inLanguage":"fr-FR","potentialAction":[{"@type":"ReadAction","target":["https:\/\/challengeseconomiques.com\/?p=4714"]}]},{"@type":"ImageObject","inLanguage":"fr-FR","@id":"https:\/\/challengeseconomiques.com\/?p=4714#primaryimage","url":"https:\/\/challengeseconomiques.com\/wp-content\/uploads\/2023\/05\/dgbndezigbon.jpg","contentUrl":"https:\/\/challengeseconomiques.com\/wp-content\/uploads\/2023\/05\/dgbndezigbon.jpg","width":697,"height":395},{"@type":"BreadcrumbList","@id":"https:\/\/challengeseconomiques.com\/?p=4714#breadcrumb","itemListElement":[{"@type":"ListItem","position":1,"name":"Home","item":"https:\/\/challengeseconomiques.com\/"},{"@type":"ListItem","position":2,"name":"La BNDE s\u2019engage \u00e0 accompagner les acteurs \u00e9conomiques de la Casamance"}]},{"@type":"WebSite","@id":"https:\/\/challengeseconomiques.com\/#website","url":"https:\/\/challengeseconomiques.com\/","name":"challenges economiques","description":"","potentialAction":[{"@type":"SearchAction","target":{"@type":"EntryPoint","urlTemplate":"https:\/\/challengeseconomiques.com\/?s={search_term_string}"},"query-input":{"@type":"PropertyValueSpecification","valueRequired":true,"valueName":"search_term_string"}}],"inLanguage":"fr-FR"},{"@type":"Person","@id":"https:\/\/challengeseconomiques.com\/#\/schema\/person\/b4568c9afebc5a9238a771873801e349","name":"admin","image":{"@type":"ImageObject","inLanguage":"fr-FR","@id":"https:\/\/challengeseconomiques.com\/#\/schema\/person\/image\/","url":"https:\/\/secure.gravatar.com\/avatar\/099e42240b5eea11acdb72751fcce0dd918603f0749d24974b7984ea47ed9fd9?s=96&d=mm&r=g","contentUrl":"https:\/\/secure.gravatar.com\/avatar\/099e42240b5eea11acdb72751fcce0dd918603f0749d24974b7984ea47ed9fd9?s=96&d=mm&r=g","caption":"admin"},"sameAs":["https:\/\/challengeseconomiques.com"],"url":"https:\/\/challengeseconomiques.com\/?author=1"}]}},"jetpack_featured_media_url":"https:\/\/challengeseconomiques.com\/wp-content\/uploads\/2023\/05\/dgbndezigbon.jpg","jetpack_sharing_enabled":true,"_links":{"self":[{"href":"https:\/\/challengeseconomiques.com\/index.php?rest_route=\/wp\/v2\/posts\/4714","targetHints":{"allow":["GET"]}}],"collection":[{"href":"https:\/\/challengeseconomiques.com\/index.php?rest_route=\/wp\/v2\/posts"}],"about":[{"href":"https:\/\/challengeseconomiques.com\/index.php?rest_route=\/wp\/v2\/types\/post"}],"author":[{"embeddable":true,"href":"https:\/\/challengeseconomiques.com\/index.php?rest_route=\/wp\/v2\/users\/1"}],"replies":[{"embeddable":true,"href":"https:\/\/challengeseconomiques.com\/index.php?rest_route=%2Fwp%2Fv2%2Fcomments&post=4714"}],"version-history":[{"count":2,"href":"https:\/\/challengeseconomiques.com\/index.php?rest_route=\/wp\/v2\/posts\/4714\/revisions"}],"predecessor-version":[{"id":4718,"href":"https:\/\/challengeseconomiques.com\/index.php?rest_route=\/wp\/v2\/posts\/4714\/revisions\/4718"}],"wp:featuredmedia":[{"embeddable":true,"href":"https:\/\/challengeseconomiques.com\/index.php?rest_route=\/wp\/v2\/media\/4715"}],"wp:attachment":[{"href":"https:\/\/challengeseconomiques.com\/index.php?rest_route=%2Fwp%2Fv2%2Fmedia&parent=4714"}],"wp:term":[{"taxonomy":"category","embeddable":true,"href":"https:\/\/challengeseconomiques.com\/index.php?rest_route=%2Fwp%2Fv2%2Fcategories&post=4714"},{"taxonomy":"post_tag","embeddable":true,"href":"https:\/\/challengeseconomiques.com\/index.php?rest_route=%2Fwp%2Fv2%2Ftags&post=4714"}],"curies":[{"name":"wp","href":"https:\/\/api.w.org\/{rel}","templated":true}]}}