{"id":4598,"date":"2023-04-27T14:11:45","date_gmt":"2023-04-27T14:11:45","guid":{"rendered":"https:\/\/challengeseconomiques.com\/?p=4598"},"modified":"2023-04-27T14:12:19","modified_gmt":"2023-04-27T14:12:19","slug":"abdoulaye-diouf-sarr-nouveau-directeur-general-du-fonsis","status":"publish","type":"post","link":"https:\/\/challengeseconomiques.com\/?p=4598","title":{"rendered":"Abdoulaye Diouf Sarr, nouveau Directeur g\u00e9n\u00e9ral du FONSIS"},"content":{"rendered":"<p>Le communiqu\u00e9 du dernier conseil des ministres&nbsp; du &nbsp;mercredi 26 avril 2023 annonce la nomination de l\u2019ancien maire de la commune d\u2019arrondissement de Yoff, au poste de Directeur g\u00e9n\u00e9ral du Fonds souverains d\u2019investissements strat\u00e9giques (FONSIS).<\/p>\n<p>Il remplace \u00e0 ce poste, Pape Demba Diallo, r\u00e9cemment parti rejoindre, la plateforme panafricaine d\u2019investissement dans les infrastructures, Africa50. M. Diouf sera la quatri\u00e8me personnalit\u00e9 \u00e0 occuper ce poste de Directeur g\u00e9n\u00e9ral du FONSIS, depuis sa cr\u00e9ation en 2012. Pr\u00e9sent\u00e9 comme un \u00e9conomiste par le communiqu\u00e9 annon\u00e7ant sa nomination, Abdoulaye Diouf Sarr aura la lourde t\u00e2che de succ\u00e9der \u00e0 des personnalit\u00e9s qui ont mis sur les fonts baptismaux le FONSIS. En effet, il sera la premi\u00e8re personnalit\u00e9 ext\u00e9rieure au fonds \u00e0 le diriger.<\/p>\n<p>Ayant occup\u00e9 auparavant plusieurs stations &nbsp;minist\u00e9rielles, il saura sans doute &nbsp;jouer sa participation &nbsp;dans la mission d\u00e9volue au FONSIS \u00e0 savoir&nbsp; \u00ab&nbsp; contribuer \u00e0 un d\u00e9veloppement inclusif et durable, en \u00e9tant le catalyseur des \u00e9cosyst\u00e8mes de l\u2019investissement en capital et d\u2019\u00e9pargne&nbsp;\u00bb.<\/p>\n","protected":false},"excerpt":{"rendered":"<p>Le communiqu\u00e9 du dernier conseil des ministres&nbsp; du &nbsp;mercredi 26 avril 2023 annonce la nomination de l\u2019ancien maire de la commune d\u2019arrondissement de Yoff, au&#8230;<\/p>\n","protected":false},"author":1,"featured_media":4599,"comment_status":"closed","ping_status":"open","sticky":false,"template":"","format":"standard","meta":{"_jetpack_memberships_contains_paid_content":false,"footnotes":""},"categories":[23,8],"tags":[],"class_list":["post-4598","post","type-post","status-publish","format-standard","has-post-thumbnail","hentry","category-a-la-une","category-actualite-economique","wpcat-23-id","wpcat-8-id"],"yoast_head":"<!-- This site is optimized with the Yoast SEO plugin v27.1.1 - https:\/\/yoast.com\/product\/yoast-seo-wordpress\/ -->\n<title>Abdoulaye Diouf Sarr, nouveau Directeur g\u00e9n\u00e9ral du FONSIS - challenges economiques<\/title>\n<meta name=\"robots\" content=\"index, follow, max-snippet:-1, max-image-preview:large, max-video-preview:-1\" \/>\n<link rel=\"canonical\" href=\"https:\/\/challengeseconomiques.com\/?p=4598\" \/>\n<meta property=\"og:locale\" content=\"fr_FR\" \/>\n<meta property=\"og:type\" content=\"article\" \/>\n<meta property=\"og:title\" content=\"Abdoulaye Diouf Sarr, nouveau Directeur g\u00e9n\u00e9ral du FONSIS - challenges economiques\" \/>\n<meta property=\"og:description\" content=\"Le communiqu\u00e9 du dernier conseil des ministres&nbsp; du &nbsp;mercredi 26 avril 2023 annonce la nomination de l\u2019ancien maire de la commune d\u2019arrondissement de Yoff, au...\" \/>\n<meta property=\"og:url\" content=\"https:\/\/challengeseconomiques.com\/?p=4598\" \/>\n<meta property=\"og:site_name\" content=\"challenges economiques\" \/>\n<meta property=\"article:published_time\" content=\"2023-04-27T14:11:45+00:00\" \/>\n<meta property=\"article:modified_time\" content=\"2023-04-27T14:12:19+00:00\" \/>\n<meta property=\"og:image\" content=\"https:\/\/challengeseconomiques.com\/wp-content\/uploads\/2023\/04\/DIOUF-SARR-REVU-1024x853-1.jpg\" \/>\n\t<meta property=\"og:image:width\" content=\"1024\" \/>\n\t<meta property=\"og:image:height\" content=\"853\" \/>\n\t<meta property=\"og:image:type\" content=\"image\/jpeg\" \/>\n<meta name=\"author\" content=\"admin\" \/>\n<meta name=\"twitter:card\" content=\"summary_large_image\" \/>\n<meta name=\"twitter:label1\" content=\"\u00c9crit par\" \/>\n\t<meta name=\"twitter:data1\" content=\"admin\" \/>\n\t<meta name=\"twitter:label2\" content=\"Dur\u00e9e de lecture estim\u00e9e\" \/>\n\t<meta name=\"twitter:data2\" content=\"1 minute\" \/>\n<script type=\"application\/ld+json\" class=\"yoast-schema-graph\">{\"@context\":\"https:\/\/schema.org\",\"@graph\":[{\"@type\":\"Article\",\"@id\":\"https:\/\/challengeseconomiques.com\/?p=4598#article\",\"isPartOf\":{\"@id\":\"https:\/\/challengeseconomiques.com\/?p=4598\"},\"author\":{\"name\":\"admin\",\"@id\":\"https:\/\/challengeseconomiques.com\/#\/schema\/person\/b4568c9afebc5a9238a771873801e349\"},\"headline\":\"Abdoulaye Diouf Sarr, nouveau Directeur g\u00e9n\u00e9ral du FONSIS\",\"datePublished\":\"2023-04-27T14:11:45+00:00\",\"dateModified\":\"2023-04-27T14:12:19+00:00\",\"mainEntityOfPage\":{\"@id\":\"https:\/\/challengeseconomiques.com\/?p=4598\"},\"wordCount\":192,\"image\":{\"@id\":\"https:\/\/challengeseconomiques.com\/?p=4598#primaryimage\"},\"thumbnailUrl\":\"https:\/\/challengeseconomiques.com\/wp-content\/uploads\/2023\/04\/DIOUF-SARR-REVU-1024x853-1.jpg\",\"articleSection\":[\"A la une\",\"Actualit\u00e9 \u00e9conomique\"],\"inLanguage\":\"fr-FR\"},{\"@type\":\"WebPage\",\"@id\":\"https:\/\/challengeseconomiques.com\/?p=4598\",\"url\":\"https:\/\/challengeseconomiques.com\/?p=4598\",\"name\":\"Abdoulaye Diouf Sarr, nouveau Directeur g\u00e9n\u00e9ral du FONSIS - challenges economiques\",\"isPartOf\":{\"@id\":\"https:\/\/challengeseconomiques.com\/#website\"},\"primaryImageOfPage\":{\"@id\":\"https:\/\/challengeseconomiques.com\/?p=4598#primaryimage\"},\"image\":{\"@id\":\"https:\/\/challengeseconomiques.com\/?p=4598#primaryimage\"},\"thumbnailUrl\":\"https:\/\/challengeseconomiques.com\/wp-content\/uploads\/2023\/04\/DIOUF-SARR-REVU-1024x853-1.jpg\",\"datePublished\":\"2023-04-27T14:11:45+00:00\",\"dateModified\":\"2023-04-27T14:12:19+00:00\",\"author\":{\"@id\":\"https:\/\/challengeseconomiques.com\/#\/schema\/person\/b4568c9afebc5a9238a771873801e349\"},\"breadcrumb\":{\"@id\":\"https:\/\/challengeseconomiques.com\/?p=4598#breadcrumb\"},\"inLanguage\":\"fr-FR\",\"potentialAction\":[{\"@type\":\"ReadAction\",\"target\":[\"https:\/\/challengeseconomiques.com\/?p=4598\"]}]},{\"@type\":\"ImageObject\",\"inLanguage\":\"fr-FR\",\"@id\":\"https:\/\/challengeseconomiques.com\/?p=4598#primaryimage\",\"url\":\"https:\/\/challengeseconomiques.com\/wp-content\/uploads\/2023\/04\/DIOUF-SARR-REVU-1024x853-1.jpg\",\"contentUrl\":\"https:\/\/challengeseconomiques.com\/wp-content\/uploads\/2023\/04\/DIOUF-SARR-REVU-1024x853-1.jpg\",\"width\":1024,\"height\":853},{\"@type\":\"BreadcrumbList\",\"@id\":\"https:\/\/challengeseconomiques.com\/?p=4598#breadcrumb\",\"itemListElement\":[{\"@type\":\"ListItem\",\"position\":1,\"name\":\"Home\",\"item\":\"https:\/\/challengeseconomiques.com\/\"},{\"@type\":\"ListItem\",\"position\":2,\"name\":\"Abdoulaye Diouf Sarr, nouveau Directeur g\u00e9n\u00e9ral du FONSIS\"}]},{\"@type\":\"WebSite\",\"@id\":\"https:\/\/challengeseconomiques.com\/#website\",\"url\":\"https:\/\/challengeseconomiques.com\/\",\"name\":\"challenges economiques\",\"description\":\"\",\"potentialAction\":[{\"@type\":\"SearchAction\",\"target\":{\"@type\":\"EntryPoint\",\"urlTemplate\":\"https:\/\/challengeseconomiques.com\/?s={search_term_string}\"},\"query-input\":{\"@type\":\"PropertyValueSpecification\",\"valueRequired\":true,\"valueName\":\"search_term_string\"}}],\"inLanguage\":\"fr-FR\"},{\"@type\":\"Person\",\"@id\":\"https:\/\/challengeseconomiques.com\/#\/schema\/person\/b4568c9afebc5a9238a771873801e349\",\"name\":\"admin\",\"image\":{\"@type\":\"ImageObject\",\"inLanguage\":\"fr-FR\",\"@id\":\"https:\/\/challengeseconomiques.com\/#\/schema\/person\/image\/\",\"url\":\"https:\/\/secure.gravatar.com\/avatar\/099e42240b5eea11acdb72751fcce0dd918603f0749d24974b7984ea47ed9fd9?s=96&d=mm&r=g\",\"contentUrl\":\"https:\/\/secure.gravatar.com\/avatar\/099e42240b5eea11acdb72751fcce0dd918603f0749d24974b7984ea47ed9fd9?s=96&d=mm&r=g\",\"caption\":\"admin\"},\"sameAs\":[\"https:\/\/challengeseconomiques.com\"],\"url\":\"https:\/\/challengeseconomiques.com\/?author=1\"}]}<\/script>\n<!-- \/ Yoast SEO plugin. -->","yoast_head_json":{"title":"Abdoulaye Diouf Sarr, nouveau Directeur g\u00e9n\u00e9ral du FONSIS - challenges economiques","robots":{"index":"index","follow":"follow","max-snippet":"max-snippet:-1","max-image-preview":"max-image-preview:large","max-video-preview":"max-video-preview:-1"},"canonical":"https:\/\/challengeseconomiques.com\/?p=4598","og_locale":"fr_FR","og_type":"article","og_title":"Abdoulaye Diouf Sarr, nouveau Directeur g\u00e9n\u00e9ral du FONSIS - challenges economiques","og_description":"Le communiqu\u00e9 du dernier conseil des ministres&nbsp; du &nbsp;mercredi 26 avril 2023 annonce la nomination de l\u2019ancien maire de la commune d\u2019arrondissement de Yoff, au...","og_url":"https:\/\/challengeseconomiques.com\/?p=4598","og_site_name":"challenges economiques","article_published_time":"2023-04-27T14:11:45+00:00","article_modified_time":"2023-04-27T14:12:19+00:00","og_image":[{"width":1024,"height":853,"url":"https:\/\/challengeseconomiques.com\/wp-content\/uploads\/2023\/04\/DIOUF-SARR-REVU-1024x853-1.jpg","type":"image\/jpeg"}],"author":"admin","twitter_card":"summary_large_image","twitter_misc":{"\u00c9crit par":"admin","Dur\u00e9e de lecture estim\u00e9e":"1 minute"},"schema":{"@context":"https:\/\/schema.org","@graph":[{"@type":"Article","@id":"https:\/\/challengeseconomiques.com\/?p=4598#article","isPartOf":{"@id":"https:\/\/challengeseconomiques.com\/?p=4598"},"author":{"name":"admin","@id":"https:\/\/challengeseconomiques.com\/#\/schema\/person\/b4568c9afebc5a9238a771873801e349"},"headline":"Abdoulaye Diouf Sarr, nouveau Directeur g\u00e9n\u00e9ral du FONSIS","datePublished":"2023-04-27T14:11:45+00:00","dateModified":"2023-04-27T14:12:19+00:00","mainEntityOfPage":{"@id":"https:\/\/challengeseconomiques.com\/?p=4598"},"wordCount":192,"image":{"@id":"https:\/\/challengeseconomiques.com\/?p=4598#primaryimage"},"thumbnailUrl":"https:\/\/challengeseconomiques.com\/wp-content\/uploads\/2023\/04\/DIOUF-SARR-REVU-1024x853-1.jpg","articleSection":["A la une","Actualit\u00e9 \u00e9conomique"],"inLanguage":"fr-FR"},{"@type":"WebPage","@id":"https:\/\/challengeseconomiques.com\/?p=4598","url":"https:\/\/challengeseconomiques.com\/?p=4598","name":"Abdoulaye Diouf Sarr, nouveau Directeur g\u00e9n\u00e9ral du FONSIS - challenges economiques","isPartOf":{"@id":"https:\/\/challengeseconomiques.com\/#website"},"primaryImageOfPage":{"@id":"https:\/\/challengeseconomiques.com\/?p=4598#primaryimage"},"image":{"@id":"https:\/\/challengeseconomiques.com\/?p=4598#primaryimage"},"thumbnailUrl":"https:\/\/challengeseconomiques.com\/wp-content\/uploads\/2023\/04\/DIOUF-SARR-REVU-1024x853-1.jpg","datePublished":"2023-04-27T14:11:45+00:00","dateModified":"2023-04-27T14:12:19+00:00","author":{"@id":"https:\/\/challengeseconomiques.com\/#\/schema\/person\/b4568c9afebc5a9238a771873801e349"},"breadcrumb":{"@id":"https:\/\/challengeseconomiques.com\/?p=4598#breadcrumb"},"inLanguage":"fr-FR","potentialAction":[{"@type":"ReadAction","target":["https:\/\/challengeseconomiques.com\/?p=4598"]}]},{"@type":"ImageObject","inLanguage":"fr-FR","@id":"https:\/\/challengeseconomiques.com\/?p=4598#primaryimage","url":"https:\/\/challengeseconomiques.com\/wp-content\/uploads\/2023\/04\/DIOUF-SARR-REVU-1024x853-1.jpg","contentUrl":"https:\/\/challengeseconomiques.com\/wp-content\/uploads\/2023\/04\/DIOUF-SARR-REVU-1024x853-1.jpg","width":1024,"height":853},{"@type":"BreadcrumbList","@id":"https:\/\/challengeseconomiques.com\/?p=4598#breadcrumb","itemListElement":[{"@type":"ListItem","position":1,"name":"Home","item":"https:\/\/challengeseconomiques.com\/"},{"@type":"ListItem","position":2,"name":"Abdoulaye Diouf Sarr, nouveau Directeur g\u00e9n\u00e9ral du FONSIS"}]},{"@type":"WebSite","@id":"https:\/\/challengeseconomiques.com\/#website","url":"https:\/\/challengeseconomiques.com\/","name":"challenges economiques","description":"","potentialAction":[{"@type":"SearchAction","target":{"@type":"EntryPoint","urlTemplate":"https:\/\/challengeseconomiques.com\/?s={search_term_string}"},"query-input":{"@type":"PropertyValueSpecification","valueRequired":true,"valueName":"search_term_string"}}],"inLanguage":"fr-FR"},{"@type":"Person","@id":"https:\/\/challengeseconomiques.com\/#\/schema\/person\/b4568c9afebc5a9238a771873801e349","name":"admin","image":{"@type":"ImageObject","inLanguage":"fr-FR","@id":"https:\/\/challengeseconomiques.com\/#\/schema\/person\/image\/","url":"https:\/\/secure.gravatar.com\/avatar\/099e42240b5eea11acdb72751fcce0dd918603f0749d24974b7984ea47ed9fd9?s=96&d=mm&r=g","contentUrl":"https:\/\/secure.gravatar.com\/avatar\/099e42240b5eea11acdb72751fcce0dd918603f0749d24974b7984ea47ed9fd9?s=96&d=mm&r=g","caption":"admin"},"sameAs":["https:\/\/challengeseconomiques.com"],"url":"https:\/\/challengeseconomiques.com\/?author=1"}]}},"jetpack_featured_media_url":"https:\/\/challengeseconomiques.com\/wp-content\/uploads\/2023\/04\/DIOUF-SARR-REVU-1024x853-1.jpg","jetpack_sharing_enabled":true,"_links":{"self":[{"href":"https:\/\/challengeseconomiques.com\/index.php?rest_route=\/wp\/v2\/posts\/4598","targetHints":{"allow":["GET"]}}],"collection":[{"href":"https:\/\/challengeseconomiques.com\/index.php?rest_route=\/wp\/v2\/posts"}],"about":[{"href":"https:\/\/challengeseconomiques.com\/index.php?rest_route=\/wp\/v2\/types\/post"}],"author":[{"embeddable":true,"href":"https:\/\/challengeseconomiques.com\/index.php?rest_route=\/wp\/v2\/users\/1"}],"replies":[{"embeddable":true,"href":"https:\/\/challengeseconomiques.com\/index.php?rest_route=%2Fwp%2Fv2%2Fcomments&post=4598"}],"version-history":[{"count":2,"href":"https:\/\/challengeseconomiques.com\/index.php?rest_route=\/wp\/v2\/posts\/4598\/revisions"}],"predecessor-version":[{"id":4601,"href":"https:\/\/challengeseconomiques.com\/index.php?rest_route=\/wp\/v2\/posts\/4598\/revisions\/4601"}],"wp:featuredmedia":[{"embeddable":true,"href":"https:\/\/challengeseconomiques.com\/index.php?rest_route=\/wp\/v2\/media\/4599"}],"wp:attachment":[{"href":"https:\/\/challengeseconomiques.com\/index.php?rest_route=%2Fwp%2Fv2%2Fmedia&parent=4598"}],"wp:term":[{"taxonomy":"category","embeddable":true,"href":"https:\/\/challengeseconomiques.com\/index.php?rest_route=%2Fwp%2Fv2%2Fcategories&post=4598"},{"taxonomy":"post_tag","embeddable":true,"href":"https:\/\/challengeseconomiques.com\/index.php?rest_route=%2Fwp%2Fv2%2Ftags&post=4598"}],"curies":[{"name":"wp","href":"https:\/\/api.w.org\/{rel}","templated":true}]}}