{"id":4588,"date":"2023-04-25T22:30:03","date_gmt":"2023-04-25T22:30:03","guid":{"rendered":"https:\/\/challengeseconomiques.com\/?p=4588"},"modified":"2023-04-25T22:00:36","modified_gmt":"2023-04-25T22:00:36","slug":"le-mali-reussit-a-mobiliser-30-milliards-fcfa-sur-le-marche-financier-de-luemoa","status":"publish","type":"post","link":"https:\/\/challengeseconomiques.com\/?p=4588","title":{"rendered":"Le Mali r\u00e9ussit \u00e0 mobiliser 30 milliards FCFA sur le march\u00e9 financier de l\u2019Uemoa"},"content":{"rendered":"<p class=\"texte textearticle\"><strong>C\u2019est l\u2019une des rares sorties r\u00e9ussies par le Mali en ce d\u00e9but d\u2019ann\u00e9e difficile pour les pays de l\u2019Uemoa sur le march\u00e9 r\u00e9gional. Ce succ\u00e8s vient confirmer la tendance de reprise observ\u00e9e depuis le d\u00e9but du mois d&rsquo;avril.&nbsp;<\/strong><\/p>\n<p class=\"texte textearticle\">Le Mali a lev\u00e9 30 milliards de francs CFA (50,2 millions&nbsp;$) sur le march\u00e9 des titres publics par adjudication de l&rsquo;Union \u00e9conomique et mon\u00e9taire ouest-africaine (UEMOA) le 19 avril 2023. Un premier succ\u00e8s qui arrive \u00e0 point nomm\u00e9 pour Bamako qui fait face \u00e0 une absence d\u2019appui budg\u00e9taire ext\u00e9rieur, conjugu\u00e9e au durcissement des conditions de financement d\u00fb au resserrement de la politique mon\u00e9taire mondiale, qui a entra\u00een\u00e9 une augmentation du co\u00fbt du financement.<\/p>\n<p class=\"texte textearticle\">Alors que les sources de financement se rar\u00e9fient, le Mali s\u2019\u00e9tait donn\u00e9 pour objectif de mobiliser sur toute l\u2019ann\u00e9e plus de 1&nbsp;109 milliards FCFA.<\/p>\n<p class=\"texte textearticle\">Sept investisseurs provenant de diff\u00e9rents pays (B\u00e9nin, Burkina Faso, C\u00f4te d&rsquo;Ivoire,&nbsp;Mali et S\u00e9n\u00e9gal) ont particip\u00e9 \u00e0 cette transaction, mais ce sont les investisseurs maliens qui ont le plus investi avec plus de 27 milliards FCFA de titres achet\u00e9s, repr\u00e9sentant 91% des titres vendus.<\/p>\n<p class=\"texte textearticle\">Depuis le d\u00e9but de l&rsquo;ann\u00e9e, le Tr\u00e9sor public malien a mobilis\u00e9 un total cumul\u00e9 de 157 milliards FCFA \u00e0 travers l\u2019\u00e9mission de 18 titres, mais les remboursements ont d\u00e9j\u00e0 atteint 120 milliards FCFA (int\u00e9r\u00eats et principal).<\/p>\n<p class=\"texte textearticle\">Le rendement moyen pond\u00e9r\u00e9 de cette \u00e9mission est rest\u00e9 \u00e9lev\u00e9 par rapport aux autres pays de l&rsquo;Union, atteignant 7,12% pour les BAT de 182 jours, 7,51% pour les BAT de 364 jours et 7,85% pour les OAT de 3 ans.<\/p>\n<p class=\"texte textearticle\">Pour le deuxi\u00e8me trimestre, Bamako pr\u00e9voit de lever encore pr\u00e8s de 300 milliards FCFA.<\/p>\n<p class=\"texte textearticle\">Pour rappel malgr\u00e9 la crise s\u00e9curitaire, la croissance \u00e9conomique du Mali devrait atteindre plus de 5% en 2023 et 2024, gr\u00e2ce \u00e0 une production agricole et aurif\u00e8re solide, selon le FMI qui base ses pr\u00e9visions sur la tenue d&rsquo;\u00e9lections en 2024, capitale pour mobiliser des appuis budg\u00e9taires ext\u00e9rieurs et attirer les investissements \u00e9trangers.<\/p>\n<p class=\"texte textearticle\"><strong>Agence Ecofin)&nbsp;<\/strong><\/p>\n","protected":false},"excerpt":{"rendered":"<p>C\u2019est l\u2019une des rares sorties r\u00e9ussies par le Mali en ce d\u00e9but d\u2019ann\u00e9e difficile pour les pays de l\u2019Uemoa sur le march\u00e9 r\u00e9gional. Ce succ\u00e8s&#8230;<\/p>\n","protected":false},"author":1,"featured_media":4214,"comment_status":"closed","ping_status":"open","sticky":false,"template":"","format":"standard","meta":{"_jetpack_memberships_contains_paid_content":false,"footnotes":""},"categories":[8,10],"tags":[],"class_list":["post-4588","post","type-post","status-publish","format-standard","has-post-thumbnail","hentry","category-actualite-economique","category-infos-eco","wpcat-8-id","wpcat-10-id"],"yoast_head":"<!-- This site is optimized with the Yoast SEO plugin v27.1.1 - https:\/\/yoast.com\/product\/yoast-seo-wordpress\/ -->\n<title>Le Mali r\u00e9ussit \u00e0 mobiliser 30 milliards FCFA sur le march\u00e9 financier de l\u2019Uemoa - challenges economiques<\/title>\n<meta name=\"robots\" content=\"index, follow, max-snippet:-1, max-image-preview:large, max-video-preview:-1\" \/>\n<link rel=\"canonical\" href=\"https:\/\/challengeseconomiques.com\/?p=4588\" \/>\n<meta property=\"og:locale\" content=\"fr_FR\" \/>\n<meta property=\"og:type\" content=\"article\" \/>\n<meta property=\"og:title\" content=\"Le Mali r\u00e9ussit \u00e0 mobiliser 30 milliards FCFA sur le march\u00e9 financier de l\u2019Uemoa - challenges economiques\" \/>\n<meta property=\"og:description\" content=\"C\u2019est l\u2019une des rares sorties r\u00e9ussies par le Mali en ce d\u00e9but d\u2019ann\u00e9e difficile pour les pays de l\u2019Uemoa sur le march\u00e9 r\u00e9gional. Ce succ\u00e8s...\" \/>\n<meta property=\"og:url\" content=\"https:\/\/challengeseconomiques.com\/?p=4588\" \/>\n<meta property=\"og:site_name\" content=\"challenges economiques\" \/>\n<meta property=\"article:published_time\" content=\"2023-04-25T22:30:03+00:00\" \/>\n<meta property=\"og:image\" content=\"https:\/\/challengeseconomiques.com\/wp-content\/uploads\/2022\/11\/malia.jpg\" \/>\n\t<meta property=\"og:image:width\" content=\"612\" \/>\n\t<meta property=\"og:image:height\" content=\"392\" \/>\n\t<meta property=\"og:image:type\" content=\"image\/jpeg\" \/>\n<meta name=\"author\" content=\"admin\" \/>\n<meta name=\"twitter:card\" content=\"summary_large_image\" \/>\n<meta name=\"twitter:label1\" content=\"\u00c9crit par\" \/>\n\t<meta name=\"twitter:data1\" content=\"admin\" \/>\n\t<meta name=\"twitter:label2\" content=\"Dur\u00e9e de lecture estim\u00e9e\" \/>\n\t<meta name=\"twitter:data2\" content=\"2 minutes\" \/>\n<script type=\"application\/ld+json\" class=\"yoast-schema-graph\">{\"@context\":\"https:\/\/schema.org\",\"@graph\":[{\"@type\":\"Article\",\"@id\":\"https:\/\/challengeseconomiques.com\/?p=4588#article\",\"isPartOf\":{\"@id\":\"https:\/\/challengeseconomiques.com\/?p=4588\"},\"author\":{\"name\":\"admin\",\"@id\":\"https:\/\/challengeseconomiques.com\/#\/schema\/person\/b4568c9afebc5a9238a771873801e349\"},\"headline\":\"Le Mali r\u00e9ussit \u00e0 mobiliser 30 milliards FCFA sur le march\u00e9 financier de l\u2019Uemoa\",\"datePublished\":\"2023-04-25T22:30:03+00:00\",\"mainEntityOfPage\":{\"@id\":\"https:\/\/challengeseconomiques.com\/?p=4588\"},\"wordCount\":371,\"image\":{\"@id\":\"https:\/\/challengeseconomiques.com\/?p=4588#primaryimage\"},\"thumbnailUrl\":\"https:\/\/challengeseconomiques.com\/wp-content\/uploads\/2022\/11\/malia.jpg\",\"articleSection\":[\"Actualit\u00e9 \u00e9conomique\",\"Infos \u00e9co\"],\"inLanguage\":\"fr-FR\"},{\"@type\":\"WebPage\",\"@id\":\"https:\/\/challengeseconomiques.com\/?p=4588\",\"url\":\"https:\/\/challengeseconomiques.com\/?p=4588\",\"name\":\"Le Mali r\u00e9ussit \u00e0 mobiliser 30 milliards FCFA sur le march\u00e9 financier de l\u2019Uemoa - challenges economiques\",\"isPartOf\":{\"@id\":\"https:\/\/challengeseconomiques.com\/#website\"},\"primaryImageOfPage\":{\"@id\":\"https:\/\/challengeseconomiques.com\/?p=4588#primaryimage\"},\"image\":{\"@id\":\"https:\/\/challengeseconomiques.com\/?p=4588#primaryimage\"},\"thumbnailUrl\":\"https:\/\/challengeseconomiques.com\/wp-content\/uploads\/2022\/11\/malia.jpg\",\"datePublished\":\"2023-04-25T22:30:03+00:00\",\"author\":{\"@id\":\"https:\/\/challengeseconomiques.com\/#\/schema\/person\/b4568c9afebc5a9238a771873801e349\"},\"breadcrumb\":{\"@id\":\"https:\/\/challengeseconomiques.com\/?p=4588#breadcrumb\"},\"inLanguage\":\"fr-FR\",\"potentialAction\":[{\"@type\":\"ReadAction\",\"target\":[\"https:\/\/challengeseconomiques.com\/?p=4588\"]}]},{\"@type\":\"ImageObject\",\"inLanguage\":\"fr-FR\",\"@id\":\"https:\/\/challengeseconomiques.com\/?p=4588#primaryimage\",\"url\":\"https:\/\/challengeseconomiques.com\/wp-content\/uploads\/2022\/11\/malia.jpg\",\"contentUrl\":\"https:\/\/challengeseconomiques.com\/wp-content\/uploads\/2022\/11\/malia.jpg\",\"width\":612,\"height\":392,\"caption\":\"A view of the headquarters of the BCEAO from the Niger River. Image taken by Aliou Hasseye. Bamako, Mali, March 8, 2019\"},{\"@type\":\"BreadcrumbList\",\"@id\":\"https:\/\/challengeseconomiques.com\/?p=4588#breadcrumb\",\"itemListElement\":[{\"@type\":\"ListItem\",\"position\":1,\"name\":\"Home\",\"item\":\"https:\/\/challengeseconomiques.com\/\"},{\"@type\":\"ListItem\",\"position\":2,\"name\":\"Le Mali r\u00e9ussit \u00e0 mobiliser 30 milliards FCFA sur le march\u00e9 financier de l\u2019Uemoa\"}]},{\"@type\":\"WebSite\",\"@id\":\"https:\/\/challengeseconomiques.com\/#website\",\"url\":\"https:\/\/challengeseconomiques.com\/\",\"name\":\"challenges economiques\",\"description\":\"\",\"potentialAction\":[{\"@type\":\"SearchAction\",\"target\":{\"@type\":\"EntryPoint\",\"urlTemplate\":\"https:\/\/challengeseconomiques.com\/?s={search_term_string}\"},\"query-input\":{\"@type\":\"PropertyValueSpecification\",\"valueRequired\":true,\"valueName\":\"search_term_string\"}}],\"inLanguage\":\"fr-FR\"},{\"@type\":\"Person\",\"@id\":\"https:\/\/challengeseconomiques.com\/#\/schema\/person\/b4568c9afebc5a9238a771873801e349\",\"name\":\"admin\",\"image\":{\"@type\":\"ImageObject\",\"inLanguage\":\"fr-FR\",\"@id\":\"https:\/\/challengeseconomiques.com\/#\/schema\/person\/image\/\",\"url\":\"https:\/\/secure.gravatar.com\/avatar\/099e42240b5eea11acdb72751fcce0dd918603f0749d24974b7984ea47ed9fd9?s=96&d=mm&r=g\",\"contentUrl\":\"https:\/\/secure.gravatar.com\/avatar\/099e42240b5eea11acdb72751fcce0dd918603f0749d24974b7984ea47ed9fd9?s=96&d=mm&r=g\",\"caption\":\"admin\"},\"sameAs\":[\"https:\/\/challengeseconomiques.com\"],\"url\":\"https:\/\/challengeseconomiques.com\/?author=1\"}]}<\/script>\n<!-- \/ Yoast SEO plugin. -->","yoast_head_json":{"title":"Le Mali r\u00e9ussit \u00e0 mobiliser 30 milliards FCFA sur le march\u00e9 financier de l\u2019Uemoa - challenges economiques","robots":{"index":"index","follow":"follow","max-snippet":"max-snippet:-1","max-image-preview":"max-image-preview:large","max-video-preview":"max-video-preview:-1"},"canonical":"https:\/\/challengeseconomiques.com\/?p=4588","og_locale":"fr_FR","og_type":"article","og_title":"Le Mali r\u00e9ussit \u00e0 mobiliser 30 milliards FCFA sur le march\u00e9 financier de l\u2019Uemoa - challenges economiques","og_description":"C\u2019est l\u2019une des rares sorties r\u00e9ussies par le Mali en ce d\u00e9but d\u2019ann\u00e9e difficile pour les pays de l\u2019Uemoa sur le march\u00e9 r\u00e9gional. Ce succ\u00e8s...","og_url":"https:\/\/challengeseconomiques.com\/?p=4588","og_site_name":"challenges economiques","article_published_time":"2023-04-25T22:30:03+00:00","og_image":[{"width":612,"height":392,"url":"https:\/\/challengeseconomiques.com\/wp-content\/uploads\/2022\/11\/malia.jpg","type":"image\/jpeg"}],"author":"admin","twitter_card":"summary_large_image","twitter_misc":{"\u00c9crit par":"admin","Dur\u00e9e de lecture estim\u00e9e":"2 minutes"},"schema":{"@context":"https:\/\/schema.org","@graph":[{"@type":"Article","@id":"https:\/\/challengeseconomiques.com\/?p=4588#article","isPartOf":{"@id":"https:\/\/challengeseconomiques.com\/?p=4588"},"author":{"name":"admin","@id":"https:\/\/challengeseconomiques.com\/#\/schema\/person\/b4568c9afebc5a9238a771873801e349"},"headline":"Le Mali r\u00e9ussit \u00e0 mobiliser 30 milliards FCFA sur le march\u00e9 financier de l\u2019Uemoa","datePublished":"2023-04-25T22:30:03+00:00","mainEntityOfPage":{"@id":"https:\/\/challengeseconomiques.com\/?p=4588"},"wordCount":371,"image":{"@id":"https:\/\/challengeseconomiques.com\/?p=4588#primaryimage"},"thumbnailUrl":"https:\/\/challengeseconomiques.com\/wp-content\/uploads\/2022\/11\/malia.jpg","articleSection":["Actualit\u00e9 \u00e9conomique","Infos \u00e9co"],"inLanguage":"fr-FR"},{"@type":"WebPage","@id":"https:\/\/challengeseconomiques.com\/?p=4588","url":"https:\/\/challengeseconomiques.com\/?p=4588","name":"Le Mali r\u00e9ussit \u00e0 mobiliser 30 milliards FCFA sur le march\u00e9 financier de l\u2019Uemoa - challenges economiques","isPartOf":{"@id":"https:\/\/challengeseconomiques.com\/#website"},"primaryImageOfPage":{"@id":"https:\/\/challengeseconomiques.com\/?p=4588#primaryimage"},"image":{"@id":"https:\/\/challengeseconomiques.com\/?p=4588#primaryimage"},"thumbnailUrl":"https:\/\/challengeseconomiques.com\/wp-content\/uploads\/2022\/11\/malia.jpg","datePublished":"2023-04-25T22:30:03+00:00","author":{"@id":"https:\/\/challengeseconomiques.com\/#\/schema\/person\/b4568c9afebc5a9238a771873801e349"},"breadcrumb":{"@id":"https:\/\/challengeseconomiques.com\/?p=4588#breadcrumb"},"inLanguage":"fr-FR","potentialAction":[{"@type":"ReadAction","target":["https:\/\/challengeseconomiques.com\/?p=4588"]}]},{"@type":"ImageObject","inLanguage":"fr-FR","@id":"https:\/\/challengeseconomiques.com\/?p=4588#primaryimage","url":"https:\/\/challengeseconomiques.com\/wp-content\/uploads\/2022\/11\/malia.jpg","contentUrl":"https:\/\/challengeseconomiques.com\/wp-content\/uploads\/2022\/11\/malia.jpg","width":612,"height":392,"caption":"A view of the headquarters of the BCEAO from the Niger River. Image taken by Aliou Hasseye. Bamako, Mali, March 8, 2019"},{"@type":"BreadcrumbList","@id":"https:\/\/challengeseconomiques.com\/?p=4588#breadcrumb","itemListElement":[{"@type":"ListItem","position":1,"name":"Home","item":"https:\/\/challengeseconomiques.com\/"},{"@type":"ListItem","position":2,"name":"Le Mali r\u00e9ussit \u00e0 mobiliser 30 milliards FCFA sur le march\u00e9 financier de l\u2019Uemoa"}]},{"@type":"WebSite","@id":"https:\/\/challengeseconomiques.com\/#website","url":"https:\/\/challengeseconomiques.com\/","name":"challenges economiques","description":"","potentialAction":[{"@type":"SearchAction","target":{"@type":"EntryPoint","urlTemplate":"https:\/\/challengeseconomiques.com\/?s={search_term_string}"},"query-input":{"@type":"PropertyValueSpecification","valueRequired":true,"valueName":"search_term_string"}}],"inLanguage":"fr-FR"},{"@type":"Person","@id":"https:\/\/challengeseconomiques.com\/#\/schema\/person\/b4568c9afebc5a9238a771873801e349","name":"admin","image":{"@type":"ImageObject","inLanguage":"fr-FR","@id":"https:\/\/challengeseconomiques.com\/#\/schema\/person\/image\/","url":"https:\/\/secure.gravatar.com\/avatar\/099e42240b5eea11acdb72751fcce0dd918603f0749d24974b7984ea47ed9fd9?s=96&d=mm&r=g","contentUrl":"https:\/\/secure.gravatar.com\/avatar\/099e42240b5eea11acdb72751fcce0dd918603f0749d24974b7984ea47ed9fd9?s=96&d=mm&r=g","caption":"admin"},"sameAs":["https:\/\/challengeseconomiques.com"],"url":"https:\/\/challengeseconomiques.com\/?author=1"}]}},"jetpack_featured_media_url":"https:\/\/challengeseconomiques.com\/wp-content\/uploads\/2022\/11\/malia.jpg","jetpack_sharing_enabled":true,"_links":{"self":[{"href":"https:\/\/challengeseconomiques.com\/index.php?rest_route=\/wp\/v2\/posts\/4588","targetHints":{"allow":["GET"]}}],"collection":[{"href":"https:\/\/challengeseconomiques.com\/index.php?rest_route=\/wp\/v2\/posts"}],"about":[{"href":"https:\/\/challengeseconomiques.com\/index.php?rest_route=\/wp\/v2\/types\/post"}],"author":[{"embeddable":true,"href":"https:\/\/challengeseconomiques.com\/index.php?rest_route=\/wp\/v2\/users\/1"}],"replies":[{"embeddable":true,"href":"https:\/\/challengeseconomiques.com\/index.php?rest_route=%2Fwp%2Fv2%2Fcomments&post=4588"}],"version-history":[{"count":2,"href":"https:\/\/challengeseconomiques.com\/index.php?rest_route=\/wp\/v2\/posts\/4588\/revisions"}],"predecessor-version":[{"id":4590,"href":"https:\/\/challengeseconomiques.com\/index.php?rest_route=\/wp\/v2\/posts\/4588\/revisions\/4590"}],"wp:featuredmedia":[{"embeddable":true,"href":"https:\/\/challengeseconomiques.com\/index.php?rest_route=\/wp\/v2\/media\/4214"}],"wp:attachment":[{"href":"https:\/\/challengeseconomiques.com\/index.php?rest_route=%2Fwp%2Fv2%2Fmedia&parent=4588"}],"wp:term":[{"taxonomy":"category","embeddable":true,"href":"https:\/\/challengeseconomiques.com\/index.php?rest_route=%2Fwp%2Fv2%2Fcategories&post=4588"},{"taxonomy":"post_tag","embeddable":true,"href":"https:\/\/challengeseconomiques.com\/index.php?rest_route=%2Fwp%2Fv2%2Ftags&post=4588"}],"curies":[{"name":"wp","href":"https:\/\/api.w.org\/{rel}","templated":true}]}}