{"id":4584,"date":"2023-04-25T21:54:17","date_gmt":"2023-04-25T21:54:17","guid":{"rendered":"https:\/\/challengeseconomiques.com\/?p=4584"},"modified":"2023-04-25T21:54:56","modified_gmt":"2023-04-25T21:54:56","slug":"le-secteur-prive-est-crucial-pour-combler-les-graves-deficits-dinvestissement-en-afrique-pour-la-banque-africaine-de-developpement","status":"publish","type":"post","link":"https:\/\/challengeseconomiques.com\/?p=4584","title":{"rendered":"Le secteur priv\u00e9 est crucial pour combler les graves d\u00e9ficits d\u2019investissement en Afrique, pour la Banque africaine de d\u00e9veloppement"},"content":{"rendered":"<div class=\"field field-name-body field-type-text-with-summary field-label-hidden\">\n<div class=\"field-items\">\n<div class=\"field-item even\">\n<p>Les gouverneurs du Groupe de la Banque africaine de d\u00e9veloppement s\u2019attaqueront \u00e0 trois d\u00e9fis strat\u00e9giques lorsqu\u2019ils se retrouveront le mois prochain pour les Assembl\u00e9es annuelles du groupe, a d\u00e9clar\u00e9 Vincent Nhemielle, le secr\u00e9taire g\u00e9n\u00e9ral du Groupe, lors d\u2019une conf\u00e9rence de presse tenue le 20&nbsp;avril.<\/p>\n<p>Les d\u00e9fis auxquels l\u2019Afrique se verra confront\u00e9e durant l\u2019ann\u00e9e \u00e0 venir sont nombreux&nbsp;: financer une trajectoire de d\u00e9veloppement \u00e0 faible \u00e9mission de carbone, qui assure la croissance et l\u2019inclusivit\u00e9, tout en permettant d\u2019atteindre les objectifs climatiques du continent\u2009; placer l\u2019adaptation aux changements climatiques au c\u0153ur des politiques \u00e9conomiques\u2009; et lib\u00e9rer le potentiel de l\u2019Afrique pour qu\u2019elle puisse combattre l\u2019ins\u00e9curit\u00e9 alimentaire et se nourrir elle-m\u00eame, a-t-il d\u00e9clar\u00e9.<\/p>\n<p>La conf\u00e9rence de presse, qui a eu lieu le 4&nbsp;avril 2023, visait \u00e0 donner une id\u00e9e de l\u2019ordre du jour des Assembl\u00e9es annuelles, qui se d\u00e9roulent en \u00c9gypte, du 23 au 26&nbsp;mai 2023.<\/p>\n<p>L\u2019\u00e9v\u00e9nement, qui s\u2019est tenu dans un format hybride sous l\u2019\u00e9gide du secr\u00e9taire g\u00e9n\u00e9ral, a permis aux journalistes d\u2019en apprendre davantage sur les domaines d\u2019int\u00e9r\u00eat lors de l\u2019\u00e9v\u00e9nement le plus important de l\u2019ann\u00e9e pour l\u2019institution.<\/p>\n<p>Cinq des vice-pr\u00e9sidents de la Banque participaient \u00e0 la conf\u00e9rence de presse, dont Kevin Chika Urama, \u00e9conomiste en chef et vice-pr\u00e9sident charg\u00e9 de la Gouvernance \u00e9conomique et de la Gestion du savoir\u2009; Marie Laure Akin-Olugbade, vice-pr\u00e9sidente charg\u00e9e du D\u00e9veloppement r\u00e9gional, de l\u2019Int\u00e9gration et de la Prestation de services\u2009; Solomon Qaynor, vice-pr\u00e9sident charg\u00e9 du Secteur priv\u00e9, des Infrastructures et de l\u2019Industrialisation\u2009; et Beth Dunford, vice-pr\u00e9sidente charg\u00e9e de l\u2019Agriculture et du D\u00e9veloppement humain et social.<\/p>\n<p>M.&nbsp;Quaynor a fait observer que les gouvernements africains ont aujourd\u2019hui une faible marge de man\u0153uvre budg\u00e9taire, en raison des \u00e9v\u00e9nements de type \u00ab\u2009cygne noir\u2009\u00bb qui se sont produits au cours des trois derni\u00e8res ann\u00e9es. Il s\u2019agit notamment de l\u2019impact de la Covid-19 et de l\u2019invasion de l\u2019Ukraine par la Russie qui ont, tous deux, des r\u00e9percussions \u00e0 l\u2019\u00e9chelle mondiale.<\/p>\n<p>\u00ab\u2009La marge de man\u0153uvre budg\u00e9taire de nos pays membres r\u00e9gionaux est vraiment limit\u00e9e\u2009\u00bb, a d\u00e9clar\u00e9 M.&nbsp;Quaynor. \u00ab\u2009\u00c9tant donn\u00e9 que nous devons toujours faire face aux impacts des changements climatiques, nous devons vraiment chercher des alternatives pour tirer parti d\u2019une marge de man\u0153uvre budg\u00e9taire limit\u00e9e et trouver aussi des moyens innovants d\u2019attirer les investissements du secteur priv\u00e9\u2009\u00bb.<\/p>\n<p>M.&nbsp;Quaynor a \u00e9voqu\u00e9 l\u2019importance croissante accord\u00e9e \u00e0 la mobilisation des ressources au sein des pays africains. \u00c0 titre d\u2019exemple, il a cit\u00e9 le partenariat entre la Banque et le Forum africain des investisseurs souverains, <a href=\"https:\/\/www.afdb.org\/fr\/news-and-events\/press-releases\/la-banque-africaine-de-developpement-africa50-et-le-nouveau-forum-africain-des-investisseurs-souverains-veulent-mobiliser-ensemble-des-capitaux-dans-des-projets-dinfrastructure-52678\">conclu en juin dernier<\/a>. Ce pacte constitue une \u00e9tape importante pour accro\u00eetre l\u2019effet de levier des investissements, ainsi que pour rassurer les investisseurs internationaux d\u00e9sireux d\u2019investir en Afrique, a-t-il d\u00e9clar\u00e9. Les actifs g\u00e9r\u00e9s par les fonds souverains africains, les fonds de pension africains et les pools d\u2019assurance-vie africains sont estim\u00e9s \u00e0 plus de 2\u2009000&nbsp;milliards de dollars, selon M.&nbsp;Quaynor.<\/p>\n<p>M.&nbsp;Urama a indiqu\u00e9 que les Assembl\u00e9es annuelles comporteraient cinq \u00e9v\u00e9nements du savoir. L\u2019un d\u2019eux sera consacr\u00e9 aux efforts d\u00e9ploy\u00e9s pour tirer parti du secteur priv\u00e9 pour combler le d\u00e9ficit de finance climatique de l\u2019Afrique, ce qui s\u2019inscrit dans le cadre du th\u00e8me de ces Assembl\u00e9es 2023&nbsp;: \u00ab\u2009Mobiliser le financement du secteur priv\u00e9 pour le climat et la croissance verte en Afrique.\u2009\u00bb<\/p>\n<p>Un dialogue pr\u00e9sidentiel doit \u00e9galement se tenir entre les chefs d\u2019\u00c9tat africains et le pr\u00e9sident de la Banque sur l\u2019\u00e9volution de l\u2019architecture financi\u00e8re mondiale, a indiqu\u00e9 M.&nbsp;Urama. Les \u00e9changes devraient porter sur l\u2019\u00e9volution du r\u00f4le que les banques multilat\u00e9rales de d\u00e9veloppement sont appel\u00e9es \u00e0 jouer pour galvaniser des financements plus robustes en faveur des objectifs d\u2019action climatique de l\u2019Afrique.<\/p>\n<p>A l\u2019instar des ann\u00e9es pr\u00e9c\u00e9dentes, les Assembl\u00e9es annuelles seront marqu\u00e9es par le lancement du rapport <em>Perspectives \u00e9conomiques en Afrique&nbsp;2023<\/em>, a ajout\u00e9 M.&nbsp;Urama. Cette publication phare de la Bnque, qui abordera le m\u00eame th\u00e8me, examinera les moyens d\u2019exploiter l\u2019abondant capital naturel de l\u2019Afrique \u2013&nbsp;rivi\u00e8res, c\u00f4tes et tourbi\u00e8res notamment&nbsp;\u2013 pour favoriser son d\u00e9veloppement et sa croissance \u00e9conomique.<\/p>\n<p>Mme&nbsp;Dunford a soulign\u00e9 les efforts que la Banque a r\u00e9cemment d\u00e9ploy\u00e9s pour renforcer la s\u00e9curit\u00e9 alimentaire en Afrique, que viennent compliquer, non seulement des chocs ext\u00e9rieurs, mais \u00e9galement des ph\u00e9nom\u00e8nes climatiques comme les cyclones, les inondations et les s\u00e9cheresses.<\/p>\n<p>En janvier 2023, lors d\u2019un sommet organis\u00e9 par la Banque et le gouvernement du S\u00e9n\u00e9gal, les partenaires au d\u00e9veloppement ont convenu d\u2019engager ce qui est, depuis, pass\u00e9 \u00e0 70&nbsp;milliards de dollars, pour stimuler la productivit\u00e9 agricole et renforcer la d\u00e9termination de l\u2019Afrique \u00e0 devenir le grenier mondial.<\/p>\n<p>\u00ab\u200965&nbsp;% des terres arables non encore cultiv\u00e9es dans le monde se trouvent en Afrique\u2009; il y a un \u00e9norme d\u00e9ficit de rendement et donc un \u00e9norme potentiel d\u2019augmentation de la productivit\u00e9 de l\u2019agriculture existante et de r\u00e9elle transformation de l\u2019agriculture pour am\u00e9liorer la cha\u00eene de valeur et accro\u00eetre la valeur ajout\u00e9e des cultures produites en Afrique\u2009\u00bb, a d\u00e9clar\u00e9 Mme&nbsp;Dunford.<\/p>\n<p>Les cadres dirigeants de la Banque ont r\u00e9pondu aux questions des journalistes sur un large \u00e9ventail de sujets. Concernant la position de la Banque en mati\u00e8re de corruption, Mme&nbsp;Akin-Olugbade a indiqu\u00e9 que celle-ci appliquait une tol\u00e9rance z\u00e9ro. \u00ab\u2009Elle soutient les pays africains dans la lutte contre la corruption en amont et en aval, en les aidant \u00e0 renforcer la bonne gouvernance, \u00e0 mettre en place des outils pour rendre des comptes aux citoyens, \u00e0 r\u00e9aliser des audits et \u00e0 d\u00e9velopper un syst\u00e8me judiciaire efficace, capable de sanctionner les actes de corruption\u2009\u00bb, a-t-elle ajout\u00e9.<\/p>\n<p>D\u2019autres questions ont port\u00e9 sur les initiatives de la Banque pour att\u00e9nuer l\u2019impact des crises de ces derni\u00e8res ann\u00e9es, sur les imp\u00f4ts qui contribuent \u00e0 l\u2019entretien des infrastructures et sur le statut des droits de tirage sp\u00e9ciaux du FMI dont disposent les pays africains.<\/p>\n<p>Les Assembl\u00e9es annuelles sont l\u2019\u00e9v\u00e9nement statutaire le plus important de l\u2019ann\u00e9e pour le Groupe de la Banque africaine de d\u00e9veloppement, attirant quelque 3\u2009000&nbsp;participants. Les 58<sup>e<\/sup> Assembl\u00e9es annuelles du Conseil des gouverneurs de la Banque africaine de d\u00e9veloppement et les 49<sup>e<\/sup> Assembl\u00e9es du Conseil des gouverneurs du Fonds africain de d\u00e9veloppement se tiendront au Centre international de conf\u00e9rences de Charm el-Cheikh, du 22 au 26&nbsp;mai 2023.<\/p>\n<p>BAD<\/p>\n<\/div>\n<\/div>\n<\/div>\n","protected":false},"excerpt":{"rendered":"<p>Les gouverneurs du Groupe de la Banque africaine de d\u00e9veloppement s\u2019attaqueront \u00e0 trois d\u00e9fis strat\u00e9giques lorsqu\u2019ils se retrouveront le mois prochain pour les Assembl\u00e9es annuelles&#8230;<\/p>\n","protected":false},"author":1,"featured_media":4585,"comment_status":"closed","ping_status":"open","sticky":false,"template":"","format":"standard","meta":{"_jetpack_memberships_contains_paid_content":false,"footnotes":""},"categories":[8,10],"tags":[],"class_list":["post-4584","post","type-post","status-publish","format-standard","has-post-thumbnail","hentry","category-actualite-economique","category-infos-eco","wpcat-8-id","wpcat-10-id"],"yoast_head":"<!-- This site is optimized with the Yoast SEO plugin v27.1.1 - https:\/\/yoast.com\/product\/yoast-seo-wordpress\/ -->\n<title>Le secteur priv\u00e9 est crucial pour combler les graves d\u00e9ficits d\u2019investissement en Afrique, pour la Banque africaine de d\u00e9veloppement - challenges economiques<\/title>\n<meta name=\"robots\" content=\"index, follow, max-snippet:-1, max-image-preview:large, max-video-preview:-1\" \/>\n<link rel=\"canonical\" href=\"https:\/\/challengeseconomiques.com\/?p=4584\" \/>\n<meta property=\"og:locale\" content=\"fr_FR\" \/>\n<meta property=\"og:type\" content=\"article\" \/>\n<meta property=\"og:title\" content=\"Le secteur priv\u00e9 est crucial pour combler les graves d\u00e9ficits d\u2019investissement en Afrique, pour la Banque africaine de d\u00e9veloppement - challenges economiques\" \/>\n<meta property=\"og:description\" content=\"Les gouverneurs du Groupe de la Banque africaine de d\u00e9veloppement s\u2019attaqueront \u00e0 trois d\u00e9fis strat\u00e9giques lorsqu\u2019ils se retrouveront le mois prochain pour les Assembl\u00e9es annuelles...\" \/>\n<meta property=\"og:url\" content=\"https:\/\/challengeseconomiques.com\/?p=4584\" \/>\n<meta property=\"og:site_name\" content=\"challenges economiques\" \/>\n<meta property=\"article:published_time\" content=\"2023-04-25T21:54:17+00:00\" \/>\n<meta property=\"article:modified_time\" content=\"2023-04-25T21:54:56+00:00\" \/>\n<meta property=\"og:image\" content=\"https:\/\/challengeseconomiques.com\/wp-content\/uploads\/2023\/04\/sgbad.jpg\" \/>\n\t<meta property=\"og:image:width\" content=\"1300\" \/>\n\t<meta property=\"og:image:height\" content=\"535\" \/>\n\t<meta property=\"og:image:type\" content=\"image\/jpeg\" \/>\n<meta name=\"author\" content=\"admin\" \/>\n<meta name=\"twitter:card\" content=\"summary_large_image\" \/>\n<meta name=\"twitter:label1\" content=\"\u00c9crit par\" \/>\n\t<meta name=\"twitter:data1\" content=\"admin\" \/>\n\t<meta name=\"twitter:label2\" content=\"Dur\u00e9e de lecture estim\u00e9e\" \/>\n\t<meta name=\"twitter:data2\" content=\"6 minutes\" \/>\n<script type=\"application\/ld+json\" class=\"yoast-schema-graph\">{\"@context\":\"https:\/\/schema.org\",\"@graph\":[{\"@type\":\"Article\",\"@id\":\"https:\/\/challengeseconomiques.com\/?p=4584#article\",\"isPartOf\":{\"@id\":\"https:\/\/challengeseconomiques.com\/?p=4584\"},\"author\":{\"name\":\"admin\",\"@id\":\"https:\/\/challengeseconomiques.com\/#\/schema\/person\/b4568c9afebc5a9238a771873801e349\"},\"headline\":\"Le secteur priv\u00e9 est crucial pour combler les graves d\u00e9ficits d\u2019investissement en Afrique, pour la Banque africaine de d\u00e9veloppement\",\"datePublished\":\"2023-04-25T21:54:17+00:00\",\"dateModified\":\"2023-04-25T21:54:56+00:00\",\"mainEntityOfPage\":{\"@id\":\"https:\/\/challengeseconomiques.com\/?p=4584\"},\"wordCount\":1200,\"image\":{\"@id\":\"https:\/\/challengeseconomiques.com\/?p=4584#primaryimage\"},\"thumbnailUrl\":\"https:\/\/challengeseconomiques.com\/wp-content\/uploads\/2023\/04\/sgbad.jpg\",\"articleSection\":[\"Actualit\u00e9 \u00e9conomique\",\"Infos \u00e9co\"],\"inLanguage\":\"fr-FR\"},{\"@type\":\"WebPage\",\"@id\":\"https:\/\/challengeseconomiques.com\/?p=4584\",\"url\":\"https:\/\/challengeseconomiques.com\/?p=4584\",\"name\":\"Le secteur priv\u00e9 est crucial pour combler les graves d\u00e9ficits d\u2019investissement en Afrique, pour la Banque africaine de d\u00e9veloppement - challenges economiques\",\"isPartOf\":{\"@id\":\"https:\/\/challengeseconomiques.com\/#website\"},\"primaryImageOfPage\":{\"@id\":\"https:\/\/challengeseconomiques.com\/?p=4584#primaryimage\"},\"image\":{\"@id\":\"https:\/\/challengeseconomiques.com\/?p=4584#primaryimage\"},\"thumbnailUrl\":\"https:\/\/challengeseconomiques.com\/wp-content\/uploads\/2023\/04\/sgbad.jpg\",\"datePublished\":\"2023-04-25T21:54:17+00:00\",\"dateModified\":\"2023-04-25T21:54:56+00:00\",\"author\":{\"@id\":\"https:\/\/challengeseconomiques.com\/#\/schema\/person\/b4568c9afebc5a9238a771873801e349\"},\"breadcrumb\":{\"@id\":\"https:\/\/challengeseconomiques.com\/?p=4584#breadcrumb\"},\"inLanguage\":\"fr-FR\",\"potentialAction\":[{\"@type\":\"ReadAction\",\"target\":[\"https:\/\/challengeseconomiques.com\/?p=4584\"]}]},{\"@type\":\"ImageObject\",\"inLanguage\":\"fr-FR\",\"@id\":\"https:\/\/challengeseconomiques.com\/?p=4584#primaryimage\",\"url\":\"https:\/\/challengeseconomiques.com\/wp-content\/uploads\/2023\/04\/sgbad.jpg\",\"contentUrl\":\"https:\/\/challengeseconomiques.com\/wp-content\/uploads\/2023\/04\/sgbad.jpg\",\"width\":1300,\"height\":535},{\"@type\":\"BreadcrumbList\",\"@id\":\"https:\/\/challengeseconomiques.com\/?p=4584#breadcrumb\",\"itemListElement\":[{\"@type\":\"ListItem\",\"position\":1,\"name\":\"Home\",\"item\":\"https:\/\/challengeseconomiques.com\/\"},{\"@type\":\"ListItem\",\"position\":2,\"name\":\"Le secteur priv\u00e9 est crucial pour combler les graves d\u00e9ficits d\u2019investissement en Afrique, pour la Banque africaine de d\u00e9veloppement\"}]},{\"@type\":\"WebSite\",\"@id\":\"https:\/\/challengeseconomiques.com\/#website\",\"url\":\"https:\/\/challengeseconomiques.com\/\",\"name\":\"challenges economiques\",\"description\":\"\",\"potentialAction\":[{\"@type\":\"SearchAction\",\"target\":{\"@type\":\"EntryPoint\",\"urlTemplate\":\"https:\/\/challengeseconomiques.com\/?s={search_term_string}\"},\"query-input\":{\"@type\":\"PropertyValueSpecification\",\"valueRequired\":true,\"valueName\":\"search_term_string\"}}],\"inLanguage\":\"fr-FR\"},{\"@type\":\"Person\",\"@id\":\"https:\/\/challengeseconomiques.com\/#\/schema\/person\/b4568c9afebc5a9238a771873801e349\",\"name\":\"admin\",\"image\":{\"@type\":\"ImageObject\",\"inLanguage\":\"fr-FR\",\"@id\":\"https:\/\/challengeseconomiques.com\/#\/schema\/person\/image\/\",\"url\":\"https:\/\/secure.gravatar.com\/avatar\/099e42240b5eea11acdb72751fcce0dd918603f0749d24974b7984ea47ed9fd9?s=96&d=mm&r=g\",\"contentUrl\":\"https:\/\/secure.gravatar.com\/avatar\/099e42240b5eea11acdb72751fcce0dd918603f0749d24974b7984ea47ed9fd9?s=96&d=mm&r=g\",\"caption\":\"admin\"},\"sameAs\":[\"https:\/\/challengeseconomiques.com\"],\"url\":\"https:\/\/challengeseconomiques.com\/?author=1\"}]}<\/script>\n<!-- \/ Yoast SEO plugin. -->","yoast_head_json":{"title":"Le secteur priv\u00e9 est crucial pour combler les graves d\u00e9ficits d\u2019investissement en Afrique, pour la Banque africaine de d\u00e9veloppement - challenges economiques","robots":{"index":"index","follow":"follow","max-snippet":"max-snippet:-1","max-image-preview":"max-image-preview:large","max-video-preview":"max-video-preview:-1"},"canonical":"https:\/\/challengeseconomiques.com\/?p=4584","og_locale":"fr_FR","og_type":"article","og_title":"Le secteur priv\u00e9 est crucial pour combler les graves d\u00e9ficits d\u2019investissement en Afrique, pour la Banque africaine de d\u00e9veloppement - challenges economiques","og_description":"Les gouverneurs du Groupe de la Banque africaine de d\u00e9veloppement s\u2019attaqueront \u00e0 trois d\u00e9fis strat\u00e9giques lorsqu\u2019ils se retrouveront le mois prochain pour les Assembl\u00e9es annuelles...","og_url":"https:\/\/challengeseconomiques.com\/?p=4584","og_site_name":"challenges economiques","article_published_time":"2023-04-25T21:54:17+00:00","article_modified_time":"2023-04-25T21:54:56+00:00","og_image":[{"width":1300,"height":535,"url":"https:\/\/challengeseconomiques.com\/wp-content\/uploads\/2023\/04\/sgbad.jpg","type":"image\/jpeg"}],"author":"admin","twitter_card":"summary_large_image","twitter_misc":{"\u00c9crit par":"admin","Dur\u00e9e de lecture estim\u00e9e":"6 minutes"},"schema":{"@context":"https:\/\/schema.org","@graph":[{"@type":"Article","@id":"https:\/\/challengeseconomiques.com\/?p=4584#article","isPartOf":{"@id":"https:\/\/challengeseconomiques.com\/?p=4584"},"author":{"name":"admin","@id":"https:\/\/challengeseconomiques.com\/#\/schema\/person\/b4568c9afebc5a9238a771873801e349"},"headline":"Le secteur priv\u00e9 est crucial pour combler les graves d\u00e9ficits d\u2019investissement en Afrique, pour la Banque africaine de d\u00e9veloppement","datePublished":"2023-04-25T21:54:17+00:00","dateModified":"2023-04-25T21:54:56+00:00","mainEntityOfPage":{"@id":"https:\/\/challengeseconomiques.com\/?p=4584"},"wordCount":1200,"image":{"@id":"https:\/\/challengeseconomiques.com\/?p=4584#primaryimage"},"thumbnailUrl":"https:\/\/challengeseconomiques.com\/wp-content\/uploads\/2023\/04\/sgbad.jpg","articleSection":["Actualit\u00e9 \u00e9conomique","Infos \u00e9co"],"inLanguage":"fr-FR"},{"@type":"WebPage","@id":"https:\/\/challengeseconomiques.com\/?p=4584","url":"https:\/\/challengeseconomiques.com\/?p=4584","name":"Le secteur priv\u00e9 est crucial pour combler les graves d\u00e9ficits d\u2019investissement en Afrique, pour la Banque africaine de d\u00e9veloppement - challenges economiques","isPartOf":{"@id":"https:\/\/challengeseconomiques.com\/#website"},"primaryImageOfPage":{"@id":"https:\/\/challengeseconomiques.com\/?p=4584#primaryimage"},"image":{"@id":"https:\/\/challengeseconomiques.com\/?p=4584#primaryimage"},"thumbnailUrl":"https:\/\/challengeseconomiques.com\/wp-content\/uploads\/2023\/04\/sgbad.jpg","datePublished":"2023-04-25T21:54:17+00:00","dateModified":"2023-04-25T21:54:56+00:00","author":{"@id":"https:\/\/challengeseconomiques.com\/#\/schema\/person\/b4568c9afebc5a9238a771873801e349"},"breadcrumb":{"@id":"https:\/\/challengeseconomiques.com\/?p=4584#breadcrumb"},"inLanguage":"fr-FR","potentialAction":[{"@type":"ReadAction","target":["https:\/\/challengeseconomiques.com\/?p=4584"]}]},{"@type":"ImageObject","inLanguage":"fr-FR","@id":"https:\/\/challengeseconomiques.com\/?p=4584#primaryimage","url":"https:\/\/challengeseconomiques.com\/wp-content\/uploads\/2023\/04\/sgbad.jpg","contentUrl":"https:\/\/challengeseconomiques.com\/wp-content\/uploads\/2023\/04\/sgbad.jpg","width":1300,"height":535},{"@type":"BreadcrumbList","@id":"https:\/\/challengeseconomiques.com\/?p=4584#breadcrumb","itemListElement":[{"@type":"ListItem","position":1,"name":"Home","item":"https:\/\/challengeseconomiques.com\/"},{"@type":"ListItem","position":2,"name":"Le secteur priv\u00e9 est crucial pour combler les graves d\u00e9ficits d\u2019investissement en Afrique, pour la Banque africaine de d\u00e9veloppement"}]},{"@type":"WebSite","@id":"https:\/\/challengeseconomiques.com\/#website","url":"https:\/\/challengeseconomiques.com\/","name":"challenges economiques","description":"","potentialAction":[{"@type":"SearchAction","target":{"@type":"EntryPoint","urlTemplate":"https:\/\/challengeseconomiques.com\/?s={search_term_string}"},"query-input":{"@type":"PropertyValueSpecification","valueRequired":true,"valueName":"search_term_string"}}],"inLanguage":"fr-FR"},{"@type":"Person","@id":"https:\/\/challengeseconomiques.com\/#\/schema\/person\/b4568c9afebc5a9238a771873801e349","name":"admin","image":{"@type":"ImageObject","inLanguage":"fr-FR","@id":"https:\/\/challengeseconomiques.com\/#\/schema\/person\/image\/","url":"https:\/\/secure.gravatar.com\/avatar\/099e42240b5eea11acdb72751fcce0dd918603f0749d24974b7984ea47ed9fd9?s=96&d=mm&r=g","contentUrl":"https:\/\/secure.gravatar.com\/avatar\/099e42240b5eea11acdb72751fcce0dd918603f0749d24974b7984ea47ed9fd9?s=96&d=mm&r=g","caption":"admin"},"sameAs":["https:\/\/challengeseconomiques.com"],"url":"https:\/\/challengeseconomiques.com\/?author=1"}]}},"jetpack_featured_media_url":"https:\/\/challengeseconomiques.com\/wp-content\/uploads\/2023\/04\/sgbad.jpg","jetpack_sharing_enabled":true,"_links":{"self":[{"href":"https:\/\/challengeseconomiques.com\/index.php?rest_route=\/wp\/v2\/posts\/4584","targetHints":{"allow":["GET"]}}],"collection":[{"href":"https:\/\/challengeseconomiques.com\/index.php?rest_route=\/wp\/v2\/posts"}],"about":[{"href":"https:\/\/challengeseconomiques.com\/index.php?rest_route=\/wp\/v2\/types\/post"}],"author":[{"embeddable":true,"href":"https:\/\/challengeseconomiques.com\/index.php?rest_route=\/wp\/v2\/users\/1"}],"replies":[{"embeddable":true,"href":"https:\/\/challengeseconomiques.com\/index.php?rest_route=%2Fwp%2Fv2%2Fcomments&post=4584"}],"version-history":[{"count":2,"href":"https:\/\/challengeseconomiques.com\/index.php?rest_route=\/wp\/v2\/posts\/4584\/revisions"}],"predecessor-version":[{"id":4587,"href":"https:\/\/challengeseconomiques.com\/index.php?rest_route=\/wp\/v2\/posts\/4584\/revisions\/4587"}],"wp:featuredmedia":[{"embeddable":true,"href":"https:\/\/challengeseconomiques.com\/index.php?rest_route=\/wp\/v2\/media\/4585"}],"wp:attachment":[{"href":"https:\/\/challengeseconomiques.com\/index.php?rest_route=%2Fwp%2Fv2%2Fmedia&parent=4584"}],"wp:term":[{"taxonomy":"category","embeddable":true,"href":"https:\/\/challengeseconomiques.com\/index.php?rest_route=%2Fwp%2Fv2%2Fcategories&post=4584"},{"taxonomy":"post_tag","embeddable":true,"href":"https:\/\/challengeseconomiques.com\/index.php?rest_route=%2Fwp%2Fv2%2Ftags&post=4584"}],"curies":[{"name":"wp","href":"https:\/\/api.w.org\/{rel}","templated":true}]}}