{"id":4580,"date":"2023-04-25T21:46:00","date_gmt":"2023-04-25T21:46:00","guid":{"rendered":"https:\/\/challengeseconomiques.com\/?p=4580"},"modified":"2023-04-25T21:47:17","modified_gmt":"2023-04-25T21:47:17","slug":"africa50-nomme-papa-demba-diallo-au-poste-de-directeur-executif-developpement-de-projets","status":"publish","type":"post","link":"https:\/\/challengeseconomiques.com\/?p=4580","title":{"rendered":"Africa50 nomme Papa Demba Diallo au poste de Directeur Ex\u00e9cutif, D\u00e9veloppement de projets"},"content":{"rendered":"<div class=\"post-content cf entry-content content-spacious\">\n<p>Africa50, la plateforme panafricaine d\u2019investissement dans les infrastructures, a le plaisir d\u2019annoncer la nomination de Papa Demba Diallo au poste de Directeur g\u00e9n\u00e9ral, D\u00e9veloppement de projets.<\/p>\n<p>Papa Demba Diallo, de nationalit\u00e9 s\u00e9n\u00e9galaise, rejoint Africa50 avec plus de 20 ans d\u2019exp\u00e9rience dans le domaine de l\u2019investissement en infrastructures. Il est actuellement Directeur G\u00e9n\u00e9ral du Fonds souverain s\u00e9n\u00e9galais FONSIS, apr\u00e8s en avoir \u00e9t\u00e9 le directeur ex\u00e9cutif depuis 2014, supervisant les unit\u00e9s TIC, Sant\u00e9, Infrastructures, Transports et Services. Au cours de son mandat au FONSIS, M. Diallo a jou\u00e9 un r\u00f4le essentiel dans l\u2019\u00e9laboration et la mise en \u0153uvre du programme de croissance \u00e0 long terme et de la strat\u00e9gie d\u2019investissement du fonds.<\/p>\n<p>M. Diallo est un investisseur et un d\u00e9veloppeur de projets chevronn\u00e9 qui a occup\u00e9 plusieurs postes de direction tout au long de sa carri\u00e8re, notamment en tant que Directeur ex\u00e9cutif \u00e0 Sonatel (Orange S\u00e9n\u00e9gal) et Directeur g\u00e9n\u00e9ral de Sonatel Business Solutions, ainsi qu\u2019\u00e0 des postes seniors au sein de la soci\u00e9t\u00e9 de technologies T\u00e9l\u00e9coms CoSine Communications, bas\u00e9e \u00e0 San Francisco, et de British Telecom.<\/p>\n<p>\u00ab&nbsp;<em>Je suis ravi d\u2019accueillir Demba au sein du Groupe Africa50. Il apporte une expertise approfondie en mati\u00e8re d\u2019investissement et de gestion de fonds dans le domaine des infrastructures en Afrique. Je suis convaincu que son leadership, et son exp\u00e9rience dans le d\u00e9veloppement de projets bancables, sera un atout majeur pour assurer la croissance continue de l\u2019activit\u00e9 de d\u00e9veloppement de projets du Groupe Africa50, un pilier essentiel de la strat\u00e9gie du groupe<\/em>&nbsp;\u00bb, a comment\u00e9&nbsp;<strong>Alain Ebobiss\u00e9, Directeur g\u00e9n\u00e9ral d\u2019Africa50<\/strong>.<\/p>\n<p>\u00ab&nbsp;<em>Je suis ravi d\u2019avoir \u00e9t\u00e9 nomm\u00e9 \u00e0 la t\u00eate du fonds de d\u00e9veloppement de projets d\u2019Africa50. Je me r\u00e9jouis de rejoindre une \u00e9quipe talentueuse et de contribuer \u00e0 la croissance de l\u2019impressionnant portefeuille d\u2019investissements de cette organisation africaine qui fait la diff\u00e9rence sur le continent<\/em>&nbsp;\u00bb, a d\u00e9clar\u00e9&nbsp;<strong>M. Diallo<\/strong>&nbsp;\u00e0 propos de sa nomination.<\/p>\n<p>M. Diallo est titulaire d\u2019une Ma\u00eetrise de Sciences de Gestion (MSG) de l\u2019Universit\u00e9 Paris-IX Dauphine en France, et de deux masters, en ing\u00e9nierie des syst\u00e8mes d\u2019informations et en syst\u00e8mes r\u00e9partis t\u00e9l\u00e9com et informatique de Telecom Sud Paris en France.<\/p>\n<p><strong>Financiafrik<\/strong><\/p>\n<\/div>\n","protected":false},"excerpt":{"rendered":"<p>Africa50, la plateforme panafricaine d\u2019investissement dans les infrastructures, a le plaisir d\u2019annoncer la nomination de Papa Demba Diallo au poste de Directeur g\u00e9n\u00e9ral, D\u00e9veloppement de&#8230;<\/p>\n","protected":false},"author":1,"featured_media":4582,"comment_status":"closed","ping_status":"open","sticky":false,"template":"","format":"standard","meta":{"_jetpack_memberships_contains_paid_content":false,"footnotes":""},"categories":[23,10],"tags":[],"class_list":["post-4580","post","type-post","status-publish","format-standard","has-post-thumbnail","hentry","category-a-la-une","category-infos-eco","wpcat-23-id","wpcat-10-id"],"yoast_head":"<!-- This site is optimized with the Yoast SEO plugin v27.1.1 - https:\/\/yoast.com\/product\/yoast-seo-wordpress\/ -->\n<title>Africa50 nomme Papa Demba Diallo au poste de Directeur Ex\u00e9cutif, D\u00e9veloppement de projets - challenges economiques<\/title>\n<meta name=\"robots\" content=\"index, follow, max-snippet:-1, max-image-preview:large, max-video-preview:-1\" \/>\n<link rel=\"canonical\" href=\"https:\/\/challengeseconomiques.com\/?p=4580\" \/>\n<meta property=\"og:locale\" content=\"fr_FR\" \/>\n<meta property=\"og:type\" content=\"article\" \/>\n<meta property=\"og:title\" content=\"Africa50 nomme Papa Demba Diallo au poste de Directeur Ex\u00e9cutif, D\u00e9veloppement de projets - challenges economiques\" \/>\n<meta property=\"og:description\" content=\"Africa50, la plateforme panafricaine d\u2019investissement dans les infrastructures, a le plaisir d\u2019annoncer la nomination de Papa Demba Diallo au poste de Directeur g\u00e9n\u00e9ral, D\u00e9veloppement de...\" \/>\n<meta property=\"og:url\" content=\"https:\/\/challengeseconomiques.com\/?p=4580\" \/>\n<meta property=\"og:site_name\" content=\"challenges economiques\" \/>\n<meta property=\"article:published_time\" content=\"2023-04-25T21:46:00+00:00\" \/>\n<meta property=\"article:modified_time\" content=\"2023-04-25T21:47:17+00:00\" \/>\n<meta property=\"og:image\" content=\"https:\/\/challengeseconomiques.com\/wp-content\/uploads\/2023\/04\/pdd.jpeg\" \/>\n\t<meta property=\"og:image:width\" content=\"1024\" \/>\n\t<meta property=\"og:image:height\" content=\"884\" \/>\n\t<meta property=\"og:image:type\" content=\"image\/jpeg\" \/>\n<meta name=\"author\" content=\"admin\" \/>\n<meta name=\"twitter:card\" content=\"summary_large_image\" \/>\n<meta name=\"twitter:label1\" content=\"\u00c9crit par\" \/>\n\t<meta name=\"twitter:data1\" content=\"admin\" \/>\n\t<meta name=\"twitter:label2\" content=\"Dur\u00e9e de lecture estim\u00e9e\" \/>\n\t<meta name=\"twitter:data2\" content=\"2 minutes\" \/>\n<script type=\"application\/ld+json\" class=\"yoast-schema-graph\">{\"@context\":\"https:\/\/schema.org\",\"@graph\":[{\"@type\":\"Article\",\"@id\":\"https:\/\/challengeseconomiques.com\/?p=4580#article\",\"isPartOf\":{\"@id\":\"https:\/\/challengeseconomiques.com\/?p=4580\"},\"author\":{\"name\":\"admin\",\"@id\":\"https:\/\/challengeseconomiques.com\/#\/schema\/person\/b4568c9afebc5a9238a771873801e349\"},\"headline\":\"Africa50 nomme Papa Demba Diallo au poste de Directeur Ex\u00e9cutif, D\u00e9veloppement de projets\",\"datePublished\":\"2023-04-25T21:46:00+00:00\",\"dateModified\":\"2023-04-25T21:47:17+00:00\",\"mainEntityOfPage\":{\"@id\":\"https:\/\/challengeseconomiques.com\/?p=4580\"},\"wordCount\":422,\"image\":{\"@id\":\"https:\/\/challengeseconomiques.com\/?p=4580#primaryimage\"},\"thumbnailUrl\":\"https:\/\/challengeseconomiques.com\/wp-content\/uploads\/2023\/04\/pdd.jpeg\",\"articleSection\":[\"A la une\",\"Infos \u00e9co\"],\"inLanguage\":\"fr-FR\"},{\"@type\":\"WebPage\",\"@id\":\"https:\/\/challengeseconomiques.com\/?p=4580\",\"url\":\"https:\/\/challengeseconomiques.com\/?p=4580\",\"name\":\"Africa50 nomme Papa Demba Diallo au poste de Directeur Ex\u00e9cutif, D\u00e9veloppement de projets - challenges economiques\",\"isPartOf\":{\"@id\":\"https:\/\/challengeseconomiques.com\/#website\"},\"primaryImageOfPage\":{\"@id\":\"https:\/\/challengeseconomiques.com\/?p=4580#primaryimage\"},\"image\":{\"@id\":\"https:\/\/challengeseconomiques.com\/?p=4580#primaryimage\"},\"thumbnailUrl\":\"https:\/\/challengeseconomiques.com\/wp-content\/uploads\/2023\/04\/pdd.jpeg\",\"datePublished\":\"2023-04-25T21:46:00+00:00\",\"dateModified\":\"2023-04-25T21:47:17+00:00\",\"author\":{\"@id\":\"https:\/\/challengeseconomiques.com\/#\/schema\/person\/b4568c9afebc5a9238a771873801e349\"},\"breadcrumb\":{\"@id\":\"https:\/\/challengeseconomiques.com\/?p=4580#breadcrumb\"},\"inLanguage\":\"fr-FR\",\"potentialAction\":[{\"@type\":\"ReadAction\",\"target\":[\"https:\/\/challengeseconomiques.com\/?p=4580\"]}]},{\"@type\":\"ImageObject\",\"inLanguage\":\"fr-FR\",\"@id\":\"https:\/\/challengeseconomiques.com\/?p=4580#primaryimage\",\"url\":\"https:\/\/challengeseconomiques.com\/wp-content\/uploads\/2023\/04\/pdd.jpeg\",\"contentUrl\":\"https:\/\/challengeseconomiques.com\/wp-content\/uploads\/2023\/04\/pdd.jpeg\",\"width\":1024,\"height\":884},{\"@type\":\"BreadcrumbList\",\"@id\":\"https:\/\/challengeseconomiques.com\/?p=4580#breadcrumb\",\"itemListElement\":[{\"@type\":\"ListItem\",\"position\":1,\"name\":\"Home\",\"item\":\"https:\/\/challengeseconomiques.com\/\"},{\"@type\":\"ListItem\",\"position\":2,\"name\":\"Africa50 nomme Papa Demba Diallo au poste de Directeur Ex\u00e9cutif, D\u00e9veloppement de projets\"}]},{\"@type\":\"WebSite\",\"@id\":\"https:\/\/challengeseconomiques.com\/#website\",\"url\":\"https:\/\/challengeseconomiques.com\/\",\"name\":\"challenges economiques\",\"description\":\"\",\"potentialAction\":[{\"@type\":\"SearchAction\",\"target\":{\"@type\":\"EntryPoint\",\"urlTemplate\":\"https:\/\/challengeseconomiques.com\/?s={search_term_string}\"},\"query-input\":{\"@type\":\"PropertyValueSpecification\",\"valueRequired\":true,\"valueName\":\"search_term_string\"}}],\"inLanguage\":\"fr-FR\"},{\"@type\":\"Person\",\"@id\":\"https:\/\/challengeseconomiques.com\/#\/schema\/person\/b4568c9afebc5a9238a771873801e349\",\"name\":\"admin\",\"image\":{\"@type\":\"ImageObject\",\"inLanguage\":\"fr-FR\",\"@id\":\"https:\/\/challengeseconomiques.com\/#\/schema\/person\/image\/\",\"url\":\"https:\/\/secure.gravatar.com\/avatar\/099e42240b5eea11acdb72751fcce0dd918603f0749d24974b7984ea47ed9fd9?s=96&d=mm&r=g\",\"contentUrl\":\"https:\/\/secure.gravatar.com\/avatar\/099e42240b5eea11acdb72751fcce0dd918603f0749d24974b7984ea47ed9fd9?s=96&d=mm&r=g\",\"caption\":\"admin\"},\"sameAs\":[\"https:\/\/challengeseconomiques.com\"],\"url\":\"https:\/\/challengeseconomiques.com\/?author=1\"}]}<\/script>\n<!-- \/ Yoast SEO plugin. -->","yoast_head_json":{"title":"Africa50 nomme Papa Demba Diallo au poste de Directeur Ex\u00e9cutif, D\u00e9veloppement de projets - challenges economiques","robots":{"index":"index","follow":"follow","max-snippet":"max-snippet:-1","max-image-preview":"max-image-preview:large","max-video-preview":"max-video-preview:-1"},"canonical":"https:\/\/challengeseconomiques.com\/?p=4580","og_locale":"fr_FR","og_type":"article","og_title":"Africa50 nomme Papa Demba Diallo au poste de Directeur Ex\u00e9cutif, D\u00e9veloppement de projets - challenges economiques","og_description":"Africa50, la plateforme panafricaine d\u2019investissement dans les infrastructures, a le plaisir d\u2019annoncer la nomination de Papa Demba Diallo au poste de Directeur g\u00e9n\u00e9ral, D\u00e9veloppement de...","og_url":"https:\/\/challengeseconomiques.com\/?p=4580","og_site_name":"challenges economiques","article_published_time":"2023-04-25T21:46:00+00:00","article_modified_time":"2023-04-25T21:47:17+00:00","og_image":[{"width":1024,"height":884,"url":"https:\/\/challengeseconomiques.com\/wp-content\/uploads\/2023\/04\/pdd.jpeg","type":"image\/jpeg"}],"author":"admin","twitter_card":"summary_large_image","twitter_misc":{"\u00c9crit par":"admin","Dur\u00e9e de lecture estim\u00e9e":"2 minutes"},"schema":{"@context":"https:\/\/schema.org","@graph":[{"@type":"Article","@id":"https:\/\/challengeseconomiques.com\/?p=4580#article","isPartOf":{"@id":"https:\/\/challengeseconomiques.com\/?p=4580"},"author":{"name":"admin","@id":"https:\/\/challengeseconomiques.com\/#\/schema\/person\/b4568c9afebc5a9238a771873801e349"},"headline":"Africa50 nomme Papa Demba Diallo au poste de Directeur Ex\u00e9cutif, D\u00e9veloppement de projets","datePublished":"2023-04-25T21:46:00+00:00","dateModified":"2023-04-25T21:47:17+00:00","mainEntityOfPage":{"@id":"https:\/\/challengeseconomiques.com\/?p=4580"},"wordCount":422,"image":{"@id":"https:\/\/challengeseconomiques.com\/?p=4580#primaryimage"},"thumbnailUrl":"https:\/\/challengeseconomiques.com\/wp-content\/uploads\/2023\/04\/pdd.jpeg","articleSection":["A la une","Infos \u00e9co"],"inLanguage":"fr-FR"},{"@type":"WebPage","@id":"https:\/\/challengeseconomiques.com\/?p=4580","url":"https:\/\/challengeseconomiques.com\/?p=4580","name":"Africa50 nomme Papa Demba Diallo au poste de Directeur Ex\u00e9cutif, D\u00e9veloppement de projets - challenges economiques","isPartOf":{"@id":"https:\/\/challengeseconomiques.com\/#website"},"primaryImageOfPage":{"@id":"https:\/\/challengeseconomiques.com\/?p=4580#primaryimage"},"image":{"@id":"https:\/\/challengeseconomiques.com\/?p=4580#primaryimage"},"thumbnailUrl":"https:\/\/challengeseconomiques.com\/wp-content\/uploads\/2023\/04\/pdd.jpeg","datePublished":"2023-04-25T21:46:00+00:00","dateModified":"2023-04-25T21:47:17+00:00","author":{"@id":"https:\/\/challengeseconomiques.com\/#\/schema\/person\/b4568c9afebc5a9238a771873801e349"},"breadcrumb":{"@id":"https:\/\/challengeseconomiques.com\/?p=4580#breadcrumb"},"inLanguage":"fr-FR","potentialAction":[{"@type":"ReadAction","target":["https:\/\/challengeseconomiques.com\/?p=4580"]}]},{"@type":"ImageObject","inLanguage":"fr-FR","@id":"https:\/\/challengeseconomiques.com\/?p=4580#primaryimage","url":"https:\/\/challengeseconomiques.com\/wp-content\/uploads\/2023\/04\/pdd.jpeg","contentUrl":"https:\/\/challengeseconomiques.com\/wp-content\/uploads\/2023\/04\/pdd.jpeg","width":1024,"height":884},{"@type":"BreadcrumbList","@id":"https:\/\/challengeseconomiques.com\/?p=4580#breadcrumb","itemListElement":[{"@type":"ListItem","position":1,"name":"Home","item":"https:\/\/challengeseconomiques.com\/"},{"@type":"ListItem","position":2,"name":"Africa50 nomme Papa Demba Diallo au poste de Directeur Ex\u00e9cutif, D\u00e9veloppement de projets"}]},{"@type":"WebSite","@id":"https:\/\/challengeseconomiques.com\/#website","url":"https:\/\/challengeseconomiques.com\/","name":"challenges economiques","description":"","potentialAction":[{"@type":"SearchAction","target":{"@type":"EntryPoint","urlTemplate":"https:\/\/challengeseconomiques.com\/?s={search_term_string}"},"query-input":{"@type":"PropertyValueSpecification","valueRequired":true,"valueName":"search_term_string"}}],"inLanguage":"fr-FR"},{"@type":"Person","@id":"https:\/\/challengeseconomiques.com\/#\/schema\/person\/b4568c9afebc5a9238a771873801e349","name":"admin","image":{"@type":"ImageObject","inLanguage":"fr-FR","@id":"https:\/\/challengeseconomiques.com\/#\/schema\/person\/image\/","url":"https:\/\/secure.gravatar.com\/avatar\/099e42240b5eea11acdb72751fcce0dd918603f0749d24974b7984ea47ed9fd9?s=96&d=mm&r=g","contentUrl":"https:\/\/secure.gravatar.com\/avatar\/099e42240b5eea11acdb72751fcce0dd918603f0749d24974b7984ea47ed9fd9?s=96&d=mm&r=g","caption":"admin"},"sameAs":["https:\/\/challengeseconomiques.com"],"url":"https:\/\/challengeseconomiques.com\/?author=1"}]}},"jetpack_featured_media_url":"https:\/\/challengeseconomiques.com\/wp-content\/uploads\/2023\/04\/pdd.jpeg","jetpack_sharing_enabled":true,"_links":{"self":[{"href":"https:\/\/challengeseconomiques.com\/index.php?rest_route=\/wp\/v2\/posts\/4580","targetHints":{"allow":["GET"]}}],"collection":[{"href":"https:\/\/challengeseconomiques.com\/index.php?rest_route=\/wp\/v2\/posts"}],"about":[{"href":"https:\/\/challengeseconomiques.com\/index.php?rest_route=\/wp\/v2\/types\/post"}],"author":[{"embeddable":true,"href":"https:\/\/challengeseconomiques.com\/index.php?rest_route=\/wp\/v2\/users\/1"}],"replies":[{"embeddable":true,"href":"https:\/\/challengeseconomiques.com\/index.php?rest_route=%2Fwp%2Fv2%2Fcomments&post=4580"}],"version-history":[{"count":2,"href":"https:\/\/challengeseconomiques.com\/index.php?rest_route=\/wp\/v2\/posts\/4580\/revisions"}],"predecessor-version":[{"id":4583,"href":"https:\/\/challengeseconomiques.com\/index.php?rest_route=\/wp\/v2\/posts\/4580\/revisions\/4583"}],"wp:featuredmedia":[{"embeddable":true,"href":"https:\/\/challengeseconomiques.com\/index.php?rest_route=\/wp\/v2\/media\/4582"}],"wp:attachment":[{"href":"https:\/\/challengeseconomiques.com\/index.php?rest_route=%2Fwp%2Fv2%2Fmedia&parent=4580"}],"wp:term":[{"taxonomy":"category","embeddable":true,"href":"https:\/\/challengeseconomiques.com\/index.php?rest_route=%2Fwp%2Fv2%2Fcategories&post=4580"},{"taxonomy":"post_tag","embeddable":true,"href":"https:\/\/challengeseconomiques.com\/index.php?rest_route=%2Fwp%2Fv2%2Ftags&post=4580"}],"curies":[{"name":"wp","href":"https:\/\/api.w.org\/{rel}","templated":true}]}}