{"id":4578,"date":"2023-04-25T21:35:37","date_gmt":"2023-04-25T21:35:37","guid":{"rendered":"https:\/\/challengeseconomiques.com\/?p=4578"},"modified":"2023-04-25T21:36:05","modified_gmt":"2023-04-25T21:36:05","slug":"la-reflexion-lancee-pour-valoriser-les-transferts-monetaires-des-migrants","status":"publish","type":"post","link":"https:\/\/challengeseconomiques.com\/?p=4578","title":{"rendered":"La r\u00e9flexion lanc\u00e9e pour valoriser les transferts mon\u00e9taires des migrants"},"content":{"rendered":"<p><strong>Un atelier s\u2019est tenu mardi \u00e0 Dakar dans le but d\u2019emmener les migrants s\u00e9n\u00e9galais \u00e0 valoriser les transferts mon\u00e9taires qu\u2019ils effectuent au profit de leurs proches, a constat\u00e9 l\u2019APS.<\/strong><\/p>\n<p>C\u2019est une initiative de l\u2019Observatoire de la qualit\u00e9 des services financiers (OQSF) et du Fonds d\u2019\u00e9quipement des Nations unies (UNCDF).<\/p>\n<p>Les migrants s\u00e9n\u00e9galais ont transf\u00e9r\u00e9 1.600 milliards de francs CFA \u00e0 leurs proches en 2021, ce qui repr\u00e9sentait 10,5 % du produit int\u00e9rieur brut du S\u00e9n\u00e9gal de la m\u00eame ann\u00e9e, selon Habib Ndao, le secr\u00e9taire ex\u00e9cutif de l\u2019OQSF, un observatoire plac\u00e9 sous la tutelle du minist\u00e8re de l\u2019Economie, du Plan et de la Coop\u00e9ration.<\/p>\n<p>Le but de l\u2019atelier est, selon M. Ndao, de \u2018\u2019sensibiliser les migrants sur les possibilit\u00e9s qu\u2019offre le service num\u00e9rique pour des investissements productifs\u2019\u2019.<\/p>\n<p>Il s\u2019agit aussi de favoriser l\u2019\u00e9pargne et d\u2019\u2018\u2019orienter\u2019\u2019 les montants transf\u00e9r\u00e9s vers des secteurs pouvant g\u00e9n\u00e9rer des emplois, a-t-il dit.<\/p>\n<p>La pand\u00e9mie de Covid-19 a \u00e9veill\u00e9 les mentalit\u00e9s, a-t-il ajout\u00e9, estimant que les migrants doivent penser \u00e0 investir les montants transf\u00e9r\u00e9s dans des secteurs productifs.<\/p>\n<p>Pour y arriver, il faut pousser les S\u00e9n\u00e9galais vivant \u00e0 l\u2019\u00e9tranger \u00e0 \u2018\u2019utiliser le secteur formel\u2019\u2019, a soulign\u00e9 Habib Ndao.<\/p>\n<p>Les outils de transfert d\u2019argent doivent \u00eatre accessibles et d\u2019un usage facile en m\u00eame temps, selon le secr\u00e9taire ex\u00e9cutif de l\u2019OQSF. \u2018\u2019Auparavant, un transfert d\u2019argent devait parvenir au b\u00e9n\u00e9ficiaire apr\u00e8s plusieurs jours.<\/p>\n<p>Aujourd\u2019hui, il s\u2019effectue de mani\u00e8re instantan\u00e9e\u2019\u2019, a rappel\u00e9 M. Ndao, soulignant que les op\u00e9rateurs de transfert d\u2019argent ont gagn\u00e9 aussi la confiance des usagers.<\/p>\n<p>Amil Aneja, de l\u2019UNCDF, a parl\u00e9, lui aussi, de l\u2019apport des transferts d\u2019argent \u00e0 l\u2019\u00e9conomie s\u00e9n\u00e9galaise. Ces transactions mon\u00e9taires sont \u2018\u2019des leviers\u2019\u2019 importants qu\u2019il est possible d\u2019utiliser pour r\u00e9duire la pauvret\u00e9 des m\u00e9nages qui en b\u00e9n\u00e9ficient, a-t-il dit.<\/p>\n<p>\u2018\u2019Ces transferts sont tr\u00e8s souvent la seule source de revenus des familles, qui les re\u00e7oivent et finissent par les d\u00e9penser pour la nourriture, la sant\u00e9 et le logement\u2019\u2019, a fait remarquer Amil Aneja.<\/p>\n<p>L\u2019atelier donne l\u2019occasion de \u2018\u2019discuter des incoh\u00e9rences qui peuvent exister entre les r\u00e9gulateurs [du transfert d\u2019argent] et les minist\u00e8res de tutelle\u2019\u2019, selon M. Aneja. Il est utile, a-t-il poursuivi, de \u2018\u2019mettre en place un syst\u00e8me coh\u00e9rent, qui permette de tirer le plus grand profit des transferts effectu\u00e9s par les migrants\u2019\u2019.<\/p>\n<p>APS<\/p>\n","protected":false},"excerpt":{"rendered":"<p>Un atelier s\u2019est tenu mardi \u00e0 Dakar dans le but d\u2019emmener les migrants s\u00e9n\u00e9galais \u00e0 valoriser les transferts mon\u00e9taires qu\u2019ils effectuent au profit de leurs&#8230;<\/p>\n","protected":false},"author":1,"featured_media":1701,"comment_status":"closed","ping_status":"open","sticky":false,"template":"","format":"standard","meta":{"_jetpack_memberships_contains_paid_content":false,"footnotes":""},"categories":[23,8],"tags":[],"class_list":["post-4578","post","type-post","status-publish","format-standard","has-post-thumbnail","hentry","category-a-la-une","category-actualite-economique","wpcat-23-id","wpcat-8-id"],"yoast_head":"<!-- This site is optimized with the Yoast SEO plugin v27.1.1 - https:\/\/yoast.com\/product\/yoast-seo-wordpress\/ -->\n<title>La r\u00e9flexion lanc\u00e9e pour valoriser les transferts mon\u00e9taires des migrants - challenges economiques<\/title>\n<meta name=\"robots\" content=\"index, follow, max-snippet:-1, max-image-preview:large, max-video-preview:-1\" \/>\n<link rel=\"canonical\" href=\"https:\/\/challengeseconomiques.com\/?p=4578\" \/>\n<meta property=\"og:locale\" content=\"fr_FR\" \/>\n<meta property=\"og:type\" content=\"article\" \/>\n<meta property=\"og:title\" content=\"La r\u00e9flexion lanc\u00e9e pour valoriser les transferts mon\u00e9taires des migrants - challenges economiques\" \/>\n<meta property=\"og:description\" content=\"Un atelier s\u2019est tenu mardi \u00e0 Dakar dans le but d\u2019emmener les migrants s\u00e9n\u00e9galais \u00e0 valoriser les transferts mon\u00e9taires qu\u2019ils effectuent au profit de leurs...\" \/>\n<meta property=\"og:url\" content=\"https:\/\/challengeseconomiques.com\/?p=4578\" \/>\n<meta property=\"og:site_name\" content=\"challenges economiques\" \/>\n<meta property=\"article:published_time\" content=\"2023-04-25T21:35:37+00:00\" \/>\n<meta property=\"article:modified_time\" content=\"2023-04-25T21:36:05+00:00\" \/>\n<meta property=\"og:image\" content=\"https:\/\/challengeseconomiques.com\/wp-content\/uploads\/2021\/08\/habib-ndao.jpg\" \/>\n\t<meta property=\"og:image:width\" content=\"1732\" \/>\n\t<meta property=\"og:image:height\" content=\"1155\" \/>\n\t<meta property=\"og:image:type\" content=\"image\/jpeg\" \/>\n<meta name=\"author\" content=\"admin\" \/>\n<meta name=\"twitter:card\" content=\"summary_large_image\" \/>\n<meta name=\"twitter:label1\" content=\"\u00c9crit par\" \/>\n\t<meta name=\"twitter:data1\" content=\"admin\" \/>\n\t<meta name=\"twitter:label2\" content=\"Dur\u00e9e de lecture estim\u00e9e\" \/>\n\t<meta name=\"twitter:data2\" content=\"2 minutes\" \/>\n<script type=\"application\/ld+json\" class=\"yoast-schema-graph\">{\"@context\":\"https:\/\/schema.org\",\"@graph\":[{\"@type\":\"Article\",\"@id\":\"https:\/\/challengeseconomiques.com\/?p=4578#article\",\"isPartOf\":{\"@id\":\"https:\/\/challengeseconomiques.com\/?p=4578\"},\"author\":{\"name\":\"admin\",\"@id\":\"https:\/\/challengeseconomiques.com\/#\/schema\/person\/b4568c9afebc5a9238a771873801e349\"},\"headline\":\"La r\u00e9flexion lanc\u00e9e pour valoriser les transferts mon\u00e9taires des migrants\",\"datePublished\":\"2023-04-25T21:35:37+00:00\",\"dateModified\":\"2023-04-25T21:36:05+00:00\",\"mainEntityOfPage\":{\"@id\":\"https:\/\/challengeseconomiques.com\/?p=4578\"},\"wordCount\":455,\"image\":{\"@id\":\"https:\/\/challengeseconomiques.com\/?p=4578#primaryimage\"},\"thumbnailUrl\":\"https:\/\/challengeseconomiques.com\/wp-content\/uploads\/2021\/08\/habib-ndao.jpg\",\"articleSection\":[\"A la une\",\"Actualit\u00e9 \u00e9conomique\"],\"inLanguage\":\"fr-FR\"},{\"@type\":\"WebPage\",\"@id\":\"https:\/\/challengeseconomiques.com\/?p=4578\",\"url\":\"https:\/\/challengeseconomiques.com\/?p=4578\",\"name\":\"La r\u00e9flexion lanc\u00e9e pour valoriser les transferts mon\u00e9taires des migrants - challenges economiques\",\"isPartOf\":{\"@id\":\"https:\/\/challengeseconomiques.com\/#website\"},\"primaryImageOfPage\":{\"@id\":\"https:\/\/challengeseconomiques.com\/?p=4578#primaryimage\"},\"image\":{\"@id\":\"https:\/\/challengeseconomiques.com\/?p=4578#primaryimage\"},\"thumbnailUrl\":\"https:\/\/challengeseconomiques.com\/wp-content\/uploads\/2021\/08\/habib-ndao.jpg\",\"datePublished\":\"2023-04-25T21:35:37+00:00\",\"dateModified\":\"2023-04-25T21:36:05+00:00\",\"author\":{\"@id\":\"https:\/\/challengeseconomiques.com\/#\/schema\/person\/b4568c9afebc5a9238a771873801e349\"},\"breadcrumb\":{\"@id\":\"https:\/\/challengeseconomiques.com\/?p=4578#breadcrumb\"},\"inLanguage\":\"fr-FR\",\"potentialAction\":[{\"@type\":\"ReadAction\",\"target\":[\"https:\/\/challengeseconomiques.com\/?p=4578\"]}]},{\"@type\":\"ImageObject\",\"inLanguage\":\"fr-FR\",\"@id\":\"https:\/\/challengeseconomiques.com\/?p=4578#primaryimage\",\"url\":\"https:\/\/challengeseconomiques.com\/wp-content\/uploads\/2021\/08\/habib-ndao.jpg\",\"contentUrl\":\"https:\/\/challengeseconomiques.com\/wp-content\/uploads\/2021\/08\/habib-ndao.jpg\",\"width\":1732,\"height\":1155},{\"@type\":\"BreadcrumbList\",\"@id\":\"https:\/\/challengeseconomiques.com\/?p=4578#breadcrumb\",\"itemListElement\":[{\"@type\":\"ListItem\",\"position\":1,\"name\":\"Home\",\"item\":\"https:\/\/challengeseconomiques.com\/\"},{\"@type\":\"ListItem\",\"position\":2,\"name\":\"La r\u00e9flexion lanc\u00e9e pour valoriser les transferts mon\u00e9taires des migrants\"}]},{\"@type\":\"WebSite\",\"@id\":\"https:\/\/challengeseconomiques.com\/#website\",\"url\":\"https:\/\/challengeseconomiques.com\/\",\"name\":\"challenges economiques\",\"description\":\"\",\"potentialAction\":[{\"@type\":\"SearchAction\",\"target\":{\"@type\":\"EntryPoint\",\"urlTemplate\":\"https:\/\/challengeseconomiques.com\/?s={search_term_string}\"},\"query-input\":{\"@type\":\"PropertyValueSpecification\",\"valueRequired\":true,\"valueName\":\"search_term_string\"}}],\"inLanguage\":\"fr-FR\"},{\"@type\":\"Person\",\"@id\":\"https:\/\/challengeseconomiques.com\/#\/schema\/person\/b4568c9afebc5a9238a771873801e349\",\"name\":\"admin\",\"image\":{\"@type\":\"ImageObject\",\"inLanguage\":\"fr-FR\",\"@id\":\"https:\/\/challengeseconomiques.com\/#\/schema\/person\/image\/\",\"url\":\"https:\/\/secure.gravatar.com\/avatar\/099e42240b5eea11acdb72751fcce0dd918603f0749d24974b7984ea47ed9fd9?s=96&d=mm&r=g\",\"contentUrl\":\"https:\/\/secure.gravatar.com\/avatar\/099e42240b5eea11acdb72751fcce0dd918603f0749d24974b7984ea47ed9fd9?s=96&d=mm&r=g\",\"caption\":\"admin\"},\"sameAs\":[\"https:\/\/challengeseconomiques.com\"],\"url\":\"https:\/\/challengeseconomiques.com\/?author=1\"}]}<\/script>\n<!-- \/ Yoast SEO plugin. -->","yoast_head_json":{"title":"La r\u00e9flexion lanc\u00e9e pour valoriser les transferts mon\u00e9taires des migrants - challenges economiques","robots":{"index":"index","follow":"follow","max-snippet":"max-snippet:-1","max-image-preview":"max-image-preview:large","max-video-preview":"max-video-preview:-1"},"canonical":"https:\/\/challengeseconomiques.com\/?p=4578","og_locale":"fr_FR","og_type":"article","og_title":"La r\u00e9flexion lanc\u00e9e pour valoriser les transferts mon\u00e9taires des migrants - challenges economiques","og_description":"Un atelier s\u2019est tenu mardi \u00e0 Dakar dans le but d\u2019emmener les migrants s\u00e9n\u00e9galais \u00e0 valoriser les transferts mon\u00e9taires qu\u2019ils effectuent au profit de leurs...","og_url":"https:\/\/challengeseconomiques.com\/?p=4578","og_site_name":"challenges economiques","article_published_time":"2023-04-25T21:35:37+00:00","article_modified_time":"2023-04-25T21:36:05+00:00","og_image":[{"width":1732,"height":1155,"url":"https:\/\/challengeseconomiques.com\/wp-content\/uploads\/2021\/08\/habib-ndao.jpg","type":"image\/jpeg"}],"author":"admin","twitter_card":"summary_large_image","twitter_misc":{"\u00c9crit par":"admin","Dur\u00e9e de lecture estim\u00e9e":"2 minutes"},"schema":{"@context":"https:\/\/schema.org","@graph":[{"@type":"Article","@id":"https:\/\/challengeseconomiques.com\/?p=4578#article","isPartOf":{"@id":"https:\/\/challengeseconomiques.com\/?p=4578"},"author":{"name":"admin","@id":"https:\/\/challengeseconomiques.com\/#\/schema\/person\/b4568c9afebc5a9238a771873801e349"},"headline":"La r\u00e9flexion lanc\u00e9e pour valoriser les transferts mon\u00e9taires des migrants","datePublished":"2023-04-25T21:35:37+00:00","dateModified":"2023-04-25T21:36:05+00:00","mainEntityOfPage":{"@id":"https:\/\/challengeseconomiques.com\/?p=4578"},"wordCount":455,"image":{"@id":"https:\/\/challengeseconomiques.com\/?p=4578#primaryimage"},"thumbnailUrl":"https:\/\/challengeseconomiques.com\/wp-content\/uploads\/2021\/08\/habib-ndao.jpg","articleSection":["A la une","Actualit\u00e9 \u00e9conomique"],"inLanguage":"fr-FR"},{"@type":"WebPage","@id":"https:\/\/challengeseconomiques.com\/?p=4578","url":"https:\/\/challengeseconomiques.com\/?p=4578","name":"La r\u00e9flexion lanc\u00e9e pour valoriser les transferts mon\u00e9taires des migrants - challenges economiques","isPartOf":{"@id":"https:\/\/challengeseconomiques.com\/#website"},"primaryImageOfPage":{"@id":"https:\/\/challengeseconomiques.com\/?p=4578#primaryimage"},"image":{"@id":"https:\/\/challengeseconomiques.com\/?p=4578#primaryimage"},"thumbnailUrl":"https:\/\/challengeseconomiques.com\/wp-content\/uploads\/2021\/08\/habib-ndao.jpg","datePublished":"2023-04-25T21:35:37+00:00","dateModified":"2023-04-25T21:36:05+00:00","author":{"@id":"https:\/\/challengeseconomiques.com\/#\/schema\/person\/b4568c9afebc5a9238a771873801e349"},"breadcrumb":{"@id":"https:\/\/challengeseconomiques.com\/?p=4578#breadcrumb"},"inLanguage":"fr-FR","potentialAction":[{"@type":"ReadAction","target":["https:\/\/challengeseconomiques.com\/?p=4578"]}]},{"@type":"ImageObject","inLanguage":"fr-FR","@id":"https:\/\/challengeseconomiques.com\/?p=4578#primaryimage","url":"https:\/\/challengeseconomiques.com\/wp-content\/uploads\/2021\/08\/habib-ndao.jpg","contentUrl":"https:\/\/challengeseconomiques.com\/wp-content\/uploads\/2021\/08\/habib-ndao.jpg","width":1732,"height":1155},{"@type":"BreadcrumbList","@id":"https:\/\/challengeseconomiques.com\/?p=4578#breadcrumb","itemListElement":[{"@type":"ListItem","position":1,"name":"Home","item":"https:\/\/challengeseconomiques.com\/"},{"@type":"ListItem","position":2,"name":"La r\u00e9flexion lanc\u00e9e pour valoriser les transferts mon\u00e9taires des migrants"}]},{"@type":"WebSite","@id":"https:\/\/challengeseconomiques.com\/#website","url":"https:\/\/challengeseconomiques.com\/","name":"challenges economiques","description":"","potentialAction":[{"@type":"SearchAction","target":{"@type":"EntryPoint","urlTemplate":"https:\/\/challengeseconomiques.com\/?s={search_term_string}"},"query-input":{"@type":"PropertyValueSpecification","valueRequired":true,"valueName":"search_term_string"}}],"inLanguage":"fr-FR"},{"@type":"Person","@id":"https:\/\/challengeseconomiques.com\/#\/schema\/person\/b4568c9afebc5a9238a771873801e349","name":"admin","image":{"@type":"ImageObject","inLanguage":"fr-FR","@id":"https:\/\/challengeseconomiques.com\/#\/schema\/person\/image\/","url":"https:\/\/secure.gravatar.com\/avatar\/099e42240b5eea11acdb72751fcce0dd918603f0749d24974b7984ea47ed9fd9?s=96&d=mm&r=g","contentUrl":"https:\/\/secure.gravatar.com\/avatar\/099e42240b5eea11acdb72751fcce0dd918603f0749d24974b7984ea47ed9fd9?s=96&d=mm&r=g","caption":"admin"},"sameAs":["https:\/\/challengeseconomiques.com"],"url":"https:\/\/challengeseconomiques.com\/?author=1"}]}},"jetpack_featured_media_url":"https:\/\/challengeseconomiques.com\/wp-content\/uploads\/2021\/08\/habib-ndao.jpg","jetpack_sharing_enabled":true,"_links":{"self":[{"href":"https:\/\/challengeseconomiques.com\/index.php?rest_route=\/wp\/v2\/posts\/4578","targetHints":{"allow":["GET"]}}],"collection":[{"href":"https:\/\/challengeseconomiques.com\/index.php?rest_route=\/wp\/v2\/posts"}],"about":[{"href":"https:\/\/challengeseconomiques.com\/index.php?rest_route=\/wp\/v2\/types\/post"}],"author":[{"embeddable":true,"href":"https:\/\/challengeseconomiques.com\/index.php?rest_route=\/wp\/v2\/users\/1"}],"replies":[{"embeddable":true,"href":"https:\/\/challengeseconomiques.com\/index.php?rest_route=%2Fwp%2Fv2%2Fcomments&post=4578"}],"version-history":[{"count":1,"href":"https:\/\/challengeseconomiques.com\/index.php?rest_route=\/wp\/v2\/posts\/4578\/revisions"}],"predecessor-version":[{"id":4579,"href":"https:\/\/challengeseconomiques.com\/index.php?rest_route=\/wp\/v2\/posts\/4578\/revisions\/4579"}],"wp:featuredmedia":[{"embeddable":true,"href":"https:\/\/challengeseconomiques.com\/index.php?rest_route=\/wp\/v2\/media\/1701"}],"wp:attachment":[{"href":"https:\/\/challengeseconomiques.com\/index.php?rest_route=%2Fwp%2Fv2%2Fmedia&parent=4578"}],"wp:term":[{"taxonomy":"category","embeddable":true,"href":"https:\/\/challengeseconomiques.com\/index.php?rest_route=%2Fwp%2Fv2%2Fcategories&post=4578"},{"taxonomy":"post_tag","embeddable":true,"href":"https:\/\/challengeseconomiques.com\/index.php?rest_route=%2Fwp%2Fv2%2Ftags&post=4578"}],"curies":[{"name":"wp","href":"https:\/\/api.w.org\/{rel}","templated":true}]}}