{"id":4565,"date":"2023-04-19T12:54:47","date_gmt":"2023-04-19T12:54:47","guid":{"rendered":"https:\/\/challengeseconomiques.com\/?p=4565"},"modified":"2023-04-19T12:56:06","modified_gmt":"2023-04-19T12:56:06","slug":"le-fmi-reconnait-limpact-sur-lafrique-de-linflation-importee-mais-soutient-le-relevement-des-taux-par-la-bceao","status":"publish","type":"post","link":"https:\/\/challengeseconomiques.com\/?p=4565","title":{"rendered":"Le FMI reconnait l\u2019impact sur l\u2019Afrique de l\u2019inflation import\u00e9e, mais soutient le rel\u00e8vement des taux par la BCEAO"},"content":{"rendered":"<p class=\"texte textearticle\"><strong>&nbsp;Apr\u00e8s 4 rel\u00e8vements des taux directeurs par sa banque centrale (BCEAO), la zone UEMOA devrait conna\u00eetre un repli de l\u2019inflation. Mais les dynamiques de cette \u00e9volution ne sont pas maitris\u00e9es et les investisseurs restent prudents sur le long terme. <\/strong><\/p>\n<p class=\"texte textearticle\">R\u00e9pondant \u00e0 une question pos\u00e9e par l\u2019Agence Ecofin lors <a href=\"https:\/\/www.imf.org\/en\/News\/Articles\/2023\/04\/14\/tr041423-afr-transcript\">d\u2019une rencontre<\/a> avec des journalistes au si\u00e8ge du FMI, \u00e0 Washington DC, Abebe Aemro Selassie, le directeur pour l\u2019Afrique du Fonds a reconnu le caract\u00e8re import\u00e9 de l\u2019inflation dans la sous-r\u00e9gion couvrant l\u2019Union Economique et Mon\u00e9taire Ouest-Africaine (UEMOA).<\/p>\n<p class=\"texte textearticle\">\u00ab&nbsp;<em>Oui, dans une large mesure, nous avons constat\u00e9 que la pression sur l&rsquo;inflation a \u00e9t\u00e9 import\u00e9e. Ainsi, si vous \u00eates un pays importateur de p\u00e9trole, vous \u00eates confront\u00e9 \u00e0 des prix internationaux du p\u00e9trole plus \u00e9lev\u00e9s en ce moment\u2026 Et cela constitue une source d&rsquo;inflation. De m\u00eame, les prix des denr\u00e9es alimentaires ayant augment\u00e9 apr\u00e8s l&rsquo;invasion de l&rsquo;Ukraine par la Russie, cela repr\u00e9sente \u00e9galement un canal par lequel l&rsquo;inflation a augment\u00e9<\/em>&nbsp;\u00bb a reconnu le responsable.<\/p>\n<p class=\"texte textearticle\">Face \u00e0 cette situation qui rel\u00e8ve davantage de l\u2019exposition \u00e0 une situation ext\u00e9rieure qui s\u2019est d\u00e9grad\u00e9e, M. Selassie a pourtant d\u00e9fendu l\u2019option d\u2019un recours \u00e0 des politiques de durcissement des taux par les banques centrales. \u00ab&nbsp;<em>Ce que nous ne pouvons pas dire, c&rsquo;est qu\u2019augmenter les taux d&rsquo;int\u00e9r\u00eat ne fonctionne pas. Bien s\u00fbr, cela fonctionne, car c&rsquo;est la r\u00e9ponse standard de la politique mon\u00e9taire<\/em>&nbsp;\u00bb, a-t-il expliqu\u00e9.<\/p>\n<p class=\"texte textearticle\">Cette position est en ligne avec les perspectives ajust\u00e9es de l\u2019\u00e9conomie mondiale qui indiquent que, dans la plupart des pays de l\u2019UEMOA, le rythme d\u2019\u00e9volution des prix devrait se retrouver dans les normes communautaires (+ ou \u2013 2%) dans la plupart des pays sur les p\u00e9riodes 2023 et 2024. Mais il n\u2019est pas certain que ce sont les 4 rel\u00e8vements des taux de la banque centrale depuis juin 2022 qui ont soutenu cette am\u00e9lioration.<\/p>\n<p class=\"texte textearticle\">Dans son plus r\u00e9cent rapport de politique mon\u00e9taire, la BCEAO <a href=\"https:\/\/www.agenceecofin.com\/finance\/0203-106077-inflation-la-banque-centrale-de-luemoa-augmente-ses-taux-pour-la-quatrieme-fois-depuis-juin-2022#:~:text=Lors%20de%20sa%20premi%C3%A8re%20r%C3%A9union,elle%20pr%C3%AAte%20ses%20ressources%20aux\">a indiqu\u00e9 que<\/a> l\u2019assouplissement de l\u2019inflation dans ses pays membres \u00e9tait li\u00e9 \u00e0 deux facteurs&nbsp;: le premier est d\u2019ordre ext\u00e9rieure. La normalisation des taux de change avec le dollar US qui a r\u00e9duit la facture des importations, souvent sup\u00e9rieures aux exportations. Le deuxi\u00e8me est de nature interne, mais concerne l\u2019am\u00e9lioration des rendements agricoles qui a r\u00e9duit la pression sur les prix. Il faut rappeler que le secteur de l\u2019alimentation est celui qui tirait les prix vers le haut dans tous les pays.<\/p>\n<p class=\"texte textearticle\">Aussi, la non-transmission de la politique des augmentations des taux de la BCEAO aux \u00e9conomie de l\u2019UEMOA peut se v\u00e9rifier \u00e0 travers les statistiques de la masse mon\u00e9taire <a href=\"https:\/\/www.bceao.int\/fr\/publications?field_description_value=bulletin%20mensuel%20des%20statistiques&amp;field_hashtags_target_id=All&amp;field_date_value%5Bmin%5D=&amp;field_date_value%5Bmax%5D=&amp;field_theme_publication_target_id=All&amp;page=9\">publi\u00e9es<\/a> par la banque centrales. A la fin d\u00e9cembre 2022, sa composante constitu\u00e9e des encours de cr\u00e9dits \u00e0 l\u2019\u00e9conomie avait atteint les 51&nbsp;760 milliards de FCFA, en hausse de 20,2% compar\u00e9e \u00e0 celle de la m\u00eame p\u00e9riode en 2021. Ainsi, malgr\u00e9 des taux en hausse les banques ont continu\u00e9 de pr\u00eater \u00e0 l\u2019\u00e9conomie \u00e0 un rythme plus soutenu, car en 2021, la hausse des encours nets de cr\u00e9dits \u00e0 l\u2019\u00e9conomie \u00e9tait seulement de 16,5%.<\/p>\n<p class=\"texte textearticle\">Il n\u2019est pas exclu que cette tendance s\u2019inverse, mais ce sera au d\u00e9triment de la quelque centaine des banques actives dans cette sous-r\u00e9gion. Des taux de refinancement \u00e9lev\u00e9s ont r\u00e9duit leurs marges, alors qu\u2019elles sont les principaux investisseurs des obligations \u00e9mises par les Etats. Au cours du premier trimestre 2023, on a not\u00e9 comme un ralentissement de la participation aux emprunts des Etats et surtout un positionnement <a href=\"https:\/\/www.agenceecofin.com\/marches\/1104-107328-uemoa-marche-des-titres-publics-la-cote-d-ivoire-et-le-togo-inversent-les-tendances-des-souscriptions\">sur les emprunts \u00e0 court terme<\/a>. Mais il faudra attendre pour bien comprendre les m\u00e9canismes derri\u00e8re ce ph\u00e9nom\u00e8ne.<\/p>\n<p class=\"texte textearticle\">Le directeur Afrique du FMI semble conscient de cet \u00e9tat de chose, car il a aussi rappel\u00e9 qu\u2019il y a un besoin de bien analyser les dynamiques de l\u2019inflations dans la zone UEMOA, afin de distinguer celles qui sont le fait des facteurs import\u00e9s, et celles qui rel\u00e8vent d\u2019une hausse de la demande int\u00e9rieure. Une <a href=\"https:\/\/www.ecofinpro.com\/fr\/gestion-publique?page=0&amp;limit=6\">analyse de ce type a d\u00e9j\u00e0 \u00e9t\u00e9 men\u00e9e<\/a> par l\u2019\u00e9quipe de la plateforme Ecofin Pro, qui apporte une contribution africaine \u00e0 cette discussion globale.<\/p>\n<p><strong>(Agence Ecofin) <\/strong><\/p>\n","protected":false},"excerpt":{"rendered":"<p>&nbsp;Apr\u00e8s 4 rel\u00e8vements des taux directeurs par sa banque centrale (BCEAO), la zone UEMOA devrait conna\u00eetre un repli de l\u2019inflation. Mais les dynamiques de cette&#8230;<\/p>\n","protected":false},"author":1,"featured_media":886,"comment_status":"closed","ping_status":"open","sticky":false,"template":"","format":"standard","meta":{"_jetpack_memberships_contains_paid_content":false,"footnotes":""},"categories":[8],"tags":[],"class_list":["post-4565","post","type-post","status-publish","format-standard","has-post-thumbnail","hentry","category-actualite-economique","wpcat-8-id"],"yoast_head":"<!-- This site is optimized with the Yoast SEO plugin v27.1.1 - https:\/\/yoast.com\/product\/yoast-seo-wordpress\/ -->\n<title>Le FMI reconnait l\u2019impact sur l\u2019Afrique de l\u2019inflation import\u00e9e, mais soutient le rel\u00e8vement des taux par la BCEAO - challenges economiques<\/title>\n<meta name=\"robots\" content=\"index, follow, max-snippet:-1, max-image-preview:large, max-video-preview:-1\" \/>\n<link rel=\"canonical\" href=\"https:\/\/challengeseconomiques.com\/?p=4565\" \/>\n<meta property=\"og:locale\" content=\"fr_FR\" \/>\n<meta property=\"og:type\" content=\"article\" \/>\n<meta property=\"og:title\" content=\"Le FMI reconnait l\u2019impact sur l\u2019Afrique de l\u2019inflation import\u00e9e, mais soutient le rel\u00e8vement des taux par la BCEAO - challenges economiques\" \/>\n<meta property=\"og:description\" content=\"&nbsp;Apr\u00e8s 4 rel\u00e8vements des taux directeurs par sa banque centrale (BCEAO), la zone UEMOA devrait conna\u00eetre un repli de l\u2019inflation. Mais les dynamiques de cette...\" \/>\n<meta property=\"og:url\" content=\"https:\/\/challengeseconomiques.com\/?p=4565\" \/>\n<meta property=\"og:site_name\" content=\"challenges economiques\" \/>\n<meta property=\"article:published_time\" content=\"2023-04-19T12:54:47+00:00\" \/>\n<meta property=\"article:modified_time\" content=\"2023-04-19T12:56:06+00:00\" \/>\n<meta property=\"og:image\" content=\"https:\/\/challengeseconomiques.com\/wp-content\/uploads\/2021\/04\/bceao-dakar-microfinance-860x420-1.jpg\" \/>\n\t<meta property=\"og:image:width\" content=\"860\" \/>\n\t<meta property=\"og:image:height\" content=\"420\" \/>\n\t<meta property=\"og:image:type\" content=\"image\/jpeg\" \/>\n<meta name=\"author\" content=\"admin\" \/>\n<meta name=\"twitter:card\" content=\"summary_large_image\" \/>\n<meta name=\"twitter:label1\" content=\"\u00c9crit par\" \/>\n\t<meta name=\"twitter:data1\" content=\"admin\" \/>\n\t<meta name=\"twitter:label2\" content=\"Dur\u00e9e de lecture estim\u00e9e\" \/>\n\t<meta name=\"twitter:data2\" content=\"4 minutes\" \/>\n<script type=\"application\/ld+json\" class=\"yoast-schema-graph\">{\"@context\":\"https:\/\/schema.org\",\"@graph\":[{\"@type\":\"Article\",\"@id\":\"https:\/\/challengeseconomiques.com\/?p=4565#article\",\"isPartOf\":{\"@id\":\"https:\/\/challengeseconomiques.com\/?p=4565\"},\"author\":{\"name\":\"admin\",\"@id\":\"https:\/\/challengeseconomiques.com\/#\/schema\/person\/b4568c9afebc5a9238a771873801e349\"},\"headline\":\"Le FMI reconnait l\u2019impact sur l\u2019Afrique de l\u2019inflation import\u00e9e, mais soutient le rel\u00e8vement des taux par la BCEAO\",\"datePublished\":\"2023-04-19T12:54:47+00:00\",\"dateModified\":\"2023-04-19T12:56:06+00:00\",\"mainEntityOfPage\":{\"@id\":\"https:\/\/challengeseconomiques.com\/?p=4565\"},\"wordCount\":763,\"image\":{\"@id\":\"https:\/\/challengeseconomiques.com\/?p=4565#primaryimage\"},\"thumbnailUrl\":\"https:\/\/challengeseconomiques.com\/wp-content\/uploads\/2021\/04\/bceao-dakar-microfinance-860x420-1.jpg\",\"articleSection\":[\"Actualit\u00e9 \u00e9conomique\"],\"inLanguage\":\"fr-FR\"},{\"@type\":\"WebPage\",\"@id\":\"https:\/\/challengeseconomiques.com\/?p=4565\",\"url\":\"https:\/\/challengeseconomiques.com\/?p=4565\",\"name\":\"Le FMI reconnait l\u2019impact sur l\u2019Afrique de l\u2019inflation import\u00e9e, mais soutient le rel\u00e8vement des taux par la BCEAO - challenges economiques\",\"isPartOf\":{\"@id\":\"https:\/\/challengeseconomiques.com\/#website\"},\"primaryImageOfPage\":{\"@id\":\"https:\/\/challengeseconomiques.com\/?p=4565#primaryimage\"},\"image\":{\"@id\":\"https:\/\/challengeseconomiques.com\/?p=4565#primaryimage\"},\"thumbnailUrl\":\"https:\/\/challengeseconomiques.com\/wp-content\/uploads\/2021\/04\/bceao-dakar-microfinance-860x420-1.jpg\",\"datePublished\":\"2023-04-19T12:54:47+00:00\",\"dateModified\":\"2023-04-19T12:56:06+00:00\",\"author\":{\"@id\":\"https:\/\/challengeseconomiques.com\/#\/schema\/person\/b4568c9afebc5a9238a771873801e349\"},\"breadcrumb\":{\"@id\":\"https:\/\/challengeseconomiques.com\/?p=4565#breadcrumb\"},\"inLanguage\":\"fr-FR\",\"potentialAction\":[{\"@type\":\"ReadAction\",\"target\":[\"https:\/\/challengeseconomiques.com\/?p=4565\"]}]},{\"@type\":\"ImageObject\",\"inLanguage\":\"fr-FR\",\"@id\":\"https:\/\/challengeseconomiques.com\/?p=4565#primaryimage\",\"url\":\"https:\/\/challengeseconomiques.com\/wp-content\/uploads\/2021\/04\/bceao-dakar-microfinance-860x420-1.jpg\",\"contentUrl\":\"https:\/\/challengeseconomiques.com\/wp-content\/uploads\/2021\/04\/bceao-dakar-microfinance-860x420-1.jpg\",\"width\":860,\"height\":420},{\"@type\":\"BreadcrumbList\",\"@id\":\"https:\/\/challengeseconomiques.com\/?p=4565#breadcrumb\",\"itemListElement\":[{\"@type\":\"ListItem\",\"position\":1,\"name\":\"Home\",\"item\":\"https:\/\/challengeseconomiques.com\/\"},{\"@type\":\"ListItem\",\"position\":2,\"name\":\"Le FMI reconnait l\u2019impact sur l\u2019Afrique de l\u2019inflation import\u00e9e, mais soutient le rel\u00e8vement des taux par la BCEAO\"}]},{\"@type\":\"WebSite\",\"@id\":\"https:\/\/challengeseconomiques.com\/#website\",\"url\":\"https:\/\/challengeseconomiques.com\/\",\"name\":\"challenges economiques\",\"description\":\"\",\"potentialAction\":[{\"@type\":\"SearchAction\",\"target\":{\"@type\":\"EntryPoint\",\"urlTemplate\":\"https:\/\/challengeseconomiques.com\/?s={search_term_string}\"},\"query-input\":{\"@type\":\"PropertyValueSpecification\",\"valueRequired\":true,\"valueName\":\"search_term_string\"}}],\"inLanguage\":\"fr-FR\"},{\"@type\":\"Person\",\"@id\":\"https:\/\/challengeseconomiques.com\/#\/schema\/person\/b4568c9afebc5a9238a771873801e349\",\"name\":\"admin\",\"image\":{\"@type\":\"ImageObject\",\"inLanguage\":\"fr-FR\",\"@id\":\"https:\/\/challengeseconomiques.com\/#\/schema\/person\/image\/\",\"url\":\"https:\/\/secure.gravatar.com\/avatar\/099e42240b5eea11acdb72751fcce0dd918603f0749d24974b7984ea47ed9fd9?s=96&d=mm&r=g\",\"contentUrl\":\"https:\/\/secure.gravatar.com\/avatar\/099e42240b5eea11acdb72751fcce0dd918603f0749d24974b7984ea47ed9fd9?s=96&d=mm&r=g\",\"caption\":\"admin\"},\"sameAs\":[\"https:\/\/challengeseconomiques.com\"],\"url\":\"https:\/\/challengeseconomiques.com\/?author=1\"}]}<\/script>\n<!-- \/ Yoast SEO plugin. -->","yoast_head_json":{"title":"Le FMI reconnait l\u2019impact sur l\u2019Afrique de l\u2019inflation import\u00e9e, mais soutient le rel\u00e8vement des taux par la BCEAO - challenges economiques","robots":{"index":"index","follow":"follow","max-snippet":"max-snippet:-1","max-image-preview":"max-image-preview:large","max-video-preview":"max-video-preview:-1"},"canonical":"https:\/\/challengeseconomiques.com\/?p=4565","og_locale":"fr_FR","og_type":"article","og_title":"Le FMI reconnait l\u2019impact sur l\u2019Afrique de l\u2019inflation import\u00e9e, mais soutient le rel\u00e8vement des taux par la BCEAO - challenges economiques","og_description":"&nbsp;Apr\u00e8s 4 rel\u00e8vements des taux directeurs par sa banque centrale (BCEAO), la zone UEMOA devrait conna\u00eetre un repli de l\u2019inflation. Mais les dynamiques de cette...","og_url":"https:\/\/challengeseconomiques.com\/?p=4565","og_site_name":"challenges economiques","article_published_time":"2023-04-19T12:54:47+00:00","article_modified_time":"2023-04-19T12:56:06+00:00","og_image":[{"width":860,"height":420,"url":"https:\/\/challengeseconomiques.com\/wp-content\/uploads\/2021\/04\/bceao-dakar-microfinance-860x420-1.jpg","type":"image\/jpeg"}],"author":"admin","twitter_card":"summary_large_image","twitter_misc":{"\u00c9crit par":"admin","Dur\u00e9e de lecture estim\u00e9e":"4 minutes"},"schema":{"@context":"https:\/\/schema.org","@graph":[{"@type":"Article","@id":"https:\/\/challengeseconomiques.com\/?p=4565#article","isPartOf":{"@id":"https:\/\/challengeseconomiques.com\/?p=4565"},"author":{"name":"admin","@id":"https:\/\/challengeseconomiques.com\/#\/schema\/person\/b4568c9afebc5a9238a771873801e349"},"headline":"Le FMI reconnait l\u2019impact sur l\u2019Afrique de l\u2019inflation import\u00e9e, mais soutient le rel\u00e8vement des taux par la BCEAO","datePublished":"2023-04-19T12:54:47+00:00","dateModified":"2023-04-19T12:56:06+00:00","mainEntityOfPage":{"@id":"https:\/\/challengeseconomiques.com\/?p=4565"},"wordCount":763,"image":{"@id":"https:\/\/challengeseconomiques.com\/?p=4565#primaryimage"},"thumbnailUrl":"https:\/\/challengeseconomiques.com\/wp-content\/uploads\/2021\/04\/bceao-dakar-microfinance-860x420-1.jpg","articleSection":["Actualit\u00e9 \u00e9conomique"],"inLanguage":"fr-FR"},{"@type":"WebPage","@id":"https:\/\/challengeseconomiques.com\/?p=4565","url":"https:\/\/challengeseconomiques.com\/?p=4565","name":"Le FMI reconnait l\u2019impact sur l\u2019Afrique de l\u2019inflation import\u00e9e, mais soutient le rel\u00e8vement des taux par la BCEAO - challenges economiques","isPartOf":{"@id":"https:\/\/challengeseconomiques.com\/#website"},"primaryImageOfPage":{"@id":"https:\/\/challengeseconomiques.com\/?p=4565#primaryimage"},"image":{"@id":"https:\/\/challengeseconomiques.com\/?p=4565#primaryimage"},"thumbnailUrl":"https:\/\/challengeseconomiques.com\/wp-content\/uploads\/2021\/04\/bceao-dakar-microfinance-860x420-1.jpg","datePublished":"2023-04-19T12:54:47+00:00","dateModified":"2023-04-19T12:56:06+00:00","author":{"@id":"https:\/\/challengeseconomiques.com\/#\/schema\/person\/b4568c9afebc5a9238a771873801e349"},"breadcrumb":{"@id":"https:\/\/challengeseconomiques.com\/?p=4565#breadcrumb"},"inLanguage":"fr-FR","potentialAction":[{"@type":"ReadAction","target":["https:\/\/challengeseconomiques.com\/?p=4565"]}]},{"@type":"ImageObject","inLanguage":"fr-FR","@id":"https:\/\/challengeseconomiques.com\/?p=4565#primaryimage","url":"https:\/\/challengeseconomiques.com\/wp-content\/uploads\/2021\/04\/bceao-dakar-microfinance-860x420-1.jpg","contentUrl":"https:\/\/challengeseconomiques.com\/wp-content\/uploads\/2021\/04\/bceao-dakar-microfinance-860x420-1.jpg","width":860,"height":420},{"@type":"BreadcrumbList","@id":"https:\/\/challengeseconomiques.com\/?p=4565#breadcrumb","itemListElement":[{"@type":"ListItem","position":1,"name":"Home","item":"https:\/\/challengeseconomiques.com\/"},{"@type":"ListItem","position":2,"name":"Le FMI reconnait l\u2019impact sur l\u2019Afrique de l\u2019inflation import\u00e9e, mais soutient le rel\u00e8vement des taux par la BCEAO"}]},{"@type":"WebSite","@id":"https:\/\/challengeseconomiques.com\/#website","url":"https:\/\/challengeseconomiques.com\/","name":"challenges economiques","description":"","potentialAction":[{"@type":"SearchAction","target":{"@type":"EntryPoint","urlTemplate":"https:\/\/challengeseconomiques.com\/?s={search_term_string}"},"query-input":{"@type":"PropertyValueSpecification","valueRequired":true,"valueName":"search_term_string"}}],"inLanguage":"fr-FR"},{"@type":"Person","@id":"https:\/\/challengeseconomiques.com\/#\/schema\/person\/b4568c9afebc5a9238a771873801e349","name":"admin","image":{"@type":"ImageObject","inLanguage":"fr-FR","@id":"https:\/\/challengeseconomiques.com\/#\/schema\/person\/image\/","url":"https:\/\/secure.gravatar.com\/avatar\/099e42240b5eea11acdb72751fcce0dd918603f0749d24974b7984ea47ed9fd9?s=96&d=mm&r=g","contentUrl":"https:\/\/secure.gravatar.com\/avatar\/099e42240b5eea11acdb72751fcce0dd918603f0749d24974b7984ea47ed9fd9?s=96&d=mm&r=g","caption":"admin"},"sameAs":["https:\/\/challengeseconomiques.com"],"url":"https:\/\/challengeseconomiques.com\/?author=1"}]}},"jetpack_featured_media_url":"https:\/\/challengeseconomiques.com\/wp-content\/uploads\/2021\/04\/bceao-dakar-microfinance-860x420-1.jpg","jetpack_sharing_enabled":true,"_links":{"self":[{"href":"https:\/\/challengeseconomiques.com\/index.php?rest_route=\/wp\/v2\/posts\/4565","targetHints":{"allow":["GET"]}}],"collection":[{"href":"https:\/\/challengeseconomiques.com\/index.php?rest_route=\/wp\/v2\/posts"}],"about":[{"href":"https:\/\/challengeseconomiques.com\/index.php?rest_route=\/wp\/v2\/types\/post"}],"author":[{"embeddable":true,"href":"https:\/\/challengeseconomiques.com\/index.php?rest_route=\/wp\/v2\/users\/1"}],"replies":[{"embeddable":true,"href":"https:\/\/challengeseconomiques.com\/index.php?rest_route=%2Fwp%2Fv2%2Fcomments&post=4565"}],"version-history":[{"count":2,"href":"https:\/\/challengeseconomiques.com\/index.php?rest_route=\/wp\/v2\/posts\/4565\/revisions"}],"predecessor-version":[{"id":4567,"href":"https:\/\/challengeseconomiques.com\/index.php?rest_route=\/wp\/v2\/posts\/4565\/revisions\/4567"}],"wp:featuredmedia":[{"embeddable":true,"href":"https:\/\/challengeseconomiques.com\/index.php?rest_route=\/wp\/v2\/media\/886"}],"wp:attachment":[{"href":"https:\/\/challengeseconomiques.com\/index.php?rest_route=%2Fwp%2Fv2%2Fmedia&parent=4565"}],"wp:term":[{"taxonomy":"category","embeddable":true,"href":"https:\/\/challengeseconomiques.com\/index.php?rest_route=%2Fwp%2Fv2%2Fcategories&post=4565"},{"taxonomy":"post_tag","embeddable":true,"href":"https:\/\/challengeseconomiques.com\/index.php?rest_route=%2Fwp%2Fv2%2Ftags&post=4565"}],"curies":[{"name":"wp","href":"https:\/\/api.w.org\/{rel}","templated":true}]}}