{"id":4558,"date":"2023-04-14T10:48:46","date_gmt":"2023-04-14T10:48:46","guid":{"rendered":"https:\/\/challengeseconomiques.com\/?p=4558"},"modified":"2023-04-14T10:55:17","modified_gmt":"2023-04-14T10:55:17","slug":"pour-commercer-entre-nous-fabriquons-nous-memes","status":"publish","type":"post","link":"https:\/\/challengeseconomiques.com\/?p=4558","title":{"rendered":"Pour commercer entre nous, fabriquons nous-m\u00eames !"},"content":{"rendered":"<p><strong>De nombreuses menaces p\u00e8sent sur l\u2019ouverture, la libert\u00e9 et l\u2019\u00e9quit\u00e9 du commerce en Afrique, juge Ngozi Okonjo-Iweala, directrice g\u00e9n\u00e9rale de l\u2019Organisation mondiale du commerce. Selon qui ces menaces sont profondes, structurelles et, pour la plupart, internes au continent.<\/strong><\/p>\n<p>&nbsp;<\/p>\n<p>\u00ab&nbsp;<em>Le manque de valeur ajout\u00e9e de nos produits est une menace pour le d\u00e9veloppement du commerce<\/em>&nbsp;\u00bb, explique \u00e0 <em>African Business<\/em> Ngozi Okonjo-Iweala, directrice g\u00e9n\u00e9rale de l\u2019OMC.<\/p>\n<p>En effet, \u00ab&nbsp;<em>63% des exportations du continent sont encore des produits de base ce qui constitue une menace si nous ne pouvons pas les transformer en produits finis, afin que nous puissions les \u00e9changer entre nous<\/em>&nbsp;\u00bb.<\/p>\n<p>Ngozi Okonjo-Iweala souligne les obstacles auxquels se heurtent de nombreuses entreprises africaines pour acc\u00e9der au financement du commerce. \u00ab&nbsp;<em>Nous devons nous pencher sur le d\u00e9ficit de financement du commerce, qui est estim\u00e9 par certains \u00e0 80 milliards de dollars, en Afrique. Ceux qui veulent faire du commerce, les PME et les grandes entreprises, n\u2019ont pas acc\u00e8s au financement dont ils ont besoin.<\/em>&nbsp;\u00bb<\/p>\n<blockquote><p>\u00ab&nbsp;<em>Nous avons ce qu\u2019il faut pour produire de l\u2019hydrog\u00e8ne vert, nous avons ce qu\u2019il faut pour les panneaux solaires. Nous avons d\u00e9j\u00e0 les ingr\u00e9dients naturels pour b\u00e9n\u00e9ficier de cette transition verte. Mais faisons-nous suffisamment valoir le bien-fond\u00e9 de l\u2019investissement aupr\u00e8s du secteur priv\u00e9 ?&nbsp;\u00bb<\/em><\/p><\/blockquote>\n<p>\u00c0 cela s\u2019ajoutent les chocs mondiaux, qui ont entra\u00een\u00e9 des \u00ab&nbsp;reculs tr\u00e8s importants&nbsp;\u00bb dans la s\u00e9curit\u00e9 alimentaire de l\u2019Afrique. \u00ab&nbsp;<em>Trente-cinq pays africains importent des denr\u00e9es alimentaires ou des engrais de la r\u00e9gion de la mer Noire. La guerre en Ukraine a rendu cela tr\u00e8s difficile.<\/em>&nbsp;\u00bb<\/p>\n<p>La p\u00e9nurie d\u2019engrais a \u00e9galement un impact n\u00e9gatif sur la productivit\u00e9 et le rendement des cultures l\u2019ann\u00e9e suivante, ce qui menace la s\u00e9curit\u00e9 alimentaire de millions d\u2019Africains.<\/p>\n<p>Le r\u00f4le de l\u2019OMC est essentiel, car une calorie sur cinq consomm\u00e9e dans le monde fait l\u2019objet d\u2019\u00e9changes commerciaux, explique Ngozi Okonjo-Iweala. L\u2019OMC a \u00e9galement convenu avec le Programme alimentaire mondial (PAM) de veiller \u00e0 ce que les achats humanitaires de l\u2019organisme des Nations unies ne fassent l\u2019objet d\u2019aucune restriction dans quelque pays que ce soit. Le PAM devrait \u00eatre autoris\u00e9 \u00e0 acheter des fournitures humanitaires pour tout membre de l\u2019OMC sans restriction, afin de pouvoir nourrir les quelque 350 millions de personnes dans le monde qui souffrent d\u2019ins\u00e9curit\u00e9 alimentaire. Environ 140 millions d\u2019entre elles vivent en Afrique.<\/p>\n<p>&nbsp;<\/p>\n<p><strong>Nous pouvons produire notre nourriture<\/strong><\/p>\n<p>Le PAM des Nations unies classe 25 pays dans la cat\u00e9gorie des \u00ab&nbsp;<em>points chauds de la faim<\/em>&nbsp;\u00bb, qui ont un besoin urgent de nourriture, et seize d\u2019entre eux se trouvent en Afrique. L\u2019OMC facilite un commerce \u00ab&nbsp;<em>ouvert, libre et \u00e9quitable<\/em>&nbsp;\u00bb pour garantir l\u2019acc\u00e8s de ces pays \u00e0 la nourriture, insiste Ngozi Okonjo-Iweala.<\/p>\n<p>\u00ab&nbsp;<em>Enfin, c\u2019est par le biais du commerce que nous pouvons faire circuler certains des intrants et des extrants qui permettent de produire des denr\u00e9es alimentaires<\/em>&nbsp;\u00bb, ajoute-t-elle. \u00ab&nbsp;<em>L\u00e0 encore, cela signifie que le syst\u00e8me commercial multilat\u00e9ral \u00e9tay\u00e9 par l\u2019OMC doit fonctionner et nous faisons tout ce qui est en notre pouvoir pour qu\u2019il en soit ainsi.&nbsp;<\/em>\u00bb<\/p>\n<p><img fetchpriority=\"high\" decoding=\"async\" class=\"wp-image-73494 alignleft lazyloaded\" src=\"https:\/\/magazinedelafrique.com\/wp-content\/uploads\/2023\/04\/Ngozi-Okonjo-Iweala-vertical-768x1024.jpg\" sizes=\"(max-width: 318px) 100vw, 318px\" srcset=\"https:\/\/magazinedelafrique.com\/wp-content\/uploads\/2023\/04\/Ngozi-Okonjo-Iweala-vertical-768x1024.jpg 768w, https:\/\/magazinedelafrique.com\/wp-content\/uploads\/2023\/04\/Ngozi-Okonjo-Iweala-vertical-225x300.jpg 225w, https:\/\/magazinedelafrique.com\/wp-content\/uploads\/2023\/04\/Ngozi-Okonjo-Iweala-vertical.jpg 800w\" alt=\"\" data-srcset=\"https:\/\/magazinedelafrique.com\/wp-content\/uploads\/2023\/04\/Ngozi-Okonjo-Iweala-vertical-768x1024.jpg 768w, https:\/\/magazinedelafrique.com\/wp-content\/uploads\/2023\/04\/Ngozi-Okonjo-Iweala-vertical-225x300.jpg 225w, https:\/\/magazinedelafrique.com\/wp-content\/uploads\/2023\/04\/Ngozi-Okonjo-Iweala-vertical.jpg 800w\" data-src=\"https:\/\/magazinedelafrique.com\/wp-content\/uploads\/2023\/04\/Ngozi-Okonjo-Iweala-vertical-768x1024.jpg\" data-sizes=\"(max-width: 318px) 100vw, 318px\" width=\"318\" height=\"424\">Pour att\u00e9nuer l\u2019ins\u00e9curit\u00e9 alimentaire de millions de personnes \u00e0 long terme, l\u2019Afrique doit cultiver davantage de produits alimentaires, affirme la directrice de l\u2019organisation bas\u00e9e \u00e0 Gen\u00e8ve. \u00ab <em>Nous n\u2019avons absolument aucune excuse, car l\u2019Afrique poss\u00e8de 65 % des terres arables cultiv\u00e9es dans le monde. Nous pouvons non seulement nous nourrir nous-m\u00eames, mais aussi nourrir les autres, et nous devons donc nous mobiliser pour produire davantage chez nous.&nbsp;<\/em>\u00bb<\/p>\n<p>Le taux moyen d\u2019application d\u2019engrais en Afrique est de 22 kilogrammes par hectare, alors qu\u2019il est sept fois plus \u00e9lev\u00e9 dans le monde (146 kilogrammes par hectare), ce qui signifie que le continent est en retard sur le reste du monde en ce qui concerne la valeur nutritionnelle de ses engrais. \u00ab&nbsp;<em>Nous sommes tr\u00e8s, tr\u00e8s en retard en termes d\u2019utilisation d\u2019engrais de toutes sortes, ce qui a un impact important sur la productivit\u00e9 et la production. Si nous voulons produire plus de nourriture, nous devons nous pencher sur cette question et sur l\u2019utilisation de nos terres<\/em>&nbsp;\u00bb, insiste Ngozi Okonjo-Iweala.<\/p>\n<p>Et pourtant, \u00ab&nbsp;<em>Il n\u2019y a aucune raison pour que nous importions 100 millions de tonnes de nourriture. C\u2019est ce que l\u2019Afrique importe chaque ann\u00e9e, pour une valeur d\u2019environ 85 milliards d\u2019euros. Et pourquoi d\u00e9pensons-nous tout cet argent alors que nous pourrions produire notre propre nourriture ?&nbsp;<\/em>\u00bb<\/p>\n<p>&nbsp;<\/p>\n<p><strong>Faire fonctionner la ZLECAf<\/strong><\/p>\n<p>L\u2019Afrique produit environ 30 millions de tonnes d\u2019engrais par an, mais la majeure partie est export\u00e9e et le continent importe ensuite 90 % des engrais qu\u2019il utilise. Il est souvent moins cher pour un pays africain d\u2019importer un produit de l\u2019\u00e9tranger, de Chine ou d\u2019Europe par exemple, que d\u2019un autre pays africain, en raison des obstacles au commerce du continent qui le rendent tr\u00e8s on\u00e9reux. \u00ab&nbsp;<em>Nous devons rem\u00e9dier \u00e0 cette situation, de sorte que si les gens produisent de l\u2019engrais sur le continent, nous ne l\u2019exportons pas, nous l\u2019utilisons sur le continent&nbsp;<\/em>\u00bb, mart\u00e8le la patronne de l\u2019OMC.<\/p>\n<p>Le d\u00e9veloppement de la zone de libre-\u00e9change continentale africaine (ZLECAf) devrait galvaniser le commerce sur le continent. Sur plusieurs d\u00e9cennies, la Zone devrait renforcer l\u2019int\u00e9gration \u00e9conomique de l\u2019Afrique.<\/p>\n<p>\u00c0 la question de savoir si le libre-\u00e9change changera la donne ou si les gouvernements en attendent trop, Ngozi Okonjo-Iweala r\u00e9pond : \u00ab&nbsp; <em>La ZLECAf est essentielle. C\u2019est l\u2019un des instruments cl\u00e9s pour r\u00e9aliser l\u2019agenda de l\u2019Afrique, l\u2019Agenda 2060, si elle fonctionne, elle sera vraiment transformatrice pour le continent<\/em>.&nbsp;\u00bb Aussi, juge-t-elle, on n\u2019attendra jamais trop de cette initiative panafricaine&nbsp;: \u00ab&nbsp;<em>Si nous commen\u00e7ons \u00e0 avoir des attentes tr\u00e8s faibles, elle ne tiendra pas ses promesses. Pour qu\u2019il soit une r\u00e9ussite, il faut que le libre-\u00e9change soit plus qu\u2019un simple accord : il doit permettre aux pays africains d\u2019ajouter de la valeur \u00e0 leurs produits et de commercer facilement entre eux.<\/em>&nbsp;\u00bb<\/p>\n<p>Le commerce intra-africain repr\u00e9sente environ 18 % des \u00e9changes. \u00ab&nbsp;<em>Il n\u2019y a aucune raison pour que cette part ne double pas au cours de la prochaine d\u00e9cennie ou des deux prochaines d\u00e9cennies, si nous r\u00e9solvons certains des probl\u00e8mes structurels dont nous avons parl\u00e9, en am\u00e9liorant la facilitation des \u00e9changes.&nbsp;<\/em>\u00bb<\/p>\n<p>Bien qu\u2019ils soient riches en ressources, de nombreux pays africains n\u2019ont pas profit\u00e9 de la flamb\u00e9e des prix des produits de base qui a commenc\u00e9 au d\u00e9but des ann\u00e9es 2000. Le continent poss\u00e8de la plupart des min\u00e9raux et des m\u00e9taux pr\u00e9cieux n\u00e9cessaires pour alimenter une \u00e9conomie mondiale verte, tels que le lithium, le cuivre et le cobalt. Pourtant, jusqu\u2019\u00e0 pr\u00e9sent, c\u2019est l\u2019Afrique qui a re\u00e7u le moins d\u2019investissements dans les projets d\u2019\u00e9nergie verte, la plupart \u00e9tant destin\u00e9s \u00e0 l\u2019Europe, \u00e0 la Chine et aux \u00c9tats-Unis.<\/p>\n<p>Que peuvent faire les pays africains pour ne pas passer \u00e0 c\u00f4t\u00e9 cette fois-ci ? \u00ab&nbsp;<em>C\u2019est le moment pour nous de nous assurer que nous faisons partie des cha\u00eenes d\u2019approvisionnement de ces nouveaux produits. Nous disposons des minerais recherch\u00e9s, dont beaucoup se trouvent sur le continent. Je pense que les Africains doivent concr\u00e8tement, cette fois-ci, et de mani\u00e8re concert\u00e9e, plaider en faveur de leur participation \u00e0 la cha\u00eene d\u2019approvisionnement des v\u00e9hicules \u00e9lectriques que tout le monde s\u2019efforce de fabriquer.&nbsp;<\/em>\u00bb<\/p>\n<p>&nbsp;<\/p>\n<p><strong>L\u2019avenir du commerce est vert<\/strong><\/p>\n<p>Toutefois, il ne s\u2019agit pas seulement de traiter des minerais \u00e0 extraire et envoyer \u00e0 l\u2019\u00e9tranger pour qu\u2019ils soient trait\u00e9s. Pour faire partie de cette cha\u00eene d\u2019approvisionnement, \u00ab&nbsp;<em>nous devrions insister sur les accords qui traitent ces minerais afin de cr\u00e9er des emplois et de nous permettre d\u2019ajouter plus de valeur \u00e0 la cha\u00eene d\u2019approvisionnement des v\u00e9hicules \u00e9lectriques. Nos dirigeants doivent donc conclure ces accords et se rendre en Europe&nbsp;<\/em>\u00bb.<\/p>\n<p>L\u2019Europe est une priorit\u00e9 pour Ngozi Okonjo-Iweala qui, \u00e0 la mi-mars, a rencontr\u00e9 \u00e0 Bruxelles des responsables tels que le commissaire europ\u00e9en au commerce, Valdis Dombrovskis, et le pr\u00e9sident du Conseil de l\u2019UE, Charles Michel, afin de faire valoir le r\u00f4le crucial de l\u2019Afrique dans la cha\u00eene d\u2019approvisionnement de l\u2019\u00e9conomie verte.<\/p>\n<p>Le changement climatique et une transition juste qui tient compte du co\u00fbt du carbone dans les transports auront un impact sur les cha\u00eenes d\u2019approvisionnement et le commerce sur le continent. L\u2019Afrique devra se positionner pour tirer parti de ces changements. \u00ab&nbsp;<em>Je dis souvent que l\u2019avenir du commerce est vert&nbsp;<\/em>\u00bb, explique la patronne de l\u2019OMC. \u00ab&nbsp;<em>Nous devons accepter que le commerce fasse partie de la solution au changement climatique au niveau mondial et sur le continent. L\u2019Afrique est tr\u00e8s bien plac\u00e9e pour certains des nouveaux types d\u2019\u00e9nergie verte dont nous avons besoin<\/em>&nbsp;\u00bb, comme en t\u00e9moignent les milliards de dollars d\u2019investissement dans l\u2019hydrog\u00e8ne vert, en Namibie.<\/p>\n<p><img decoding=\"async\" class=\"wp-image-73493 alignright lazyloaded\" src=\"https:\/\/magazinedelafrique.com\/wp-content\/uploads\/2023\/04\/Ngozi-Okonjo-Iweala-au-bureau.jpg\" sizes=\"(max-width: 444px) 100vw, 444px\" srcset=\"https:\/\/magazinedelafrique.com\/wp-content\/uploads\/2023\/04\/Ngozi-Okonjo-Iweala-au-bureau.jpg 800w, https:\/\/magazinedelafrique.com\/wp-content\/uploads\/2023\/04\/Ngozi-Okonjo-Iweala-au-bureau-300x200.jpg 300w, https:\/\/magazinedelafrique.com\/wp-content\/uploads\/2023\/04\/Ngozi-Okonjo-Iweala-au-bureau-768x511.jpg 768w\" alt=\"\" data-srcset=\"https:\/\/magazinedelafrique.com\/wp-content\/uploads\/2023\/04\/Ngozi-Okonjo-Iweala-au-bureau.jpg 800w, https:\/\/magazinedelafrique.com\/wp-content\/uploads\/2023\/04\/Ngozi-Okonjo-Iweala-au-bureau-300x200.jpg 300w, https:\/\/magazinedelafrique.com\/wp-content\/uploads\/2023\/04\/Ngozi-Okonjo-Iweala-au-bureau-768x511.jpg 768w\" data-src=\"https:\/\/magazinedelafrique.com\/wp-content\/uploads\/2023\/04\/Ngozi-Okonjo-Iweala-au-bureau.jpg\" data-sizes=\"(max-width: 444px) 100vw, 444px\" width=\"444\" height=\"295\"><\/p>\n<p>Selon elle, le continent a ce qu\u2019il faut pour tirer parti de ces changements. \u00ab&nbsp;<em>La question est de savoir si nous nous organisons pour \u00eatre per\u00e7us comme un endroit accueillant o\u00f9 ces investissements peuvent arriver. Cela ne va pas nous tomber dessus.<\/em>&nbsp;\u00bb, d\u00e9clare Ngozi Okonjo-Iweala. \u00ab&nbsp;<em>Nous avons ce qu\u2019il faut pour produire de l\u2019hydrog\u00e8ne vert, nous avons ce qu\u2019il faut pour les panneaux solaires. Nous avons d\u00e9j\u00e0 les ingr\u00e9dients naturels pour b\u00e9n\u00e9ficier de cette transition verte. Mais faisons-nous suffisamment valoir le bien-fond\u00e9 de l\u2019investissement aupr\u00e8s du secteur priv\u00e9 ? Pour qu\u2019il nous consid\u00e8re comme un lieu potentiel d\u2019investissement dans ces domaines ? Je ne suis pas s\u00fbre que ce soit le cas<\/em>.&nbsp;\u00bb<\/p>\n<p>La directrice de l\u2019OMC exhorte les gouvernements africains et le secteur priv\u00e9 \u00e0 intensifier leurs efforts pour trouver des partenariats afin que le continent soit le meilleur endroit pour investir. \u00ab&nbsp;<em>Nos gouvernements doivent agir pour que nous puissions tirer parti de la situation, car j\u2019ai constat\u00e9 que les investissements se d\u00e9pla\u00e7aient ailleurs.<\/em>&nbsp;\u00bb<\/p>\n<p>Et pourtant, de nombreux min\u00e9raux n\u2019ont pas encore \u00e9t\u00e9 d\u00e9couverts en Afrique et que le continent pourrait jouer un r\u00f4le encore plus important que pr\u00e9vu dans la transition vers une \u00e9conomie mondiale durable. Les pays africains devraient faire valoir ce point de vue lorsqu\u2019ils tentent de tirer parti de la transition verte.<\/p>\n<p><strong>Le Magazine de l&rsquo;Afrique<\/strong><\/p>\n","protected":false},"excerpt":{"rendered":"<p>De nombreuses menaces p\u00e8sent sur l\u2019ouverture, la libert\u00e9 et l\u2019\u00e9quit\u00e9 du commerce en Afrique, juge Ngozi Okonjo-Iweala, directrice g\u00e9n\u00e9rale de l\u2019Organisation mondiale du commerce. Selon&#8230;<\/p>\n","protected":false},"author":1,"featured_media":3877,"comment_status":"closed","ping_status":"open","sticky":false,"template":"","format":"standard","meta":{"_jetpack_memberships_contains_paid_content":false,"footnotes":""},"categories":[8,10],"tags":[],"class_list":["post-4558","post","type-post","status-publish","format-standard","has-post-thumbnail","hentry","category-actualite-economique","category-infos-eco","wpcat-8-id","wpcat-10-id"],"yoast_head":"<!-- This site is optimized with the Yoast SEO plugin v27.1.1 - https:\/\/yoast.com\/product\/yoast-seo-wordpress\/ -->\n<title>Pour commercer entre nous, fabriquons nous-m\u00eames ! - challenges economiques<\/title>\n<meta name=\"robots\" content=\"index, follow, max-snippet:-1, max-image-preview:large, max-video-preview:-1\" \/>\n<link rel=\"canonical\" href=\"https:\/\/challengeseconomiques.com\/?p=4558\" \/>\n<meta property=\"og:locale\" content=\"fr_FR\" \/>\n<meta property=\"og:type\" content=\"article\" \/>\n<meta property=\"og:title\" content=\"Pour commercer entre nous, fabriquons nous-m\u00eames ! - challenges economiques\" \/>\n<meta property=\"og:description\" content=\"De nombreuses menaces p\u00e8sent sur l\u2019ouverture, la libert\u00e9 et l\u2019\u00e9quit\u00e9 du commerce en Afrique, juge Ngozi Okonjo-Iweala, directrice g\u00e9n\u00e9rale de l\u2019Organisation mondiale du commerce. Selon...\" \/>\n<meta property=\"og:url\" content=\"https:\/\/challengeseconomiques.com\/?p=4558\" \/>\n<meta property=\"og:site_name\" content=\"challenges economiques\" \/>\n<meta property=\"article:published_time\" content=\"2023-04-14T10:48:46+00:00\" \/>\n<meta property=\"article:modified_time\" content=\"2023-04-14T10:55:17+00:00\" \/>\n<meta property=\"og:image\" content=\"https:\/\/challengeseconomiques.com\/wp-content\/uploads\/2022\/08\/ngozi_official_photo_lg.jpg\" \/>\n\t<meta property=\"og:image:width\" content=\"1200\" \/>\n\t<meta property=\"og:image:height\" content=\"675\" \/>\n\t<meta property=\"og:image:type\" content=\"image\/jpeg\" \/>\n<meta name=\"author\" content=\"admin\" \/>\n<meta name=\"twitter:card\" content=\"summary_large_image\" \/>\n<meta name=\"twitter:label1\" content=\"\u00c9crit par\" \/>\n\t<meta name=\"twitter:data1\" content=\"admin\" \/>\n\t<meta name=\"twitter:label2\" content=\"Dur\u00e9e de lecture estim\u00e9e\" \/>\n\t<meta name=\"twitter:data2\" content=\"9 minutes\" \/>\n<script type=\"application\/ld+json\" class=\"yoast-schema-graph\">{\"@context\":\"https:\/\/schema.org\",\"@graph\":[{\"@type\":\"Article\",\"@id\":\"https:\/\/challengeseconomiques.com\/?p=4558#article\",\"isPartOf\":{\"@id\":\"https:\/\/challengeseconomiques.com\/?p=4558\"},\"author\":{\"name\":\"admin\",\"@id\":\"https:\/\/challengeseconomiques.com\/#\/schema\/person\/b4568c9afebc5a9238a771873801e349\"},\"headline\":\"Pour commercer entre nous, fabriquons nous-m\u00eames !\",\"datePublished\":\"2023-04-14T10:48:46+00:00\",\"dateModified\":\"2023-04-14T10:55:17+00:00\",\"mainEntityOfPage\":{\"@id\":\"https:\/\/challengeseconomiques.com\/?p=4558\"},\"wordCount\":1840,\"image\":{\"@id\":\"https:\/\/challengeseconomiques.com\/?p=4558#primaryimage\"},\"thumbnailUrl\":\"https:\/\/challengeseconomiques.com\/wp-content\/uploads\/2022\/08\/ngozi_official_photo_lg.jpg\",\"articleSection\":[\"Actualit\u00e9 \u00e9conomique\",\"Infos \u00e9co\"],\"inLanguage\":\"fr-FR\"},{\"@type\":\"WebPage\",\"@id\":\"https:\/\/challengeseconomiques.com\/?p=4558\",\"url\":\"https:\/\/challengeseconomiques.com\/?p=4558\",\"name\":\"Pour commercer entre nous, fabriquons nous-m\u00eames ! - challenges economiques\",\"isPartOf\":{\"@id\":\"https:\/\/challengeseconomiques.com\/#website\"},\"primaryImageOfPage\":{\"@id\":\"https:\/\/challengeseconomiques.com\/?p=4558#primaryimage\"},\"image\":{\"@id\":\"https:\/\/challengeseconomiques.com\/?p=4558#primaryimage\"},\"thumbnailUrl\":\"https:\/\/challengeseconomiques.com\/wp-content\/uploads\/2022\/08\/ngozi_official_photo_lg.jpg\",\"datePublished\":\"2023-04-14T10:48:46+00:00\",\"dateModified\":\"2023-04-14T10:55:17+00:00\",\"author\":{\"@id\":\"https:\/\/challengeseconomiques.com\/#\/schema\/person\/b4568c9afebc5a9238a771873801e349\"},\"breadcrumb\":{\"@id\":\"https:\/\/challengeseconomiques.com\/?p=4558#breadcrumb\"},\"inLanguage\":\"fr-FR\",\"potentialAction\":[{\"@type\":\"ReadAction\",\"target\":[\"https:\/\/challengeseconomiques.com\/?p=4558\"]}]},{\"@type\":\"ImageObject\",\"inLanguage\":\"fr-FR\",\"@id\":\"https:\/\/challengeseconomiques.com\/?p=4558#primaryimage\",\"url\":\"https:\/\/challengeseconomiques.com\/wp-content\/uploads\/2022\/08\/ngozi_official_photo_lg.jpg\",\"contentUrl\":\"https:\/\/challengeseconomiques.com\/wp-content\/uploads\/2022\/08\/ngozi_official_photo_lg.jpg\",\"width\":1200,\"height\":675},{\"@type\":\"BreadcrumbList\",\"@id\":\"https:\/\/challengeseconomiques.com\/?p=4558#breadcrumb\",\"itemListElement\":[{\"@type\":\"ListItem\",\"position\":1,\"name\":\"Home\",\"item\":\"https:\/\/challengeseconomiques.com\/\"},{\"@type\":\"ListItem\",\"position\":2,\"name\":\"Pour commercer entre nous, fabriquons nous-m\u00eames !\"}]},{\"@type\":\"WebSite\",\"@id\":\"https:\/\/challengeseconomiques.com\/#website\",\"url\":\"https:\/\/challengeseconomiques.com\/\",\"name\":\"challenges economiques\",\"description\":\"\",\"potentialAction\":[{\"@type\":\"SearchAction\",\"target\":{\"@type\":\"EntryPoint\",\"urlTemplate\":\"https:\/\/challengeseconomiques.com\/?s={search_term_string}\"},\"query-input\":{\"@type\":\"PropertyValueSpecification\",\"valueRequired\":true,\"valueName\":\"search_term_string\"}}],\"inLanguage\":\"fr-FR\"},{\"@type\":\"Person\",\"@id\":\"https:\/\/challengeseconomiques.com\/#\/schema\/person\/b4568c9afebc5a9238a771873801e349\",\"name\":\"admin\",\"image\":{\"@type\":\"ImageObject\",\"inLanguage\":\"fr-FR\",\"@id\":\"https:\/\/challengeseconomiques.com\/#\/schema\/person\/image\/\",\"url\":\"https:\/\/secure.gravatar.com\/avatar\/099e42240b5eea11acdb72751fcce0dd918603f0749d24974b7984ea47ed9fd9?s=96&d=mm&r=g\",\"contentUrl\":\"https:\/\/secure.gravatar.com\/avatar\/099e42240b5eea11acdb72751fcce0dd918603f0749d24974b7984ea47ed9fd9?s=96&d=mm&r=g\",\"caption\":\"admin\"},\"sameAs\":[\"https:\/\/challengeseconomiques.com\"],\"url\":\"https:\/\/challengeseconomiques.com\/?author=1\"}]}<\/script>\n<!-- \/ Yoast SEO plugin. -->","yoast_head_json":{"title":"Pour commercer entre nous, fabriquons nous-m\u00eames ! - challenges economiques","robots":{"index":"index","follow":"follow","max-snippet":"max-snippet:-1","max-image-preview":"max-image-preview:large","max-video-preview":"max-video-preview:-1"},"canonical":"https:\/\/challengeseconomiques.com\/?p=4558","og_locale":"fr_FR","og_type":"article","og_title":"Pour commercer entre nous, fabriquons nous-m\u00eames ! - challenges economiques","og_description":"De nombreuses menaces p\u00e8sent sur l\u2019ouverture, la libert\u00e9 et l\u2019\u00e9quit\u00e9 du commerce en Afrique, juge Ngozi Okonjo-Iweala, directrice g\u00e9n\u00e9rale de l\u2019Organisation mondiale du commerce. Selon...","og_url":"https:\/\/challengeseconomiques.com\/?p=4558","og_site_name":"challenges economiques","article_published_time":"2023-04-14T10:48:46+00:00","article_modified_time":"2023-04-14T10:55:17+00:00","og_image":[{"width":1200,"height":675,"url":"https:\/\/challengeseconomiques.com\/wp-content\/uploads\/2022\/08\/ngozi_official_photo_lg.jpg","type":"image\/jpeg"}],"author":"admin","twitter_card":"summary_large_image","twitter_misc":{"\u00c9crit par":"admin","Dur\u00e9e de lecture estim\u00e9e":"9 minutes"},"schema":{"@context":"https:\/\/schema.org","@graph":[{"@type":"Article","@id":"https:\/\/challengeseconomiques.com\/?p=4558#article","isPartOf":{"@id":"https:\/\/challengeseconomiques.com\/?p=4558"},"author":{"name":"admin","@id":"https:\/\/challengeseconomiques.com\/#\/schema\/person\/b4568c9afebc5a9238a771873801e349"},"headline":"Pour commercer entre nous, fabriquons nous-m\u00eames !","datePublished":"2023-04-14T10:48:46+00:00","dateModified":"2023-04-14T10:55:17+00:00","mainEntityOfPage":{"@id":"https:\/\/challengeseconomiques.com\/?p=4558"},"wordCount":1840,"image":{"@id":"https:\/\/challengeseconomiques.com\/?p=4558#primaryimage"},"thumbnailUrl":"https:\/\/challengeseconomiques.com\/wp-content\/uploads\/2022\/08\/ngozi_official_photo_lg.jpg","articleSection":["Actualit\u00e9 \u00e9conomique","Infos \u00e9co"],"inLanguage":"fr-FR"},{"@type":"WebPage","@id":"https:\/\/challengeseconomiques.com\/?p=4558","url":"https:\/\/challengeseconomiques.com\/?p=4558","name":"Pour commercer entre nous, fabriquons nous-m\u00eames ! - challenges economiques","isPartOf":{"@id":"https:\/\/challengeseconomiques.com\/#website"},"primaryImageOfPage":{"@id":"https:\/\/challengeseconomiques.com\/?p=4558#primaryimage"},"image":{"@id":"https:\/\/challengeseconomiques.com\/?p=4558#primaryimage"},"thumbnailUrl":"https:\/\/challengeseconomiques.com\/wp-content\/uploads\/2022\/08\/ngozi_official_photo_lg.jpg","datePublished":"2023-04-14T10:48:46+00:00","dateModified":"2023-04-14T10:55:17+00:00","author":{"@id":"https:\/\/challengeseconomiques.com\/#\/schema\/person\/b4568c9afebc5a9238a771873801e349"},"breadcrumb":{"@id":"https:\/\/challengeseconomiques.com\/?p=4558#breadcrumb"},"inLanguage":"fr-FR","potentialAction":[{"@type":"ReadAction","target":["https:\/\/challengeseconomiques.com\/?p=4558"]}]},{"@type":"ImageObject","inLanguage":"fr-FR","@id":"https:\/\/challengeseconomiques.com\/?p=4558#primaryimage","url":"https:\/\/challengeseconomiques.com\/wp-content\/uploads\/2022\/08\/ngozi_official_photo_lg.jpg","contentUrl":"https:\/\/challengeseconomiques.com\/wp-content\/uploads\/2022\/08\/ngozi_official_photo_lg.jpg","width":1200,"height":675},{"@type":"BreadcrumbList","@id":"https:\/\/challengeseconomiques.com\/?p=4558#breadcrumb","itemListElement":[{"@type":"ListItem","position":1,"name":"Home","item":"https:\/\/challengeseconomiques.com\/"},{"@type":"ListItem","position":2,"name":"Pour commercer entre nous, fabriquons nous-m\u00eames !"}]},{"@type":"WebSite","@id":"https:\/\/challengeseconomiques.com\/#website","url":"https:\/\/challengeseconomiques.com\/","name":"challenges economiques","description":"","potentialAction":[{"@type":"SearchAction","target":{"@type":"EntryPoint","urlTemplate":"https:\/\/challengeseconomiques.com\/?s={search_term_string}"},"query-input":{"@type":"PropertyValueSpecification","valueRequired":true,"valueName":"search_term_string"}}],"inLanguage":"fr-FR"},{"@type":"Person","@id":"https:\/\/challengeseconomiques.com\/#\/schema\/person\/b4568c9afebc5a9238a771873801e349","name":"admin","image":{"@type":"ImageObject","inLanguage":"fr-FR","@id":"https:\/\/challengeseconomiques.com\/#\/schema\/person\/image\/","url":"https:\/\/secure.gravatar.com\/avatar\/099e42240b5eea11acdb72751fcce0dd918603f0749d24974b7984ea47ed9fd9?s=96&d=mm&r=g","contentUrl":"https:\/\/secure.gravatar.com\/avatar\/099e42240b5eea11acdb72751fcce0dd918603f0749d24974b7984ea47ed9fd9?s=96&d=mm&r=g","caption":"admin"},"sameAs":["https:\/\/challengeseconomiques.com"],"url":"https:\/\/challengeseconomiques.com\/?author=1"}]}},"jetpack_featured_media_url":"https:\/\/challengeseconomiques.com\/wp-content\/uploads\/2022\/08\/ngozi_official_photo_lg.jpg","jetpack_sharing_enabled":true,"_links":{"self":[{"href":"https:\/\/challengeseconomiques.com\/index.php?rest_route=\/wp\/v2\/posts\/4558","targetHints":{"allow":["GET"]}}],"collection":[{"href":"https:\/\/challengeseconomiques.com\/index.php?rest_route=\/wp\/v2\/posts"}],"about":[{"href":"https:\/\/challengeseconomiques.com\/index.php?rest_route=\/wp\/v2\/types\/post"}],"author":[{"embeddable":true,"href":"https:\/\/challengeseconomiques.com\/index.php?rest_route=\/wp\/v2\/users\/1"}],"replies":[{"embeddable":true,"href":"https:\/\/challengeseconomiques.com\/index.php?rest_route=%2Fwp%2Fv2%2Fcomments&post=4558"}],"version-history":[{"count":2,"href":"https:\/\/challengeseconomiques.com\/index.php?rest_route=\/wp\/v2\/posts\/4558\/revisions"}],"predecessor-version":[{"id":4560,"href":"https:\/\/challengeseconomiques.com\/index.php?rest_route=\/wp\/v2\/posts\/4558\/revisions\/4560"}],"wp:featuredmedia":[{"embeddable":true,"href":"https:\/\/challengeseconomiques.com\/index.php?rest_route=\/wp\/v2\/media\/3877"}],"wp:attachment":[{"href":"https:\/\/challengeseconomiques.com\/index.php?rest_route=%2Fwp%2Fv2%2Fmedia&parent=4558"}],"wp:term":[{"taxonomy":"category","embeddable":true,"href":"https:\/\/challengeseconomiques.com\/index.php?rest_route=%2Fwp%2Fv2%2Fcategories&post=4558"},{"taxonomy":"post_tag","embeddable":true,"href":"https:\/\/challengeseconomiques.com\/index.php?rest_route=%2Fwp%2Fv2%2Ftags&post=4558"}],"curies":[{"name":"wp","href":"https:\/\/api.w.org\/{rel}","templated":true}]}}