{"id":4554,"date":"2023-04-14T10:40:15","date_gmt":"2023-04-14T10:40:15","guid":{"rendered":"https:\/\/challengeseconomiques.com\/?p=4554"},"modified":"2023-04-14T10:41:46","modified_gmt":"2023-04-14T10:41:46","slug":"senegal-le-regulateur-fait-de-litinerance-nationale-une-priorite","status":"publish","type":"post","link":"https:\/\/challengeseconomiques.com\/?p=4554","title":{"rendered":"S\u00e9n\u00e9gal : le r\u00e9gulateur fait de l&rsquo;itin\u00e9rance nationale une priorit\u00e9"},"content":{"rendered":"<p class=\"texte textearticle\"><strong>&nbsp;Le gouvernement s\u00e9n\u00e9galais ambitionne de g\u00e9n\u00e9raliser l\u2019utilisation des TIC \u00e0 toute la population. Pour l\u2019exercice financier 2023, un budget d\u2019environ 180 millions USD a \u00e9t\u00e9 allou\u00e9 au minist\u00e8re de la Communication, des T\u00e9l\u00e9communications et de l\u2019Economie num\u00e9rique pour ses activit\u00e9s.<\/strong><strong>&nbsp;<\/strong><\/p>\n<p class=\"texte textearticle\">L\u2019Autorit\u00e9 de r\u00e9gulation des t\u00e9l\u00e9communications et des postes du S\u00e9n\u00e9gal (ARTP) envisage d\u2019instaurer l\u2019itin\u00e9rance nationale entre les diff\u00e9rents op\u00e9rateurs de t\u00e9l\u00e9phonie mobile afin d\u2019am\u00e9liorer la couverture des services mobiles. Ce projet prioritaire a \u00e9t\u00e9 d\u00e9voil\u00e9 par Abdou Karim Sall (photo), directeur g\u00e9n\u00e9ral de l\u2019organisme de r\u00e9gulation dans un entretien avec <em>l\u2019Agence de presse s\u00e9n\u00e9galaise (APS).<\/em><\/p>\n<p class=\"texte textearticle\">\u00ab\u2009<em>Un client d\u2019un op\u00e9rateur X, qui a un d\u00e9ficit de couverture dans une zone quelconque, doit pouvoir capter le r\u00e9seau de l\u2019op\u00e9rateur pr\u00e9sent dans cette zone, pour faire ses appels t\u00e9l\u00e9phoniques et se connecter \u00e0 Internet<\/em>\u2009\u00bb, a expliqu\u00e9 M.&nbsp;Sall. Il a ajout\u00e9 avoir engag\u00e9 des pourparlers avec les op\u00e9rateurs de t\u00e9l\u00e9phonie mobile \u00e0 cet effet.<\/p>\n<p class=\"texte textearticle\">Cette annonce intervient quelques semaines apr\u00e8s que le pr\u00e9sident Macky Sall a demand\u00e9 au ministre des T\u00e9l\u00e9communications d\u2019engager, \u00ab\u2009<em>dans les meilleurs d\u00e9lais<\/em>\u2009\u00bb, la mise en \u0153uvre d\u2019un plan d\u2019urgence pour acc\u00e9l\u00e9rer la couverture int\u00e9grale du territoire national en r\u00e9seaux de t\u00e9l\u00e9phonie mobile. Le S\u00e9n\u00e9gal a \u00e9galement obtenu un financement de 150 millions de la Banque mondiale pour acc\u00e9l\u00e9rer la transformation num\u00e9rique.<\/p>\n<p class=\"texte textearticle\">L\u2019initiative devrait notamment permettre d\u2019am\u00e9liorer la couverture des services mobiles et de l\u2019Internet au S\u00e9n\u00e9gal. Selon les derni\u00e8res statistiques de l\u2019ARTP, le taux de p\u00e9n\u00e9tration des services mobiles est de 117,73&nbsp;% contre 92,29&nbsp;% pour l\u2019Internet. N\u00e9anmoins, les chiffres r\u00e9els devraient \u00eatre moins importants, car certaines personnes d\u00e9tiennent plusieurs cartes SIM enregistr\u00e9es \u00e0 leur nom.<\/p>\n<p><strong>(Agence Ecofin)<br \/>\n<\/strong><\/p>\n","protected":false},"excerpt":{"rendered":"<p>&nbsp;Le gouvernement s\u00e9n\u00e9galais ambitionne de g\u00e9n\u00e9raliser l\u2019utilisation des TIC \u00e0 toute la population. Pour l\u2019exercice financier 2023, un budget d\u2019environ 180 millions USD a \u00e9t\u00e9&#8230;<\/p>\n","protected":false},"author":1,"featured_media":4555,"comment_status":"closed","ping_status":"open","sticky":false,"template":"","format":"standard","meta":{"_jetpack_memberships_contains_paid_content":false,"footnotes":""},"categories":[23,10],"tags":[],"class_list":["post-4554","post","type-post","status-publish","format-standard","has-post-thumbnail","hentry","category-a-la-une","category-infos-eco","wpcat-23-id","wpcat-10-id"],"yoast_head":"<!-- This site is optimized with the Yoast SEO plugin v27.1.1 - https:\/\/yoast.com\/product\/yoast-seo-wordpress\/ -->\n<title>S\u00e9n\u00e9gal : le r\u00e9gulateur fait de l&#039;itin\u00e9rance nationale une priorit\u00e9 - challenges economiques<\/title>\n<meta name=\"robots\" content=\"index, follow, max-snippet:-1, max-image-preview:large, max-video-preview:-1\" \/>\n<link rel=\"canonical\" href=\"https:\/\/challengeseconomiques.com\/?p=4554\" \/>\n<meta property=\"og:locale\" content=\"fr_FR\" \/>\n<meta property=\"og:type\" content=\"article\" \/>\n<meta property=\"og:title\" content=\"S\u00e9n\u00e9gal : le r\u00e9gulateur fait de l&#039;itin\u00e9rance nationale une priorit\u00e9 - challenges economiques\" \/>\n<meta property=\"og:description\" content=\"&nbsp;Le gouvernement s\u00e9n\u00e9galais ambitionne de g\u00e9n\u00e9raliser l\u2019utilisation des TIC \u00e0 toute la population. Pour l\u2019exercice financier 2023, un budget d\u2019environ 180 millions USD a \u00e9t\u00e9...\" \/>\n<meta property=\"og:url\" content=\"https:\/\/challengeseconomiques.com\/?p=4554\" \/>\n<meta property=\"og:site_name\" content=\"challenges economiques\" \/>\n<meta property=\"article:published_time\" content=\"2023-04-14T10:40:15+00:00\" \/>\n<meta property=\"article:modified_time\" content=\"2023-04-14T10:41:46+00:00\" \/>\n<meta property=\"og:image\" content=\"https:\/\/challengeseconomiques.com\/wp-content\/uploads\/2023\/04\/aksallDGARTP.jpg\" \/>\n\t<meta property=\"og:image:width\" content=\"1620\" \/>\n\t<meta property=\"og:image:height\" content=\"925\" \/>\n\t<meta property=\"og:image:type\" content=\"image\/jpeg\" \/>\n<meta name=\"author\" content=\"admin\" \/>\n<meta name=\"twitter:card\" content=\"summary_large_image\" \/>\n<meta name=\"twitter:label1\" content=\"\u00c9crit par\" \/>\n\t<meta name=\"twitter:data1\" content=\"admin\" \/>\n\t<meta name=\"twitter:label2\" content=\"Dur\u00e9e de lecture estim\u00e9e\" \/>\n\t<meta name=\"twitter:data2\" content=\"2 minutes\" \/>\n<script type=\"application\/ld+json\" class=\"yoast-schema-graph\">{\"@context\":\"https:\/\/schema.org\",\"@graph\":[{\"@type\":\"Article\",\"@id\":\"https:\/\/challengeseconomiques.com\/?p=4554#article\",\"isPartOf\":{\"@id\":\"https:\/\/challengeseconomiques.com\/?p=4554\"},\"author\":{\"name\":\"admin\",\"@id\":\"https:\/\/challengeseconomiques.com\/#\/schema\/person\/b4568c9afebc5a9238a771873801e349\"},\"headline\":\"S\u00e9n\u00e9gal : le r\u00e9gulateur fait de l&rsquo;itin\u00e9rance nationale une priorit\u00e9\",\"datePublished\":\"2023-04-14T10:40:15+00:00\",\"dateModified\":\"2023-04-14T10:41:46+00:00\",\"mainEntityOfPage\":{\"@id\":\"https:\/\/challengeseconomiques.com\/?p=4554\"},\"wordCount\":360,\"image\":{\"@id\":\"https:\/\/challengeseconomiques.com\/?p=4554#primaryimage\"},\"thumbnailUrl\":\"https:\/\/challengeseconomiques.com\/wp-content\/uploads\/2023\/04\/aksallDGARTP.jpg\",\"articleSection\":[\"A la une\",\"Infos \u00e9co\"],\"inLanguage\":\"fr-FR\"},{\"@type\":\"WebPage\",\"@id\":\"https:\/\/challengeseconomiques.com\/?p=4554\",\"url\":\"https:\/\/challengeseconomiques.com\/?p=4554\",\"name\":\"S\u00e9n\u00e9gal : le r\u00e9gulateur fait de l'itin\u00e9rance nationale une priorit\u00e9 - challenges economiques\",\"isPartOf\":{\"@id\":\"https:\/\/challengeseconomiques.com\/#website\"},\"primaryImageOfPage\":{\"@id\":\"https:\/\/challengeseconomiques.com\/?p=4554#primaryimage\"},\"image\":{\"@id\":\"https:\/\/challengeseconomiques.com\/?p=4554#primaryimage\"},\"thumbnailUrl\":\"https:\/\/challengeseconomiques.com\/wp-content\/uploads\/2023\/04\/aksallDGARTP.jpg\",\"datePublished\":\"2023-04-14T10:40:15+00:00\",\"dateModified\":\"2023-04-14T10:41:46+00:00\",\"author\":{\"@id\":\"https:\/\/challengeseconomiques.com\/#\/schema\/person\/b4568c9afebc5a9238a771873801e349\"},\"breadcrumb\":{\"@id\":\"https:\/\/challengeseconomiques.com\/?p=4554#breadcrumb\"},\"inLanguage\":\"fr-FR\",\"potentialAction\":[{\"@type\":\"ReadAction\",\"target\":[\"https:\/\/challengeseconomiques.com\/?p=4554\"]}]},{\"@type\":\"ImageObject\",\"inLanguage\":\"fr-FR\",\"@id\":\"https:\/\/challengeseconomiques.com\/?p=4554#primaryimage\",\"url\":\"https:\/\/challengeseconomiques.com\/wp-content\/uploads\/2023\/04\/aksallDGARTP.jpg\",\"contentUrl\":\"https:\/\/challengeseconomiques.com\/wp-content\/uploads\/2023\/04\/aksallDGARTP.jpg\",\"width\":1620,\"height\":925},{\"@type\":\"BreadcrumbList\",\"@id\":\"https:\/\/challengeseconomiques.com\/?p=4554#breadcrumb\",\"itemListElement\":[{\"@type\":\"ListItem\",\"position\":1,\"name\":\"Home\",\"item\":\"https:\/\/challengeseconomiques.com\/\"},{\"@type\":\"ListItem\",\"position\":2,\"name\":\"S\u00e9n\u00e9gal : le r\u00e9gulateur fait de l&rsquo;itin\u00e9rance nationale une priorit\u00e9\"}]},{\"@type\":\"WebSite\",\"@id\":\"https:\/\/challengeseconomiques.com\/#website\",\"url\":\"https:\/\/challengeseconomiques.com\/\",\"name\":\"challenges economiques\",\"description\":\"\",\"potentialAction\":[{\"@type\":\"SearchAction\",\"target\":{\"@type\":\"EntryPoint\",\"urlTemplate\":\"https:\/\/challengeseconomiques.com\/?s={search_term_string}\"},\"query-input\":{\"@type\":\"PropertyValueSpecification\",\"valueRequired\":true,\"valueName\":\"search_term_string\"}}],\"inLanguage\":\"fr-FR\"},{\"@type\":\"Person\",\"@id\":\"https:\/\/challengeseconomiques.com\/#\/schema\/person\/b4568c9afebc5a9238a771873801e349\",\"name\":\"admin\",\"image\":{\"@type\":\"ImageObject\",\"inLanguage\":\"fr-FR\",\"@id\":\"https:\/\/challengeseconomiques.com\/#\/schema\/person\/image\/\",\"url\":\"https:\/\/secure.gravatar.com\/avatar\/099e42240b5eea11acdb72751fcce0dd918603f0749d24974b7984ea47ed9fd9?s=96&d=mm&r=g\",\"contentUrl\":\"https:\/\/secure.gravatar.com\/avatar\/099e42240b5eea11acdb72751fcce0dd918603f0749d24974b7984ea47ed9fd9?s=96&d=mm&r=g\",\"caption\":\"admin\"},\"sameAs\":[\"https:\/\/challengeseconomiques.com\"],\"url\":\"https:\/\/challengeseconomiques.com\/?author=1\"}]}<\/script>\n<!-- \/ Yoast SEO plugin. -->","yoast_head_json":{"title":"S\u00e9n\u00e9gal : le r\u00e9gulateur fait de l'itin\u00e9rance nationale une priorit\u00e9 - challenges economiques","robots":{"index":"index","follow":"follow","max-snippet":"max-snippet:-1","max-image-preview":"max-image-preview:large","max-video-preview":"max-video-preview:-1"},"canonical":"https:\/\/challengeseconomiques.com\/?p=4554","og_locale":"fr_FR","og_type":"article","og_title":"S\u00e9n\u00e9gal : le r\u00e9gulateur fait de l'itin\u00e9rance nationale une priorit\u00e9 - challenges economiques","og_description":"&nbsp;Le gouvernement s\u00e9n\u00e9galais ambitionne de g\u00e9n\u00e9raliser l\u2019utilisation des TIC \u00e0 toute la population. Pour l\u2019exercice financier 2023, un budget d\u2019environ 180 millions USD a \u00e9t\u00e9...","og_url":"https:\/\/challengeseconomiques.com\/?p=4554","og_site_name":"challenges economiques","article_published_time":"2023-04-14T10:40:15+00:00","article_modified_time":"2023-04-14T10:41:46+00:00","og_image":[{"width":1620,"height":925,"url":"https:\/\/challengeseconomiques.com\/wp-content\/uploads\/2023\/04\/aksallDGARTP.jpg","type":"image\/jpeg"}],"author":"admin","twitter_card":"summary_large_image","twitter_misc":{"\u00c9crit par":"admin","Dur\u00e9e de lecture estim\u00e9e":"2 minutes"},"schema":{"@context":"https:\/\/schema.org","@graph":[{"@type":"Article","@id":"https:\/\/challengeseconomiques.com\/?p=4554#article","isPartOf":{"@id":"https:\/\/challengeseconomiques.com\/?p=4554"},"author":{"name":"admin","@id":"https:\/\/challengeseconomiques.com\/#\/schema\/person\/b4568c9afebc5a9238a771873801e349"},"headline":"S\u00e9n\u00e9gal : le r\u00e9gulateur fait de l&rsquo;itin\u00e9rance nationale une priorit\u00e9","datePublished":"2023-04-14T10:40:15+00:00","dateModified":"2023-04-14T10:41:46+00:00","mainEntityOfPage":{"@id":"https:\/\/challengeseconomiques.com\/?p=4554"},"wordCount":360,"image":{"@id":"https:\/\/challengeseconomiques.com\/?p=4554#primaryimage"},"thumbnailUrl":"https:\/\/challengeseconomiques.com\/wp-content\/uploads\/2023\/04\/aksallDGARTP.jpg","articleSection":["A la une","Infos \u00e9co"],"inLanguage":"fr-FR"},{"@type":"WebPage","@id":"https:\/\/challengeseconomiques.com\/?p=4554","url":"https:\/\/challengeseconomiques.com\/?p=4554","name":"S\u00e9n\u00e9gal : le r\u00e9gulateur fait de l'itin\u00e9rance nationale une priorit\u00e9 - challenges economiques","isPartOf":{"@id":"https:\/\/challengeseconomiques.com\/#website"},"primaryImageOfPage":{"@id":"https:\/\/challengeseconomiques.com\/?p=4554#primaryimage"},"image":{"@id":"https:\/\/challengeseconomiques.com\/?p=4554#primaryimage"},"thumbnailUrl":"https:\/\/challengeseconomiques.com\/wp-content\/uploads\/2023\/04\/aksallDGARTP.jpg","datePublished":"2023-04-14T10:40:15+00:00","dateModified":"2023-04-14T10:41:46+00:00","author":{"@id":"https:\/\/challengeseconomiques.com\/#\/schema\/person\/b4568c9afebc5a9238a771873801e349"},"breadcrumb":{"@id":"https:\/\/challengeseconomiques.com\/?p=4554#breadcrumb"},"inLanguage":"fr-FR","potentialAction":[{"@type":"ReadAction","target":["https:\/\/challengeseconomiques.com\/?p=4554"]}]},{"@type":"ImageObject","inLanguage":"fr-FR","@id":"https:\/\/challengeseconomiques.com\/?p=4554#primaryimage","url":"https:\/\/challengeseconomiques.com\/wp-content\/uploads\/2023\/04\/aksallDGARTP.jpg","contentUrl":"https:\/\/challengeseconomiques.com\/wp-content\/uploads\/2023\/04\/aksallDGARTP.jpg","width":1620,"height":925},{"@type":"BreadcrumbList","@id":"https:\/\/challengeseconomiques.com\/?p=4554#breadcrumb","itemListElement":[{"@type":"ListItem","position":1,"name":"Home","item":"https:\/\/challengeseconomiques.com\/"},{"@type":"ListItem","position":2,"name":"S\u00e9n\u00e9gal : le r\u00e9gulateur fait de l&rsquo;itin\u00e9rance nationale une priorit\u00e9"}]},{"@type":"WebSite","@id":"https:\/\/challengeseconomiques.com\/#website","url":"https:\/\/challengeseconomiques.com\/","name":"challenges economiques","description":"","potentialAction":[{"@type":"SearchAction","target":{"@type":"EntryPoint","urlTemplate":"https:\/\/challengeseconomiques.com\/?s={search_term_string}"},"query-input":{"@type":"PropertyValueSpecification","valueRequired":true,"valueName":"search_term_string"}}],"inLanguage":"fr-FR"},{"@type":"Person","@id":"https:\/\/challengeseconomiques.com\/#\/schema\/person\/b4568c9afebc5a9238a771873801e349","name":"admin","image":{"@type":"ImageObject","inLanguage":"fr-FR","@id":"https:\/\/challengeseconomiques.com\/#\/schema\/person\/image\/","url":"https:\/\/secure.gravatar.com\/avatar\/099e42240b5eea11acdb72751fcce0dd918603f0749d24974b7984ea47ed9fd9?s=96&d=mm&r=g","contentUrl":"https:\/\/secure.gravatar.com\/avatar\/099e42240b5eea11acdb72751fcce0dd918603f0749d24974b7984ea47ed9fd9?s=96&d=mm&r=g","caption":"admin"},"sameAs":["https:\/\/challengeseconomiques.com"],"url":"https:\/\/challengeseconomiques.com\/?author=1"}]}},"jetpack_featured_media_url":"https:\/\/challengeseconomiques.com\/wp-content\/uploads\/2023\/04\/aksallDGARTP.jpg","jetpack_sharing_enabled":true,"_links":{"self":[{"href":"https:\/\/challengeseconomiques.com\/index.php?rest_route=\/wp\/v2\/posts\/4554","targetHints":{"allow":["GET"]}}],"collection":[{"href":"https:\/\/challengeseconomiques.com\/index.php?rest_route=\/wp\/v2\/posts"}],"about":[{"href":"https:\/\/challengeseconomiques.com\/index.php?rest_route=\/wp\/v2\/types\/post"}],"author":[{"embeddable":true,"href":"https:\/\/challengeseconomiques.com\/index.php?rest_route=\/wp\/v2\/users\/1"}],"replies":[{"embeddable":true,"href":"https:\/\/challengeseconomiques.com\/index.php?rest_route=%2Fwp%2Fv2%2Fcomments&post=4554"}],"version-history":[{"count":2,"href":"https:\/\/challengeseconomiques.com\/index.php?rest_route=\/wp\/v2\/posts\/4554\/revisions"}],"predecessor-version":[{"id":4557,"href":"https:\/\/challengeseconomiques.com\/index.php?rest_route=\/wp\/v2\/posts\/4554\/revisions\/4557"}],"wp:featuredmedia":[{"embeddable":true,"href":"https:\/\/challengeseconomiques.com\/index.php?rest_route=\/wp\/v2\/media\/4555"}],"wp:attachment":[{"href":"https:\/\/challengeseconomiques.com\/index.php?rest_route=%2Fwp%2Fv2%2Fmedia&parent=4554"}],"wp:term":[{"taxonomy":"category","embeddable":true,"href":"https:\/\/challengeseconomiques.com\/index.php?rest_route=%2Fwp%2Fv2%2Fcategories&post=4554"},{"taxonomy":"post_tag","embeddable":true,"href":"https:\/\/challengeseconomiques.com\/index.php?rest_route=%2Fwp%2Fv2%2Ftags&post=4554"}],"curies":[{"name":"wp","href":"https:\/\/api.w.org\/{rel}","templated":true}]}}