{"id":4549,"date":"2023-04-13T13:33:05","date_gmt":"2023-04-13T13:33:05","guid":{"rendered":"https:\/\/challengeseconomiques.com\/?p=4549"},"modified":"2023-04-13T13:33:55","modified_gmt":"2023-04-13T13:33:55","slug":"afreximbank-tiendra-ses-30e-assemblees-annuelles-a-accra-au-ghana-du-18-au-21-juin-2023","status":"publish","type":"post","link":"https:\/\/challengeseconomiques.com\/?p=4549","title":{"rendered":"Afreximbank tiendra ses 30e Assembl\u00e9es Annuelles \u00e0 Accra, au Ghana, du 18 au 21 juin 2023"},"content":{"rendered":"<p><strong>Les 30<sup>e<\/sup>&nbsp;Assembl\u00e9es annuelles de la Banque africaine d\u2019Import-Export (Afreximbank) se tiendront \u00e0 Accra, au Ghana, du 18 au 21 juin 2023. L\u2019\u00e9v\u00e9nement marquera le temps fort des c\u00e9l\u00e9brations du 30<sup>e<\/sup>&nbsp;anniversaire de la Banque qui se d\u00e9rouleront tout au long de l\u2019ann\u00e9e, sous le th\u00e8me \u00ab&nbsp;Concr\u00e9tiser la vision. Cr\u00e9er la prosp\u00e9rit\u00e9 pour les Africains. <em>\u00bb<\/em><\/strong><\/p>\n<p>Les 30<sup>e<\/sup>&nbsp;Assembl\u00e9es annuelles d\u2019Afreximbank et les c\u00e9l\u00e9brations du 30<sup>e<\/sup>&nbsp;anniversaire r\u00e9uniront des milliers de personnes, dont des dirigeants et de hauts responsables africains et carib\u00e9ens, des d\u00e9cideurs politiques venus d\u2019Afrique, des Cara\u00efbes et d\u2019ailleurs,&nbsp;des chefs d\u2019entreprise, des banquiers, des universitaires et autres personnalit\u00e9s. L\u2019\u00e9v\u00e8nement comprendra l\u2019Assembl\u00e9e g\u00e9n\u00e9rale annuelle des actionnaires et un vaste programme de s\u00e9minaires, incluant des s\u00e9ances pl\u00e9ni\u00e8res et des \u00e9v\u00e9nements parall\u00e8les.<\/p>\n<p>\u00ab&nbsp;Nous remercions Son Excellence, le Pr\u00e9sident Nana Addo Dankwa Akufo-Addo et son gouvernement d\u2019avoir gracieusement accept\u00e9 d\u2019accueillir les 30<sup>e<\/sup>&nbsp;Assembl\u00e9es annuelles d\u2019Afreximbank. Il y a trente ans, les p\u00e8res fondateurs d\u2019Afreximbank lan\u00e7aient une initiative audacieuse pour les Africains. Le travail acharn\u00e9 des trois derni\u00e8res d\u00e9cennies, dans la poursuite de cette vision, a fa\u00e7onn\u00e9 ce qu\u2019Afreximbank est devenue aujourd\u2019hui. Les \u00c9tats membres, les clients et les partenaires, la communaut\u00e9 des affaires et du commerce international, tous ceux qui, en Afrique et dans la diaspora, \u0153uvrent pour la prosp\u00e9rit\u00e9 des Africains sont invit\u00e9s \u00e0 se joindre \u00e0 nous \u00e0 Accra pour c\u00e9l\u00e9brer les r\u00e9alisations de la Banque et se pencher sur son avenir dans un monde de plus en plus tumultueux,&nbsp;\u00bb a d\u00e9clar\u00e9 le <strong>Professeur Benedict Oramah, Pr\u00e9sident d\u2019Afreximbank et de son Conseil d\u2019administration<\/strong>.<\/p>\n<p>Les Assembl\u00e9es annuelles d\u2019Afreximbank sont ouvertes \u00e0 toutes les personnes int\u00e9ress\u00e9es et\/ou actives dans la promotion du commerce africain et qui soutiennent le d\u00e9veloppement socio-\u00e9conomique des africains.<\/p>\n<p>Le Ministre ghan\u00e9en des Finances, M. Ken Ofori-Atta, a soulign\u00e9 qu\u2019 \u00ab&nbsp;Il est tout \u00e0 fait indiqu\u00e9 que la comm\u00e9moration de ce tournant importante pour la principale institution de financement du commerce en Afrique soit organis\u00e9e conjointement par les h\u00f4tes du Secr\u00e9tariat de la ZLECAf, le gouvernement et le peuple ghan\u00e9ens, qui sont les porte-flambeaux d\u00e9termin\u00e9s de la qu\u00eate de l\u2019Afrique pour le d\u00e9veloppement du commerce et l\u2019int\u00e9gration.&nbsp;Il s\u2019agit d\u2019une nouvelle occasion d\u2019approfondir la coop\u00e9ration et de trouver des solutions africaines aux d\u00e9fis de l\u2019Afrique.&nbsp;\u00bb<\/p>\n<p><strong>Afrieximbank<\/strong><\/p>\n","protected":false},"excerpt":{"rendered":"<p>Les 30e&nbsp;Assembl\u00e9es annuelles de la Banque africaine d\u2019Import-Export (Afreximbank) se tiendront \u00e0 Accra, au Ghana, du 18 au 21 juin 2023. L\u2019\u00e9v\u00e9nement marquera le temps&#8230;<\/p>\n","protected":false},"author":1,"featured_media":4552,"comment_status":"closed","ping_status":"open","sticky":false,"template":"","format":"standard","meta":{"_jetpack_memberships_contains_paid_content":false,"footnotes":""},"categories":[8,10],"tags":[],"class_list":["post-4549","post","type-post","status-publish","format-standard","has-post-thumbnail","hentry","category-actualite-economique","category-infos-eco","wpcat-8-id","wpcat-10-id"],"yoast_head":"<!-- This site is optimized with the Yoast SEO plugin v27.1.1 - https:\/\/yoast.com\/product\/yoast-seo-wordpress\/ -->\n<title>Afreximbank tiendra ses 30e Assembl\u00e9es Annuelles \u00e0 Accra, au Ghana, du 18 au 21 juin 2023 - challenges economiques<\/title>\n<meta name=\"robots\" content=\"index, follow, max-snippet:-1, max-image-preview:large, max-video-preview:-1\" \/>\n<link rel=\"canonical\" href=\"https:\/\/challengeseconomiques.com\/?p=4549\" \/>\n<meta property=\"og:locale\" content=\"fr_FR\" \/>\n<meta property=\"og:type\" content=\"article\" \/>\n<meta property=\"og:title\" content=\"Afreximbank tiendra ses 30e Assembl\u00e9es Annuelles \u00e0 Accra, au Ghana, du 18 au 21 juin 2023 - challenges economiques\" \/>\n<meta property=\"og:description\" content=\"Les 30e&nbsp;Assembl\u00e9es annuelles de la Banque africaine d\u2019Import-Export (Afreximbank) se tiendront \u00e0 Accra, au Ghana, du 18 au 21 juin 2023. L\u2019\u00e9v\u00e9nement marquera le temps...\" \/>\n<meta property=\"og:url\" content=\"https:\/\/challengeseconomiques.com\/?p=4549\" \/>\n<meta property=\"og:site_name\" content=\"challenges economiques\" \/>\n<meta property=\"article:published_time\" content=\"2023-04-13T13:33:05+00:00\" \/>\n<meta property=\"article:modified_time\" content=\"2023-04-13T13:33:55+00:00\" \/>\n<meta property=\"og:image\" content=\"https:\/\/challengeseconomiques.com\/wp-content\/uploads\/2023\/04\/Afreximbank-HQ-1.jpg\" \/>\n\t<meta property=\"og:image:width\" content=\"755\" \/>\n\t<meta property=\"og:image:height\" content=\"600\" \/>\n\t<meta property=\"og:image:type\" content=\"image\/jpeg\" \/>\n<meta name=\"author\" content=\"admin\" \/>\n<meta name=\"twitter:card\" content=\"summary_large_image\" \/>\n<meta name=\"twitter:label1\" content=\"\u00c9crit par\" \/>\n\t<meta name=\"twitter:data1\" content=\"admin\" \/>\n\t<meta name=\"twitter:label2\" content=\"Dur\u00e9e de lecture estim\u00e9e\" \/>\n\t<meta name=\"twitter:data2\" content=\"2 minutes\" \/>\n<script type=\"application\/ld+json\" class=\"yoast-schema-graph\">{\"@context\":\"https:\/\/schema.org\",\"@graph\":[{\"@type\":\"Article\",\"@id\":\"https:\/\/challengeseconomiques.com\/?p=4549#article\",\"isPartOf\":{\"@id\":\"https:\/\/challengeseconomiques.com\/?p=4549\"},\"author\":{\"name\":\"admin\",\"@id\":\"https:\/\/challengeseconomiques.com\/#\/schema\/person\/b4568c9afebc5a9238a771873801e349\"},\"headline\":\"Afreximbank tiendra ses 30e Assembl\u00e9es Annuelles \u00e0 Accra, au Ghana, du 18 au 21 juin 2023\",\"datePublished\":\"2023-04-13T13:33:05+00:00\",\"dateModified\":\"2023-04-13T13:33:55+00:00\",\"mainEntityOfPage\":{\"@id\":\"https:\/\/challengeseconomiques.com\/?p=4549\"},\"wordCount\":468,\"image\":{\"@id\":\"https:\/\/challengeseconomiques.com\/?p=4549#primaryimage\"},\"thumbnailUrl\":\"https:\/\/challengeseconomiques.com\/wp-content\/uploads\/2023\/04\/Afreximbank-HQ-1.jpg\",\"articleSection\":[\"Actualit\u00e9 \u00e9conomique\",\"Infos \u00e9co\"],\"inLanguage\":\"fr-FR\"},{\"@type\":\"WebPage\",\"@id\":\"https:\/\/challengeseconomiques.com\/?p=4549\",\"url\":\"https:\/\/challengeseconomiques.com\/?p=4549\",\"name\":\"Afreximbank tiendra ses 30e Assembl\u00e9es Annuelles \u00e0 Accra, au Ghana, du 18 au 21 juin 2023 - challenges economiques\",\"isPartOf\":{\"@id\":\"https:\/\/challengeseconomiques.com\/#website\"},\"primaryImageOfPage\":{\"@id\":\"https:\/\/challengeseconomiques.com\/?p=4549#primaryimage\"},\"image\":{\"@id\":\"https:\/\/challengeseconomiques.com\/?p=4549#primaryimage\"},\"thumbnailUrl\":\"https:\/\/challengeseconomiques.com\/wp-content\/uploads\/2023\/04\/Afreximbank-HQ-1.jpg\",\"datePublished\":\"2023-04-13T13:33:05+00:00\",\"dateModified\":\"2023-04-13T13:33:55+00:00\",\"author\":{\"@id\":\"https:\/\/challengeseconomiques.com\/#\/schema\/person\/b4568c9afebc5a9238a771873801e349\"},\"breadcrumb\":{\"@id\":\"https:\/\/challengeseconomiques.com\/?p=4549#breadcrumb\"},\"inLanguage\":\"fr-FR\",\"potentialAction\":[{\"@type\":\"ReadAction\",\"target\":[\"https:\/\/challengeseconomiques.com\/?p=4549\"]}]},{\"@type\":\"ImageObject\",\"inLanguage\":\"fr-FR\",\"@id\":\"https:\/\/challengeseconomiques.com\/?p=4549#primaryimage\",\"url\":\"https:\/\/challengeseconomiques.com\/wp-content\/uploads\/2023\/04\/Afreximbank-HQ-1.jpg\",\"contentUrl\":\"https:\/\/challengeseconomiques.com\/wp-content\/uploads\/2023\/04\/Afreximbank-HQ-1.jpg\",\"width\":755,\"height\":600,\"caption\":\"????????????????????????????????????\"},{\"@type\":\"BreadcrumbList\",\"@id\":\"https:\/\/challengeseconomiques.com\/?p=4549#breadcrumb\",\"itemListElement\":[{\"@type\":\"ListItem\",\"position\":1,\"name\":\"Home\",\"item\":\"https:\/\/challengeseconomiques.com\/\"},{\"@type\":\"ListItem\",\"position\":2,\"name\":\"Afreximbank tiendra ses 30e Assembl\u00e9es Annuelles \u00e0 Accra, au Ghana, du 18 au 21 juin 2023\"}]},{\"@type\":\"WebSite\",\"@id\":\"https:\/\/challengeseconomiques.com\/#website\",\"url\":\"https:\/\/challengeseconomiques.com\/\",\"name\":\"challenges economiques\",\"description\":\"\",\"potentialAction\":[{\"@type\":\"SearchAction\",\"target\":{\"@type\":\"EntryPoint\",\"urlTemplate\":\"https:\/\/challengeseconomiques.com\/?s={search_term_string}\"},\"query-input\":{\"@type\":\"PropertyValueSpecification\",\"valueRequired\":true,\"valueName\":\"search_term_string\"}}],\"inLanguage\":\"fr-FR\"},{\"@type\":\"Person\",\"@id\":\"https:\/\/challengeseconomiques.com\/#\/schema\/person\/b4568c9afebc5a9238a771873801e349\",\"name\":\"admin\",\"image\":{\"@type\":\"ImageObject\",\"inLanguage\":\"fr-FR\",\"@id\":\"https:\/\/challengeseconomiques.com\/#\/schema\/person\/image\/\",\"url\":\"https:\/\/secure.gravatar.com\/avatar\/099e42240b5eea11acdb72751fcce0dd918603f0749d24974b7984ea47ed9fd9?s=96&d=mm&r=g\",\"contentUrl\":\"https:\/\/secure.gravatar.com\/avatar\/099e42240b5eea11acdb72751fcce0dd918603f0749d24974b7984ea47ed9fd9?s=96&d=mm&r=g\",\"caption\":\"admin\"},\"sameAs\":[\"https:\/\/challengeseconomiques.com\"],\"url\":\"https:\/\/challengeseconomiques.com\/?author=1\"}]}<\/script>\n<!-- \/ Yoast SEO plugin. -->","yoast_head_json":{"title":"Afreximbank tiendra ses 30e Assembl\u00e9es Annuelles \u00e0 Accra, au Ghana, du 18 au 21 juin 2023 - challenges economiques","robots":{"index":"index","follow":"follow","max-snippet":"max-snippet:-1","max-image-preview":"max-image-preview:large","max-video-preview":"max-video-preview:-1"},"canonical":"https:\/\/challengeseconomiques.com\/?p=4549","og_locale":"fr_FR","og_type":"article","og_title":"Afreximbank tiendra ses 30e Assembl\u00e9es Annuelles \u00e0 Accra, au Ghana, du 18 au 21 juin 2023 - challenges economiques","og_description":"Les 30e&nbsp;Assembl\u00e9es annuelles de la Banque africaine d\u2019Import-Export (Afreximbank) se tiendront \u00e0 Accra, au Ghana, du 18 au 21 juin 2023. L\u2019\u00e9v\u00e9nement marquera le temps...","og_url":"https:\/\/challengeseconomiques.com\/?p=4549","og_site_name":"challenges economiques","article_published_time":"2023-04-13T13:33:05+00:00","article_modified_time":"2023-04-13T13:33:55+00:00","og_image":[{"width":755,"height":600,"url":"https:\/\/challengeseconomiques.com\/wp-content\/uploads\/2023\/04\/Afreximbank-HQ-1.jpg","type":"image\/jpeg"}],"author":"admin","twitter_card":"summary_large_image","twitter_misc":{"\u00c9crit par":"admin","Dur\u00e9e de lecture estim\u00e9e":"2 minutes"},"schema":{"@context":"https:\/\/schema.org","@graph":[{"@type":"Article","@id":"https:\/\/challengeseconomiques.com\/?p=4549#article","isPartOf":{"@id":"https:\/\/challengeseconomiques.com\/?p=4549"},"author":{"name":"admin","@id":"https:\/\/challengeseconomiques.com\/#\/schema\/person\/b4568c9afebc5a9238a771873801e349"},"headline":"Afreximbank tiendra ses 30e Assembl\u00e9es Annuelles \u00e0 Accra, au Ghana, du 18 au 21 juin 2023","datePublished":"2023-04-13T13:33:05+00:00","dateModified":"2023-04-13T13:33:55+00:00","mainEntityOfPage":{"@id":"https:\/\/challengeseconomiques.com\/?p=4549"},"wordCount":468,"image":{"@id":"https:\/\/challengeseconomiques.com\/?p=4549#primaryimage"},"thumbnailUrl":"https:\/\/challengeseconomiques.com\/wp-content\/uploads\/2023\/04\/Afreximbank-HQ-1.jpg","articleSection":["Actualit\u00e9 \u00e9conomique","Infos \u00e9co"],"inLanguage":"fr-FR"},{"@type":"WebPage","@id":"https:\/\/challengeseconomiques.com\/?p=4549","url":"https:\/\/challengeseconomiques.com\/?p=4549","name":"Afreximbank tiendra ses 30e Assembl\u00e9es Annuelles \u00e0 Accra, au Ghana, du 18 au 21 juin 2023 - challenges economiques","isPartOf":{"@id":"https:\/\/challengeseconomiques.com\/#website"},"primaryImageOfPage":{"@id":"https:\/\/challengeseconomiques.com\/?p=4549#primaryimage"},"image":{"@id":"https:\/\/challengeseconomiques.com\/?p=4549#primaryimage"},"thumbnailUrl":"https:\/\/challengeseconomiques.com\/wp-content\/uploads\/2023\/04\/Afreximbank-HQ-1.jpg","datePublished":"2023-04-13T13:33:05+00:00","dateModified":"2023-04-13T13:33:55+00:00","author":{"@id":"https:\/\/challengeseconomiques.com\/#\/schema\/person\/b4568c9afebc5a9238a771873801e349"},"breadcrumb":{"@id":"https:\/\/challengeseconomiques.com\/?p=4549#breadcrumb"},"inLanguage":"fr-FR","potentialAction":[{"@type":"ReadAction","target":["https:\/\/challengeseconomiques.com\/?p=4549"]}]},{"@type":"ImageObject","inLanguage":"fr-FR","@id":"https:\/\/challengeseconomiques.com\/?p=4549#primaryimage","url":"https:\/\/challengeseconomiques.com\/wp-content\/uploads\/2023\/04\/Afreximbank-HQ-1.jpg","contentUrl":"https:\/\/challengeseconomiques.com\/wp-content\/uploads\/2023\/04\/Afreximbank-HQ-1.jpg","width":755,"height":600,"caption":"????????????????????????????????????"},{"@type":"BreadcrumbList","@id":"https:\/\/challengeseconomiques.com\/?p=4549#breadcrumb","itemListElement":[{"@type":"ListItem","position":1,"name":"Home","item":"https:\/\/challengeseconomiques.com\/"},{"@type":"ListItem","position":2,"name":"Afreximbank tiendra ses 30e Assembl\u00e9es Annuelles \u00e0 Accra, au Ghana, du 18 au 21 juin 2023"}]},{"@type":"WebSite","@id":"https:\/\/challengeseconomiques.com\/#website","url":"https:\/\/challengeseconomiques.com\/","name":"challenges economiques","description":"","potentialAction":[{"@type":"SearchAction","target":{"@type":"EntryPoint","urlTemplate":"https:\/\/challengeseconomiques.com\/?s={search_term_string}"},"query-input":{"@type":"PropertyValueSpecification","valueRequired":true,"valueName":"search_term_string"}}],"inLanguage":"fr-FR"},{"@type":"Person","@id":"https:\/\/challengeseconomiques.com\/#\/schema\/person\/b4568c9afebc5a9238a771873801e349","name":"admin","image":{"@type":"ImageObject","inLanguage":"fr-FR","@id":"https:\/\/challengeseconomiques.com\/#\/schema\/person\/image\/","url":"https:\/\/secure.gravatar.com\/avatar\/099e42240b5eea11acdb72751fcce0dd918603f0749d24974b7984ea47ed9fd9?s=96&d=mm&r=g","contentUrl":"https:\/\/secure.gravatar.com\/avatar\/099e42240b5eea11acdb72751fcce0dd918603f0749d24974b7984ea47ed9fd9?s=96&d=mm&r=g","caption":"admin"},"sameAs":["https:\/\/challengeseconomiques.com"],"url":"https:\/\/challengeseconomiques.com\/?author=1"}]}},"jetpack_featured_media_url":"https:\/\/challengeseconomiques.com\/wp-content\/uploads\/2023\/04\/Afreximbank-HQ-1.jpg","jetpack_sharing_enabled":true,"_links":{"self":[{"href":"https:\/\/challengeseconomiques.com\/index.php?rest_route=\/wp\/v2\/posts\/4549","targetHints":{"allow":["GET"]}}],"collection":[{"href":"https:\/\/challengeseconomiques.com\/index.php?rest_route=\/wp\/v2\/posts"}],"about":[{"href":"https:\/\/challengeseconomiques.com\/index.php?rest_route=\/wp\/v2\/types\/post"}],"author":[{"embeddable":true,"href":"https:\/\/challengeseconomiques.com\/index.php?rest_route=\/wp\/v2\/users\/1"}],"replies":[{"embeddable":true,"href":"https:\/\/challengeseconomiques.com\/index.php?rest_route=%2Fwp%2Fv2%2Fcomments&post=4549"}],"version-history":[{"count":2,"href":"https:\/\/challengeseconomiques.com\/index.php?rest_route=\/wp\/v2\/posts\/4549\/revisions"}],"predecessor-version":[{"id":4553,"href":"https:\/\/challengeseconomiques.com\/index.php?rest_route=\/wp\/v2\/posts\/4549\/revisions\/4553"}],"wp:featuredmedia":[{"embeddable":true,"href":"https:\/\/challengeseconomiques.com\/index.php?rest_route=\/wp\/v2\/media\/4552"}],"wp:attachment":[{"href":"https:\/\/challengeseconomiques.com\/index.php?rest_route=%2Fwp%2Fv2%2Fmedia&parent=4549"}],"wp:term":[{"taxonomy":"category","embeddable":true,"href":"https:\/\/challengeseconomiques.com\/index.php?rest_route=%2Fwp%2Fv2%2Fcategories&post=4549"},{"taxonomy":"post_tag","embeddable":true,"href":"https:\/\/challengeseconomiques.com\/index.php?rest_route=%2Fwp%2Fv2%2Ftags&post=4549"}],"curies":[{"name":"wp","href":"https:\/\/api.w.org\/{rel}","templated":true}]}}