{"id":4519,"date":"2023-04-08T13:47:12","date_gmt":"2023-04-08T13:47:12","guid":{"rendered":"https:\/\/challengeseconomiques.com\/?p=4519"},"modified":"2023-04-08T13:47:40","modified_gmt":"2023-04-08T13:47:40","slug":"banque-mondiale-senegalsignature-dun-accord-de-financement-pour-le-projet-dacceleration-de-leconomie-numerique","status":"publish","type":"post","link":"https:\/\/challengeseconomiques.com\/?p=4519","title":{"rendered":"Banque mondiale\/S\u00e9n\u00e9gal:Signature d&rsquo;un accord de financement pour le projet d&rsquo;acc\u00e9l\u00e9ration de l&rsquo;\u00e9conomie num\u00e9rique"},"content":{"rendered":"<p><strong>La banque mondiale et le S\u00e9n\u00e9gal ont sign\u00e9 le jeudi 06 avril, &nbsp;\u00e0&nbsp; Dakar un accord de financement pour un projet d\u2019acc\u00e9l\u00e9ration de l\u2019\u00e9conomie num\u00e9rique de 150&nbsp;millions de Dollars Us, soit environ 94 milliards FCFA, le montant total du financement. <\/strong><\/p>\n<p>Ce partenariat a \u00e9t\u00e9 nou\u00e9 par le ministre du finance et du budget Mamadou Moustapha B\u00e2 et la directrice des op\u00e9rations de la banque mondiale pour le S\u00e9n\u00e9gal, Mme Keiko Miwa. \u2018\u2019C\u2019est avec un plaisir renouvel\u00e9 et un grand honneur, Madame&nbsp;la&nbsp;Directrice&nbsp;des Op\u00e9rations,&nbsp;que je&nbsp;proc\u00e8de aujourd\u2019hui&nbsp;avec vous \u00e0 la signature, de l\u2019accord de financement destin\u00e9 \u00e0 la mise en \u0153uvre du&nbsp;Projet&nbsp;d\u2019Acc\u00e9l\u00e9ration de l\u2019Economie Num\u00e9rique&nbsp;(PAEN), pour un montant total de&nbsp;cent cinquante millions (150&nbsp;000&nbsp;000) de Dollars US,&nbsp;soit environ&nbsp;quatre-vingt-onze (91) milliards F CFA\u2019\u2019 s\u2019est r\u00e9joui le ministre des finances et du Budget Mamadou Moustapha B\u00e2. Selon le ministre des finances, cet important financement&nbsp;octroy\u00e9 par la Banque mondiale au S\u00e9n\u00e9gal, t\u00e9moigne de l\u2019excellence des relations de coop\u00e9ration \u00e9conomique et financi\u00e8re entre la Banque&nbsp;mondiale et le S\u00e9n\u00e9gal.&nbsp; Il &nbsp;traduit a insist\u00e9 M. Ba&nbsp; de la confiance et de l\u2019amiti\u00e9 de la Banque mondiale et, partant, de la communaut\u00e9 internationale \u00e0 l\u2019\u00e9gard du S\u00e9n\u00e9gal. D\u2019apr\u00e8s l\u2019argentier du S\u00e9n\u00e9gal, le&nbsp;Projet d\u2019Acc\u00e9l\u00e9ration de l\u2019Economie Num\u00e9rique, qui&nbsp;op\u00e9rationnalise&nbsp;l\u2019Axe&nbsp;1&nbsp;du Plan S\u00e9n\u00e9gal \u00e9mergent (PSE),&nbsp;\u00ab&nbsp;Transformation structurelle de l\u2019\u00e9conomie et&nbsp;croissance&nbsp;\u00bb&nbsp;vise \u00e0&nbsp;\u00e9tendre l&rsquo;acc\u00e8s \u00e0 une connectivit\u00e9 \u00e0 haut d\u00e9bit abordable et r\u00e9siliente aux changements climatiques et&nbsp;\u00e0&nbsp;am\u00e9liorer l&rsquo;adoption des services gouvernementaux en ligne et des dossiers m\u00e9dicaux \u00e9lectroniques. Il est&nbsp;donc&nbsp;d\u2019une importance capitale,&nbsp;car&nbsp;\u00e0 fort impact&nbsp;\u00e9conomique et&nbsp;social consid\u00e8re le ministre des finances. Ce projet &nbsp;comprend les composantes ci- apr\u00e8s :&nbsp;L\u2019am\u00e9lioration d\u2019un environnement juridique, r\u00e9glementaire et institutionnel favorable \u00e0 l&rsquo;\u00e9conomie num\u00e9rique et respectueux du&nbsp;climat ;&nbsp;Le&nbsp;d\u00e9veloppement d\u2019une infrastructure haut d\u00e9bit r\u00e9siliente en mettant l&rsquo;accent sur la dorsale nationale en fibre optique et sur la connectivit\u00e9 du dernier kilom\u00e8tre dans les zones de la Casamance et du Bassin&nbsp;arachidier ;&nbsp;&nbsp;&nbsp;Le&nbsp;soutien&nbsp;\u00e0&nbsp;la transformation num\u00e9rique du secteur public en renfor\u00e7ant les bases techniques et les services de l&rsquo;administration en ligne et l&rsquo;adoption du num\u00e9rique par une&nbsp;am\u00e9lioration de l&rsquo;alphab\u00e9tisation et des comp\u00e9tences num\u00e9riques, en particulier chez les femmes et les jeunes&nbsp;;&nbsp;&nbsp;et&nbsp;l\u2019accroissement de&nbsp;l&rsquo;acc\u00e8s aux informations de sant\u00e9 pour am\u00e9liorer la prestation des services de sant\u00e9.<\/p>\n<p><strong>Mame Ndella Faye <\/strong><\/p>\n","protected":false},"excerpt":{"rendered":"<p>La banque mondiale et le S\u00e9n\u00e9gal ont sign\u00e9 le jeudi 06 avril, &nbsp;\u00e0&nbsp; Dakar un accord de financement pour un projet d\u2019acc\u00e9l\u00e9ration de l\u2019\u00e9conomie num\u00e9rique&#8230;<\/p>\n","protected":false},"author":1,"featured_media":4521,"comment_status":"closed","ping_status":"open","sticky":false,"template":"","format":"standard","meta":{"_jetpack_memberships_contains_paid_content":false,"footnotes":""},"categories":[23,10],"tags":[],"class_list":["post-4519","post","type-post","status-publish","format-standard","has-post-thumbnail","hentry","category-a-la-une","category-infos-eco","wpcat-23-id","wpcat-10-id"],"yoast_head":"<!-- This site is optimized with the Yoast SEO plugin v27.1.1 - https:\/\/yoast.com\/product\/yoast-seo-wordpress\/ -->\n<title>Banque mondiale\/S\u00e9n\u00e9gal:Signature d&#039;un accord de financement pour le projet d&#039;acc\u00e9l\u00e9ration de l&#039;\u00e9conomie num\u00e9rique - challenges economiques<\/title>\n<meta name=\"robots\" content=\"index, follow, max-snippet:-1, max-image-preview:large, max-video-preview:-1\" \/>\n<link rel=\"canonical\" href=\"https:\/\/challengeseconomiques.com\/?p=4519\" \/>\n<meta property=\"og:locale\" content=\"fr_FR\" \/>\n<meta property=\"og:type\" content=\"article\" \/>\n<meta property=\"og:title\" content=\"Banque mondiale\/S\u00e9n\u00e9gal:Signature d&#039;un accord de financement pour le projet d&#039;acc\u00e9l\u00e9ration de l&#039;\u00e9conomie num\u00e9rique - challenges economiques\" \/>\n<meta property=\"og:description\" content=\"La banque mondiale et le S\u00e9n\u00e9gal ont sign\u00e9 le jeudi 06 avril, &nbsp;\u00e0&nbsp; Dakar un accord de financement pour un projet d\u2019acc\u00e9l\u00e9ration de l\u2019\u00e9conomie num\u00e9rique...\" \/>\n<meta property=\"og:url\" content=\"https:\/\/challengeseconomiques.com\/?p=4519\" \/>\n<meta property=\"og:site_name\" content=\"challenges economiques\" \/>\n<meta property=\"article:published_time\" content=\"2023-04-08T13:47:12+00:00\" \/>\n<meta property=\"article:modified_time\" content=\"2023-04-08T13:47:40+00:00\" \/>\n<meta property=\"og:image\" content=\"https:\/\/challengeseconomiques.com\/wp-content\/uploads\/2023\/04\/banqmf.jpeg\" \/>\n\t<meta property=\"og:image:width\" content=\"750\" \/>\n\t<meta property=\"og:image:height\" content=\"375\" \/>\n\t<meta property=\"og:image:type\" content=\"image\/jpeg\" \/>\n<meta name=\"author\" content=\"admin\" \/>\n<meta name=\"twitter:card\" content=\"summary_large_image\" \/>\n<meta name=\"twitter:label1\" content=\"\u00c9crit par\" \/>\n\t<meta name=\"twitter:data1\" content=\"admin\" \/>\n\t<meta name=\"twitter:label2\" content=\"Dur\u00e9e de lecture estim\u00e9e\" \/>\n\t<meta name=\"twitter:data2\" content=\"3 minutes\" \/>\n<script type=\"application\/ld+json\" class=\"yoast-schema-graph\">{\"@context\":\"https:\/\/schema.org\",\"@graph\":[{\"@type\":\"Article\",\"@id\":\"https:\/\/challengeseconomiques.com\/?p=4519#article\",\"isPartOf\":{\"@id\":\"https:\/\/challengeseconomiques.com\/?p=4519\"},\"author\":{\"name\":\"admin\",\"@id\":\"https:\/\/challengeseconomiques.com\/#\/schema\/person\/b4568c9afebc5a9238a771873801e349\"},\"headline\":\"Banque mondiale\/S\u00e9n\u00e9gal:Signature d&rsquo;un accord de financement pour le projet d&rsquo;acc\u00e9l\u00e9ration de l&rsquo;\u00e9conomie num\u00e9rique\",\"datePublished\":\"2023-04-08T13:47:12+00:00\",\"dateModified\":\"2023-04-08T13:47:40+00:00\",\"mainEntityOfPage\":{\"@id\":\"https:\/\/challengeseconomiques.com\/?p=4519\"},\"wordCount\":541,\"image\":{\"@id\":\"https:\/\/challengeseconomiques.com\/?p=4519#primaryimage\"},\"thumbnailUrl\":\"https:\/\/challengeseconomiques.com\/wp-content\/uploads\/2023\/04\/banqmf.jpeg\",\"articleSection\":[\"A la une\",\"Infos \u00e9co\"],\"inLanguage\":\"fr-FR\"},{\"@type\":\"WebPage\",\"@id\":\"https:\/\/challengeseconomiques.com\/?p=4519\",\"url\":\"https:\/\/challengeseconomiques.com\/?p=4519\",\"name\":\"Banque mondiale\/S\u00e9n\u00e9gal:Signature d'un accord de financement pour le projet d'acc\u00e9l\u00e9ration de l'\u00e9conomie num\u00e9rique - challenges economiques\",\"isPartOf\":{\"@id\":\"https:\/\/challengeseconomiques.com\/#website\"},\"primaryImageOfPage\":{\"@id\":\"https:\/\/challengeseconomiques.com\/?p=4519#primaryimage\"},\"image\":{\"@id\":\"https:\/\/challengeseconomiques.com\/?p=4519#primaryimage\"},\"thumbnailUrl\":\"https:\/\/challengeseconomiques.com\/wp-content\/uploads\/2023\/04\/banqmf.jpeg\",\"datePublished\":\"2023-04-08T13:47:12+00:00\",\"dateModified\":\"2023-04-08T13:47:40+00:00\",\"author\":{\"@id\":\"https:\/\/challengeseconomiques.com\/#\/schema\/person\/b4568c9afebc5a9238a771873801e349\"},\"breadcrumb\":{\"@id\":\"https:\/\/challengeseconomiques.com\/?p=4519#breadcrumb\"},\"inLanguage\":\"fr-FR\",\"potentialAction\":[{\"@type\":\"ReadAction\",\"target\":[\"https:\/\/challengeseconomiques.com\/?p=4519\"]}]},{\"@type\":\"ImageObject\",\"inLanguage\":\"fr-FR\",\"@id\":\"https:\/\/challengeseconomiques.com\/?p=4519#primaryimage\",\"url\":\"https:\/\/challengeseconomiques.com\/wp-content\/uploads\/2023\/04\/banqmf.jpeg\",\"contentUrl\":\"https:\/\/challengeseconomiques.com\/wp-content\/uploads\/2023\/04\/banqmf.jpeg\",\"width\":750,\"height\":375},{\"@type\":\"BreadcrumbList\",\"@id\":\"https:\/\/challengeseconomiques.com\/?p=4519#breadcrumb\",\"itemListElement\":[{\"@type\":\"ListItem\",\"position\":1,\"name\":\"Home\",\"item\":\"https:\/\/challengeseconomiques.com\/\"},{\"@type\":\"ListItem\",\"position\":2,\"name\":\"Banque mondiale\/S\u00e9n\u00e9gal:Signature d&rsquo;un accord de financement pour le projet d&rsquo;acc\u00e9l\u00e9ration de l&rsquo;\u00e9conomie num\u00e9rique\"}]},{\"@type\":\"WebSite\",\"@id\":\"https:\/\/challengeseconomiques.com\/#website\",\"url\":\"https:\/\/challengeseconomiques.com\/\",\"name\":\"challenges economiques\",\"description\":\"\",\"potentialAction\":[{\"@type\":\"SearchAction\",\"target\":{\"@type\":\"EntryPoint\",\"urlTemplate\":\"https:\/\/challengeseconomiques.com\/?s={search_term_string}\"},\"query-input\":{\"@type\":\"PropertyValueSpecification\",\"valueRequired\":true,\"valueName\":\"search_term_string\"}}],\"inLanguage\":\"fr-FR\"},{\"@type\":\"Person\",\"@id\":\"https:\/\/challengeseconomiques.com\/#\/schema\/person\/b4568c9afebc5a9238a771873801e349\",\"name\":\"admin\",\"image\":{\"@type\":\"ImageObject\",\"inLanguage\":\"fr-FR\",\"@id\":\"https:\/\/challengeseconomiques.com\/#\/schema\/person\/image\/\",\"url\":\"https:\/\/secure.gravatar.com\/avatar\/099e42240b5eea11acdb72751fcce0dd918603f0749d24974b7984ea47ed9fd9?s=96&d=mm&r=g\",\"contentUrl\":\"https:\/\/secure.gravatar.com\/avatar\/099e42240b5eea11acdb72751fcce0dd918603f0749d24974b7984ea47ed9fd9?s=96&d=mm&r=g\",\"caption\":\"admin\"},\"sameAs\":[\"https:\/\/challengeseconomiques.com\"],\"url\":\"https:\/\/challengeseconomiques.com\/?author=1\"}]}<\/script>\n<!-- \/ Yoast SEO plugin. -->","yoast_head_json":{"title":"Banque mondiale\/S\u00e9n\u00e9gal:Signature d'un accord de financement pour le projet d'acc\u00e9l\u00e9ration de l'\u00e9conomie num\u00e9rique - challenges economiques","robots":{"index":"index","follow":"follow","max-snippet":"max-snippet:-1","max-image-preview":"max-image-preview:large","max-video-preview":"max-video-preview:-1"},"canonical":"https:\/\/challengeseconomiques.com\/?p=4519","og_locale":"fr_FR","og_type":"article","og_title":"Banque mondiale\/S\u00e9n\u00e9gal:Signature d'un accord de financement pour le projet d'acc\u00e9l\u00e9ration de l'\u00e9conomie num\u00e9rique - challenges economiques","og_description":"La banque mondiale et le S\u00e9n\u00e9gal ont sign\u00e9 le jeudi 06 avril, &nbsp;\u00e0&nbsp; Dakar un accord de financement pour un projet d\u2019acc\u00e9l\u00e9ration de l\u2019\u00e9conomie num\u00e9rique...","og_url":"https:\/\/challengeseconomiques.com\/?p=4519","og_site_name":"challenges economiques","article_published_time":"2023-04-08T13:47:12+00:00","article_modified_time":"2023-04-08T13:47:40+00:00","og_image":[{"width":750,"height":375,"url":"https:\/\/challengeseconomiques.com\/wp-content\/uploads\/2023\/04\/banqmf.jpeg","type":"image\/jpeg"}],"author":"admin","twitter_card":"summary_large_image","twitter_misc":{"\u00c9crit par":"admin","Dur\u00e9e de lecture estim\u00e9e":"3 minutes"},"schema":{"@context":"https:\/\/schema.org","@graph":[{"@type":"Article","@id":"https:\/\/challengeseconomiques.com\/?p=4519#article","isPartOf":{"@id":"https:\/\/challengeseconomiques.com\/?p=4519"},"author":{"name":"admin","@id":"https:\/\/challengeseconomiques.com\/#\/schema\/person\/b4568c9afebc5a9238a771873801e349"},"headline":"Banque mondiale\/S\u00e9n\u00e9gal:Signature d&rsquo;un accord de financement pour le projet d&rsquo;acc\u00e9l\u00e9ration de l&rsquo;\u00e9conomie num\u00e9rique","datePublished":"2023-04-08T13:47:12+00:00","dateModified":"2023-04-08T13:47:40+00:00","mainEntityOfPage":{"@id":"https:\/\/challengeseconomiques.com\/?p=4519"},"wordCount":541,"image":{"@id":"https:\/\/challengeseconomiques.com\/?p=4519#primaryimage"},"thumbnailUrl":"https:\/\/challengeseconomiques.com\/wp-content\/uploads\/2023\/04\/banqmf.jpeg","articleSection":["A la une","Infos \u00e9co"],"inLanguage":"fr-FR"},{"@type":"WebPage","@id":"https:\/\/challengeseconomiques.com\/?p=4519","url":"https:\/\/challengeseconomiques.com\/?p=4519","name":"Banque mondiale\/S\u00e9n\u00e9gal:Signature d'un accord de financement pour le projet d'acc\u00e9l\u00e9ration de l'\u00e9conomie num\u00e9rique - challenges economiques","isPartOf":{"@id":"https:\/\/challengeseconomiques.com\/#website"},"primaryImageOfPage":{"@id":"https:\/\/challengeseconomiques.com\/?p=4519#primaryimage"},"image":{"@id":"https:\/\/challengeseconomiques.com\/?p=4519#primaryimage"},"thumbnailUrl":"https:\/\/challengeseconomiques.com\/wp-content\/uploads\/2023\/04\/banqmf.jpeg","datePublished":"2023-04-08T13:47:12+00:00","dateModified":"2023-04-08T13:47:40+00:00","author":{"@id":"https:\/\/challengeseconomiques.com\/#\/schema\/person\/b4568c9afebc5a9238a771873801e349"},"breadcrumb":{"@id":"https:\/\/challengeseconomiques.com\/?p=4519#breadcrumb"},"inLanguage":"fr-FR","potentialAction":[{"@type":"ReadAction","target":["https:\/\/challengeseconomiques.com\/?p=4519"]}]},{"@type":"ImageObject","inLanguage":"fr-FR","@id":"https:\/\/challengeseconomiques.com\/?p=4519#primaryimage","url":"https:\/\/challengeseconomiques.com\/wp-content\/uploads\/2023\/04\/banqmf.jpeg","contentUrl":"https:\/\/challengeseconomiques.com\/wp-content\/uploads\/2023\/04\/banqmf.jpeg","width":750,"height":375},{"@type":"BreadcrumbList","@id":"https:\/\/challengeseconomiques.com\/?p=4519#breadcrumb","itemListElement":[{"@type":"ListItem","position":1,"name":"Home","item":"https:\/\/challengeseconomiques.com\/"},{"@type":"ListItem","position":2,"name":"Banque mondiale\/S\u00e9n\u00e9gal:Signature d&rsquo;un accord de financement pour le projet d&rsquo;acc\u00e9l\u00e9ration de l&rsquo;\u00e9conomie num\u00e9rique"}]},{"@type":"WebSite","@id":"https:\/\/challengeseconomiques.com\/#website","url":"https:\/\/challengeseconomiques.com\/","name":"challenges economiques","description":"","potentialAction":[{"@type":"SearchAction","target":{"@type":"EntryPoint","urlTemplate":"https:\/\/challengeseconomiques.com\/?s={search_term_string}"},"query-input":{"@type":"PropertyValueSpecification","valueRequired":true,"valueName":"search_term_string"}}],"inLanguage":"fr-FR"},{"@type":"Person","@id":"https:\/\/challengeseconomiques.com\/#\/schema\/person\/b4568c9afebc5a9238a771873801e349","name":"admin","image":{"@type":"ImageObject","inLanguage":"fr-FR","@id":"https:\/\/challengeseconomiques.com\/#\/schema\/person\/image\/","url":"https:\/\/secure.gravatar.com\/avatar\/099e42240b5eea11acdb72751fcce0dd918603f0749d24974b7984ea47ed9fd9?s=96&d=mm&r=g","contentUrl":"https:\/\/secure.gravatar.com\/avatar\/099e42240b5eea11acdb72751fcce0dd918603f0749d24974b7984ea47ed9fd9?s=96&d=mm&r=g","caption":"admin"},"sameAs":["https:\/\/challengeseconomiques.com"],"url":"https:\/\/challengeseconomiques.com\/?author=1"}]}},"jetpack_featured_media_url":"https:\/\/challengeseconomiques.com\/wp-content\/uploads\/2023\/04\/banqmf.jpeg","jetpack_sharing_enabled":true,"_links":{"self":[{"href":"https:\/\/challengeseconomiques.com\/index.php?rest_route=\/wp\/v2\/posts\/4519","targetHints":{"allow":["GET"]}}],"collection":[{"href":"https:\/\/challengeseconomiques.com\/index.php?rest_route=\/wp\/v2\/posts"}],"about":[{"href":"https:\/\/challengeseconomiques.com\/index.php?rest_route=\/wp\/v2\/types\/post"}],"author":[{"embeddable":true,"href":"https:\/\/challengeseconomiques.com\/index.php?rest_route=\/wp\/v2\/users\/1"}],"replies":[{"embeddable":true,"href":"https:\/\/challengeseconomiques.com\/index.php?rest_route=%2Fwp%2Fv2%2Fcomments&post=4519"}],"version-history":[{"count":2,"href":"https:\/\/challengeseconomiques.com\/index.php?rest_route=\/wp\/v2\/posts\/4519\/revisions"}],"predecessor-version":[{"id":4523,"href":"https:\/\/challengeseconomiques.com\/index.php?rest_route=\/wp\/v2\/posts\/4519\/revisions\/4523"}],"wp:featuredmedia":[{"embeddable":true,"href":"https:\/\/challengeseconomiques.com\/index.php?rest_route=\/wp\/v2\/media\/4521"}],"wp:attachment":[{"href":"https:\/\/challengeseconomiques.com\/index.php?rest_route=%2Fwp%2Fv2%2Fmedia&parent=4519"}],"wp:term":[{"taxonomy":"category","embeddable":true,"href":"https:\/\/challengeseconomiques.com\/index.php?rest_route=%2Fwp%2Fv2%2Fcategories&post=4519"},{"taxonomy":"post_tag","embeddable":true,"href":"https:\/\/challengeseconomiques.com\/index.php?rest_route=%2Fwp%2Fv2%2Ftags&post=4519"}],"curies":[{"name":"wp","href":"https:\/\/api.w.org\/{rel}","templated":true}]}}