{"id":4513,"date":"2023-04-06T13:55:04","date_gmt":"2023-04-06T13:55:04","guid":{"rendered":"https:\/\/challengeseconomiques.com\/?p=4513"},"modified":"2023-04-06T13:55:27","modified_gmt":"2023-04-06T13:55:27","slug":"le-senegal-veut-se-lancer-dans-la-production-de-ble-a-partir-de-novembre-prochain","status":"publish","type":"post","link":"https:\/\/challengeseconomiques.com\/?p=4513","title":{"rendered":"Le S\u00e9n\u00e9gal veut se lancer dans la production de bl\u00e9 \u00e0 partir de novembre prochain"},"content":{"rendered":"<p class=\"texte textearticle\"><strong>Le S\u00e9n\u00e9gal importe la quasi-totalit\u00e9 de ses besoins de consommation en bl\u00e9, principalement de Russie et de France. Face \u00e0 l\u2019augmentation de la facture alimentaire qui en r\u00e9sulte, les autorit\u00e9s ont d\u00e9cid\u00e9 d\u2019explorer les possibilit\u00e9s de production de la c\u00e9r\u00e9ale au niveau local. <\/strong><\/p>\n<p class=\"texte textearticle\">Le S\u00e9n\u00e9gal pr\u00e9voit de se lancer dans la culture de bl\u00e9 \u00e0 partir de novembre prochain. C\u2019est ce qu\u2019a annonc\u00e9 Aly Ndiaye, ministre de l\u2019Agriculture, de l\u2019\u00c9quipement rural et de la Souverainet\u00e9 alimentaire, le 1er avril dernier.<\/p>\n<p class=\"texte textearticle\"><em>\u00ab\u2009Nous pensons d\u00e9j\u00e0 commencer avec 1\u2009000 hectares, mais des partenaires priv\u00e9s nous demandent de d\u00e9marrer la production avec 5\u2009000 hectares. De toute fa\u00e7on nous allons accompagner ces r\u00e9alisations\u2009\u00bb, <\/em>explique le responsable. Selon les informations relay\u00e9es par le quotidien local <em>Seneplus<\/em>, cette d\u00e9cision s\u2019appuie sur un programme pilote initi\u00e9 depuis octobre 2022 par l\u2019Institut national de recherche agricole (ISRA) principalement avec des semences de bl\u00e9 \u00e9gyptien.<\/p>\n<p class=\"texte textearticle\">Dans le cadre de ce programme, des exp\u00e9rimentations sont men\u00e9es sur 5 sites de 1 hectare chacun r\u00e9partis dans le nord du pays avec trois vari\u00e9t\u00e9s de bl\u00e9 tendre et une vari\u00e9t\u00e9 de bl\u00e9 dur. <em>\u00ab\u2009L\u2019\u00e9volution des cultures est prometteuse et j\u2019ai le sentiment, en attendant peut-\u00eatre que les tests nous le prouvent, que nous aurons des rendements de loin sup\u00e9rieurs \u00e0 ceux de nos partenaires \u00e9gyptiens et \u00e9galement proches de ce qu\u2019on a l\u2019habitude de voir ici au S\u00e9n\u00e9gal\u2009\u00bb, <\/em>a d\u00e9clar\u00e9 M.&nbsp;Ndiaye.<\/p>\n<p class=\"texte textearticle\">Globalement, l\u2019initiative s\u2019inscrit dans le cadre d\u2019une strat\u00e9gie visant \u00e0 encourager la production locale de la c\u00e9r\u00e9ale en vue de r\u00e9duire progressivement la facture des importations qui ne cessent de cro\u00eetre.<\/p>\n<p class=\"texte textearticle\">D\u2019apr\u00e8s les donn\u00e9es de l\u2019Agence nationale de la statistique et de la d\u00e9mographie (ANSD), les importations s\u00e9n\u00e9galaises de bl\u00e9 ont augment\u00e9 de pr\u00e8s de 9&nbsp;% pour atteindre 754\u2009000 tonnes en 2021 pour un co\u00fbt total de 149,3 milliards&nbsp;Fcfa (248 millions&nbsp;$).<\/p>\n<p><strong>(Agence Ecofin) <\/strong><\/p>\n","protected":false},"excerpt":{"rendered":"<p>Le S\u00e9n\u00e9gal importe la quasi-totalit\u00e9 de ses besoins de consommation en bl\u00e9, principalement de Russie et de France. Face \u00e0 l\u2019augmentation de la facture alimentaire&#8230;<\/p>\n","protected":false},"author":1,"featured_media":2852,"comment_status":"closed","ping_status":"open","sticky":false,"template":"","format":"standard","meta":{"_jetpack_memberships_contains_paid_content":false,"footnotes":""},"categories":[8,10],"tags":[],"class_list":["post-4513","post","type-post","status-publish","format-standard","has-post-thumbnail","hentry","category-actualite-economique","category-infos-eco","wpcat-8-id","wpcat-10-id"],"yoast_head":"<!-- This site is optimized with the Yoast SEO plugin v27.1.1 - https:\/\/yoast.com\/product\/yoast-seo-wordpress\/ -->\n<title>Le S\u00e9n\u00e9gal veut se lancer dans la production de bl\u00e9 \u00e0 partir de novembre prochain - challenges economiques<\/title>\n<meta name=\"robots\" content=\"index, follow, max-snippet:-1, max-image-preview:large, max-video-preview:-1\" \/>\n<link rel=\"canonical\" href=\"https:\/\/challengeseconomiques.com\/?p=4513\" \/>\n<meta property=\"og:locale\" content=\"fr_FR\" \/>\n<meta property=\"og:type\" content=\"article\" \/>\n<meta property=\"og:title\" content=\"Le S\u00e9n\u00e9gal veut se lancer dans la production de bl\u00e9 \u00e0 partir de novembre prochain - challenges economiques\" \/>\n<meta property=\"og:description\" content=\"Le S\u00e9n\u00e9gal importe la quasi-totalit\u00e9 de ses besoins de consommation en bl\u00e9, principalement de Russie et de France. Face \u00e0 l\u2019augmentation de la facture alimentaire...\" \/>\n<meta property=\"og:url\" content=\"https:\/\/challengeseconomiques.com\/?p=4513\" \/>\n<meta property=\"og:site_name\" content=\"challenges economiques\" \/>\n<meta property=\"article:published_time\" content=\"2023-04-06T13:55:04+00:00\" \/>\n<meta property=\"article:modified_time\" content=\"2023-04-06T13:55:27+00:00\" \/>\n<meta property=\"og:image\" content=\"https:\/\/challengeseconomiques.com\/wp-content\/uploads\/2022\/03\/ble2.jpg\" \/>\n\t<meta property=\"og:image:width\" content=\"1400\" \/>\n\t<meta property=\"og:image:height\" content=\"933\" \/>\n\t<meta property=\"og:image:type\" content=\"image\/jpeg\" \/>\n<meta name=\"author\" content=\"admin\" \/>\n<meta name=\"twitter:card\" content=\"summary_large_image\" \/>\n<meta name=\"twitter:label1\" content=\"\u00c9crit par\" \/>\n\t<meta name=\"twitter:data1\" content=\"admin\" \/>\n\t<meta name=\"twitter:label2\" content=\"Dur\u00e9e de lecture estim\u00e9e\" \/>\n\t<meta name=\"twitter:data2\" content=\"2 minutes\" \/>\n<script type=\"application\/ld+json\" class=\"yoast-schema-graph\">{\"@context\":\"https:\/\/schema.org\",\"@graph\":[{\"@type\":\"Article\",\"@id\":\"https:\/\/challengeseconomiques.com\/?p=4513#article\",\"isPartOf\":{\"@id\":\"https:\/\/challengeseconomiques.com\/?p=4513\"},\"author\":{\"name\":\"admin\",\"@id\":\"https:\/\/challengeseconomiques.com\/#\/schema\/person\/b4568c9afebc5a9238a771873801e349\"},\"headline\":\"Le S\u00e9n\u00e9gal veut se lancer dans la production de bl\u00e9 \u00e0 partir de novembre prochain\",\"datePublished\":\"2023-04-06T13:55:04+00:00\",\"dateModified\":\"2023-04-06T13:55:27+00:00\",\"mainEntityOfPage\":{\"@id\":\"https:\/\/challengeseconomiques.com\/?p=4513\"},\"wordCount\":367,\"image\":{\"@id\":\"https:\/\/challengeseconomiques.com\/?p=4513#primaryimage\"},\"thumbnailUrl\":\"https:\/\/challengeseconomiques.com\/wp-content\/uploads\/2022\/03\/ble2.jpg\",\"articleSection\":[\"Actualit\u00e9 \u00e9conomique\",\"Infos \u00e9co\"],\"inLanguage\":\"fr-FR\"},{\"@type\":\"WebPage\",\"@id\":\"https:\/\/challengeseconomiques.com\/?p=4513\",\"url\":\"https:\/\/challengeseconomiques.com\/?p=4513\",\"name\":\"Le S\u00e9n\u00e9gal veut se lancer dans la production de bl\u00e9 \u00e0 partir de novembre prochain - challenges economiques\",\"isPartOf\":{\"@id\":\"https:\/\/challengeseconomiques.com\/#website\"},\"primaryImageOfPage\":{\"@id\":\"https:\/\/challengeseconomiques.com\/?p=4513#primaryimage\"},\"image\":{\"@id\":\"https:\/\/challengeseconomiques.com\/?p=4513#primaryimage\"},\"thumbnailUrl\":\"https:\/\/challengeseconomiques.com\/wp-content\/uploads\/2022\/03\/ble2.jpg\",\"datePublished\":\"2023-04-06T13:55:04+00:00\",\"dateModified\":\"2023-04-06T13:55:27+00:00\",\"author\":{\"@id\":\"https:\/\/challengeseconomiques.com\/#\/schema\/person\/b4568c9afebc5a9238a771873801e349\"},\"breadcrumb\":{\"@id\":\"https:\/\/challengeseconomiques.com\/?p=4513#breadcrumb\"},\"inLanguage\":\"fr-FR\",\"potentialAction\":[{\"@type\":\"ReadAction\",\"target\":[\"https:\/\/challengeseconomiques.com\/?p=4513\"]}]},{\"@type\":\"ImageObject\",\"inLanguage\":\"fr-FR\",\"@id\":\"https:\/\/challengeseconomiques.com\/?p=4513#primaryimage\",\"url\":\"https:\/\/challengeseconomiques.com\/wp-content\/uploads\/2022\/03\/ble2.jpg\",\"contentUrl\":\"https:\/\/challengeseconomiques.com\/wp-content\/uploads\/2022\/03\/ble2.jpg\",\"width\":1400,\"height\":933},{\"@type\":\"BreadcrumbList\",\"@id\":\"https:\/\/challengeseconomiques.com\/?p=4513#breadcrumb\",\"itemListElement\":[{\"@type\":\"ListItem\",\"position\":1,\"name\":\"Home\",\"item\":\"https:\/\/challengeseconomiques.com\/\"},{\"@type\":\"ListItem\",\"position\":2,\"name\":\"Le S\u00e9n\u00e9gal veut se lancer dans la production de bl\u00e9 \u00e0 partir de novembre prochain\"}]},{\"@type\":\"WebSite\",\"@id\":\"https:\/\/challengeseconomiques.com\/#website\",\"url\":\"https:\/\/challengeseconomiques.com\/\",\"name\":\"challenges economiques\",\"description\":\"\",\"potentialAction\":[{\"@type\":\"SearchAction\",\"target\":{\"@type\":\"EntryPoint\",\"urlTemplate\":\"https:\/\/challengeseconomiques.com\/?s={search_term_string}\"},\"query-input\":{\"@type\":\"PropertyValueSpecification\",\"valueRequired\":true,\"valueName\":\"search_term_string\"}}],\"inLanguage\":\"fr-FR\"},{\"@type\":\"Person\",\"@id\":\"https:\/\/challengeseconomiques.com\/#\/schema\/person\/b4568c9afebc5a9238a771873801e349\",\"name\":\"admin\",\"image\":{\"@type\":\"ImageObject\",\"inLanguage\":\"fr-FR\",\"@id\":\"https:\/\/challengeseconomiques.com\/#\/schema\/person\/image\/\",\"url\":\"https:\/\/secure.gravatar.com\/avatar\/099e42240b5eea11acdb72751fcce0dd918603f0749d24974b7984ea47ed9fd9?s=96&d=mm&r=g\",\"contentUrl\":\"https:\/\/secure.gravatar.com\/avatar\/099e42240b5eea11acdb72751fcce0dd918603f0749d24974b7984ea47ed9fd9?s=96&d=mm&r=g\",\"caption\":\"admin\"},\"sameAs\":[\"https:\/\/challengeseconomiques.com\"],\"url\":\"https:\/\/challengeseconomiques.com\/?author=1\"}]}<\/script>\n<!-- \/ Yoast SEO plugin. -->","yoast_head_json":{"title":"Le S\u00e9n\u00e9gal veut se lancer dans la production de bl\u00e9 \u00e0 partir de novembre prochain - challenges economiques","robots":{"index":"index","follow":"follow","max-snippet":"max-snippet:-1","max-image-preview":"max-image-preview:large","max-video-preview":"max-video-preview:-1"},"canonical":"https:\/\/challengeseconomiques.com\/?p=4513","og_locale":"fr_FR","og_type":"article","og_title":"Le S\u00e9n\u00e9gal veut se lancer dans la production de bl\u00e9 \u00e0 partir de novembre prochain - challenges economiques","og_description":"Le S\u00e9n\u00e9gal importe la quasi-totalit\u00e9 de ses besoins de consommation en bl\u00e9, principalement de Russie et de France. Face \u00e0 l\u2019augmentation de la facture alimentaire...","og_url":"https:\/\/challengeseconomiques.com\/?p=4513","og_site_name":"challenges economiques","article_published_time":"2023-04-06T13:55:04+00:00","article_modified_time":"2023-04-06T13:55:27+00:00","og_image":[{"width":1400,"height":933,"url":"https:\/\/challengeseconomiques.com\/wp-content\/uploads\/2022\/03\/ble2.jpg","type":"image\/jpeg"}],"author":"admin","twitter_card":"summary_large_image","twitter_misc":{"\u00c9crit par":"admin","Dur\u00e9e de lecture estim\u00e9e":"2 minutes"},"schema":{"@context":"https:\/\/schema.org","@graph":[{"@type":"Article","@id":"https:\/\/challengeseconomiques.com\/?p=4513#article","isPartOf":{"@id":"https:\/\/challengeseconomiques.com\/?p=4513"},"author":{"name":"admin","@id":"https:\/\/challengeseconomiques.com\/#\/schema\/person\/b4568c9afebc5a9238a771873801e349"},"headline":"Le S\u00e9n\u00e9gal veut se lancer dans la production de bl\u00e9 \u00e0 partir de novembre prochain","datePublished":"2023-04-06T13:55:04+00:00","dateModified":"2023-04-06T13:55:27+00:00","mainEntityOfPage":{"@id":"https:\/\/challengeseconomiques.com\/?p=4513"},"wordCount":367,"image":{"@id":"https:\/\/challengeseconomiques.com\/?p=4513#primaryimage"},"thumbnailUrl":"https:\/\/challengeseconomiques.com\/wp-content\/uploads\/2022\/03\/ble2.jpg","articleSection":["Actualit\u00e9 \u00e9conomique","Infos \u00e9co"],"inLanguage":"fr-FR"},{"@type":"WebPage","@id":"https:\/\/challengeseconomiques.com\/?p=4513","url":"https:\/\/challengeseconomiques.com\/?p=4513","name":"Le S\u00e9n\u00e9gal veut se lancer dans la production de bl\u00e9 \u00e0 partir de novembre prochain - challenges economiques","isPartOf":{"@id":"https:\/\/challengeseconomiques.com\/#website"},"primaryImageOfPage":{"@id":"https:\/\/challengeseconomiques.com\/?p=4513#primaryimage"},"image":{"@id":"https:\/\/challengeseconomiques.com\/?p=4513#primaryimage"},"thumbnailUrl":"https:\/\/challengeseconomiques.com\/wp-content\/uploads\/2022\/03\/ble2.jpg","datePublished":"2023-04-06T13:55:04+00:00","dateModified":"2023-04-06T13:55:27+00:00","author":{"@id":"https:\/\/challengeseconomiques.com\/#\/schema\/person\/b4568c9afebc5a9238a771873801e349"},"breadcrumb":{"@id":"https:\/\/challengeseconomiques.com\/?p=4513#breadcrumb"},"inLanguage":"fr-FR","potentialAction":[{"@type":"ReadAction","target":["https:\/\/challengeseconomiques.com\/?p=4513"]}]},{"@type":"ImageObject","inLanguage":"fr-FR","@id":"https:\/\/challengeseconomiques.com\/?p=4513#primaryimage","url":"https:\/\/challengeseconomiques.com\/wp-content\/uploads\/2022\/03\/ble2.jpg","contentUrl":"https:\/\/challengeseconomiques.com\/wp-content\/uploads\/2022\/03\/ble2.jpg","width":1400,"height":933},{"@type":"BreadcrumbList","@id":"https:\/\/challengeseconomiques.com\/?p=4513#breadcrumb","itemListElement":[{"@type":"ListItem","position":1,"name":"Home","item":"https:\/\/challengeseconomiques.com\/"},{"@type":"ListItem","position":2,"name":"Le S\u00e9n\u00e9gal veut se lancer dans la production de bl\u00e9 \u00e0 partir de novembre prochain"}]},{"@type":"WebSite","@id":"https:\/\/challengeseconomiques.com\/#website","url":"https:\/\/challengeseconomiques.com\/","name":"challenges economiques","description":"","potentialAction":[{"@type":"SearchAction","target":{"@type":"EntryPoint","urlTemplate":"https:\/\/challengeseconomiques.com\/?s={search_term_string}"},"query-input":{"@type":"PropertyValueSpecification","valueRequired":true,"valueName":"search_term_string"}}],"inLanguage":"fr-FR"},{"@type":"Person","@id":"https:\/\/challengeseconomiques.com\/#\/schema\/person\/b4568c9afebc5a9238a771873801e349","name":"admin","image":{"@type":"ImageObject","inLanguage":"fr-FR","@id":"https:\/\/challengeseconomiques.com\/#\/schema\/person\/image\/","url":"https:\/\/secure.gravatar.com\/avatar\/099e42240b5eea11acdb72751fcce0dd918603f0749d24974b7984ea47ed9fd9?s=96&d=mm&r=g","contentUrl":"https:\/\/secure.gravatar.com\/avatar\/099e42240b5eea11acdb72751fcce0dd918603f0749d24974b7984ea47ed9fd9?s=96&d=mm&r=g","caption":"admin"},"sameAs":["https:\/\/challengeseconomiques.com"],"url":"https:\/\/challengeseconomiques.com\/?author=1"}]}},"jetpack_featured_media_url":"https:\/\/challengeseconomiques.com\/wp-content\/uploads\/2022\/03\/ble2.jpg","jetpack_sharing_enabled":true,"_links":{"self":[{"href":"https:\/\/challengeseconomiques.com\/index.php?rest_route=\/wp\/v2\/posts\/4513","targetHints":{"allow":["GET"]}}],"collection":[{"href":"https:\/\/challengeseconomiques.com\/index.php?rest_route=\/wp\/v2\/posts"}],"about":[{"href":"https:\/\/challengeseconomiques.com\/index.php?rest_route=\/wp\/v2\/types\/post"}],"author":[{"embeddable":true,"href":"https:\/\/challengeseconomiques.com\/index.php?rest_route=\/wp\/v2\/users\/1"}],"replies":[{"embeddable":true,"href":"https:\/\/challengeseconomiques.com\/index.php?rest_route=%2Fwp%2Fv2%2Fcomments&post=4513"}],"version-history":[{"count":2,"href":"https:\/\/challengeseconomiques.com\/index.php?rest_route=\/wp\/v2\/posts\/4513\/revisions"}],"predecessor-version":[{"id":4515,"href":"https:\/\/challengeseconomiques.com\/index.php?rest_route=\/wp\/v2\/posts\/4513\/revisions\/4515"}],"wp:featuredmedia":[{"embeddable":true,"href":"https:\/\/challengeseconomiques.com\/index.php?rest_route=\/wp\/v2\/media\/2852"}],"wp:attachment":[{"href":"https:\/\/challengeseconomiques.com\/index.php?rest_route=%2Fwp%2Fv2%2Fmedia&parent=4513"}],"wp:term":[{"taxonomy":"category","embeddable":true,"href":"https:\/\/challengeseconomiques.com\/index.php?rest_route=%2Fwp%2Fv2%2Fcategories&post=4513"},{"taxonomy":"post_tag","embeddable":true,"href":"https:\/\/challengeseconomiques.com\/index.php?rest_route=%2Fwp%2Fv2%2Ftags&post=4513"}],"curies":[{"name":"wp","href":"https:\/\/api.w.org\/{rel}","templated":true}]}}