{"id":4474,"date":"2023-03-28T13:30:19","date_gmt":"2023-03-28T13:30:19","guid":{"rendered":"https:\/\/challengeseconomiques.com\/?p=4474"},"modified":"2023-03-28T13:30:50","modified_gmt":"2023-03-28T13:30:50","slug":"le-senegal-developpe-sa-strategie-nationale-des-donnees","status":"publish","type":"post","link":"https:\/\/challengeseconomiques.com\/?p=4474","title":{"rendered":"Le S\u00e9n\u00e9gal d\u00e9veloppe sa strat\u00e9gie nationale des donn\u00e9es"},"content":{"rendered":"<p><strong>Dans le cadre de la Strat\u00e9gie S\u00e9n\u00e9gal Num\u00e9rique 2025 (SN2025), et en partenariat avec Smart Africa et la GIZ via son projet Data Economy, le minist\u00e8re de la Communication, des T\u00e9l\u00e9communications et de l\u2019\u00c9conomie Num\u00e9rique (MCTEN) a achev\u00e9 vendredi 24 mars, les travaux de consultation et d\u2019observation pour se doter d\u2019une strat\u00e9gie nationale des donn\u00e9es en phase avec les priorit\u00e9s du pays en mati\u00e8re de d\u00e9veloppement durable, de promotion de l\u2019innovation et de la cr\u00e9ation de valeur mais surtout de souverainet\u00e9 num\u00e9rique.<\/strong><\/p>\n<p>A travers un atelier de deux jours, des experts des groupes de parties prenantes ainsi que l\u2019ensemble des acteurs de l\u2019\u00e9conomie num\u00e9rique se sont r\u00e9unis afin de collecter et \u00e9changer des informations sur les infrastructures de donn\u00e9es, le cadre r\u00e9glementaire, de gouvernance et des usages de donn\u00e9es au S\u00e9n\u00e9gal.<\/p>\n<p>Cet atelier a \u00e9t\u00e9 l\u2019occasion \u00e9galement de partager le contexte et les objectifs du projet de d\u00e9veloppement de la strat\u00e9gie \u00e0 l\u2019ensemble de l\u2019\u00e9cosyst\u00e8me num\u00e9rique.<\/p>\n<p><em>\u00ab&nbsp;La&nbsp;souverainet\u00e9 num\u00e9rique de l\u2019Afrique passe par la gestion de ses donn\u00e9es, le nouveau p\u00e9trole. Je soutiens donc particuli\u00e8rement la volont\u00e9 du gouvernement du S\u00e9n\u00e9gal de mettre en \u0153uvre une strat\u00e9gie nationale des donn\u00e9es pour encadrer et g\u00e9rer leur utilisation&nbsp;\u00bb<\/em>,&nbsp;s\u2019est exprim\u00e9 M. Lacina Kon\u00e9, Directeur g\u00e9n\u00e9ral de Smart Africa au cours de la c\u00e9r\u00e9monie d\u2019ouverture de l\u2019atelier.<\/p>\n<p><em>\u00ab&nbsp;Le S\u00e9n\u00e9gal entend p\u00e9renniser&nbsp;son engagement dans l\u2019\u00e8re de l\u2019innovation num\u00e9rique fond\u00e9e sur les donn\u00e9es pour&nbsp;davantage dynamiser l\u2019\u00e9conomie num\u00e9rique en apportant une plus-value dans les&nbsp;domaines tels que l\u2019am\u00e9lioration de l\u2019\u00e9laboration des politiques publiques ou encore la&nbsp;modernisation des services publics centr\u00e9s sur les usagers&nbsp;\u00bb<\/em>,&nbsp;a d\u00e9clar\u00e9 Me Moussa Bocar Thiam, ministre de la Communication, des T\u00e9l\u00e9communications et de l\u2019Economie Num\u00e9rique.<\/p>\n<p><em>\u00ab&nbsp;La GIZ, au nom de la BMZ, soutient le Minist\u00e8re de la Communication, des T\u00e9l\u00e9communications et de l\u2019\u00c9conomie Num\u00e9rique du S\u00e9n\u00e9gal, en partenariat avec Smart Africa, pour d\u00e9velopper la premi\u00e8re strat\u00e9gie de donn\u00e9es sur le continent africain contribuant \u00e0 la transformation num\u00e9rique centr\u00e9e sur l\u2019humain&nbsp;\u00bb<\/em>,&nbsp;a ajout\u00e9 Bjorn-Soren Gigler, PhD, Chef des programmes de l\u2019\u00e9conomie des donn\u00e9es et de la blockchain au sein de la GIZ.<\/p>\n<p><strong>innovafrika.com<\/strong><\/p>\n","protected":false},"excerpt":{"rendered":"<p>Dans le cadre de la Strat\u00e9gie S\u00e9n\u00e9gal Num\u00e9rique 2025 (SN2025), et en partenariat avec Smart Africa et la GIZ via son projet Data Economy, le&#8230;<\/p>\n","protected":false},"author":1,"featured_media":4475,"comment_status":"closed","ping_status":"open","sticky":false,"template":"","format":"standard","meta":{"_jetpack_memberships_contains_paid_content":false,"footnotes":""},"categories":[23],"tags":[],"class_list":["post-4474","post","type-post","status-publish","format-standard","has-post-thumbnail","hentry","category-a-la-une","wpcat-23-id"],"yoast_head":"<!-- This site is optimized with the Yoast SEO plugin v27.1.1 - https:\/\/yoast.com\/product\/yoast-seo-wordpress\/ -->\n<title>Le S\u00e9n\u00e9gal d\u00e9veloppe sa strat\u00e9gie nationale des donn\u00e9es - challenges economiques<\/title>\n<meta name=\"robots\" content=\"index, follow, max-snippet:-1, max-image-preview:large, max-video-preview:-1\" \/>\n<link rel=\"canonical\" href=\"https:\/\/challengeseconomiques.com\/?p=4474\" \/>\n<meta property=\"og:locale\" content=\"fr_FR\" \/>\n<meta property=\"og:type\" content=\"article\" \/>\n<meta property=\"og:title\" content=\"Le S\u00e9n\u00e9gal d\u00e9veloppe sa strat\u00e9gie nationale des donn\u00e9es - challenges economiques\" \/>\n<meta property=\"og:description\" content=\"Dans le cadre de la Strat\u00e9gie S\u00e9n\u00e9gal Num\u00e9rique 2025 (SN2025), et en partenariat avec Smart Africa et la GIZ via son projet Data Economy, le...\" \/>\n<meta property=\"og:url\" content=\"https:\/\/challengeseconomiques.com\/?p=4474\" \/>\n<meta property=\"og:site_name\" content=\"challenges economiques\" \/>\n<meta property=\"article:published_time\" content=\"2023-03-28T13:30:19+00:00\" \/>\n<meta property=\"article:modified_time\" content=\"2023-03-28T13:30:50+00:00\" \/>\n<meta property=\"og:image\" content=\"https:\/\/challengeseconomiques.com\/wp-content\/uploads\/2023\/03\/atelier-strategie-de-donnees-senegal-innovafrika-2023-652x350-1.jpeg\" \/>\n\t<meta property=\"og:image:width\" content=\"652\" \/>\n\t<meta property=\"og:image:height\" content=\"350\" \/>\n\t<meta property=\"og:image:type\" content=\"image\/jpeg\" \/>\n<meta name=\"author\" content=\"admin\" \/>\n<meta name=\"twitter:card\" content=\"summary_large_image\" \/>\n<meta name=\"twitter:label1\" content=\"\u00c9crit par\" \/>\n\t<meta name=\"twitter:data1\" content=\"admin\" \/>\n\t<meta name=\"twitter:label2\" content=\"Dur\u00e9e de lecture estim\u00e9e\" \/>\n\t<meta name=\"twitter:data2\" content=\"2 minutes\" \/>\n<script type=\"application\/ld+json\" class=\"yoast-schema-graph\">{\"@context\":\"https:\/\/schema.org\",\"@graph\":[{\"@type\":\"Article\",\"@id\":\"https:\/\/challengeseconomiques.com\/?p=4474#article\",\"isPartOf\":{\"@id\":\"https:\/\/challengeseconomiques.com\/?p=4474\"},\"author\":{\"name\":\"admin\",\"@id\":\"https:\/\/challengeseconomiques.com\/#\/schema\/person\/b4568c9afebc5a9238a771873801e349\"},\"headline\":\"Le S\u00e9n\u00e9gal d\u00e9veloppe sa strat\u00e9gie nationale des donn\u00e9es\",\"datePublished\":\"2023-03-28T13:30:19+00:00\",\"dateModified\":\"2023-03-28T13:30:50+00:00\",\"mainEntityOfPage\":{\"@id\":\"https:\/\/challengeseconomiques.com\/?p=4474\"},\"wordCount\":454,\"image\":{\"@id\":\"https:\/\/challengeseconomiques.com\/?p=4474#primaryimage\"},\"thumbnailUrl\":\"https:\/\/challengeseconomiques.com\/wp-content\/uploads\/2023\/03\/atelier-strategie-de-donnees-senegal-innovafrika-2023-652x350-1.jpeg\",\"articleSection\":[\"A la une\"],\"inLanguage\":\"fr-FR\"},{\"@type\":\"WebPage\",\"@id\":\"https:\/\/challengeseconomiques.com\/?p=4474\",\"url\":\"https:\/\/challengeseconomiques.com\/?p=4474\",\"name\":\"Le S\u00e9n\u00e9gal d\u00e9veloppe sa strat\u00e9gie nationale des donn\u00e9es - challenges economiques\",\"isPartOf\":{\"@id\":\"https:\/\/challengeseconomiques.com\/#website\"},\"primaryImageOfPage\":{\"@id\":\"https:\/\/challengeseconomiques.com\/?p=4474#primaryimage\"},\"image\":{\"@id\":\"https:\/\/challengeseconomiques.com\/?p=4474#primaryimage\"},\"thumbnailUrl\":\"https:\/\/challengeseconomiques.com\/wp-content\/uploads\/2023\/03\/atelier-strategie-de-donnees-senegal-innovafrika-2023-652x350-1.jpeg\",\"datePublished\":\"2023-03-28T13:30:19+00:00\",\"dateModified\":\"2023-03-28T13:30:50+00:00\",\"author\":{\"@id\":\"https:\/\/challengeseconomiques.com\/#\/schema\/person\/b4568c9afebc5a9238a771873801e349\"},\"breadcrumb\":{\"@id\":\"https:\/\/challengeseconomiques.com\/?p=4474#breadcrumb\"},\"inLanguage\":\"fr-FR\",\"potentialAction\":[{\"@type\":\"ReadAction\",\"target\":[\"https:\/\/challengeseconomiques.com\/?p=4474\"]}]},{\"@type\":\"ImageObject\",\"inLanguage\":\"fr-FR\",\"@id\":\"https:\/\/challengeseconomiques.com\/?p=4474#primaryimage\",\"url\":\"https:\/\/challengeseconomiques.com\/wp-content\/uploads\/2023\/03\/atelier-strategie-de-donnees-senegal-innovafrika-2023-652x350-1.jpeg\",\"contentUrl\":\"https:\/\/challengeseconomiques.com\/wp-content\/uploads\/2023\/03\/atelier-strategie-de-donnees-senegal-innovafrika-2023-652x350-1.jpeg\",\"width\":652,\"height\":350},{\"@type\":\"BreadcrumbList\",\"@id\":\"https:\/\/challengeseconomiques.com\/?p=4474#breadcrumb\",\"itemListElement\":[{\"@type\":\"ListItem\",\"position\":1,\"name\":\"Home\",\"item\":\"https:\/\/challengeseconomiques.com\/\"},{\"@type\":\"ListItem\",\"position\":2,\"name\":\"Le S\u00e9n\u00e9gal d\u00e9veloppe sa strat\u00e9gie nationale des donn\u00e9es\"}]},{\"@type\":\"WebSite\",\"@id\":\"https:\/\/challengeseconomiques.com\/#website\",\"url\":\"https:\/\/challengeseconomiques.com\/\",\"name\":\"challenges economiques\",\"description\":\"\",\"potentialAction\":[{\"@type\":\"SearchAction\",\"target\":{\"@type\":\"EntryPoint\",\"urlTemplate\":\"https:\/\/challengeseconomiques.com\/?s={search_term_string}\"},\"query-input\":{\"@type\":\"PropertyValueSpecification\",\"valueRequired\":true,\"valueName\":\"search_term_string\"}}],\"inLanguage\":\"fr-FR\"},{\"@type\":\"Person\",\"@id\":\"https:\/\/challengeseconomiques.com\/#\/schema\/person\/b4568c9afebc5a9238a771873801e349\",\"name\":\"admin\",\"image\":{\"@type\":\"ImageObject\",\"inLanguage\":\"fr-FR\",\"@id\":\"https:\/\/challengeseconomiques.com\/#\/schema\/person\/image\/\",\"url\":\"https:\/\/secure.gravatar.com\/avatar\/099e42240b5eea11acdb72751fcce0dd918603f0749d24974b7984ea47ed9fd9?s=96&d=mm&r=g\",\"contentUrl\":\"https:\/\/secure.gravatar.com\/avatar\/099e42240b5eea11acdb72751fcce0dd918603f0749d24974b7984ea47ed9fd9?s=96&d=mm&r=g\",\"caption\":\"admin\"},\"sameAs\":[\"https:\/\/challengeseconomiques.com\"],\"url\":\"https:\/\/challengeseconomiques.com\/?author=1\"}]}<\/script>\n<!-- \/ Yoast SEO plugin. -->","yoast_head_json":{"title":"Le S\u00e9n\u00e9gal d\u00e9veloppe sa strat\u00e9gie nationale des donn\u00e9es - challenges economiques","robots":{"index":"index","follow":"follow","max-snippet":"max-snippet:-1","max-image-preview":"max-image-preview:large","max-video-preview":"max-video-preview:-1"},"canonical":"https:\/\/challengeseconomiques.com\/?p=4474","og_locale":"fr_FR","og_type":"article","og_title":"Le S\u00e9n\u00e9gal d\u00e9veloppe sa strat\u00e9gie nationale des donn\u00e9es - challenges economiques","og_description":"Dans le cadre de la Strat\u00e9gie S\u00e9n\u00e9gal Num\u00e9rique 2025 (SN2025), et en partenariat avec Smart Africa et la GIZ via son projet Data Economy, le...","og_url":"https:\/\/challengeseconomiques.com\/?p=4474","og_site_name":"challenges economiques","article_published_time":"2023-03-28T13:30:19+00:00","article_modified_time":"2023-03-28T13:30:50+00:00","og_image":[{"width":652,"height":350,"url":"https:\/\/challengeseconomiques.com\/wp-content\/uploads\/2023\/03\/atelier-strategie-de-donnees-senegal-innovafrika-2023-652x350-1.jpeg","type":"image\/jpeg"}],"author":"admin","twitter_card":"summary_large_image","twitter_misc":{"\u00c9crit par":"admin","Dur\u00e9e de lecture estim\u00e9e":"2 minutes"},"schema":{"@context":"https:\/\/schema.org","@graph":[{"@type":"Article","@id":"https:\/\/challengeseconomiques.com\/?p=4474#article","isPartOf":{"@id":"https:\/\/challengeseconomiques.com\/?p=4474"},"author":{"name":"admin","@id":"https:\/\/challengeseconomiques.com\/#\/schema\/person\/b4568c9afebc5a9238a771873801e349"},"headline":"Le S\u00e9n\u00e9gal d\u00e9veloppe sa strat\u00e9gie nationale des donn\u00e9es","datePublished":"2023-03-28T13:30:19+00:00","dateModified":"2023-03-28T13:30:50+00:00","mainEntityOfPage":{"@id":"https:\/\/challengeseconomiques.com\/?p=4474"},"wordCount":454,"image":{"@id":"https:\/\/challengeseconomiques.com\/?p=4474#primaryimage"},"thumbnailUrl":"https:\/\/challengeseconomiques.com\/wp-content\/uploads\/2023\/03\/atelier-strategie-de-donnees-senegal-innovafrika-2023-652x350-1.jpeg","articleSection":["A la une"],"inLanguage":"fr-FR"},{"@type":"WebPage","@id":"https:\/\/challengeseconomiques.com\/?p=4474","url":"https:\/\/challengeseconomiques.com\/?p=4474","name":"Le S\u00e9n\u00e9gal d\u00e9veloppe sa strat\u00e9gie nationale des donn\u00e9es - challenges economiques","isPartOf":{"@id":"https:\/\/challengeseconomiques.com\/#website"},"primaryImageOfPage":{"@id":"https:\/\/challengeseconomiques.com\/?p=4474#primaryimage"},"image":{"@id":"https:\/\/challengeseconomiques.com\/?p=4474#primaryimage"},"thumbnailUrl":"https:\/\/challengeseconomiques.com\/wp-content\/uploads\/2023\/03\/atelier-strategie-de-donnees-senegal-innovafrika-2023-652x350-1.jpeg","datePublished":"2023-03-28T13:30:19+00:00","dateModified":"2023-03-28T13:30:50+00:00","author":{"@id":"https:\/\/challengeseconomiques.com\/#\/schema\/person\/b4568c9afebc5a9238a771873801e349"},"breadcrumb":{"@id":"https:\/\/challengeseconomiques.com\/?p=4474#breadcrumb"},"inLanguage":"fr-FR","potentialAction":[{"@type":"ReadAction","target":["https:\/\/challengeseconomiques.com\/?p=4474"]}]},{"@type":"ImageObject","inLanguage":"fr-FR","@id":"https:\/\/challengeseconomiques.com\/?p=4474#primaryimage","url":"https:\/\/challengeseconomiques.com\/wp-content\/uploads\/2023\/03\/atelier-strategie-de-donnees-senegal-innovafrika-2023-652x350-1.jpeg","contentUrl":"https:\/\/challengeseconomiques.com\/wp-content\/uploads\/2023\/03\/atelier-strategie-de-donnees-senegal-innovafrika-2023-652x350-1.jpeg","width":652,"height":350},{"@type":"BreadcrumbList","@id":"https:\/\/challengeseconomiques.com\/?p=4474#breadcrumb","itemListElement":[{"@type":"ListItem","position":1,"name":"Home","item":"https:\/\/challengeseconomiques.com\/"},{"@type":"ListItem","position":2,"name":"Le S\u00e9n\u00e9gal d\u00e9veloppe sa strat\u00e9gie nationale des donn\u00e9es"}]},{"@type":"WebSite","@id":"https:\/\/challengeseconomiques.com\/#website","url":"https:\/\/challengeseconomiques.com\/","name":"challenges economiques","description":"","potentialAction":[{"@type":"SearchAction","target":{"@type":"EntryPoint","urlTemplate":"https:\/\/challengeseconomiques.com\/?s={search_term_string}"},"query-input":{"@type":"PropertyValueSpecification","valueRequired":true,"valueName":"search_term_string"}}],"inLanguage":"fr-FR"},{"@type":"Person","@id":"https:\/\/challengeseconomiques.com\/#\/schema\/person\/b4568c9afebc5a9238a771873801e349","name":"admin","image":{"@type":"ImageObject","inLanguage":"fr-FR","@id":"https:\/\/challengeseconomiques.com\/#\/schema\/person\/image\/","url":"https:\/\/secure.gravatar.com\/avatar\/099e42240b5eea11acdb72751fcce0dd918603f0749d24974b7984ea47ed9fd9?s=96&d=mm&r=g","contentUrl":"https:\/\/secure.gravatar.com\/avatar\/099e42240b5eea11acdb72751fcce0dd918603f0749d24974b7984ea47ed9fd9?s=96&d=mm&r=g","caption":"admin"},"sameAs":["https:\/\/challengeseconomiques.com"],"url":"https:\/\/challengeseconomiques.com\/?author=1"}]}},"jetpack_featured_media_url":"https:\/\/challengeseconomiques.com\/wp-content\/uploads\/2023\/03\/atelier-strategie-de-donnees-senegal-innovafrika-2023-652x350-1.jpeg","jetpack_sharing_enabled":true,"_links":{"self":[{"href":"https:\/\/challengeseconomiques.com\/index.php?rest_route=\/wp\/v2\/posts\/4474","targetHints":{"allow":["GET"]}}],"collection":[{"href":"https:\/\/challengeseconomiques.com\/index.php?rest_route=\/wp\/v2\/posts"}],"about":[{"href":"https:\/\/challengeseconomiques.com\/index.php?rest_route=\/wp\/v2\/types\/post"}],"author":[{"embeddable":true,"href":"https:\/\/challengeseconomiques.com\/index.php?rest_route=\/wp\/v2\/users\/1"}],"replies":[{"embeddable":true,"href":"https:\/\/challengeseconomiques.com\/index.php?rest_route=%2Fwp%2Fv2%2Fcomments&post=4474"}],"version-history":[{"count":2,"href":"https:\/\/challengeseconomiques.com\/index.php?rest_route=\/wp\/v2\/posts\/4474\/revisions"}],"predecessor-version":[{"id":4477,"href":"https:\/\/challengeseconomiques.com\/index.php?rest_route=\/wp\/v2\/posts\/4474\/revisions\/4477"}],"wp:featuredmedia":[{"embeddable":true,"href":"https:\/\/challengeseconomiques.com\/index.php?rest_route=\/wp\/v2\/media\/4475"}],"wp:attachment":[{"href":"https:\/\/challengeseconomiques.com\/index.php?rest_route=%2Fwp%2Fv2%2Fmedia&parent=4474"}],"wp:term":[{"taxonomy":"category","embeddable":true,"href":"https:\/\/challengeseconomiques.com\/index.php?rest_route=%2Fwp%2Fv2%2Fcategories&post=4474"},{"taxonomy":"post_tag","embeddable":true,"href":"https:\/\/challengeseconomiques.com\/index.php?rest_route=%2Fwp%2Fv2%2Ftags&post=4474"}],"curies":[{"name":"wp","href":"https:\/\/api.w.org\/{rel}","templated":true}]}}