{"id":4471,"date":"2023-03-28T11:39:08","date_gmt":"2023-03-28T11:39:08","guid":{"rendered":"https:\/\/challengeseconomiques.com\/?p=4471"},"modified":"2023-03-28T11:44:14","modified_gmt":"2023-03-28T11:44:14","slug":"axe-dakar-accra-la-cciad-et-la-representation-ghaneenne-tracent-la-voie-dun-partenariat","status":"publish","type":"post","link":"https:\/\/challengeseconomiques.com\/?p=4471","title":{"rendered":"Axe Dakar-Accra : La CCIAD et la repr\u00e9sentation ghan\u00e9enne tracent la voie d\u2019un partenariat"},"content":{"rendered":"<p><strong>En tant que maison de l\u2019entreprise, la Chambre de Commerce, d\u2019Industrie et d\u2019Agriculture de Dakar (CCIAD) cherche de nouvelles opportunit\u00e9s pour les op\u00e9rateurs \u00e9conomiques s\u00e9n\u00e9galais. Dans cette logique, les repr\u00e9sentations diplomatiques \u00e9tablies au S\u00e9n\u00e9gal sont des alli\u00e9es de l\u2019Institution Consulaire. <\/strong><\/p>\n<p>Le pr\u00e9sident de la CCIAD, Abdoulaye Sow a eu une s\u00e9ance de travail avec l\u2019ambassadeur du Ghana au S\u00e9n\u00e9gal, Mme Emmah Mensah, le mercredi 22 mars 2023, dans les locaux de l\u2019Institution Consulaire. La visite de la diplomate s\u2019inscrit dans le cadre de la volont\u00e9 de booster les \u00e9changes commerciaux entre les deux pays.<br \/>\nAbdoulaye Sow souhaite obtenir de l\u2019ambassade du Ghana au S\u00e9n\u00e9gal, une mise en relation des op\u00e9rateurs \u00e9conomiques s\u00e9n\u00e9galais avec leurs homologues ghan\u00e9ens. Il invite la diplomate et son \u00e9quipe \u00e0 r\u00e9pertorier les entreprises ghan\u00e9ennes traitant avec des S\u00e9n\u00e9galais. La CCIAD se chargera de jouer ce r\u00f4le du c\u00f4t\u00e9 du S\u00e9n\u00e9gal. Ceci est un pr\u00e9alable \u00e0 la cr\u00e9ation d\u2019un conseil d\u2019affaires, pr\u00e9cise M. Sow.<\/p>\n<p><strong>Partage d\u2019exp\u00e9riences<\/strong><\/p>\n<p>Abdoulaye Sow esp\u00e8re un renouveau de la coop\u00e9ration \u00e9conomique entre les deux pays. Il estime que sur le plan commercial, le renforcement de l\u2019axe Dakar-Accra est une n\u00e9cessit\u00e9. N\u00e9anmoins, M. Sow reconnait l\u2019existence de liens commerciaux entre s\u00e9n\u00e9galais et ghan\u00e9ens \u00e0 l\u2019occasion des foires organis\u00e9es dans nos deux pays respectifs. Il constate aussi l\u2019introduction sur le march\u00e9 s\u00e9n\u00e9galais de boissons produites au Ghana.<br \/>\nEn outre, Abdoulaye Sow attend l\u2019\u00e9largissement de la coop\u00e9ration \u00e0 divers domaines comme l\u2019agriculture. Il compte \u00e9galement sur le partage d\u2019exp\u00e9riences des chefs d\u2019entreprise ghan\u00e9ens dans le domaine du p\u00e9trole et du gaz. Les op\u00e9rateurs \u00e9conomiques sp\u00e9cialis\u00e9s dans l\u2019exploitation p\u00e9tro-gazi\u00e8re au Ghana constituent de potentiels alli\u00e9s pour des entreprises s\u00e9n\u00e9galaises novices en la mati\u00e8re, selon M. Sow.<br \/>\nLe pr\u00e9sident de la CCIAD est pr\u00eat \u00e0 recevoir des d\u00e9l\u00e9gations de chefs d\u2019entreprise ghan\u00e9ens.<br \/>\nDe son c\u00f4t\u00e9, l\u2019ambassadeur du Ghana au S\u00e9n\u00e9gal a affirm\u00e9 sa volont\u00e9 de faire la promotion des relations entre les deux pays. Mme Emmah Mensah encourage la coop\u00e9ration entre pays africains pour d\u00e9velopper le continent. Elle approuve la perspective d\u2019avoir un partenariat gagnant-gagnant entre op\u00e9rateurs \u00e9conomiques s\u00e9n\u00e9galais et ghan\u00e9ens. Pour ce faire, elle trouve important de ma\u00eetriser les cadres r\u00e9glementaires en vigueur dans les deux pays. Mme Mensah compte sur la Chambre Consulaire pour \u00eatre son relais aupr\u00e8s des structures en charge du commerce ext\u00e9rieur.<\/p>\n<p><strong>BIE<\/strong><\/p>\n","protected":false},"excerpt":{"rendered":"<p>En tant que maison de l\u2019entreprise, la Chambre de Commerce, d\u2019Industrie et d\u2019Agriculture de Dakar (CCIAD) cherche de nouvelles opportunit\u00e9s pour les op\u00e9rateurs \u00e9conomiques s\u00e9n\u00e9galais&#8230;.<\/p>\n","protected":false},"author":1,"featured_media":4472,"comment_status":"closed","ping_status":"open","sticky":false,"template":"","format":"standard","meta":{"_jetpack_memberships_contains_paid_content":false,"footnotes":""},"categories":[8],"tags":[],"class_list":["post-4471","post","type-post","status-publish","format-standard","has-post-thumbnail","hentry","category-actualite-economique","wpcat-8-id"],"yoast_head":"<!-- This site is optimized with the Yoast SEO plugin v27.1.1 - https:\/\/yoast.com\/product\/yoast-seo-wordpress\/ -->\n<title>Axe Dakar-Accra : La CCIAD et la repr\u00e9sentation ghan\u00e9enne tracent la voie d\u2019un partenariat - challenges economiques<\/title>\n<meta name=\"robots\" content=\"index, follow, max-snippet:-1, max-image-preview:large, max-video-preview:-1\" \/>\n<link rel=\"canonical\" href=\"https:\/\/challengeseconomiques.com\/?p=4471\" \/>\n<meta property=\"og:locale\" content=\"fr_FR\" \/>\n<meta property=\"og:type\" content=\"article\" \/>\n<meta property=\"og:title\" content=\"Axe Dakar-Accra : La CCIAD et la repr\u00e9sentation ghan\u00e9enne tracent la voie d\u2019un partenariat - challenges economiques\" \/>\n<meta property=\"og:description\" content=\"En tant que maison de l\u2019entreprise, la Chambre de Commerce, d\u2019Industrie et d\u2019Agriculture de Dakar (CCIAD) cherche de nouvelles opportunit\u00e9s pour les op\u00e9rateurs \u00e9conomiques s\u00e9n\u00e9galais....\" \/>\n<meta property=\"og:url\" content=\"https:\/\/challengeseconomiques.com\/?p=4471\" \/>\n<meta property=\"og:site_name\" content=\"challenges economiques\" \/>\n<meta property=\"article:published_time\" content=\"2023-03-28T11:39:08+00:00\" \/>\n<meta property=\"article:modified_time\" content=\"2023-03-28T11:44:14+00:00\" \/>\n<meta property=\"og:image\" content=\"https:\/\/challengeseconomiques.com\/wp-content\/uploads\/2023\/03\/Ambassadrice_Ghana_CCIAD_1-1536x1017-1.jpeg\" \/>\n\t<meta property=\"og:image:width\" content=\"1536\" \/>\n\t<meta property=\"og:image:height\" content=\"1017\" \/>\n\t<meta property=\"og:image:type\" content=\"image\/jpeg\" \/>\n<meta name=\"author\" content=\"admin\" \/>\n<meta name=\"twitter:card\" content=\"summary_large_image\" \/>\n<meta name=\"twitter:label1\" content=\"\u00c9crit par\" \/>\n\t<meta name=\"twitter:data1\" content=\"admin\" \/>\n\t<meta name=\"twitter:label2\" content=\"Dur\u00e9e de lecture estim\u00e9e\" \/>\n\t<meta name=\"twitter:data2\" content=\"2 minutes\" \/>\n<script type=\"application\/ld+json\" class=\"yoast-schema-graph\">{\"@context\":\"https:\/\/schema.org\",\"@graph\":[{\"@type\":\"Article\",\"@id\":\"https:\/\/challengeseconomiques.com\/?p=4471#article\",\"isPartOf\":{\"@id\":\"https:\/\/challengeseconomiques.com\/?p=4471\"},\"author\":{\"name\":\"admin\",\"@id\":\"https:\/\/challengeseconomiques.com\/#\/schema\/person\/b4568c9afebc5a9238a771873801e349\"},\"headline\":\"Axe Dakar-Accra : La CCIAD et la repr\u00e9sentation ghan\u00e9enne tracent la voie d\u2019un partenariat\",\"datePublished\":\"2023-03-28T11:39:08+00:00\",\"dateModified\":\"2023-03-28T11:44:14+00:00\",\"mainEntityOfPage\":{\"@id\":\"https:\/\/challengeseconomiques.com\/?p=4471\"},\"wordCount\":483,\"image\":{\"@id\":\"https:\/\/challengeseconomiques.com\/?p=4471#primaryimage\"},\"thumbnailUrl\":\"https:\/\/challengeseconomiques.com\/wp-content\/uploads\/2023\/03\/Ambassadrice_Ghana_CCIAD_1-1536x1017-1.jpeg\",\"articleSection\":[\"Actualit\u00e9 \u00e9conomique\"],\"inLanguage\":\"fr-FR\"},{\"@type\":\"WebPage\",\"@id\":\"https:\/\/challengeseconomiques.com\/?p=4471\",\"url\":\"https:\/\/challengeseconomiques.com\/?p=4471\",\"name\":\"Axe Dakar-Accra : La CCIAD et la repr\u00e9sentation ghan\u00e9enne tracent la voie d\u2019un partenariat - challenges economiques\",\"isPartOf\":{\"@id\":\"https:\/\/challengeseconomiques.com\/#website\"},\"primaryImageOfPage\":{\"@id\":\"https:\/\/challengeseconomiques.com\/?p=4471#primaryimage\"},\"image\":{\"@id\":\"https:\/\/challengeseconomiques.com\/?p=4471#primaryimage\"},\"thumbnailUrl\":\"https:\/\/challengeseconomiques.com\/wp-content\/uploads\/2023\/03\/Ambassadrice_Ghana_CCIAD_1-1536x1017-1.jpeg\",\"datePublished\":\"2023-03-28T11:39:08+00:00\",\"dateModified\":\"2023-03-28T11:44:14+00:00\",\"author\":{\"@id\":\"https:\/\/challengeseconomiques.com\/#\/schema\/person\/b4568c9afebc5a9238a771873801e349\"},\"breadcrumb\":{\"@id\":\"https:\/\/challengeseconomiques.com\/?p=4471#breadcrumb\"},\"inLanguage\":\"fr-FR\",\"potentialAction\":[{\"@type\":\"ReadAction\",\"target\":[\"https:\/\/challengeseconomiques.com\/?p=4471\"]}]},{\"@type\":\"ImageObject\",\"inLanguage\":\"fr-FR\",\"@id\":\"https:\/\/challengeseconomiques.com\/?p=4471#primaryimage\",\"url\":\"https:\/\/challengeseconomiques.com\/wp-content\/uploads\/2023\/03\/Ambassadrice_Ghana_CCIAD_1-1536x1017-1.jpeg\",\"contentUrl\":\"https:\/\/challengeseconomiques.com\/wp-content\/uploads\/2023\/03\/Ambassadrice_Ghana_CCIAD_1-1536x1017-1.jpeg\",\"width\":1536,\"height\":1017},{\"@type\":\"BreadcrumbList\",\"@id\":\"https:\/\/challengeseconomiques.com\/?p=4471#breadcrumb\",\"itemListElement\":[{\"@type\":\"ListItem\",\"position\":1,\"name\":\"Home\",\"item\":\"https:\/\/challengeseconomiques.com\/\"},{\"@type\":\"ListItem\",\"position\":2,\"name\":\"Axe Dakar-Accra : La CCIAD et la repr\u00e9sentation ghan\u00e9enne tracent la voie d\u2019un partenariat\"}]},{\"@type\":\"WebSite\",\"@id\":\"https:\/\/challengeseconomiques.com\/#website\",\"url\":\"https:\/\/challengeseconomiques.com\/\",\"name\":\"challenges economiques\",\"description\":\"\",\"potentialAction\":[{\"@type\":\"SearchAction\",\"target\":{\"@type\":\"EntryPoint\",\"urlTemplate\":\"https:\/\/challengeseconomiques.com\/?s={search_term_string}\"},\"query-input\":{\"@type\":\"PropertyValueSpecification\",\"valueRequired\":true,\"valueName\":\"search_term_string\"}}],\"inLanguage\":\"fr-FR\"},{\"@type\":\"Person\",\"@id\":\"https:\/\/challengeseconomiques.com\/#\/schema\/person\/b4568c9afebc5a9238a771873801e349\",\"name\":\"admin\",\"image\":{\"@type\":\"ImageObject\",\"inLanguage\":\"fr-FR\",\"@id\":\"https:\/\/challengeseconomiques.com\/#\/schema\/person\/image\/\",\"url\":\"https:\/\/secure.gravatar.com\/avatar\/099e42240b5eea11acdb72751fcce0dd918603f0749d24974b7984ea47ed9fd9?s=96&d=mm&r=g\",\"contentUrl\":\"https:\/\/secure.gravatar.com\/avatar\/099e42240b5eea11acdb72751fcce0dd918603f0749d24974b7984ea47ed9fd9?s=96&d=mm&r=g\",\"caption\":\"admin\"},\"sameAs\":[\"https:\/\/challengeseconomiques.com\"],\"url\":\"https:\/\/challengeseconomiques.com\/?author=1\"}]}<\/script>\n<!-- \/ Yoast SEO plugin. -->","yoast_head_json":{"title":"Axe Dakar-Accra : La CCIAD et la repr\u00e9sentation ghan\u00e9enne tracent la voie d\u2019un partenariat - challenges economiques","robots":{"index":"index","follow":"follow","max-snippet":"max-snippet:-1","max-image-preview":"max-image-preview:large","max-video-preview":"max-video-preview:-1"},"canonical":"https:\/\/challengeseconomiques.com\/?p=4471","og_locale":"fr_FR","og_type":"article","og_title":"Axe Dakar-Accra : La CCIAD et la repr\u00e9sentation ghan\u00e9enne tracent la voie d\u2019un partenariat - challenges economiques","og_description":"En tant que maison de l\u2019entreprise, la Chambre de Commerce, d\u2019Industrie et d\u2019Agriculture de Dakar (CCIAD) cherche de nouvelles opportunit\u00e9s pour les op\u00e9rateurs \u00e9conomiques s\u00e9n\u00e9galais....","og_url":"https:\/\/challengeseconomiques.com\/?p=4471","og_site_name":"challenges economiques","article_published_time":"2023-03-28T11:39:08+00:00","article_modified_time":"2023-03-28T11:44:14+00:00","og_image":[{"width":1536,"height":1017,"url":"https:\/\/challengeseconomiques.com\/wp-content\/uploads\/2023\/03\/Ambassadrice_Ghana_CCIAD_1-1536x1017-1.jpeg","type":"image\/jpeg"}],"author":"admin","twitter_card":"summary_large_image","twitter_misc":{"\u00c9crit par":"admin","Dur\u00e9e de lecture estim\u00e9e":"2 minutes"},"schema":{"@context":"https:\/\/schema.org","@graph":[{"@type":"Article","@id":"https:\/\/challengeseconomiques.com\/?p=4471#article","isPartOf":{"@id":"https:\/\/challengeseconomiques.com\/?p=4471"},"author":{"name":"admin","@id":"https:\/\/challengeseconomiques.com\/#\/schema\/person\/b4568c9afebc5a9238a771873801e349"},"headline":"Axe Dakar-Accra : La CCIAD et la repr\u00e9sentation ghan\u00e9enne tracent la voie d\u2019un partenariat","datePublished":"2023-03-28T11:39:08+00:00","dateModified":"2023-03-28T11:44:14+00:00","mainEntityOfPage":{"@id":"https:\/\/challengeseconomiques.com\/?p=4471"},"wordCount":483,"image":{"@id":"https:\/\/challengeseconomiques.com\/?p=4471#primaryimage"},"thumbnailUrl":"https:\/\/challengeseconomiques.com\/wp-content\/uploads\/2023\/03\/Ambassadrice_Ghana_CCIAD_1-1536x1017-1.jpeg","articleSection":["Actualit\u00e9 \u00e9conomique"],"inLanguage":"fr-FR"},{"@type":"WebPage","@id":"https:\/\/challengeseconomiques.com\/?p=4471","url":"https:\/\/challengeseconomiques.com\/?p=4471","name":"Axe Dakar-Accra : La CCIAD et la repr\u00e9sentation ghan\u00e9enne tracent la voie d\u2019un partenariat - challenges economiques","isPartOf":{"@id":"https:\/\/challengeseconomiques.com\/#website"},"primaryImageOfPage":{"@id":"https:\/\/challengeseconomiques.com\/?p=4471#primaryimage"},"image":{"@id":"https:\/\/challengeseconomiques.com\/?p=4471#primaryimage"},"thumbnailUrl":"https:\/\/challengeseconomiques.com\/wp-content\/uploads\/2023\/03\/Ambassadrice_Ghana_CCIAD_1-1536x1017-1.jpeg","datePublished":"2023-03-28T11:39:08+00:00","dateModified":"2023-03-28T11:44:14+00:00","author":{"@id":"https:\/\/challengeseconomiques.com\/#\/schema\/person\/b4568c9afebc5a9238a771873801e349"},"breadcrumb":{"@id":"https:\/\/challengeseconomiques.com\/?p=4471#breadcrumb"},"inLanguage":"fr-FR","potentialAction":[{"@type":"ReadAction","target":["https:\/\/challengeseconomiques.com\/?p=4471"]}]},{"@type":"ImageObject","inLanguage":"fr-FR","@id":"https:\/\/challengeseconomiques.com\/?p=4471#primaryimage","url":"https:\/\/challengeseconomiques.com\/wp-content\/uploads\/2023\/03\/Ambassadrice_Ghana_CCIAD_1-1536x1017-1.jpeg","contentUrl":"https:\/\/challengeseconomiques.com\/wp-content\/uploads\/2023\/03\/Ambassadrice_Ghana_CCIAD_1-1536x1017-1.jpeg","width":1536,"height":1017},{"@type":"BreadcrumbList","@id":"https:\/\/challengeseconomiques.com\/?p=4471#breadcrumb","itemListElement":[{"@type":"ListItem","position":1,"name":"Home","item":"https:\/\/challengeseconomiques.com\/"},{"@type":"ListItem","position":2,"name":"Axe Dakar-Accra : La CCIAD et la repr\u00e9sentation ghan\u00e9enne tracent la voie d\u2019un partenariat"}]},{"@type":"WebSite","@id":"https:\/\/challengeseconomiques.com\/#website","url":"https:\/\/challengeseconomiques.com\/","name":"challenges economiques","description":"","potentialAction":[{"@type":"SearchAction","target":{"@type":"EntryPoint","urlTemplate":"https:\/\/challengeseconomiques.com\/?s={search_term_string}"},"query-input":{"@type":"PropertyValueSpecification","valueRequired":true,"valueName":"search_term_string"}}],"inLanguage":"fr-FR"},{"@type":"Person","@id":"https:\/\/challengeseconomiques.com\/#\/schema\/person\/b4568c9afebc5a9238a771873801e349","name":"admin","image":{"@type":"ImageObject","inLanguage":"fr-FR","@id":"https:\/\/challengeseconomiques.com\/#\/schema\/person\/image\/","url":"https:\/\/secure.gravatar.com\/avatar\/099e42240b5eea11acdb72751fcce0dd918603f0749d24974b7984ea47ed9fd9?s=96&d=mm&r=g","contentUrl":"https:\/\/secure.gravatar.com\/avatar\/099e42240b5eea11acdb72751fcce0dd918603f0749d24974b7984ea47ed9fd9?s=96&d=mm&r=g","caption":"admin"},"sameAs":["https:\/\/challengeseconomiques.com"],"url":"https:\/\/challengeseconomiques.com\/?author=1"}]}},"jetpack_featured_media_url":"https:\/\/challengeseconomiques.com\/wp-content\/uploads\/2023\/03\/Ambassadrice_Ghana_CCIAD_1-1536x1017-1.jpeg","jetpack_sharing_enabled":true,"_links":{"self":[{"href":"https:\/\/challengeseconomiques.com\/index.php?rest_route=\/wp\/v2\/posts\/4471","targetHints":{"allow":["GET"]}}],"collection":[{"href":"https:\/\/challengeseconomiques.com\/index.php?rest_route=\/wp\/v2\/posts"}],"about":[{"href":"https:\/\/challengeseconomiques.com\/index.php?rest_route=\/wp\/v2\/types\/post"}],"author":[{"embeddable":true,"href":"https:\/\/challengeseconomiques.com\/index.php?rest_route=\/wp\/v2\/users\/1"}],"replies":[{"embeddable":true,"href":"https:\/\/challengeseconomiques.com\/index.php?rest_route=%2Fwp%2Fv2%2Fcomments&post=4471"}],"version-history":[{"count":1,"href":"https:\/\/challengeseconomiques.com\/index.php?rest_route=\/wp\/v2\/posts\/4471\/revisions"}],"predecessor-version":[{"id":4473,"href":"https:\/\/challengeseconomiques.com\/index.php?rest_route=\/wp\/v2\/posts\/4471\/revisions\/4473"}],"wp:featuredmedia":[{"embeddable":true,"href":"https:\/\/challengeseconomiques.com\/index.php?rest_route=\/wp\/v2\/media\/4472"}],"wp:attachment":[{"href":"https:\/\/challengeseconomiques.com\/index.php?rest_route=%2Fwp%2Fv2%2Fmedia&parent=4471"}],"wp:term":[{"taxonomy":"category","embeddable":true,"href":"https:\/\/challengeseconomiques.com\/index.php?rest_route=%2Fwp%2Fv2%2Fcategories&post=4471"},{"taxonomy":"post_tag","embeddable":true,"href":"https:\/\/challengeseconomiques.com\/index.php?rest_route=%2Fwp%2Fv2%2Ftags&post=4471"}],"curies":[{"name":"wp","href":"https:\/\/api.w.org\/{rel}","templated":true}]}}