{"id":4466,"date":"2023-03-27T11:52:01","date_gmt":"2023-03-27T11:52:01","guid":{"rendered":"https:\/\/challengeseconomiques.com\/?p=4466"},"modified":"2023-03-27T11:53:13","modified_gmt":"2023-03-27T11:53:13","slug":"kako-nubukpo-candidat-au-poste-de-secretaire-executif","status":"publish","type":"post","link":"https:\/\/challengeseconomiques.com\/?p=4466","title":{"rendered":"Kako Nubukpo candidat au poste de secr\u00e9taire ex\u00e9cutif"},"content":{"rendered":"<p>L\u2019\u00e9conomiste Kako Nubukpo, actuel commissaire de l\u2019UEMOA, a officiellement fait acte de candidature au remplacement de Vera Songwe \u00e0 la t\u00eate de la CEA. La d\u00e9cision appartient au secr\u00e9taire g\u00e9n\u00e9ral des Nations unies, Antonio Guterres. Le candidat a reconnu, dans un message sur les r\u00e9seaux sociaux, que \u00ab&nbsp;<em>nous sommes nombreux \u00e0 \u00eatre capables de diriger cette institution<\/em>&nbsp;\u00bb. Cette fois, l\u2019\u00e9conomiste peut faire \u00e9tat du soutien de son pays, le Togo.<\/p>\n<p>Ag\u00e9 de 54 ans, Kako Nubukpo s\u2019est distingu\u00e9 ces derni\u00e8res ann\u00e9es par ses prises de paroles tranch\u00e9es, parfois \u00e0 contre-courant du consensus politique ou \u00e9conomique. Il soutient l\u2019abandon du franc CFA, s\u2019opposant aux ajustements port\u00e9s par la C\u00f4te d\u2019Ivoire et la France.<\/p>\n<p>Sans s\u2019opposer \u00e0 la ZLECAf, il en d\u00e9plore le d\u00e9ploiement en ordre dispers\u00e9 et l\u2019aggravation des in\u00e9galit\u00e9s, qui risque, selon lui, de d\u00e9couler du libre-\u00e9change. Tant vis-\u00e0-vis de l\u2019ext\u00e9rieur qu\u2019\u00e0 \u00e9chelle r\u00e9gionale, il pr\u00f4ne d\u2019ailleurs un certain protectionnisme. Il pr\u00f4ne par exemple une solidarit\u00e9 budg\u00e9taire entre les pays plus avanc\u00e9s et ceux plus en retard, notamment en mati\u00e8re de productivit\u00e9. Et \u00e9met quelques r\u00e9serves sur la strat\u00e9gie d\u2019exploitation des mati\u00e8res premi\u00e8res engag\u00e9e par certains pays africains, rappelant les erreurs pass\u00e9es et les d\u00e9fis de l\u2019avenir, autour du d\u00e9veloppement durable.<\/p>\n<p><strong>Le Magazine de l&rsquo;Afrique<\/strong><\/p>\n","protected":false},"excerpt":{"rendered":"<p>L\u2019\u00e9conomiste Kako Nubukpo, actuel commissaire de l\u2019UEMOA, a officiellement fait acte de candidature au remplacement de Vera Songwe \u00e0 la t\u00eate de la CEA. La&#8230;<\/p>\n","protected":false},"author":1,"featured_media":4467,"comment_status":"closed","ping_status":"open","sticky":false,"template":"","format":"standard","meta":{"_jetpack_memberships_contains_paid_content":false,"footnotes":""},"categories":[8],"tags":[],"class_list":["post-4466","post","type-post","status-publish","format-standard","has-post-thumbnail","hentry","category-actualite-economique","wpcat-8-id"],"yoast_head":"<!-- This site is optimized with the Yoast SEO plugin v27.1.1 - https:\/\/yoast.com\/product\/yoast-seo-wordpress\/ -->\n<title>Kako Nubukpo candidat au poste de secr\u00e9taire ex\u00e9cutif - challenges economiques<\/title>\n<meta name=\"robots\" content=\"index, follow, max-snippet:-1, max-image-preview:large, max-video-preview:-1\" \/>\n<link rel=\"canonical\" href=\"https:\/\/challengeseconomiques.com\/?p=4466\" \/>\n<meta property=\"og:locale\" content=\"fr_FR\" \/>\n<meta property=\"og:type\" content=\"article\" \/>\n<meta property=\"og:title\" content=\"Kako Nubukpo candidat au poste de secr\u00e9taire ex\u00e9cutif - challenges economiques\" \/>\n<meta property=\"og:description\" content=\"L\u2019\u00e9conomiste Kako Nubukpo, actuel commissaire de l\u2019UEMOA, a officiellement fait acte de candidature au remplacement de Vera Songwe \u00e0 la t\u00eate de la CEA. La...\" \/>\n<meta property=\"og:url\" content=\"https:\/\/challengeseconomiques.com\/?p=4466\" \/>\n<meta property=\"og:site_name\" content=\"challenges economiques\" \/>\n<meta property=\"article:published_time\" content=\"2023-03-27T11:52:01+00:00\" \/>\n<meta property=\"article:modified_time\" content=\"2023-03-27T11:53:13+00:00\" \/>\n<meta property=\"og:image\" content=\"https:\/\/challengeseconomiques.com\/wp-content\/uploads\/2023\/03\/kako.jpg\" \/>\n\t<meta property=\"og:image:width\" content=\"600\" \/>\n\t<meta property=\"og:image:height\" content=\"337\" \/>\n\t<meta property=\"og:image:type\" content=\"image\/jpeg\" \/>\n<meta name=\"author\" content=\"admin\" \/>\n<meta name=\"twitter:card\" content=\"summary_large_image\" \/>\n<meta name=\"twitter:label1\" content=\"\u00c9crit par\" \/>\n\t<meta name=\"twitter:data1\" content=\"admin\" \/>\n\t<meta name=\"twitter:label2\" content=\"Dur\u00e9e de lecture estim\u00e9e\" \/>\n\t<meta name=\"twitter:data2\" content=\"1 minute\" \/>\n<script type=\"application\/ld+json\" class=\"yoast-schema-graph\">{\"@context\":\"https:\/\/schema.org\",\"@graph\":[{\"@type\":\"Article\",\"@id\":\"https:\/\/challengeseconomiques.com\/?p=4466#article\",\"isPartOf\":{\"@id\":\"https:\/\/challengeseconomiques.com\/?p=4466\"},\"author\":{\"name\":\"admin\",\"@id\":\"https:\/\/challengeseconomiques.com\/#\/schema\/person\/b4568c9afebc5a9238a771873801e349\"},\"headline\":\"Kako Nubukpo candidat au poste de secr\u00e9taire ex\u00e9cutif\",\"datePublished\":\"2023-03-27T11:52:01+00:00\",\"dateModified\":\"2023-03-27T11:53:13+00:00\",\"mainEntityOfPage\":{\"@id\":\"https:\/\/challengeseconomiques.com\/?p=4466\"},\"wordCount\":259,\"image\":{\"@id\":\"https:\/\/challengeseconomiques.com\/?p=4466#primaryimage\"},\"thumbnailUrl\":\"https:\/\/challengeseconomiques.com\/wp-content\/uploads\/2023\/03\/kako.jpg\",\"articleSection\":[\"Actualit\u00e9 \u00e9conomique\"],\"inLanguage\":\"fr-FR\"},{\"@type\":\"WebPage\",\"@id\":\"https:\/\/challengeseconomiques.com\/?p=4466\",\"url\":\"https:\/\/challengeseconomiques.com\/?p=4466\",\"name\":\"Kako Nubukpo candidat au poste de secr\u00e9taire ex\u00e9cutif - challenges economiques\",\"isPartOf\":{\"@id\":\"https:\/\/challengeseconomiques.com\/#website\"},\"primaryImageOfPage\":{\"@id\":\"https:\/\/challengeseconomiques.com\/?p=4466#primaryimage\"},\"image\":{\"@id\":\"https:\/\/challengeseconomiques.com\/?p=4466#primaryimage\"},\"thumbnailUrl\":\"https:\/\/challengeseconomiques.com\/wp-content\/uploads\/2023\/03\/kako.jpg\",\"datePublished\":\"2023-03-27T11:52:01+00:00\",\"dateModified\":\"2023-03-27T11:53:13+00:00\",\"author\":{\"@id\":\"https:\/\/challengeseconomiques.com\/#\/schema\/person\/b4568c9afebc5a9238a771873801e349\"},\"breadcrumb\":{\"@id\":\"https:\/\/challengeseconomiques.com\/?p=4466#breadcrumb\"},\"inLanguage\":\"fr-FR\",\"potentialAction\":[{\"@type\":\"ReadAction\",\"target\":[\"https:\/\/challengeseconomiques.com\/?p=4466\"]}]},{\"@type\":\"ImageObject\",\"inLanguage\":\"fr-FR\",\"@id\":\"https:\/\/challengeseconomiques.com\/?p=4466#primaryimage\",\"url\":\"https:\/\/challengeseconomiques.com\/wp-content\/uploads\/2023\/03\/kako.jpg\",\"contentUrl\":\"https:\/\/challengeseconomiques.com\/wp-content\/uploads\/2023\/03\/kako.jpg\",\"width\":600,\"height\":337},{\"@type\":\"BreadcrumbList\",\"@id\":\"https:\/\/challengeseconomiques.com\/?p=4466#breadcrumb\",\"itemListElement\":[{\"@type\":\"ListItem\",\"position\":1,\"name\":\"Home\",\"item\":\"https:\/\/challengeseconomiques.com\/\"},{\"@type\":\"ListItem\",\"position\":2,\"name\":\"Kako Nubukpo candidat au poste de secr\u00e9taire ex\u00e9cutif\"}]},{\"@type\":\"WebSite\",\"@id\":\"https:\/\/challengeseconomiques.com\/#website\",\"url\":\"https:\/\/challengeseconomiques.com\/\",\"name\":\"challenges economiques\",\"description\":\"\",\"potentialAction\":[{\"@type\":\"SearchAction\",\"target\":{\"@type\":\"EntryPoint\",\"urlTemplate\":\"https:\/\/challengeseconomiques.com\/?s={search_term_string}\"},\"query-input\":{\"@type\":\"PropertyValueSpecification\",\"valueRequired\":true,\"valueName\":\"search_term_string\"}}],\"inLanguage\":\"fr-FR\"},{\"@type\":\"Person\",\"@id\":\"https:\/\/challengeseconomiques.com\/#\/schema\/person\/b4568c9afebc5a9238a771873801e349\",\"name\":\"admin\",\"image\":{\"@type\":\"ImageObject\",\"inLanguage\":\"fr-FR\",\"@id\":\"https:\/\/challengeseconomiques.com\/#\/schema\/person\/image\/\",\"url\":\"https:\/\/secure.gravatar.com\/avatar\/099e42240b5eea11acdb72751fcce0dd918603f0749d24974b7984ea47ed9fd9?s=96&d=mm&r=g\",\"contentUrl\":\"https:\/\/secure.gravatar.com\/avatar\/099e42240b5eea11acdb72751fcce0dd918603f0749d24974b7984ea47ed9fd9?s=96&d=mm&r=g\",\"caption\":\"admin\"},\"sameAs\":[\"https:\/\/challengeseconomiques.com\"],\"url\":\"https:\/\/challengeseconomiques.com\/?author=1\"}]}<\/script>\n<!-- \/ Yoast SEO plugin. -->","yoast_head_json":{"title":"Kako Nubukpo candidat au poste de secr\u00e9taire ex\u00e9cutif - challenges economiques","robots":{"index":"index","follow":"follow","max-snippet":"max-snippet:-1","max-image-preview":"max-image-preview:large","max-video-preview":"max-video-preview:-1"},"canonical":"https:\/\/challengeseconomiques.com\/?p=4466","og_locale":"fr_FR","og_type":"article","og_title":"Kako Nubukpo candidat au poste de secr\u00e9taire ex\u00e9cutif - challenges economiques","og_description":"L\u2019\u00e9conomiste Kako Nubukpo, actuel commissaire de l\u2019UEMOA, a officiellement fait acte de candidature au remplacement de Vera Songwe \u00e0 la t\u00eate de la CEA. La...","og_url":"https:\/\/challengeseconomiques.com\/?p=4466","og_site_name":"challenges economiques","article_published_time":"2023-03-27T11:52:01+00:00","article_modified_time":"2023-03-27T11:53:13+00:00","og_image":[{"width":600,"height":337,"url":"https:\/\/challengeseconomiques.com\/wp-content\/uploads\/2023\/03\/kako.jpg","type":"image\/jpeg"}],"author":"admin","twitter_card":"summary_large_image","twitter_misc":{"\u00c9crit par":"admin","Dur\u00e9e de lecture estim\u00e9e":"1 minute"},"schema":{"@context":"https:\/\/schema.org","@graph":[{"@type":"Article","@id":"https:\/\/challengeseconomiques.com\/?p=4466#article","isPartOf":{"@id":"https:\/\/challengeseconomiques.com\/?p=4466"},"author":{"name":"admin","@id":"https:\/\/challengeseconomiques.com\/#\/schema\/person\/b4568c9afebc5a9238a771873801e349"},"headline":"Kako Nubukpo candidat au poste de secr\u00e9taire ex\u00e9cutif","datePublished":"2023-03-27T11:52:01+00:00","dateModified":"2023-03-27T11:53:13+00:00","mainEntityOfPage":{"@id":"https:\/\/challengeseconomiques.com\/?p=4466"},"wordCount":259,"image":{"@id":"https:\/\/challengeseconomiques.com\/?p=4466#primaryimage"},"thumbnailUrl":"https:\/\/challengeseconomiques.com\/wp-content\/uploads\/2023\/03\/kako.jpg","articleSection":["Actualit\u00e9 \u00e9conomique"],"inLanguage":"fr-FR"},{"@type":"WebPage","@id":"https:\/\/challengeseconomiques.com\/?p=4466","url":"https:\/\/challengeseconomiques.com\/?p=4466","name":"Kako Nubukpo candidat au poste de secr\u00e9taire ex\u00e9cutif - challenges economiques","isPartOf":{"@id":"https:\/\/challengeseconomiques.com\/#website"},"primaryImageOfPage":{"@id":"https:\/\/challengeseconomiques.com\/?p=4466#primaryimage"},"image":{"@id":"https:\/\/challengeseconomiques.com\/?p=4466#primaryimage"},"thumbnailUrl":"https:\/\/challengeseconomiques.com\/wp-content\/uploads\/2023\/03\/kako.jpg","datePublished":"2023-03-27T11:52:01+00:00","dateModified":"2023-03-27T11:53:13+00:00","author":{"@id":"https:\/\/challengeseconomiques.com\/#\/schema\/person\/b4568c9afebc5a9238a771873801e349"},"breadcrumb":{"@id":"https:\/\/challengeseconomiques.com\/?p=4466#breadcrumb"},"inLanguage":"fr-FR","potentialAction":[{"@type":"ReadAction","target":["https:\/\/challengeseconomiques.com\/?p=4466"]}]},{"@type":"ImageObject","inLanguage":"fr-FR","@id":"https:\/\/challengeseconomiques.com\/?p=4466#primaryimage","url":"https:\/\/challengeseconomiques.com\/wp-content\/uploads\/2023\/03\/kako.jpg","contentUrl":"https:\/\/challengeseconomiques.com\/wp-content\/uploads\/2023\/03\/kako.jpg","width":600,"height":337},{"@type":"BreadcrumbList","@id":"https:\/\/challengeseconomiques.com\/?p=4466#breadcrumb","itemListElement":[{"@type":"ListItem","position":1,"name":"Home","item":"https:\/\/challengeseconomiques.com\/"},{"@type":"ListItem","position":2,"name":"Kako Nubukpo candidat au poste de secr\u00e9taire ex\u00e9cutif"}]},{"@type":"WebSite","@id":"https:\/\/challengeseconomiques.com\/#website","url":"https:\/\/challengeseconomiques.com\/","name":"challenges economiques","description":"","potentialAction":[{"@type":"SearchAction","target":{"@type":"EntryPoint","urlTemplate":"https:\/\/challengeseconomiques.com\/?s={search_term_string}"},"query-input":{"@type":"PropertyValueSpecification","valueRequired":true,"valueName":"search_term_string"}}],"inLanguage":"fr-FR"},{"@type":"Person","@id":"https:\/\/challengeseconomiques.com\/#\/schema\/person\/b4568c9afebc5a9238a771873801e349","name":"admin","image":{"@type":"ImageObject","inLanguage":"fr-FR","@id":"https:\/\/challengeseconomiques.com\/#\/schema\/person\/image\/","url":"https:\/\/secure.gravatar.com\/avatar\/099e42240b5eea11acdb72751fcce0dd918603f0749d24974b7984ea47ed9fd9?s=96&d=mm&r=g","contentUrl":"https:\/\/secure.gravatar.com\/avatar\/099e42240b5eea11acdb72751fcce0dd918603f0749d24974b7984ea47ed9fd9?s=96&d=mm&r=g","caption":"admin"},"sameAs":["https:\/\/challengeseconomiques.com"],"url":"https:\/\/challengeseconomiques.com\/?author=1"}]}},"jetpack_featured_media_url":"https:\/\/challengeseconomiques.com\/wp-content\/uploads\/2023\/03\/kako.jpg","jetpack_sharing_enabled":true,"_links":{"self":[{"href":"https:\/\/challengeseconomiques.com\/index.php?rest_route=\/wp\/v2\/posts\/4466","targetHints":{"allow":["GET"]}}],"collection":[{"href":"https:\/\/challengeseconomiques.com\/index.php?rest_route=\/wp\/v2\/posts"}],"about":[{"href":"https:\/\/challengeseconomiques.com\/index.php?rest_route=\/wp\/v2\/types\/post"}],"author":[{"embeddable":true,"href":"https:\/\/challengeseconomiques.com\/index.php?rest_route=\/wp\/v2\/users\/1"}],"replies":[{"embeddable":true,"href":"https:\/\/challengeseconomiques.com\/index.php?rest_route=%2Fwp%2Fv2%2Fcomments&post=4466"}],"version-history":[{"count":2,"href":"https:\/\/challengeseconomiques.com\/index.php?rest_route=\/wp\/v2\/posts\/4466\/revisions"}],"predecessor-version":[{"id":4469,"href":"https:\/\/challengeseconomiques.com\/index.php?rest_route=\/wp\/v2\/posts\/4466\/revisions\/4469"}],"wp:featuredmedia":[{"embeddable":true,"href":"https:\/\/challengeseconomiques.com\/index.php?rest_route=\/wp\/v2\/media\/4467"}],"wp:attachment":[{"href":"https:\/\/challengeseconomiques.com\/index.php?rest_route=%2Fwp%2Fv2%2Fmedia&parent=4466"}],"wp:term":[{"taxonomy":"category","embeddable":true,"href":"https:\/\/challengeseconomiques.com\/index.php?rest_route=%2Fwp%2Fv2%2Fcategories&post=4466"},{"taxonomy":"post_tag","embeddable":true,"href":"https:\/\/challengeseconomiques.com\/index.php?rest_route=%2Fwp%2Fv2%2Ftags&post=4466"}],"curies":[{"name":"wp","href":"https:\/\/api.w.org\/{rel}","templated":true}]}}