{"id":4421,"date":"2023-03-13T15:50:02","date_gmt":"2023-03-13T15:50:02","guid":{"rendered":"https:\/\/challengeseconomiques.com\/?p=4421"},"modified":"2023-03-13T15:50:28","modified_gmt":"2023-03-13T15:50:28","slug":"la-bceao-veut-casser-la-dynamique-de-linflation","status":"publish","type":"post","link":"https:\/\/challengeseconomiques.com\/?p=4421","title":{"rendered":"La BCEAO veut \u00ab casser la dynamique \u00bb de l\u2019inflation"},"content":{"rendered":"<p><strong>Pour la quatri\u00e8me fois en neuf mois, la Banque centrale ouest-africaine rel\u00e8ve ses taux directeurs, redoutant une spirale inflationniste. Sa d\u00e9cision est facilit\u00e9e par des niveaux de croissance et de liquidit\u00e9s satisfaisants, dans l\u2019Union mon\u00e9taire.<\/strong><\/p>\n<p>&nbsp;<\/p>\n<p>Le CPM (Comit\u00e9 de politique mon\u00e9taire) de la BCEAO (Banque centrale des \u00c9tats de l\u2019Afrique de l\u2019Ouest a une nouvelle fois d\u00e9cid\u00e9, le 1<sup>er<\/sup> mars,&nbsp; relever de 25 points de base son principal taux directeur. \u00c0 compter du 16 mars, la Banque centrale pr\u00eatera ses ressources aux banques \u00e0 un taux de 3,00%. De m\u00eame, le taux d\u2019int\u00e9r\u00eat sur le guichet de pr\u00eat marginal passe de 4,75% \u00e0 5,00%.<\/p>\n<p>Cette hausse, qui est la premi\u00e8re de cette ann\u00e9e 2023 et la quatri\u00e8me depuis juin 2022, s\u2019inscrit dans le cadre de \u00ab&nbsp;<em>la normalisation graduelle de la politique mon\u00e9taire de la Banque centrale<\/em> \u00bb, explique le CPM dans un communiqu\u00e9. Elle devrait contribuer \u00e0 ramener l\u2019inflation dans l\u2019intervalle cible de la Banque Centrale (1% \u00e0 3%) sur le moyen terme. Jean-Claude Kassi Brou consid\u00e8re que la politique mon\u00e9taire est \u00ab&nbsp;<em>calibr\u00e9e<\/em>&nbsp;\u00bb pour lutter contre l\u2019inflation sans nuire au dynamisme de la croissance \u00e9conomique.<\/p>\n<p>Bien que le taux d\u2019inflation dans l\u2019Union ait commenc\u00e9 \u00e0 baisser, il reste encore \u00e0 un niveau \u00e9lev\u00e9. Il s\u2019est situ\u00e9 \u00e0 6,0% en janvier 2023 apr\u00e8s 7,0% en d\u00e9cembre 2022. La baisse observ\u00e9e a \u00e9t\u00e9 notamment soutenue par les bons r\u00e9sultats de la campagne agricole 2022-2023 ainsi que par les mesures de politique mon\u00e9taire prises par la Banque centrale et les efforts des \u00c9tats pour lutter contre la vie ch\u00e8re.<\/p>\n<p>Toutefois, le taux d\u2019inflation est ressorti sup\u00e9rieur \u00e0 7,0% en janvier 2023 dans plusieurs pays de l\u2019Union. En outre, l\u2019inflation sous-jacente, qui mesure l\u2019\u00e9volution du niveau g\u00e9n\u00e9ral des prix hors produits frais et \u00e9nergie, s\u2019est \u00e9galement maintenue \u00e0 un niveau \u00e9lev\u00e9 de 4,7% en janvier 2023 apr\u00e8s 4,8% en d\u00e9cembre 2022.<\/p>\n<p>Dans le m\u00eame temps, au niveau du secteur bancaire de l\u2019Union, la liquidit\u00e9 reste \u00ab&nbsp;ad\u00e9quate&nbsp;\u00bb et devrait permettre aux banques de poursuivre le financement des \u00e9conomies.<\/p>\n<p>Un argument d\u00e9taill\u00e9 par le gouverneur Jean-Claude Kassi Brou, en conf\u00e9rence de presse. \u00ab&nbsp;<em>La croissance dans notre r\u00e9gion reste soutenue (5,6% en 2022), port\u00e9e par l\u2019ensemble des secteurs \u00e9conomiques<\/em>&nbsp;\u00bb, a expliqu\u00e9 le banquier central. La croissance devrait atteindre 6,5%&nbsp;; pour autant, \u00ab&nbsp;<em>l\u2019inflation reste une pr\u00e9occupation<\/em>&nbsp;\u00bb, comme en t\u00e9moigne cette quatri\u00e8me hausse des taux directeurs, la premi\u00e8re ayant eu lieu en juin 2022. La hausse des prix tournait autour de 7% l\u2019an dernier, contre un objectif de 1% \u00e0 3%. \u00ab&nbsp;<em>Or, la priorit\u00e9 d\u2019une Banque centrale est bien la stabilit\u00e9 des prix<\/em>&nbsp;\u00bb, a rappel\u00e9 Jean-Claude Kassi Brou. Qui s\u2019inqui\u00e8te que dans certains pays de l\u2019Union, l\u2019inflation demeure au-dessus de 7%.<\/p>\n<p><strong>Un nouveau signal<\/strong><\/p>\n<p>De plus, en 2022, on a observ\u00e9 une d\u00e9gradation des \u00e9changes avec l\u2019ext\u00e9rieur. En raison de la hausse des prix p\u00e9troliers, alimentaires, en particulier. Cette d\u00e9gradation exerce une pression sur les r\u00e9serves de change de l\u2019Union mon\u00e9taire, principale variable d\u2019ajustement dans une zone \u00e0 taux de change fixes. Les r\u00e9serves seraient de 4,4 mois, ce qui reste \u00ab&nbsp;<em>confortable<\/em>&nbsp;\u00bb, rassure le banquier central, mais la tendance \u00e0 la baisse est bien l\u00e0. De m\u00eame, la liquidit\u00e9 bancaire reste \u00ab&nbsp;<em>confortable<\/em>&nbsp;\u00bb et les banques gardent une grande latitude pour accorder des cr\u00e9dits \u00e0 l\u2019\u00e9conomie r\u00e9elle. Ces cr\u00e9dits devraient d\u2019ailleurs augmenter en 2023, pr\u00e9voit la BCEAO.<\/p>\n<p>Voil\u00e0 pourquoi, selon le gouverneur, il faut donner \u00ab&nbsp;<em>un nouveau signal<\/em>&nbsp;\u00bb de vigilance face aux risques.<\/p>\n<p>Plus g\u00e9n\u00e9ralement, le gouverneur a rappel\u00e9 que durant la p\u00e9riode de crise, la BCEAO a pris \u00ab&nbsp;<em>des mesures exceptionnelles<\/em>&nbsp;\u00bb, en mati\u00e8re de taux, d\u2019obligations prudentielles pour les banques, etc. L\u2019heure est \u00e0 une certaine normalisation. \u00ab&nbsp;<em>Nos mesures ont permis de soutenir l\u2019\u00e9conomie durant la p\u00e9riode de crise 2020-2021.<\/em>&nbsp;\u00bb Malheureusement, \u00e0 partir de 2022, la r\u00e9surgence de l\u2019inflation a modifi\u00e9 la donne. D\u2019o\u00f9 un retour progressif \u00e0 \u00ab&nbsp;<em>la norme<\/em>&nbsp;\u00bb, facilit\u00e9 par le fait que le niveau de liquidit\u00e9s dans l\u2019\u00e9conomie est \u00ab&nbsp;<em>satisfaisant<\/em>&nbsp;\u00bb.<\/p>\n<p>D\u2019ailleurs, le gouverneur a fait observer que les autres Banques centrales ont augment\u00e9 les taux de mani\u00e8re bien plus agressive que la BCEAO. Il consid\u00e8re que la politique mon\u00e9taire est \u00ab&nbsp;<em>calibr\u00e9e<\/em>&nbsp;\u00bb pour lutter contre l\u2019inflation sans nuire au dynamisme de la croissance \u00e9conomique. La Banque centrale ne saurait se satisfaire d\u2019une inflation proche des 6%, d\u2019autant que subsistent certains risques.<\/p>\n<p>Lesquels sont \u00e0 rechercher, de nouveau, du c\u00f4t\u00e9 des prix des produits \u00e9nerg\u00e9tiques et alimentaires. De plus, les attaques terroristes, dans certaines r\u00e9gions, ont d\u00e9stabilis\u00e9 la production agricole&nbsp;; il en est de m\u00eame pour les d\u00e9r\u00e9glement\u00e9s climatiques. Jean-Claude Kassi Brou redoute \u00e9galement une spirale auto-entretenue par les demandes de hausse des salaires&nbsp;; aussi, est-il urgent, selon lui, de \u00ab&nbsp;<em>casser la dynamique<\/em> \u00bb de l\u2019inflation.<\/p>\n<p><strong>Le Magazine de l&rsquo;Afrique<\/strong><\/p>\n","protected":false},"excerpt":{"rendered":"<p>Pour la quatri\u00e8me fois en neuf mois, la Banque centrale ouest-africaine rel\u00e8ve ses taux directeurs, redoutant une spirale inflationniste. Sa d\u00e9cision est facilit\u00e9e par des&#8230;<\/p>\n","protected":false},"author":1,"featured_media":4422,"comment_status":"closed","ping_status":"open","sticky":false,"template":"","format":"standard","meta":{"_jetpack_memberships_contains_paid_content":false,"footnotes":""},"categories":[8,10],"tags":[],"class_list":["post-4421","post","type-post","status-publish","format-standard","has-post-thumbnail","hentry","category-actualite-economique","category-infos-eco","wpcat-8-id","wpcat-10-id"],"yoast_head":"<!-- This site is optimized with the Yoast SEO plugin v27.1.1 - https:\/\/yoast.com\/product\/yoast-seo-wordpress\/ -->\n<title>La BCEAO veut \u00ab casser la dynamique \u00bb de l\u2019inflation - challenges economiques<\/title>\n<meta name=\"robots\" content=\"index, follow, max-snippet:-1, max-image-preview:large, max-video-preview:-1\" \/>\n<link rel=\"canonical\" href=\"https:\/\/challengeseconomiques.com\/?p=4421\" \/>\n<meta property=\"og:locale\" content=\"fr_FR\" \/>\n<meta property=\"og:type\" content=\"article\" \/>\n<meta property=\"og:title\" content=\"La BCEAO veut \u00ab casser la dynamique \u00bb de l\u2019inflation - challenges economiques\" \/>\n<meta property=\"og:description\" content=\"Pour la quatri\u00e8me fois en neuf mois, la Banque centrale ouest-africaine rel\u00e8ve ses taux directeurs, redoutant une spirale inflationniste. Sa d\u00e9cision est facilit\u00e9e par des...\" \/>\n<meta property=\"og:url\" content=\"https:\/\/challengeseconomiques.com\/?p=4421\" \/>\n<meta property=\"og:site_name\" content=\"challenges economiques\" \/>\n<meta property=\"article:published_time\" content=\"2023-03-13T15:50:02+00:00\" \/>\n<meta property=\"article:modified_time\" content=\"2023-03-13T15:50:28+00:00\" \/>\n<meta property=\"og:image\" content=\"https:\/\/challengeseconomiques.com\/wp-content\/uploads\/2023\/03\/Jean-Claude-Kassi-Brou-770x470-1.webp\" \/>\n\t<meta property=\"og:image:width\" content=\"770\" \/>\n\t<meta property=\"og:image:height\" content=\"470\" \/>\n\t<meta property=\"og:image:type\" content=\"image\/webp\" \/>\n<meta name=\"author\" content=\"admin\" \/>\n<meta name=\"twitter:card\" content=\"summary_large_image\" \/>\n<meta name=\"twitter:label1\" content=\"\u00c9crit par\" \/>\n\t<meta name=\"twitter:data1\" content=\"admin\" \/>\n\t<meta name=\"twitter:label2\" content=\"Dur\u00e9e de lecture estim\u00e9e\" \/>\n\t<meta name=\"twitter:data2\" content=\"4 minutes\" \/>\n<script type=\"application\/ld+json\" class=\"yoast-schema-graph\">{\"@context\":\"https:\/\/schema.org\",\"@graph\":[{\"@type\":\"Article\",\"@id\":\"https:\/\/challengeseconomiques.com\/?p=4421#article\",\"isPartOf\":{\"@id\":\"https:\/\/challengeseconomiques.com\/?p=4421\"},\"author\":{\"name\":\"admin\",\"@id\":\"https:\/\/challengeseconomiques.com\/#\/schema\/person\/b4568c9afebc5a9238a771873801e349\"},\"headline\":\"La BCEAO veut \u00ab casser la dynamique \u00bb de l\u2019inflation\",\"datePublished\":\"2023-03-13T15:50:02+00:00\",\"dateModified\":\"2023-03-13T15:50:28+00:00\",\"mainEntityOfPage\":{\"@id\":\"https:\/\/challengeseconomiques.com\/?p=4421\"},\"wordCount\":876,\"image\":{\"@id\":\"https:\/\/challengeseconomiques.com\/?p=4421#primaryimage\"},\"thumbnailUrl\":\"https:\/\/challengeseconomiques.com\/wp-content\/uploads\/2023\/03\/Jean-Claude-Kassi-Brou-770x470-1.webp\",\"articleSection\":[\"Actualit\u00e9 \u00e9conomique\",\"Infos \u00e9co\"],\"inLanguage\":\"fr-FR\"},{\"@type\":\"WebPage\",\"@id\":\"https:\/\/challengeseconomiques.com\/?p=4421\",\"url\":\"https:\/\/challengeseconomiques.com\/?p=4421\",\"name\":\"La BCEAO veut \u00ab casser la dynamique \u00bb de l\u2019inflation - challenges economiques\",\"isPartOf\":{\"@id\":\"https:\/\/challengeseconomiques.com\/#website\"},\"primaryImageOfPage\":{\"@id\":\"https:\/\/challengeseconomiques.com\/?p=4421#primaryimage\"},\"image\":{\"@id\":\"https:\/\/challengeseconomiques.com\/?p=4421#primaryimage\"},\"thumbnailUrl\":\"https:\/\/challengeseconomiques.com\/wp-content\/uploads\/2023\/03\/Jean-Claude-Kassi-Brou-770x470-1.webp\",\"datePublished\":\"2023-03-13T15:50:02+00:00\",\"dateModified\":\"2023-03-13T15:50:28+00:00\",\"author\":{\"@id\":\"https:\/\/challengeseconomiques.com\/#\/schema\/person\/b4568c9afebc5a9238a771873801e349\"},\"breadcrumb\":{\"@id\":\"https:\/\/challengeseconomiques.com\/?p=4421#breadcrumb\"},\"inLanguage\":\"fr-FR\",\"potentialAction\":[{\"@type\":\"ReadAction\",\"target\":[\"https:\/\/challengeseconomiques.com\/?p=4421\"]}]},{\"@type\":\"ImageObject\",\"inLanguage\":\"fr-FR\",\"@id\":\"https:\/\/challengeseconomiques.com\/?p=4421#primaryimage\",\"url\":\"https:\/\/challengeseconomiques.com\/wp-content\/uploads\/2023\/03\/Jean-Claude-Kassi-Brou-770x470-1.webp\",\"contentUrl\":\"https:\/\/challengeseconomiques.com\/wp-content\/uploads\/2023\/03\/Jean-Claude-Kassi-Brou-770x470-1.webp\",\"width\":770,\"height\":470},{\"@type\":\"BreadcrumbList\",\"@id\":\"https:\/\/challengeseconomiques.com\/?p=4421#breadcrumb\",\"itemListElement\":[{\"@type\":\"ListItem\",\"position\":1,\"name\":\"Home\",\"item\":\"https:\/\/challengeseconomiques.com\/\"},{\"@type\":\"ListItem\",\"position\":2,\"name\":\"La BCEAO veut \u00ab casser la dynamique \u00bb de l\u2019inflation\"}]},{\"@type\":\"WebSite\",\"@id\":\"https:\/\/challengeseconomiques.com\/#website\",\"url\":\"https:\/\/challengeseconomiques.com\/\",\"name\":\"challenges economiques\",\"description\":\"\",\"potentialAction\":[{\"@type\":\"SearchAction\",\"target\":{\"@type\":\"EntryPoint\",\"urlTemplate\":\"https:\/\/challengeseconomiques.com\/?s={search_term_string}\"},\"query-input\":{\"@type\":\"PropertyValueSpecification\",\"valueRequired\":true,\"valueName\":\"search_term_string\"}}],\"inLanguage\":\"fr-FR\"},{\"@type\":\"Person\",\"@id\":\"https:\/\/challengeseconomiques.com\/#\/schema\/person\/b4568c9afebc5a9238a771873801e349\",\"name\":\"admin\",\"image\":{\"@type\":\"ImageObject\",\"inLanguage\":\"fr-FR\",\"@id\":\"https:\/\/challengeseconomiques.com\/#\/schema\/person\/image\/\",\"url\":\"https:\/\/secure.gravatar.com\/avatar\/099e42240b5eea11acdb72751fcce0dd918603f0749d24974b7984ea47ed9fd9?s=96&d=mm&r=g\",\"contentUrl\":\"https:\/\/secure.gravatar.com\/avatar\/099e42240b5eea11acdb72751fcce0dd918603f0749d24974b7984ea47ed9fd9?s=96&d=mm&r=g\",\"caption\":\"admin\"},\"sameAs\":[\"https:\/\/challengeseconomiques.com\"],\"url\":\"https:\/\/challengeseconomiques.com\/?author=1\"}]}<\/script>\n<!-- \/ Yoast SEO plugin. -->","yoast_head_json":{"title":"La BCEAO veut \u00ab casser la dynamique \u00bb de l\u2019inflation - challenges economiques","robots":{"index":"index","follow":"follow","max-snippet":"max-snippet:-1","max-image-preview":"max-image-preview:large","max-video-preview":"max-video-preview:-1"},"canonical":"https:\/\/challengeseconomiques.com\/?p=4421","og_locale":"fr_FR","og_type":"article","og_title":"La BCEAO veut \u00ab casser la dynamique \u00bb de l\u2019inflation - challenges economiques","og_description":"Pour la quatri\u00e8me fois en neuf mois, la Banque centrale ouest-africaine rel\u00e8ve ses taux directeurs, redoutant une spirale inflationniste. Sa d\u00e9cision est facilit\u00e9e par des...","og_url":"https:\/\/challengeseconomiques.com\/?p=4421","og_site_name":"challenges economiques","article_published_time":"2023-03-13T15:50:02+00:00","article_modified_time":"2023-03-13T15:50:28+00:00","og_image":[{"width":770,"height":470,"url":"https:\/\/challengeseconomiques.com\/wp-content\/uploads\/2023\/03\/Jean-Claude-Kassi-Brou-770x470-1.webp","type":"image\/webp"}],"author":"admin","twitter_card":"summary_large_image","twitter_misc":{"\u00c9crit par":"admin","Dur\u00e9e de lecture estim\u00e9e":"4 minutes"},"schema":{"@context":"https:\/\/schema.org","@graph":[{"@type":"Article","@id":"https:\/\/challengeseconomiques.com\/?p=4421#article","isPartOf":{"@id":"https:\/\/challengeseconomiques.com\/?p=4421"},"author":{"name":"admin","@id":"https:\/\/challengeseconomiques.com\/#\/schema\/person\/b4568c9afebc5a9238a771873801e349"},"headline":"La BCEAO veut \u00ab casser la dynamique \u00bb de l\u2019inflation","datePublished":"2023-03-13T15:50:02+00:00","dateModified":"2023-03-13T15:50:28+00:00","mainEntityOfPage":{"@id":"https:\/\/challengeseconomiques.com\/?p=4421"},"wordCount":876,"image":{"@id":"https:\/\/challengeseconomiques.com\/?p=4421#primaryimage"},"thumbnailUrl":"https:\/\/challengeseconomiques.com\/wp-content\/uploads\/2023\/03\/Jean-Claude-Kassi-Brou-770x470-1.webp","articleSection":["Actualit\u00e9 \u00e9conomique","Infos \u00e9co"],"inLanguage":"fr-FR"},{"@type":"WebPage","@id":"https:\/\/challengeseconomiques.com\/?p=4421","url":"https:\/\/challengeseconomiques.com\/?p=4421","name":"La BCEAO veut \u00ab casser la dynamique \u00bb de l\u2019inflation - challenges economiques","isPartOf":{"@id":"https:\/\/challengeseconomiques.com\/#website"},"primaryImageOfPage":{"@id":"https:\/\/challengeseconomiques.com\/?p=4421#primaryimage"},"image":{"@id":"https:\/\/challengeseconomiques.com\/?p=4421#primaryimage"},"thumbnailUrl":"https:\/\/challengeseconomiques.com\/wp-content\/uploads\/2023\/03\/Jean-Claude-Kassi-Brou-770x470-1.webp","datePublished":"2023-03-13T15:50:02+00:00","dateModified":"2023-03-13T15:50:28+00:00","author":{"@id":"https:\/\/challengeseconomiques.com\/#\/schema\/person\/b4568c9afebc5a9238a771873801e349"},"breadcrumb":{"@id":"https:\/\/challengeseconomiques.com\/?p=4421#breadcrumb"},"inLanguage":"fr-FR","potentialAction":[{"@type":"ReadAction","target":["https:\/\/challengeseconomiques.com\/?p=4421"]}]},{"@type":"ImageObject","inLanguage":"fr-FR","@id":"https:\/\/challengeseconomiques.com\/?p=4421#primaryimage","url":"https:\/\/challengeseconomiques.com\/wp-content\/uploads\/2023\/03\/Jean-Claude-Kassi-Brou-770x470-1.webp","contentUrl":"https:\/\/challengeseconomiques.com\/wp-content\/uploads\/2023\/03\/Jean-Claude-Kassi-Brou-770x470-1.webp","width":770,"height":470},{"@type":"BreadcrumbList","@id":"https:\/\/challengeseconomiques.com\/?p=4421#breadcrumb","itemListElement":[{"@type":"ListItem","position":1,"name":"Home","item":"https:\/\/challengeseconomiques.com\/"},{"@type":"ListItem","position":2,"name":"La BCEAO veut \u00ab casser la dynamique \u00bb de l\u2019inflation"}]},{"@type":"WebSite","@id":"https:\/\/challengeseconomiques.com\/#website","url":"https:\/\/challengeseconomiques.com\/","name":"challenges economiques","description":"","potentialAction":[{"@type":"SearchAction","target":{"@type":"EntryPoint","urlTemplate":"https:\/\/challengeseconomiques.com\/?s={search_term_string}"},"query-input":{"@type":"PropertyValueSpecification","valueRequired":true,"valueName":"search_term_string"}}],"inLanguage":"fr-FR"},{"@type":"Person","@id":"https:\/\/challengeseconomiques.com\/#\/schema\/person\/b4568c9afebc5a9238a771873801e349","name":"admin","image":{"@type":"ImageObject","inLanguage":"fr-FR","@id":"https:\/\/challengeseconomiques.com\/#\/schema\/person\/image\/","url":"https:\/\/secure.gravatar.com\/avatar\/099e42240b5eea11acdb72751fcce0dd918603f0749d24974b7984ea47ed9fd9?s=96&d=mm&r=g","contentUrl":"https:\/\/secure.gravatar.com\/avatar\/099e42240b5eea11acdb72751fcce0dd918603f0749d24974b7984ea47ed9fd9?s=96&d=mm&r=g","caption":"admin"},"sameAs":["https:\/\/challengeseconomiques.com"],"url":"https:\/\/challengeseconomiques.com\/?author=1"}]}},"jetpack_featured_media_url":"https:\/\/challengeseconomiques.com\/wp-content\/uploads\/2023\/03\/Jean-Claude-Kassi-Brou-770x470-1.webp","jetpack_sharing_enabled":true,"_links":{"self":[{"href":"https:\/\/challengeseconomiques.com\/index.php?rest_route=\/wp\/v2\/posts\/4421","targetHints":{"allow":["GET"]}}],"collection":[{"href":"https:\/\/challengeseconomiques.com\/index.php?rest_route=\/wp\/v2\/posts"}],"about":[{"href":"https:\/\/challengeseconomiques.com\/index.php?rest_route=\/wp\/v2\/types\/post"}],"author":[{"embeddable":true,"href":"https:\/\/challengeseconomiques.com\/index.php?rest_route=\/wp\/v2\/users\/1"}],"replies":[{"embeddable":true,"href":"https:\/\/challengeseconomiques.com\/index.php?rest_route=%2Fwp%2Fv2%2Fcomments&post=4421"}],"version-history":[{"count":2,"href":"https:\/\/challengeseconomiques.com\/index.php?rest_route=\/wp\/v2\/posts\/4421\/revisions"}],"predecessor-version":[{"id":4424,"href":"https:\/\/challengeseconomiques.com\/index.php?rest_route=\/wp\/v2\/posts\/4421\/revisions\/4424"}],"wp:featuredmedia":[{"embeddable":true,"href":"https:\/\/challengeseconomiques.com\/index.php?rest_route=\/wp\/v2\/media\/4422"}],"wp:attachment":[{"href":"https:\/\/challengeseconomiques.com\/index.php?rest_route=%2Fwp%2Fv2%2Fmedia&parent=4421"}],"wp:term":[{"taxonomy":"category","embeddable":true,"href":"https:\/\/challengeseconomiques.com\/index.php?rest_route=%2Fwp%2Fv2%2Fcategories&post=4421"},{"taxonomy":"post_tag","embeddable":true,"href":"https:\/\/challengeseconomiques.com\/index.php?rest_route=%2Fwp%2Fv2%2Ftags&post=4421"}],"curies":[{"name":"wp","href":"https:\/\/api.w.org\/{rel}","templated":true}]}}