{"id":4417,"date":"2023-03-13T15:26:47","date_gmt":"2023-03-13T15:26:47","guid":{"rendered":"https:\/\/challengeseconomiques.com\/?p=4417"},"modified":"2023-03-13T15:27:08","modified_gmt":"2023-03-13T15:27:08","slug":"mamadou-faye-reconduit-pour-5-ans-a-la-tete-de-la-cour-des-comptes","status":"publish","type":"post","link":"https:\/\/challengeseconomiques.com\/?p=4417","title":{"rendered":"Mamadou Faye reconduit pour 5 ans \u00e0 la t\u00eate de la Cour des comptes"},"content":{"rendered":"<p>Mamadou Faye est reconduit dans ses fonctions de pr\u00e9sident de la Cour des comptes, pour un second mandat de cinq ans.<\/p>\n<p>Le pr\u00e9sident de la R\u00e9publique renouvelle ainsi sa confiance \u00e0 ce magistrat \u00ab&nbsp; comp\u00e9tent et int\u00e8gre&nbsp;\u00bb.<\/p>\n<p>Pour rappel Mamadou Faye a \u00e9t\u00e9 nomm\u00e9 pour la premi\u00e8re fois&nbsp; pr\u00e9sident de cette prestigieuse institution en 2018.<\/p>\n<p>&nbsp;<\/p>\n","protected":false},"excerpt":{"rendered":"<p>Mamadou Faye est reconduit dans ses fonctions de pr\u00e9sident de la Cour des comptes, pour un second mandat de cinq ans. Le pr\u00e9sident de la&#8230;<\/p>\n","protected":false},"author":1,"featured_media":4418,"comment_status":"closed","ping_status":"open","sticky":false,"template":"","format":"standard","meta":{"_jetpack_memberships_contains_paid_content":false,"footnotes":""},"categories":[8,10],"tags":[],"class_list":["post-4417","post","type-post","status-publish","format-standard","has-post-thumbnail","hentry","category-actualite-economique","category-infos-eco","wpcat-8-id","wpcat-10-id"],"yoast_head":"<!-- This site is optimized with the Yoast SEO plugin v27.1.1 - https:\/\/yoast.com\/product\/yoast-seo-wordpress\/ -->\n<title>Mamadou Faye reconduit pour 5 ans \u00e0 la t\u00eate de la Cour des comptes - challenges economiques<\/title>\n<meta name=\"robots\" content=\"index, follow, max-snippet:-1, max-image-preview:large, max-video-preview:-1\" \/>\n<link rel=\"canonical\" href=\"https:\/\/challengeseconomiques.com\/?p=4417\" \/>\n<meta property=\"og:locale\" content=\"fr_FR\" \/>\n<meta property=\"og:type\" content=\"article\" \/>\n<meta property=\"og:title\" content=\"Mamadou Faye reconduit pour 5 ans \u00e0 la t\u00eate de la Cour des comptes - challenges economiques\" \/>\n<meta property=\"og:description\" content=\"Mamadou Faye est reconduit dans ses fonctions de pr\u00e9sident de la Cour des comptes, pour un second mandat de cinq ans. Le pr\u00e9sident de la...\" \/>\n<meta property=\"og:url\" content=\"https:\/\/challengeseconomiques.com\/?p=4417\" \/>\n<meta property=\"og:site_name\" content=\"challenges economiques\" \/>\n<meta property=\"article:published_time\" content=\"2023-03-13T15:26:47+00:00\" \/>\n<meta property=\"article:modified_time\" content=\"2023-03-13T15:27:08+00:00\" \/>\n<meta property=\"og:image\" content=\"https:\/\/challengeseconomiques.com\/wp-content\/uploads\/2023\/03\/mamadou-fayecc.jpg\" \/>\n\t<meta property=\"og:image:width\" content=\"699\" \/>\n\t<meta property=\"og:image:height\" content=\"639\" \/>\n\t<meta property=\"og:image:type\" content=\"image\/jpeg\" \/>\n<meta name=\"author\" content=\"admin\" \/>\n<meta name=\"twitter:card\" content=\"summary_large_image\" \/>\n<meta name=\"twitter:label1\" content=\"\u00c9crit par\" \/>\n\t<meta name=\"twitter:data1\" content=\"admin\" \/>\n<script type=\"application\/ld+json\" class=\"yoast-schema-graph\">{\"@context\":\"https:\/\/schema.org\",\"@graph\":[{\"@type\":\"Article\",\"@id\":\"https:\/\/challengeseconomiques.com\/?p=4417#article\",\"isPartOf\":{\"@id\":\"https:\/\/challengeseconomiques.com\/?p=4417\"},\"author\":{\"name\":\"admin\",\"@id\":\"https:\/\/challengeseconomiques.com\/#\/schema\/person\/b4568c9afebc5a9238a771873801e349\"},\"headline\":\"Mamadou Faye reconduit pour 5 ans \u00e0 la t\u00eate de la Cour des comptes\",\"datePublished\":\"2023-03-13T15:26:47+00:00\",\"dateModified\":\"2023-03-13T15:27:08+00:00\",\"mainEntityOfPage\":{\"@id\":\"https:\/\/challengeseconomiques.com\/?p=4417\"},\"wordCount\":76,\"image\":{\"@id\":\"https:\/\/challengeseconomiques.com\/?p=4417#primaryimage\"},\"thumbnailUrl\":\"https:\/\/challengeseconomiques.com\/wp-content\/uploads\/2023\/03\/mamadou-fayecc.jpg\",\"articleSection\":[\"Actualit\u00e9 \u00e9conomique\",\"Infos \u00e9co\"],\"inLanguage\":\"fr-FR\"},{\"@type\":\"WebPage\",\"@id\":\"https:\/\/challengeseconomiques.com\/?p=4417\",\"url\":\"https:\/\/challengeseconomiques.com\/?p=4417\",\"name\":\"Mamadou Faye reconduit pour 5 ans \u00e0 la t\u00eate de la Cour des comptes - challenges economiques\",\"isPartOf\":{\"@id\":\"https:\/\/challengeseconomiques.com\/#website\"},\"primaryImageOfPage\":{\"@id\":\"https:\/\/challengeseconomiques.com\/?p=4417#primaryimage\"},\"image\":{\"@id\":\"https:\/\/challengeseconomiques.com\/?p=4417#primaryimage\"},\"thumbnailUrl\":\"https:\/\/challengeseconomiques.com\/wp-content\/uploads\/2023\/03\/mamadou-fayecc.jpg\",\"datePublished\":\"2023-03-13T15:26:47+00:00\",\"dateModified\":\"2023-03-13T15:27:08+00:00\",\"author\":{\"@id\":\"https:\/\/challengeseconomiques.com\/#\/schema\/person\/b4568c9afebc5a9238a771873801e349\"},\"breadcrumb\":{\"@id\":\"https:\/\/challengeseconomiques.com\/?p=4417#breadcrumb\"},\"inLanguage\":\"fr-FR\",\"potentialAction\":[{\"@type\":\"ReadAction\",\"target\":[\"https:\/\/challengeseconomiques.com\/?p=4417\"]}]},{\"@type\":\"ImageObject\",\"inLanguage\":\"fr-FR\",\"@id\":\"https:\/\/challengeseconomiques.com\/?p=4417#primaryimage\",\"url\":\"https:\/\/challengeseconomiques.com\/wp-content\/uploads\/2023\/03\/mamadou-fayecc.jpg\",\"contentUrl\":\"https:\/\/challengeseconomiques.com\/wp-content\/uploads\/2023\/03\/mamadou-fayecc.jpg\",\"width\":699,\"height\":639},{\"@type\":\"BreadcrumbList\",\"@id\":\"https:\/\/challengeseconomiques.com\/?p=4417#breadcrumb\",\"itemListElement\":[{\"@type\":\"ListItem\",\"position\":1,\"name\":\"Home\",\"item\":\"https:\/\/challengeseconomiques.com\/\"},{\"@type\":\"ListItem\",\"position\":2,\"name\":\"Mamadou Faye reconduit pour 5 ans \u00e0 la t\u00eate de la Cour des comptes\"}]},{\"@type\":\"WebSite\",\"@id\":\"https:\/\/challengeseconomiques.com\/#website\",\"url\":\"https:\/\/challengeseconomiques.com\/\",\"name\":\"challenges economiques\",\"description\":\"\",\"potentialAction\":[{\"@type\":\"SearchAction\",\"target\":{\"@type\":\"EntryPoint\",\"urlTemplate\":\"https:\/\/challengeseconomiques.com\/?s={search_term_string}\"},\"query-input\":{\"@type\":\"PropertyValueSpecification\",\"valueRequired\":true,\"valueName\":\"search_term_string\"}}],\"inLanguage\":\"fr-FR\"},{\"@type\":\"Person\",\"@id\":\"https:\/\/challengeseconomiques.com\/#\/schema\/person\/b4568c9afebc5a9238a771873801e349\",\"name\":\"admin\",\"image\":{\"@type\":\"ImageObject\",\"inLanguage\":\"fr-FR\",\"@id\":\"https:\/\/challengeseconomiques.com\/#\/schema\/person\/image\/\",\"url\":\"https:\/\/secure.gravatar.com\/avatar\/099e42240b5eea11acdb72751fcce0dd918603f0749d24974b7984ea47ed9fd9?s=96&d=mm&r=g\",\"contentUrl\":\"https:\/\/secure.gravatar.com\/avatar\/099e42240b5eea11acdb72751fcce0dd918603f0749d24974b7984ea47ed9fd9?s=96&d=mm&r=g\",\"caption\":\"admin\"},\"sameAs\":[\"https:\/\/challengeseconomiques.com\"],\"url\":\"https:\/\/challengeseconomiques.com\/?author=1\"}]}<\/script>\n<!-- \/ Yoast SEO plugin. -->","yoast_head_json":{"title":"Mamadou Faye reconduit pour 5 ans \u00e0 la t\u00eate de la Cour des comptes - challenges economiques","robots":{"index":"index","follow":"follow","max-snippet":"max-snippet:-1","max-image-preview":"max-image-preview:large","max-video-preview":"max-video-preview:-1"},"canonical":"https:\/\/challengeseconomiques.com\/?p=4417","og_locale":"fr_FR","og_type":"article","og_title":"Mamadou Faye reconduit pour 5 ans \u00e0 la t\u00eate de la Cour des comptes - challenges economiques","og_description":"Mamadou Faye est reconduit dans ses fonctions de pr\u00e9sident de la Cour des comptes, pour un second mandat de cinq ans. Le pr\u00e9sident de la...","og_url":"https:\/\/challengeseconomiques.com\/?p=4417","og_site_name":"challenges economiques","article_published_time":"2023-03-13T15:26:47+00:00","article_modified_time":"2023-03-13T15:27:08+00:00","og_image":[{"width":699,"height":639,"url":"https:\/\/challengeseconomiques.com\/wp-content\/uploads\/2023\/03\/mamadou-fayecc.jpg","type":"image\/jpeg"}],"author":"admin","twitter_card":"summary_large_image","twitter_misc":{"\u00c9crit par":"admin"},"schema":{"@context":"https:\/\/schema.org","@graph":[{"@type":"Article","@id":"https:\/\/challengeseconomiques.com\/?p=4417#article","isPartOf":{"@id":"https:\/\/challengeseconomiques.com\/?p=4417"},"author":{"name":"admin","@id":"https:\/\/challengeseconomiques.com\/#\/schema\/person\/b4568c9afebc5a9238a771873801e349"},"headline":"Mamadou Faye reconduit pour 5 ans \u00e0 la t\u00eate de la Cour des comptes","datePublished":"2023-03-13T15:26:47+00:00","dateModified":"2023-03-13T15:27:08+00:00","mainEntityOfPage":{"@id":"https:\/\/challengeseconomiques.com\/?p=4417"},"wordCount":76,"image":{"@id":"https:\/\/challengeseconomiques.com\/?p=4417#primaryimage"},"thumbnailUrl":"https:\/\/challengeseconomiques.com\/wp-content\/uploads\/2023\/03\/mamadou-fayecc.jpg","articleSection":["Actualit\u00e9 \u00e9conomique","Infos \u00e9co"],"inLanguage":"fr-FR"},{"@type":"WebPage","@id":"https:\/\/challengeseconomiques.com\/?p=4417","url":"https:\/\/challengeseconomiques.com\/?p=4417","name":"Mamadou Faye reconduit pour 5 ans \u00e0 la t\u00eate de la Cour des comptes - challenges economiques","isPartOf":{"@id":"https:\/\/challengeseconomiques.com\/#website"},"primaryImageOfPage":{"@id":"https:\/\/challengeseconomiques.com\/?p=4417#primaryimage"},"image":{"@id":"https:\/\/challengeseconomiques.com\/?p=4417#primaryimage"},"thumbnailUrl":"https:\/\/challengeseconomiques.com\/wp-content\/uploads\/2023\/03\/mamadou-fayecc.jpg","datePublished":"2023-03-13T15:26:47+00:00","dateModified":"2023-03-13T15:27:08+00:00","author":{"@id":"https:\/\/challengeseconomiques.com\/#\/schema\/person\/b4568c9afebc5a9238a771873801e349"},"breadcrumb":{"@id":"https:\/\/challengeseconomiques.com\/?p=4417#breadcrumb"},"inLanguage":"fr-FR","potentialAction":[{"@type":"ReadAction","target":["https:\/\/challengeseconomiques.com\/?p=4417"]}]},{"@type":"ImageObject","inLanguage":"fr-FR","@id":"https:\/\/challengeseconomiques.com\/?p=4417#primaryimage","url":"https:\/\/challengeseconomiques.com\/wp-content\/uploads\/2023\/03\/mamadou-fayecc.jpg","contentUrl":"https:\/\/challengeseconomiques.com\/wp-content\/uploads\/2023\/03\/mamadou-fayecc.jpg","width":699,"height":639},{"@type":"BreadcrumbList","@id":"https:\/\/challengeseconomiques.com\/?p=4417#breadcrumb","itemListElement":[{"@type":"ListItem","position":1,"name":"Home","item":"https:\/\/challengeseconomiques.com\/"},{"@type":"ListItem","position":2,"name":"Mamadou Faye reconduit pour 5 ans \u00e0 la t\u00eate de la Cour des comptes"}]},{"@type":"WebSite","@id":"https:\/\/challengeseconomiques.com\/#website","url":"https:\/\/challengeseconomiques.com\/","name":"challenges economiques","description":"","potentialAction":[{"@type":"SearchAction","target":{"@type":"EntryPoint","urlTemplate":"https:\/\/challengeseconomiques.com\/?s={search_term_string}"},"query-input":{"@type":"PropertyValueSpecification","valueRequired":true,"valueName":"search_term_string"}}],"inLanguage":"fr-FR"},{"@type":"Person","@id":"https:\/\/challengeseconomiques.com\/#\/schema\/person\/b4568c9afebc5a9238a771873801e349","name":"admin","image":{"@type":"ImageObject","inLanguage":"fr-FR","@id":"https:\/\/challengeseconomiques.com\/#\/schema\/person\/image\/","url":"https:\/\/secure.gravatar.com\/avatar\/099e42240b5eea11acdb72751fcce0dd918603f0749d24974b7984ea47ed9fd9?s=96&d=mm&r=g","contentUrl":"https:\/\/secure.gravatar.com\/avatar\/099e42240b5eea11acdb72751fcce0dd918603f0749d24974b7984ea47ed9fd9?s=96&d=mm&r=g","caption":"admin"},"sameAs":["https:\/\/challengeseconomiques.com"],"url":"https:\/\/challengeseconomiques.com\/?author=1"}]}},"jetpack_featured_media_url":"https:\/\/challengeseconomiques.com\/wp-content\/uploads\/2023\/03\/mamadou-fayecc.jpg","jetpack_sharing_enabled":true,"_links":{"self":[{"href":"https:\/\/challengeseconomiques.com\/index.php?rest_route=\/wp\/v2\/posts\/4417","targetHints":{"allow":["GET"]}}],"collection":[{"href":"https:\/\/challengeseconomiques.com\/index.php?rest_route=\/wp\/v2\/posts"}],"about":[{"href":"https:\/\/challengeseconomiques.com\/index.php?rest_route=\/wp\/v2\/types\/post"}],"author":[{"embeddable":true,"href":"https:\/\/challengeseconomiques.com\/index.php?rest_route=\/wp\/v2\/users\/1"}],"replies":[{"embeddable":true,"href":"https:\/\/challengeseconomiques.com\/index.php?rest_route=%2Fwp%2Fv2%2Fcomments&post=4417"}],"version-history":[{"count":2,"href":"https:\/\/challengeseconomiques.com\/index.php?rest_route=\/wp\/v2\/posts\/4417\/revisions"}],"predecessor-version":[{"id":4420,"href":"https:\/\/challengeseconomiques.com\/index.php?rest_route=\/wp\/v2\/posts\/4417\/revisions\/4420"}],"wp:featuredmedia":[{"embeddable":true,"href":"https:\/\/challengeseconomiques.com\/index.php?rest_route=\/wp\/v2\/media\/4418"}],"wp:attachment":[{"href":"https:\/\/challengeseconomiques.com\/index.php?rest_route=%2Fwp%2Fv2%2Fmedia&parent=4417"}],"wp:term":[{"taxonomy":"category","embeddable":true,"href":"https:\/\/challengeseconomiques.com\/index.php?rest_route=%2Fwp%2Fv2%2Fcategories&post=4417"},{"taxonomy":"post_tag","embeddable":true,"href":"https:\/\/challengeseconomiques.com\/index.php?rest_route=%2Fwp%2Fv2%2Ftags&post=4417"}],"curies":[{"name":"wp","href":"https:\/\/api.w.org\/{rel}","templated":true}]}}