{"id":4413,"date":"2023-03-13T15:14:21","date_gmt":"2023-03-13T15:14:21","guid":{"rendered":"https:\/\/challengeseconomiques.com\/?p=4413"},"modified":"2023-03-13T15:14:42","modified_gmt":"2023-03-13T15:14:42","slug":"projet-initiatives-villes-durables-des-resultats-juges-satisfaisants-pour-la-phase-pilote","status":"publish","type":"post","link":"https:\/\/challengeseconomiques.com\/?p=4413","title":{"rendered":"Projet \u00ab Initiatives villes durables \u00bb : des r\u00e9sultats jug\u00e9s satisfaisants pour la phase pilote"},"content":{"rendered":"<p><strong>Le bureau de mise \u00e0 niveau des entreprises (BMN) a organis\u00e9 le jeudi 26 janvier, l\u2019atelier de restitution et de partage des r\u00e9sultats du projet \u00ab&nbsp;initiatives villes durables&nbsp;\u00bb pour le S\u00e9n\u00e9gal. Les r\u00e9sultats enregistr\u00e9s durant la phase pilote sont jug\u00e9s satisfaisants.<\/strong><\/p>\n<p>Apr\u00e8s avoir fait le constat selon lequel, sous l\u2019effet combin\u00e9 de l&rsquo;urbanisation et des changements climatiques, nos villes sont devenues vuln\u00e9rables faces \u00e0 des ph\u00e9nom\u00e8nes comme les inondations, les glissements de terrain et autres catastrophes naturelles, Boubacar Samb, conseiller technique du ministre du commerce venu repr\u00e9senter, son patron \u00e0 cette rencontre a indiqu\u00e9 dans le discours qu\u2019il a prononc\u00e9 \u00e0 cette occasion qu\u2019il urge&nbsp; d\u2019apporter une r\u00e9ponse adapt\u00e9e pour endiguer ces ph\u00e9nom\u00e8nes. Pour appuyer ses propos, M. Samb a r\u00e9v\u00e9l\u00e9 que les derni\u00e8res \u00e9tudes sur l&rsquo;\u00e9tat des villes d&rsquo;Afrique indiquent que, d&rsquo;ici \u00e0 2050, 200 millions d&rsquo;africains pourraient \u00eatre d\u00e9plac\u00e9s \u00e0 cause des effets des changements climatiques, ce qui p\u00e8sera \u00e0 l\u2019en croire lourdement sur les capacit\u00e9s des villes et de leurs ressources. Il poursuit pour expliquer qu\u2019une urbanisation mal g\u00e9r\u00e9e peut-\u00eatre un obstacle au d\u00e9veloppement durable.<\/p>\n<p>C\u2019est pourquoi d\u2019apr\u00e8s Boubacar Samb, le projet \u00ab&nbsp;Initiative Villes Durables&nbsp;\u00bb constitue une r\u00e9ponse \u00e0 cette probl\u00e9matique. Car, Il promeut selon lui les \u00e9nergies renouvelables, l\u2019efficacit\u00e9 \u00e9nerg\u00e9tique et la gestion int\u00e9gr\u00e9e des d\u00e9chets dans le parc industriel de Diamniadio.<\/p>\n<p>Par ailleurs, il vient s\u2019ins\u00e9rer parfaitement dans des projets de grande envergure initi\u00e9s par l\u2019Etat du S\u00e9n\u00e9gal, notamment le p\u00f4le urbain de Diamniadio et le parc industriel a ajout\u00e9 M. Samb.<\/p>\n<p>Dans sa phase pilote, avec les actions combin\u00e9es du Bureau de Mise \u00e0 Niveau (BMN), la Direction de l&rsquo;Environnement et des Etablissements Class\u00e9s (DEEC) et l&rsquo;Agence d&rsquo;Am\u00e9nagement et de Promotion de Sites Industriels (APROSI), une vingtaine d\u2019entreprises ont \u00e9t\u00e9 accompagn\u00e9es selon le Conseiller technique du ministre du commerce. Il s\u2019agit de&nbsp;: treize entreprises dans la r\u00e9alisation d\u2019investissements en efficacit\u00e9 \u00e9nerg\u00e9tique mais \u00e9galement sur des investissements en installation solaires photovolta\u00efques et de six entreprises dans la mise en place de syst\u00e8mes de management de l\u2019environnement et de l\u2019\u00e9nergie devant aboutir \u00e0 la certification ISO 14001 et ISO 50001. Pour Boubacar Samb, cette phase pilote du projet a donn\u00e9 des r\u00e9sultats tr\u00e8s satisfaisants. C\u2019est la raison pour laquelle, il a lanc\u00e9 un appel &nbsp;\u00e0 l\u2019engagement de toutes les parties prenantes \u2013 bailleurs, partenaires techniques, BMN, APROSI, DEEC \u2013 pour la mise en place d\u2019un programme de grande envergure visant \u00e0 accompagner nos entreprises pour l\u2019adoption des proc\u00e9d\u00e9s de production propre, afin de r\u00e9pondre au d\u00e9fi crucial de la pr\u00e9servation de notre environnement.<\/p>\n","protected":false},"excerpt":{"rendered":"<p>Le bureau de mise \u00e0 niveau des entreprises (BMN) a organis\u00e9 le jeudi 26 janvier, l\u2019atelier de restitution et de partage des r\u00e9sultats du projet&#8230;<\/p>\n","protected":false},"author":1,"featured_media":4414,"comment_status":"closed","ping_status":"open","sticky":false,"template":"","format":"standard","meta":{"_jetpack_memberships_contains_paid_content":false,"footnotes":""},"categories":[8,10],"tags":[],"class_list":["post-4413","post","type-post","status-publish","format-standard","has-post-thumbnail","hentry","category-actualite-economique","category-infos-eco","wpcat-8-id","wpcat-10-id"],"yoast_head":"<!-- This site is optimized with the Yoast SEO plugin v27.1.1 - https:\/\/yoast.com\/product\/yoast-seo-wordpress\/ -->\n<title>Projet \u00ab Initiatives villes durables \u00bb : des r\u00e9sultats jug\u00e9s satisfaisants pour la phase pilote - challenges economiques<\/title>\n<meta name=\"robots\" content=\"index, follow, max-snippet:-1, max-image-preview:large, max-video-preview:-1\" \/>\n<link rel=\"canonical\" href=\"https:\/\/challengeseconomiques.com\/?p=4413\" \/>\n<meta property=\"og:locale\" content=\"fr_FR\" \/>\n<meta property=\"og:type\" content=\"article\" \/>\n<meta property=\"og:title\" content=\"Projet \u00ab Initiatives villes durables \u00bb : des r\u00e9sultats jug\u00e9s satisfaisants pour la phase pilote - challenges economiques\" \/>\n<meta property=\"og:description\" content=\"Le bureau de mise \u00e0 niveau des entreprises (BMN) a organis\u00e9 le jeudi 26 janvier, l\u2019atelier de restitution et de partage des r\u00e9sultats du projet...\" \/>\n<meta property=\"og:url\" content=\"https:\/\/challengeseconomiques.com\/?p=4413\" \/>\n<meta property=\"og:site_name\" content=\"challenges economiques\" \/>\n<meta property=\"article:published_time\" content=\"2023-03-13T15:14:21+00:00\" \/>\n<meta property=\"article:modified_time\" content=\"2023-03-13T15:14:42+00:00\" \/>\n<meta property=\"og:image\" content=\"https:\/\/challengeseconomiques.com\/wp-content\/uploads\/2023\/03\/villes-durables2.jpg\" \/>\n\t<meta property=\"og:image:width\" content=\"1280\" \/>\n\t<meta property=\"og:image:height\" content=\"852\" \/>\n\t<meta property=\"og:image:type\" content=\"image\/jpeg\" \/>\n<meta name=\"author\" content=\"admin\" \/>\n<meta name=\"twitter:card\" content=\"summary_large_image\" \/>\n<meta name=\"twitter:label1\" content=\"\u00c9crit par\" \/>\n\t<meta name=\"twitter:data1\" content=\"admin\" \/>\n\t<meta name=\"twitter:label2\" content=\"Dur\u00e9e de lecture estim\u00e9e\" \/>\n\t<meta name=\"twitter:data2\" content=\"2 minutes\" \/>\n<script type=\"application\/ld+json\" class=\"yoast-schema-graph\">{\"@context\":\"https:\/\/schema.org\",\"@graph\":[{\"@type\":\"Article\",\"@id\":\"https:\/\/challengeseconomiques.com\/?p=4413#article\",\"isPartOf\":{\"@id\":\"https:\/\/challengeseconomiques.com\/?p=4413\"},\"author\":{\"name\":\"admin\",\"@id\":\"https:\/\/challengeseconomiques.com\/#\/schema\/person\/b4568c9afebc5a9238a771873801e349\"},\"headline\":\"Projet \u00ab Initiatives villes durables \u00bb : des r\u00e9sultats jug\u00e9s satisfaisants pour la phase pilote\",\"datePublished\":\"2023-03-13T15:14:21+00:00\",\"dateModified\":\"2023-03-13T15:14:42+00:00\",\"mainEntityOfPage\":{\"@id\":\"https:\/\/challengeseconomiques.com\/?p=4413\"},\"wordCount\":501,\"image\":{\"@id\":\"https:\/\/challengeseconomiques.com\/?p=4413#primaryimage\"},\"thumbnailUrl\":\"https:\/\/challengeseconomiques.com\/wp-content\/uploads\/2023\/03\/villes-durables2.jpg\",\"articleSection\":[\"Actualit\u00e9 \u00e9conomique\",\"Infos \u00e9co\"],\"inLanguage\":\"fr-FR\"},{\"@type\":\"WebPage\",\"@id\":\"https:\/\/challengeseconomiques.com\/?p=4413\",\"url\":\"https:\/\/challengeseconomiques.com\/?p=4413\",\"name\":\"Projet \u00ab Initiatives villes durables \u00bb : des r\u00e9sultats jug\u00e9s satisfaisants pour la phase pilote - challenges economiques\",\"isPartOf\":{\"@id\":\"https:\/\/challengeseconomiques.com\/#website\"},\"primaryImageOfPage\":{\"@id\":\"https:\/\/challengeseconomiques.com\/?p=4413#primaryimage\"},\"image\":{\"@id\":\"https:\/\/challengeseconomiques.com\/?p=4413#primaryimage\"},\"thumbnailUrl\":\"https:\/\/challengeseconomiques.com\/wp-content\/uploads\/2023\/03\/villes-durables2.jpg\",\"datePublished\":\"2023-03-13T15:14:21+00:00\",\"dateModified\":\"2023-03-13T15:14:42+00:00\",\"author\":{\"@id\":\"https:\/\/challengeseconomiques.com\/#\/schema\/person\/b4568c9afebc5a9238a771873801e349\"},\"breadcrumb\":{\"@id\":\"https:\/\/challengeseconomiques.com\/?p=4413#breadcrumb\"},\"inLanguage\":\"fr-FR\",\"potentialAction\":[{\"@type\":\"ReadAction\",\"target\":[\"https:\/\/challengeseconomiques.com\/?p=4413\"]}]},{\"@type\":\"ImageObject\",\"inLanguage\":\"fr-FR\",\"@id\":\"https:\/\/challengeseconomiques.com\/?p=4413#primaryimage\",\"url\":\"https:\/\/challengeseconomiques.com\/wp-content\/uploads\/2023\/03\/villes-durables2.jpg\",\"contentUrl\":\"https:\/\/challengeseconomiques.com\/wp-content\/uploads\/2023\/03\/villes-durables2.jpg\",\"width\":1280,\"height\":852},{\"@type\":\"BreadcrumbList\",\"@id\":\"https:\/\/challengeseconomiques.com\/?p=4413#breadcrumb\",\"itemListElement\":[{\"@type\":\"ListItem\",\"position\":1,\"name\":\"Home\",\"item\":\"https:\/\/challengeseconomiques.com\/\"},{\"@type\":\"ListItem\",\"position\":2,\"name\":\"Projet \u00ab Initiatives villes durables \u00bb : des r\u00e9sultats jug\u00e9s satisfaisants pour la phase pilote\"}]},{\"@type\":\"WebSite\",\"@id\":\"https:\/\/challengeseconomiques.com\/#website\",\"url\":\"https:\/\/challengeseconomiques.com\/\",\"name\":\"challenges economiques\",\"description\":\"\",\"potentialAction\":[{\"@type\":\"SearchAction\",\"target\":{\"@type\":\"EntryPoint\",\"urlTemplate\":\"https:\/\/challengeseconomiques.com\/?s={search_term_string}\"},\"query-input\":{\"@type\":\"PropertyValueSpecification\",\"valueRequired\":true,\"valueName\":\"search_term_string\"}}],\"inLanguage\":\"fr-FR\"},{\"@type\":\"Person\",\"@id\":\"https:\/\/challengeseconomiques.com\/#\/schema\/person\/b4568c9afebc5a9238a771873801e349\",\"name\":\"admin\",\"image\":{\"@type\":\"ImageObject\",\"inLanguage\":\"fr-FR\",\"@id\":\"https:\/\/challengeseconomiques.com\/#\/schema\/person\/image\/\",\"url\":\"https:\/\/secure.gravatar.com\/avatar\/099e42240b5eea11acdb72751fcce0dd918603f0749d24974b7984ea47ed9fd9?s=96&d=mm&r=g\",\"contentUrl\":\"https:\/\/secure.gravatar.com\/avatar\/099e42240b5eea11acdb72751fcce0dd918603f0749d24974b7984ea47ed9fd9?s=96&d=mm&r=g\",\"caption\":\"admin\"},\"sameAs\":[\"https:\/\/challengeseconomiques.com\"],\"url\":\"https:\/\/challengeseconomiques.com\/?author=1\"}]}<\/script>\n<!-- \/ Yoast SEO plugin. -->","yoast_head_json":{"title":"Projet \u00ab Initiatives villes durables \u00bb : des r\u00e9sultats jug\u00e9s satisfaisants pour la phase pilote - challenges economiques","robots":{"index":"index","follow":"follow","max-snippet":"max-snippet:-1","max-image-preview":"max-image-preview:large","max-video-preview":"max-video-preview:-1"},"canonical":"https:\/\/challengeseconomiques.com\/?p=4413","og_locale":"fr_FR","og_type":"article","og_title":"Projet \u00ab Initiatives villes durables \u00bb : des r\u00e9sultats jug\u00e9s satisfaisants pour la phase pilote - challenges economiques","og_description":"Le bureau de mise \u00e0 niveau des entreprises (BMN) a organis\u00e9 le jeudi 26 janvier, l\u2019atelier de restitution et de partage des r\u00e9sultats du projet...","og_url":"https:\/\/challengeseconomiques.com\/?p=4413","og_site_name":"challenges economiques","article_published_time":"2023-03-13T15:14:21+00:00","article_modified_time":"2023-03-13T15:14:42+00:00","og_image":[{"width":1280,"height":852,"url":"https:\/\/challengeseconomiques.com\/wp-content\/uploads\/2023\/03\/villes-durables2.jpg","type":"image\/jpeg"}],"author":"admin","twitter_card":"summary_large_image","twitter_misc":{"\u00c9crit par":"admin","Dur\u00e9e de lecture estim\u00e9e":"2 minutes"},"schema":{"@context":"https:\/\/schema.org","@graph":[{"@type":"Article","@id":"https:\/\/challengeseconomiques.com\/?p=4413#article","isPartOf":{"@id":"https:\/\/challengeseconomiques.com\/?p=4413"},"author":{"name":"admin","@id":"https:\/\/challengeseconomiques.com\/#\/schema\/person\/b4568c9afebc5a9238a771873801e349"},"headline":"Projet \u00ab Initiatives villes durables \u00bb : des r\u00e9sultats jug\u00e9s satisfaisants pour la phase pilote","datePublished":"2023-03-13T15:14:21+00:00","dateModified":"2023-03-13T15:14:42+00:00","mainEntityOfPage":{"@id":"https:\/\/challengeseconomiques.com\/?p=4413"},"wordCount":501,"image":{"@id":"https:\/\/challengeseconomiques.com\/?p=4413#primaryimage"},"thumbnailUrl":"https:\/\/challengeseconomiques.com\/wp-content\/uploads\/2023\/03\/villes-durables2.jpg","articleSection":["Actualit\u00e9 \u00e9conomique","Infos \u00e9co"],"inLanguage":"fr-FR"},{"@type":"WebPage","@id":"https:\/\/challengeseconomiques.com\/?p=4413","url":"https:\/\/challengeseconomiques.com\/?p=4413","name":"Projet \u00ab Initiatives villes durables \u00bb : des r\u00e9sultats jug\u00e9s satisfaisants pour la phase pilote - challenges economiques","isPartOf":{"@id":"https:\/\/challengeseconomiques.com\/#website"},"primaryImageOfPage":{"@id":"https:\/\/challengeseconomiques.com\/?p=4413#primaryimage"},"image":{"@id":"https:\/\/challengeseconomiques.com\/?p=4413#primaryimage"},"thumbnailUrl":"https:\/\/challengeseconomiques.com\/wp-content\/uploads\/2023\/03\/villes-durables2.jpg","datePublished":"2023-03-13T15:14:21+00:00","dateModified":"2023-03-13T15:14:42+00:00","author":{"@id":"https:\/\/challengeseconomiques.com\/#\/schema\/person\/b4568c9afebc5a9238a771873801e349"},"breadcrumb":{"@id":"https:\/\/challengeseconomiques.com\/?p=4413#breadcrumb"},"inLanguage":"fr-FR","potentialAction":[{"@type":"ReadAction","target":["https:\/\/challengeseconomiques.com\/?p=4413"]}]},{"@type":"ImageObject","inLanguage":"fr-FR","@id":"https:\/\/challengeseconomiques.com\/?p=4413#primaryimage","url":"https:\/\/challengeseconomiques.com\/wp-content\/uploads\/2023\/03\/villes-durables2.jpg","contentUrl":"https:\/\/challengeseconomiques.com\/wp-content\/uploads\/2023\/03\/villes-durables2.jpg","width":1280,"height":852},{"@type":"BreadcrumbList","@id":"https:\/\/challengeseconomiques.com\/?p=4413#breadcrumb","itemListElement":[{"@type":"ListItem","position":1,"name":"Home","item":"https:\/\/challengeseconomiques.com\/"},{"@type":"ListItem","position":2,"name":"Projet \u00ab Initiatives villes durables \u00bb : des r\u00e9sultats jug\u00e9s satisfaisants pour la phase pilote"}]},{"@type":"WebSite","@id":"https:\/\/challengeseconomiques.com\/#website","url":"https:\/\/challengeseconomiques.com\/","name":"challenges economiques","description":"","potentialAction":[{"@type":"SearchAction","target":{"@type":"EntryPoint","urlTemplate":"https:\/\/challengeseconomiques.com\/?s={search_term_string}"},"query-input":{"@type":"PropertyValueSpecification","valueRequired":true,"valueName":"search_term_string"}}],"inLanguage":"fr-FR"},{"@type":"Person","@id":"https:\/\/challengeseconomiques.com\/#\/schema\/person\/b4568c9afebc5a9238a771873801e349","name":"admin","image":{"@type":"ImageObject","inLanguage":"fr-FR","@id":"https:\/\/challengeseconomiques.com\/#\/schema\/person\/image\/","url":"https:\/\/secure.gravatar.com\/avatar\/099e42240b5eea11acdb72751fcce0dd918603f0749d24974b7984ea47ed9fd9?s=96&d=mm&r=g","contentUrl":"https:\/\/secure.gravatar.com\/avatar\/099e42240b5eea11acdb72751fcce0dd918603f0749d24974b7984ea47ed9fd9?s=96&d=mm&r=g","caption":"admin"},"sameAs":["https:\/\/challengeseconomiques.com"],"url":"https:\/\/challengeseconomiques.com\/?author=1"}]}},"jetpack_featured_media_url":"https:\/\/challengeseconomiques.com\/wp-content\/uploads\/2023\/03\/villes-durables2.jpg","jetpack_sharing_enabled":true,"_links":{"self":[{"href":"https:\/\/challengeseconomiques.com\/index.php?rest_route=\/wp\/v2\/posts\/4413","targetHints":{"allow":["GET"]}}],"collection":[{"href":"https:\/\/challengeseconomiques.com\/index.php?rest_route=\/wp\/v2\/posts"}],"about":[{"href":"https:\/\/challengeseconomiques.com\/index.php?rest_route=\/wp\/v2\/types\/post"}],"author":[{"embeddable":true,"href":"https:\/\/challengeseconomiques.com\/index.php?rest_route=\/wp\/v2\/users\/1"}],"replies":[{"embeddable":true,"href":"https:\/\/challengeseconomiques.com\/index.php?rest_route=%2Fwp%2Fv2%2Fcomments&post=4413"}],"version-history":[{"count":2,"href":"https:\/\/challengeseconomiques.com\/index.php?rest_route=\/wp\/v2\/posts\/4413\/revisions"}],"predecessor-version":[{"id":4416,"href":"https:\/\/challengeseconomiques.com\/index.php?rest_route=\/wp\/v2\/posts\/4413\/revisions\/4416"}],"wp:featuredmedia":[{"embeddable":true,"href":"https:\/\/challengeseconomiques.com\/index.php?rest_route=\/wp\/v2\/media\/4414"}],"wp:attachment":[{"href":"https:\/\/challengeseconomiques.com\/index.php?rest_route=%2Fwp%2Fv2%2Fmedia&parent=4413"}],"wp:term":[{"taxonomy":"category","embeddable":true,"href":"https:\/\/challengeseconomiques.com\/index.php?rest_route=%2Fwp%2Fv2%2Fcategories&post=4413"},{"taxonomy":"post_tag","embeddable":true,"href":"https:\/\/challengeseconomiques.com\/index.php?rest_route=%2Fwp%2Fv2%2Ftags&post=4413"}],"curies":[{"name":"wp","href":"https:\/\/api.w.org\/{rel}","templated":true}]}}