{"id":4353,"date":"2022-11-27T12:34:34","date_gmt":"2022-11-27T12:34:34","guid":{"rendered":"https:\/\/challengeseconomiques.com\/?p=4353"},"modified":"2022-11-27T12:36:28","modified_gmt":"2022-11-27T12:36:28","slug":"senegal-un-train-de-reformes-encore-trop-lent","status":"publish","type":"post","link":"https:\/\/challengeseconomiques.com\/?p=4353","title":{"rendered":"S\u00e9n\u00e9gal, un train de r\u00e9formes encore trop lent"},"content":{"rendered":"<p><strong>Le FMI s\u2019attend \u00e0 une acc\u00e9l\u00e9ration de la croissance \u00e9conomique en 2023 au S\u00e9n\u00e9gal, apr\u00e8s une ann\u00e9e 2022 moins performante qu\u2019esp\u00e9r\u00e9. L\u2019institution consid\u00e8re que les r\u00e9formes \u00e9conomiques doivent s\u2019acc\u00e9l\u00e9rer et que le pays doit repenser certains filets sociaux qui n\u2019atteignent pas leurs objectifs. &nbsp;<\/strong><\/p>\n<p>Une mission du FMI (Fonds mon\u00e9taire international), dirig\u00e9e par Edward Gemayel, a \u00e9mis quelques r\u00e9serves quant au rythme de r\u00e9formes structurelles men\u00e9es au S\u00e9n\u00e9gal. Toutefois, la mission note les progr\u00e8s d\u2019ensemble enregistr\u00e9s par le pays, tandis que le FMI prolonge ses accords de cr\u00e9dits avec le S\u00e9n\u00e9gal, dans l\u2019attente d\u2019un nouveau programme qui devrait \u00eatre conclu prochainement.<\/p>\n<p>\u00ab&nbsp;<em>Les discussions se poursuivront dans les prochains jours en vue de parvenir \u00e0 un accord, qui sera soumis \u00e0 l\u2019approbation de la direction g\u00e9n\u00e9rale du FMI et \u00e0 l\u2019examen du Conseil d\u2019administration du FMI pr\u00e9vu \u00e0 la mi-d\u00e9cembre<\/em>&nbsp;\u00bb, explique Edward Gemayel.<\/p>\n<blockquote><p><em><strong>\u00ab Il est important que le gouvernement am\u00e9liore le ciblage des subventions, commence \u00e0 les r\u00e9duire \u00e0 partir de 2023 et acc\u00e9l\u00e8re la finalisation d\u2019une feuille de route afin de les supprimer progressivement d\u2019ici \u00e0 2025.&nbsp;\u00bb<\/strong><\/em><\/p><\/blockquote>\n<p>Sur le plan \u00e9conomique, le S\u00e9n\u00e9gal n\u2019\u00e9chappe pas \u00e0 la morosit\u00e9 ambiante&nbsp;: \u00ab&nbsp;<em>La faiblesse de la demande ext\u00e9rieure, la hausse des prix des denr\u00e9es alimentaires et de l\u2019\u00e9nergie, et l\u2019appr\u00e9ciation du dollar ont eu un impact n\u00e9gatif.&nbsp;<\/em>\u00bb<\/p>\n<p>D\u00e9j\u00e0, le FMI avait ajust\u00e9 en baisse sa pr\u00e9vision de croissance pour 2022, attendue d\u00e9sormais \u00e0 4,7%. L\u2019inflation, qui a atteint son plus haut niveau depuis plusieurs d\u00e9cennies, a \u00e9t\u00e9 revue \u00e0 la hausse \u00e0 8,5 %.&nbsp;\u00ab&nbsp;<em>Les pressions inflationnistes, li\u00e9es en grande partie \u00e0 la flamb\u00e9e des prix des denr\u00e9es alimentaires, s\u2019av\u00e8rent plus larges et plus persistantes que pr\u00e9vu, entra\u00eenant de graves difficult\u00e9s pour les m\u00e9nages, notamment les plus vuln\u00e9rables&nbsp;<\/em>\u00bb, souligne le FMI.<\/p>\n<p>Qui s\u2019attend toutefois \u00e0 un rebond en 2023 (+8,3%), \u00e0 la faveur \u00ab&nbsp;<em>du d\u00e9but de la production de p\u00e9trole et de gaz et en l\u2019absence d\u2019une nouvelle escalade de la guerre en Ukraine<\/em>&nbsp;\u00bb. De son c\u00f4t\u00e9, l\u2019inflation devrait reculer sous l\u2019effet d\u2019une bonne r\u00e9colte attendue et de la baisse des prix internationaux des produits de base.<\/p>\n<p>Les programmes d\u2019appui du FMI sont conditionn\u00e9s \u00e0 une feuille de route en mati\u00e8re de r\u00e9formes structurelles. \u00ab&nbsp;<em>La performance au titre du programme a \u00e9t\u00e9 globalement satisfaisante&nbsp;<\/em>\u00bb, juge d\u2019embl\u00e9e Edward Gemayel, \u00ab&nbsp;<em>\u00e0 l\u2019exception du plafond de contrats de march\u00e9s publics conclus sans mise en concurrence&nbsp;<\/em>\u00bb.<\/p>\n<p><strong>Assainissement budg\u00e9taire<\/strong><\/p>\n<p>Tous les objectifs quantitatifs de fin juin ont \u00e9t\u00e9 atteints. Des progr\u00e8s significatifs ont \u00e9t\u00e9 enregistr\u00e9s dans la mise en \u0153uvre de l\u2019agenda des r\u00e9formes structurelles, \u00ab&nbsp;<em>mais le rythme a \u00e9t\u00e9 plus lent que celui pr\u00e9vu par le programme&nbsp;<\/em>\u00bb.<\/p>\n<p>En particulier, note le FMI, le cadre op\u00e9rationnel de gestion budg\u00e9taire des recettes issues de l\u2019exploitation du p\u00e9trole et du gaz et le nouveau Code des march\u00e9s publics, qui devrait garantir des appels d\u2019offres plus ouverts et plus comp\u00e9titifs, doivent encore \u00eatre adopt\u00e9s.<\/p>\n<p>De plus, le Fonds note des retards dans le paiement des transferts mon\u00e9taires pour les m\u00e9nages les plus pauvres&nbsp;; \u00ab&nbsp;<em>ils devraient \u00eatre r\u00e9sorb\u00e9s urgemment&nbsp;<\/em>\u00bb. Conseil d\u2019ami&nbsp;: \u00ab&nbsp;<em>Les autorit\u00e9s devraient opter pour une solution digitale plus efficace pour le paiement de ces transferts.<\/em>&nbsp;\u00bb D\u2019autre part, il est \u00ab&nbsp;<em>essentiel<\/em>&nbsp;\u00bb, juge le FMI, de mettre en \u0153uvre les actions restantes en mati\u00e8re de lutte contre le blanchiment de capitaux et le financement du terrorisme pour sortir le S\u00e9n\u00e9gal de de la surveillance renforc\u00e9e du Groupe d\u2019action financi\u00e8re, le GAFI.<\/p>\n<p>\u00ab&nbsp;<em>Compte tenu des marges de man\u0153uvre budg\u00e9taires limit\u00e9es, des efforts graduels d\u2019assainissement budg\u00e9taire sont n\u00e9cessaires \u00e0 moyen terme pour pr\u00e9server la viabilit\u00e9 de la dette.<\/em>&nbsp;\u00bb Ces efforts devraient d\u00e9buter en 2023 par une plus grande mobilisation de recettes fiscales en s\u2019appuyant sur la bonne performance de cette ann\u00e9e et une utilisation limit\u00e9e des r\u00e9serves budg\u00e9taires, ce qui permettrait au gouvernement de contenir le d\u00e9ficit budg\u00e9taire autour de 5% du PIB.<\/p>\n<p>&nbsp;<\/p>\n<figure id=\"attachment_70600\" class=\"wp-caption alignnone\" aria-describedby=\"caption-attachment-70600\"><img fetchpriority=\"high\" decoding=\"async\" class=\"wp-image-70600 lazyloaded\" src=\"https:\/\/magazinedelafrique.com\/wp-content\/uploads\/2022\/11\/Senegal-Edward-Gemayel-FMI-et-Amadou-Ba.jpg\" sizes=\"(max-width: 675px) 100vw, 675px\" srcset=\"https:\/\/magazinedelafrique.com\/wp-content\/uploads\/2022\/11\/Senegal-Edward-Gemayel-FMI-et-Amadou-Ba.jpg 800w, https:\/\/magazinedelafrique.com\/wp-content\/uploads\/2022\/11\/Senegal-Edward-Gemayel-FMI-et-Amadou-Ba-300x211.jpg 300w, https:\/\/magazinedelafrique.com\/wp-content\/uploads\/2022\/11\/Senegal-Edward-Gemayel-FMI-et-Amadou-Ba-768x540.jpg 768w\" alt=\"Edward Gemayel, chef de la mission du FMI, et le Premier ministre du S\u00e9n\u00e9gal, Amadou Ba. \" data-srcset=\"https:\/\/magazinedelafrique.com\/wp-content\/uploads\/2022\/11\/Senegal-Edward-Gemayel-FMI-et-Amadou-Ba.jpg 800w, https:\/\/magazinedelafrique.com\/wp-content\/uploads\/2022\/11\/Senegal-Edward-Gemayel-FMI-et-Amadou-Ba-300x211.jpg 300w, https:\/\/magazinedelafrique.com\/wp-content\/uploads\/2022\/11\/Senegal-Edward-Gemayel-FMI-et-Amadou-Ba-768x540.jpg 768w\" data-src=\"https:\/\/magazinedelafrique.com\/wp-content\/uploads\/2022\/11\/Senegal-Edward-Gemayel-FMI-et-Amadou-Ba.jpg\" data-sizes=\"(max-width: 675px) 100vw, 675px\" width=\"675\" height=\"475\"><figcaption id=\"caption-attachment-70600\" class=\"wp-caption-text\"><strong>Edward Gemayel, chef de la mission du FMI, et le Premier ministre du S\u00e9n\u00e9gal, Amadou Ba.<\/strong><\/figcaption><\/figure>\n<p>Le FMI regrette que les subventions \u00e0 l\u2019\u00e9nergie ne soient pas davantage cibl\u00e9es, et qu\u2019en cons\u00e9quence, \u00ab&nbsp;<em>elles profitent davantage aux couches les plus ais\u00e9es de la population ou gros consommateurs<\/em>&nbsp;\u00bb. Ces subventions deviennent de plus en plus co\u00fbteuses&nbsp;; elles devraient atteindre 750 milliards de F.CFA en 2022 (1,43 milliard d\u2019euros, soit 4,4 % du PIB). En l\u2019absence de nouvelles mesures, elles s\u2019\u00e9l\u00e8veraient \u00e0 800 milliards de F.CFA en 2023. \u00ab&nbsp;<em>En cons\u00e9quence, il est important que le gouvernement am\u00e9liore le ciblage, commence \u00e0 les r\u00e9duire \u00e0 partir de 2023 et acc\u00e9l\u00e8re la finalisation d\u2019une feuille de route afin de les supprimer progressivement d\u2019ici \u00e0 2025.&nbsp;<\/em>\u00bb<\/p>\n<p><strong>Le Magazine de l&rsquo;Afrique<\/strong><\/p>\n","protected":false},"excerpt":{"rendered":"<p>Le FMI s\u2019attend \u00e0 une acc\u00e9l\u00e9ration de la croissance \u00e9conomique en 2023 au S\u00e9n\u00e9gal, apr\u00e8s une ann\u00e9e 2022 moins performante qu\u2019esp\u00e9r\u00e9. L\u2019institution consid\u00e8re que les&#8230;<\/p>\n","protected":false},"author":1,"featured_media":4354,"comment_status":"closed","ping_status":"open","sticky":false,"template":"","format":"standard","meta":{"_jetpack_memberships_contains_paid_content":false,"footnotes":""},"categories":[15],"tags":[],"class_list":["post-4353","post","type-post","status-publish","format-standard","has-post-thumbnail","hentry","category-analyse","wpcat-15-id"],"yoast_head":"<!-- This site is optimized with the Yoast SEO plugin v27.1.1 - https:\/\/yoast.com\/product\/yoast-seo-wordpress\/ -->\n<title>S\u00e9n\u00e9gal, un train de r\u00e9formes encore trop lent - challenges economiques<\/title>\n<meta name=\"robots\" content=\"index, follow, max-snippet:-1, max-image-preview:large, max-video-preview:-1\" \/>\n<link rel=\"canonical\" href=\"https:\/\/challengeseconomiques.com\/?p=4353\" \/>\n<meta property=\"og:locale\" content=\"fr_FR\" \/>\n<meta property=\"og:type\" content=\"article\" \/>\n<meta property=\"og:title\" content=\"S\u00e9n\u00e9gal, un train de r\u00e9formes encore trop lent - challenges economiques\" \/>\n<meta property=\"og:description\" content=\"Le FMI s\u2019attend \u00e0 une acc\u00e9l\u00e9ration de la croissance \u00e9conomique en 2023 au S\u00e9n\u00e9gal, apr\u00e8s une ann\u00e9e 2022 moins performante qu\u2019esp\u00e9r\u00e9. L\u2019institution consid\u00e8re que les...\" \/>\n<meta property=\"og:url\" content=\"https:\/\/challengeseconomiques.com\/?p=4353\" \/>\n<meta property=\"og:site_name\" content=\"challenges economiques\" \/>\n<meta property=\"article:published_time\" content=\"2022-11-27T12:34:34+00:00\" \/>\n<meta property=\"article:modified_time\" content=\"2022-11-27T12:36:28+00:00\" \/>\n<meta property=\"og:image\" content=\"https:\/\/challengeseconomiques.com\/wp-content\/uploads\/2022\/11\/Senegal-Diamniadio-770x470-1.webp\" \/>\n\t<meta property=\"og:image:width\" content=\"770\" \/>\n\t<meta property=\"og:image:height\" content=\"470\" \/>\n\t<meta property=\"og:image:type\" content=\"image\/webp\" \/>\n<meta name=\"author\" content=\"admin\" \/>\n<meta name=\"twitter:card\" content=\"summary_large_image\" \/>\n<meta name=\"twitter:label1\" content=\"\u00c9crit par\" \/>\n\t<meta name=\"twitter:data1\" content=\"admin\" \/>\n\t<meta name=\"twitter:label2\" content=\"Dur\u00e9e de lecture estim\u00e9e\" \/>\n\t<meta name=\"twitter:data2\" content=\"5 minutes\" \/>\n<script type=\"application\/ld+json\" class=\"yoast-schema-graph\">{\"@context\":\"https:\/\/schema.org\",\"@graph\":[{\"@type\":\"Article\",\"@id\":\"https:\/\/challengeseconomiques.com\/?p=4353#article\",\"isPartOf\":{\"@id\":\"https:\/\/challengeseconomiques.com\/?p=4353\"},\"author\":{\"name\":\"admin\",\"@id\":\"https:\/\/challengeseconomiques.com\/#\/schema\/person\/b4568c9afebc5a9238a771873801e349\"},\"headline\":\"S\u00e9n\u00e9gal, un train de r\u00e9formes encore trop lent\",\"datePublished\":\"2022-11-27T12:34:34+00:00\",\"dateModified\":\"2022-11-27T12:36:28+00:00\",\"mainEntityOfPage\":{\"@id\":\"https:\/\/challengeseconomiques.com\/?p=4353\"},\"wordCount\":903,\"image\":{\"@id\":\"https:\/\/challengeseconomiques.com\/?p=4353#primaryimage\"},\"thumbnailUrl\":\"https:\/\/challengeseconomiques.com\/wp-content\/uploads\/2022\/11\/Senegal-Diamniadio-770x470-1.webp\",\"articleSection\":[\"Analyse\"],\"inLanguage\":\"fr-FR\"},{\"@type\":\"WebPage\",\"@id\":\"https:\/\/challengeseconomiques.com\/?p=4353\",\"url\":\"https:\/\/challengeseconomiques.com\/?p=4353\",\"name\":\"S\u00e9n\u00e9gal, un train de r\u00e9formes encore trop lent - challenges economiques\",\"isPartOf\":{\"@id\":\"https:\/\/challengeseconomiques.com\/#website\"},\"primaryImageOfPage\":{\"@id\":\"https:\/\/challengeseconomiques.com\/?p=4353#primaryimage\"},\"image\":{\"@id\":\"https:\/\/challengeseconomiques.com\/?p=4353#primaryimage\"},\"thumbnailUrl\":\"https:\/\/challengeseconomiques.com\/wp-content\/uploads\/2022\/11\/Senegal-Diamniadio-770x470-1.webp\",\"datePublished\":\"2022-11-27T12:34:34+00:00\",\"dateModified\":\"2022-11-27T12:36:28+00:00\",\"author\":{\"@id\":\"https:\/\/challengeseconomiques.com\/#\/schema\/person\/b4568c9afebc5a9238a771873801e349\"},\"breadcrumb\":{\"@id\":\"https:\/\/challengeseconomiques.com\/?p=4353#breadcrumb\"},\"inLanguage\":\"fr-FR\",\"potentialAction\":[{\"@type\":\"ReadAction\",\"target\":[\"https:\/\/challengeseconomiques.com\/?p=4353\"]}]},{\"@type\":\"ImageObject\",\"inLanguage\":\"fr-FR\",\"@id\":\"https:\/\/challengeseconomiques.com\/?p=4353#primaryimage\",\"url\":\"https:\/\/challengeseconomiques.com\/wp-content\/uploads\/2022\/11\/Senegal-Diamniadio-770x470-1.webp\",\"contentUrl\":\"https:\/\/challengeseconomiques.com\/wp-content\/uploads\/2022\/11\/Senegal-Diamniadio-770x470-1.webp\",\"width\":770,\"height\":470},{\"@type\":\"BreadcrumbList\",\"@id\":\"https:\/\/challengeseconomiques.com\/?p=4353#breadcrumb\",\"itemListElement\":[{\"@type\":\"ListItem\",\"position\":1,\"name\":\"Home\",\"item\":\"https:\/\/challengeseconomiques.com\/\"},{\"@type\":\"ListItem\",\"position\":2,\"name\":\"S\u00e9n\u00e9gal, un train de r\u00e9formes encore trop lent\"}]},{\"@type\":\"WebSite\",\"@id\":\"https:\/\/challengeseconomiques.com\/#website\",\"url\":\"https:\/\/challengeseconomiques.com\/\",\"name\":\"challenges economiques\",\"description\":\"\",\"potentialAction\":[{\"@type\":\"SearchAction\",\"target\":{\"@type\":\"EntryPoint\",\"urlTemplate\":\"https:\/\/challengeseconomiques.com\/?s={search_term_string}\"},\"query-input\":{\"@type\":\"PropertyValueSpecification\",\"valueRequired\":true,\"valueName\":\"search_term_string\"}}],\"inLanguage\":\"fr-FR\"},{\"@type\":\"Person\",\"@id\":\"https:\/\/challengeseconomiques.com\/#\/schema\/person\/b4568c9afebc5a9238a771873801e349\",\"name\":\"admin\",\"image\":{\"@type\":\"ImageObject\",\"inLanguage\":\"fr-FR\",\"@id\":\"https:\/\/challengeseconomiques.com\/#\/schema\/person\/image\/\",\"url\":\"https:\/\/secure.gravatar.com\/avatar\/099e42240b5eea11acdb72751fcce0dd918603f0749d24974b7984ea47ed9fd9?s=96&d=mm&r=g\",\"contentUrl\":\"https:\/\/secure.gravatar.com\/avatar\/099e42240b5eea11acdb72751fcce0dd918603f0749d24974b7984ea47ed9fd9?s=96&d=mm&r=g\",\"caption\":\"admin\"},\"sameAs\":[\"https:\/\/challengeseconomiques.com\"],\"url\":\"https:\/\/challengeseconomiques.com\/?author=1\"}]}<\/script>\n<!-- \/ Yoast SEO plugin. -->","yoast_head_json":{"title":"S\u00e9n\u00e9gal, un train de r\u00e9formes encore trop lent - challenges economiques","robots":{"index":"index","follow":"follow","max-snippet":"max-snippet:-1","max-image-preview":"max-image-preview:large","max-video-preview":"max-video-preview:-1"},"canonical":"https:\/\/challengeseconomiques.com\/?p=4353","og_locale":"fr_FR","og_type":"article","og_title":"S\u00e9n\u00e9gal, un train de r\u00e9formes encore trop lent - challenges economiques","og_description":"Le FMI s\u2019attend \u00e0 une acc\u00e9l\u00e9ration de la croissance \u00e9conomique en 2023 au S\u00e9n\u00e9gal, apr\u00e8s une ann\u00e9e 2022 moins performante qu\u2019esp\u00e9r\u00e9. L\u2019institution consid\u00e8re que les...","og_url":"https:\/\/challengeseconomiques.com\/?p=4353","og_site_name":"challenges economiques","article_published_time":"2022-11-27T12:34:34+00:00","article_modified_time":"2022-11-27T12:36:28+00:00","og_image":[{"width":770,"height":470,"url":"https:\/\/challengeseconomiques.com\/wp-content\/uploads\/2022\/11\/Senegal-Diamniadio-770x470-1.webp","type":"image\/webp"}],"author":"admin","twitter_card":"summary_large_image","twitter_misc":{"\u00c9crit par":"admin","Dur\u00e9e de lecture estim\u00e9e":"5 minutes"},"schema":{"@context":"https:\/\/schema.org","@graph":[{"@type":"Article","@id":"https:\/\/challengeseconomiques.com\/?p=4353#article","isPartOf":{"@id":"https:\/\/challengeseconomiques.com\/?p=4353"},"author":{"name":"admin","@id":"https:\/\/challengeseconomiques.com\/#\/schema\/person\/b4568c9afebc5a9238a771873801e349"},"headline":"S\u00e9n\u00e9gal, un train de r\u00e9formes encore trop lent","datePublished":"2022-11-27T12:34:34+00:00","dateModified":"2022-11-27T12:36:28+00:00","mainEntityOfPage":{"@id":"https:\/\/challengeseconomiques.com\/?p=4353"},"wordCount":903,"image":{"@id":"https:\/\/challengeseconomiques.com\/?p=4353#primaryimage"},"thumbnailUrl":"https:\/\/challengeseconomiques.com\/wp-content\/uploads\/2022\/11\/Senegal-Diamniadio-770x470-1.webp","articleSection":["Analyse"],"inLanguage":"fr-FR"},{"@type":"WebPage","@id":"https:\/\/challengeseconomiques.com\/?p=4353","url":"https:\/\/challengeseconomiques.com\/?p=4353","name":"S\u00e9n\u00e9gal, un train de r\u00e9formes encore trop lent - challenges economiques","isPartOf":{"@id":"https:\/\/challengeseconomiques.com\/#website"},"primaryImageOfPage":{"@id":"https:\/\/challengeseconomiques.com\/?p=4353#primaryimage"},"image":{"@id":"https:\/\/challengeseconomiques.com\/?p=4353#primaryimage"},"thumbnailUrl":"https:\/\/challengeseconomiques.com\/wp-content\/uploads\/2022\/11\/Senegal-Diamniadio-770x470-1.webp","datePublished":"2022-11-27T12:34:34+00:00","dateModified":"2022-11-27T12:36:28+00:00","author":{"@id":"https:\/\/challengeseconomiques.com\/#\/schema\/person\/b4568c9afebc5a9238a771873801e349"},"breadcrumb":{"@id":"https:\/\/challengeseconomiques.com\/?p=4353#breadcrumb"},"inLanguage":"fr-FR","potentialAction":[{"@type":"ReadAction","target":["https:\/\/challengeseconomiques.com\/?p=4353"]}]},{"@type":"ImageObject","inLanguage":"fr-FR","@id":"https:\/\/challengeseconomiques.com\/?p=4353#primaryimage","url":"https:\/\/challengeseconomiques.com\/wp-content\/uploads\/2022\/11\/Senegal-Diamniadio-770x470-1.webp","contentUrl":"https:\/\/challengeseconomiques.com\/wp-content\/uploads\/2022\/11\/Senegal-Diamniadio-770x470-1.webp","width":770,"height":470},{"@type":"BreadcrumbList","@id":"https:\/\/challengeseconomiques.com\/?p=4353#breadcrumb","itemListElement":[{"@type":"ListItem","position":1,"name":"Home","item":"https:\/\/challengeseconomiques.com\/"},{"@type":"ListItem","position":2,"name":"S\u00e9n\u00e9gal, un train de r\u00e9formes encore trop lent"}]},{"@type":"WebSite","@id":"https:\/\/challengeseconomiques.com\/#website","url":"https:\/\/challengeseconomiques.com\/","name":"challenges economiques","description":"","potentialAction":[{"@type":"SearchAction","target":{"@type":"EntryPoint","urlTemplate":"https:\/\/challengeseconomiques.com\/?s={search_term_string}"},"query-input":{"@type":"PropertyValueSpecification","valueRequired":true,"valueName":"search_term_string"}}],"inLanguage":"fr-FR"},{"@type":"Person","@id":"https:\/\/challengeseconomiques.com\/#\/schema\/person\/b4568c9afebc5a9238a771873801e349","name":"admin","image":{"@type":"ImageObject","inLanguage":"fr-FR","@id":"https:\/\/challengeseconomiques.com\/#\/schema\/person\/image\/","url":"https:\/\/secure.gravatar.com\/avatar\/099e42240b5eea11acdb72751fcce0dd918603f0749d24974b7984ea47ed9fd9?s=96&d=mm&r=g","contentUrl":"https:\/\/secure.gravatar.com\/avatar\/099e42240b5eea11acdb72751fcce0dd918603f0749d24974b7984ea47ed9fd9?s=96&d=mm&r=g","caption":"admin"},"sameAs":["https:\/\/challengeseconomiques.com"],"url":"https:\/\/challengeseconomiques.com\/?author=1"}]}},"jetpack_featured_media_url":"https:\/\/challengeseconomiques.com\/wp-content\/uploads\/2022\/11\/Senegal-Diamniadio-770x470-1.webp","jetpack_sharing_enabled":true,"_links":{"self":[{"href":"https:\/\/challengeseconomiques.com\/index.php?rest_route=\/wp\/v2\/posts\/4353","targetHints":{"allow":["GET"]}}],"collection":[{"href":"https:\/\/challengeseconomiques.com\/index.php?rest_route=\/wp\/v2\/posts"}],"about":[{"href":"https:\/\/challengeseconomiques.com\/index.php?rest_route=\/wp\/v2\/types\/post"}],"author":[{"embeddable":true,"href":"https:\/\/challengeseconomiques.com\/index.php?rest_route=\/wp\/v2\/users\/1"}],"replies":[{"embeddable":true,"href":"https:\/\/challengeseconomiques.com\/index.php?rest_route=%2Fwp%2Fv2%2Fcomments&post=4353"}],"version-history":[{"count":2,"href":"https:\/\/challengeseconomiques.com\/index.php?rest_route=\/wp\/v2\/posts\/4353\/revisions"}],"predecessor-version":[{"id":4356,"href":"https:\/\/challengeseconomiques.com\/index.php?rest_route=\/wp\/v2\/posts\/4353\/revisions\/4356"}],"wp:featuredmedia":[{"embeddable":true,"href":"https:\/\/challengeseconomiques.com\/index.php?rest_route=\/wp\/v2\/media\/4354"}],"wp:attachment":[{"href":"https:\/\/challengeseconomiques.com\/index.php?rest_route=%2Fwp%2Fv2%2Fmedia&parent=4353"}],"wp:term":[{"taxonomy":"category","embeddable":true,"href":"https:\/\/challengeseconomiques.com\/index.php?rest_route=%2Fwp%2Fv2%2Fcategories&post=4353"},{"taxonomy":"post_tag","embeddable":true,"href":"https:\/\/challengeseconomiques.com\/index.php?rest_route=%2Fwp%2Fv2%2Ftags&post=4353"}],"curies":[{"name":"wp","href":"https:\/\/api.w.org\/{rel}","templated":true}]}}