{"id":4338,"date":"2022-11-24T14:29:42","date_gmt":"2022-11-24T14:29:42","guid":{"rendered":"https:\/\/challengeseconomiques.com\/?p=4338"},"modified":"2022-11-24T14:30:08","modified_gmt":"2022-11-24T14:30:08","slug":"politique-dinclusion-financiere-wave-digital-finance-lancee","status":"publish","type":"post","link":"https:\/\/challengeseconomiques.com\/?p=4338","title":{"rendered":"Politique d\u2019inclusion financi\u00e8re, Wave digital finance lanc\u00e9e"},"content":{"rendered":"<p>Le Groupe Wave Mobile Money a officiellement lanc\u00e9 les activit\u00e9s de Wave Digital Finance, le 17 novembre dernier. Cette entit\u00e9 b\u00e9n\u00e9ficie de l\u2019octroi d\u2019une licence d\u2019\u00e9tablissement \u00e9metteur de monnaie \u00e9lectronique d\u00e9livr\u00e9e par la Banque Centrale des \u00c9tats de l\u2019Afrique de l\u2019Ouest (BCEAO) en avril 2022. Ainsi, Wave Digital Finance, a pour ambition d\u2019\u00e9mettre de la monnaie \u00e9lectronique \u00e0 partir du S\u00e9n\u00e9gal et d\u2019\u00e9tablir des partenariats strat\u00e9giques dans la zone UEMOA. Il s\u2019agit d\u2019une nouvelle \u00e8re selon le ministre de la Communication, des T\u00e9l\u00e9communications et de l\u2019Economie num\u00e9rique, Moussa Bocar Thiam. \u00ab&nbsp;C\u2019est une nouvelle \u00e8re qui s\u2019ouvre \u00e0 l\u2019entreprise Wave qui s\u2019est montr\u00e9e r\u00e9siliente avec la r\u00e9cente pand\u00e9mie de Covid-19 o\u00f9 elle a d\u00e9montr\u00e9 que l\u2019offre de services financiers via t\u00e9l\u00e9phone mobile est aussi pertinente que le paiement marchand&nbsp;\u00bb, a-t-il declar\u00e9 lors de la c\u00e9r\u00e9monie de lancement. \u00c0 l\u2019en croire,Wave est dans une dynamique d\u2019inclusion sociale. \u00ab&nbsp;Wave s\u2019inscrit en toute aisance dans cette strat\u00e9gie en participant \u00e0 combler le foss\u00e9 de l\u2019acc\u00e8s aux financements et \u00e0 la r\u00e9duction de la pauvret\u00e9 comme pour leur partenariat avec la DER. Wave est une start-up nationale qui booste l\u2019\u00e9conomie du pays et a un impact tr\u00e8s significatif sur la digitalisation des paiements car la solution r\u00e9duit \u00e9galement les risques tout en permettant la tra\u00e7abilit\u00e9, la formalisation ainsi que l\u2019\u00e9largissement de l\u2019assiette fiscale. C\u2019est donc dire que les actions de Wave sont en phase avec les pr\u00e9occupations du gouvernement du S\u00e9n\u00e9gal et du Minist\u00e8re de la communication, des t\u00e9l\u00e9communications et de l\u2019\u00e9conomie num\u00e9rique \u00e0 faire entrer et ancrer v\u00e9ritablement le S\u00e9n\u00e9gal dans l\u2019\u00e8re digitale&nbsp;\u00bb, a ajout\u00e9 le Ministre de la communication, des t\u00e9l\u00e9communications et de l\u2019\u00e9conomie num\u00e9rique. De son c\u00f4t\u00e9, la directrice g\u00e9n\u00e9rale Uemoa du groupe Wave, Coura S\u00e8ne s\u2019est focalis\u00e9e sur l\u2019histoire et l\u2019impact \u00e9conomique et sociale de la structure. \u00ab&nbsp;L\u2019histoire de Wave n\u2019est pas celle d\u2019une r\u00e9ussite individuelle. Nous sommes ici pour c\u00e9l\u00e9brer une \u00e9tape importante dans le parcours de Wave dans l\u2019UEMOA. L\u2019une des cl\u00e9s du succ\u00e8s de Wave est son obsession pour la satisfaction du client pour lequel tout est mis en \u0153uvre pour r\u00e9pondre ad\u00e9quatement \u00e0 ses besoins. Notre marque s\u2019est construite en \u00e9coutant nos clients et en cr\u00e9ant des services qui r\u00e9pondent r\u00e9solument \u00e0 leurs besoins au quotidien. C\u2019est une responsabilit\u00e9 que nous ne prenons pas \u00e0 la l\u00e9g\u00e8re et qui nous pousse \u00e0 exceller chaque jour&nbsp;\u00bb, a soulign\u00e9 Coura S\u00e8ne.<\/p>\n<p>&nbsp;<\/p>\n","protected":false},"excerpt":{"rendered":"<p>Le Groupe Wave Mobile Money a officiellement lanc\u00e9 les activit\u00e9s de Wave Digital Finance, le 17 novembre dernier. Cette entit\u00e9 b\u00e9n\u00e9ficie de l\u2019octroi d\u2019une licence&#8230;<\/p>\n","protected":false},"author":1,"featured_media":4339,"comment_status":"closed","ping_status":"open","sticky":false,"template":"","format":"standard","meta":{"_jetpack_memberships_contains_paid_content":false,"footnotes":""},"categories":[23,10],"tags":[],"class_list":["post-4338","post","type-post","status-publish","format-standard","has-post-thumbnail","hentry","category-a-la-une","category-infos-eco","wpcat-23-id","wpcat-10-id"],"yoast_head":"<!-- This site is optimized with the Yoast SEO plugin v27.1.1 - https:\/\/yoast.com\/product\/yoast-seo-wordpress\/ -->\n<title>Politique d\u2019inclusion financi\u00e8re, Wave digital finance lanc\u00e9e - challenges economiques<\/title>\n<meta name=\"robots\" content=\"index, follow, max-snippet:-1, max-image-preview:large, max-video-preview:-1\" \/>\n<link rel=\"canonical\" href=\"https:\/\/challengeseconomiques.com\/?p=4338\" \/>\n<meta property=\"og:locale\" content=\"fr_FR\" \/>\n<meta property=\"og:type\" content=\"article\" \/>\n<meta property=\"og:title\" content=\"Politique d\u2019inclusion financi\u00e8re, Wave digital finance lanc\u00e9e - challenges economiques\" \/>\n<meta property=\"og:description\" content=\"Le Groupe Wave Mobile Money a officiellement lanc\u00e9 les activit\u00e9s de Wave Digital Finance, le 17 novembre dernier. Cette entit\u00e9 b\u00e9n\u00e9ficie de l\u2019octroi d\u2019une licence...\" \/>\n<meta property=\"og:url\" content=\"https:\/\/challengeseconomiques.com\/?p=4338\" \/>\n<meta property=\"og:site_name\" content=\"challenges economiques\" \/>\n<meta property=\"article:published_time\" content=\"2022-11-24T14:29:42+00:00\" \/>\n<meta property=\"article:modified_time\" content=\"2022-11-24T14:30:08+00:00\" \/>\n<meta property=\"og:image\" content=\"https:\/\/challengeseconomiques.com\/wp-content\/uploads\/2022\/11\/wavebon.jpeg\" \/>\n\t<meta property=\"og:image:width\" content=\"1000\" \/>\n\t<meta property=\"og:image:height\" content=\"667\" \/>\n\t<meta property=\"og:image:type\" content=\"image\/jpeg\" \/>\n<meta name=\"author\" content=\"admin\" \/>\n<meta name=\"twitter:card\" content=\"summary_large_image\" \/>\n<meta name=\"twitter:label1\" content=\"\u00c9crit par\" \/>\n\t<meta name=\"twitter:data1\" content=\"admin\" \/>\n\t<meta name=\"twitter:label2\" content=\"Dur\u00e9e de lecture estim\u00e9e\" \/>\n\t<meta name=\"twitter:data2\" content=\"3 minutes\" \/>\n<script type=\"application\/ld+json\" class=\"yoast-schema-graph\">{\"@context\":\"https:\/\/schema.org\",\"@graph\":[{\"@type\":\"Article\",\"@id\":\"https:\/\/challengeseconomiques.com\/?p=4338#article\",\"isPartOf\":{\"@id\":\"https:\/\/challengeseconomiques.com\/?p=4338\"},\"author\":{\"name\":\"admin\",\"@id\":\"https:\/\/challengeseconomiques.com\/#\/schema\/person\/b4568c9afebc5a9238a771873801e349\"},\"headline\":\"Politique d\u2019inclusion financi\u00e8re, Wave digital finance lanc\u00e9e\",\"datePublished\":\"2022-11-24T14:29:42+00:00\",\"dateModified\":\"2022-11-24T14:30:08+00:00\",\"mainEntityOfPage\":{\"@id\":\"https:\/\/challengeseconomiques.com\/?p=4338\"},\"wordCount\":491,\"image\":{\"@id\":\"https:\/\/challengeseconomiques.com\/?p=4338#primaryimage\"},\"thumbnailUrl\":\"https:\/\/challengeseconomiques.com\/wp-content\/uploads\/2022\/11\/wavebon.jpeg\",\"articleSection\":[\"A la une\",\"Infos \u00e9co\"],\"inLanguage\":\"fr-FR\"},{\"@type\":\"WebPage\",\"@id\":\"https:\/\/challengeseconomiques.com\/?p=4338\",\"url\":\"https:\/\/challengeseconomiques.com\/?p=4338\",\"name\":\"Politique d\u2019inclusion financi\u00e8re, Wave digital finance lanc\u00e9e - challenges economiques\",\"isPartOf\":{\"@id\":\"https:\/\/challengeseconomiques.com\/#website\"},\"primaryImageOfPage\":{\"@id\":\"https:\/\/challengeseconomiques.com\/?p=4338#primaryimage\"},\"image\":{\"@id\":\"https:\/\/challengeseconomiques.com\/?p=4338#primaryimage\"},\"thumbnailUrl\":\"https:\/\/challengeseconomiques.com\/wp-content\/uploads\/2022\/11\/wavebon.jpeg\",\"datePublished\":\"2022-11-24T14:29:42+00:00\",\"dateModified\":\"2022-11-24T14:30:08+00:00\",\"author\":{\"@id\":\"https:\/\/challengeseconomiques.com\/#\/schema\/person\/b4568c9afebc5a9238a771873801e349\"},\"breadcrumb\":{\"@id\":\"https:\/\/challengeseconomiques.com\/?p=4338#breadcrumb\"},\"inLanguage\":\"fr-FR\",\"potentialAction\":[{\"@type\":\"ReadAction\",\"target\":[\"https:\/\/challengeseconomiques.com\/?p=4338\"]}]},{\"@type\":\"ImageObject\",\"inLanguage\":\"fr-FR\",\"@id\":\"https:\/\/challengeseconomiques.com\/?p=4338#primaryimage\",\"url\":\"https:\/\/challengeseconomiques.com\/wp-content\/uploads\/2022\/11\/wavebon.jpeg\",\"contentUrl\":\"https:\/\/challengeseconomiques.com\/wp-content\/uploads\/2022\/11\/wavebon.jpeg\",\"width\":1000,\"height\":667},{\"@type\":\"BreadcrumbList\",\"@id\":\"https:\/\/challengeseconomiques.com\/?p=4338#breadcrumb\",\"itemListElement\":[{\"@type\":\"ListItem\",\"position\":1,\"name\":\"Home\",\"item\":\"https:\/\/challengeseconomiques.com\/\"},{\"@type\":\"ListItem\",\"position\":2,\"name\":\"Politique d\u2019inclusion financi\u00e8re, Wave digital finance lanc\u00e9e\"}]},{\"@type\":\"WebSite\",\"@id\":\"https:\/\/challengeseconomiques.com\/#website\",\"url\":\"https:\/\/challengeseconomiques.com\/\",\"name\":\"challenges economiques\",\"description\":\"\",\"potentialAction\":[{\"@type\":\"SearchAction\",\"target\":{\"@type\":\"EntryPoint\",\"urlTemplate\":\"https:\/\/challengeseconomiques.com\/?s={search_term_string}\"},\"query-input\":{\"@type\":\"PropertyValueSpecification\",\"valueRequired\":true,\"valueName\":\"search_term_string\"}}],\"inLanguage\":\"fr-FR\"},{\"@type\":\"Person\",\"@id\":\"https:\/\/challengeseconomiques.com\/#\/schema\/person\/b4568c9afebc5a9238a771873801e349\",\"name\":\"admin\",\"image\":{\"@type\":\"ImageObject\",\"inLanguage\":\"fr-FR\",\"@id\":\"https:\/\/challengeseconomiques.com\/#\/schema\/person\/image\/\",\"url\":\"https:\/\/secure.gravatar.com\/avatar\/099e42240b5eea11acdb72751fcce0dd918603f0749d24974b7984ea47ed9fd9?s=96&d=mm&r=g\",\"contentUrl\":\"https:\/\/secure.gravatar.com\/avatar\/099e42240b5eea11acdb72751fcce0dd918603f0749d24974b7984ea47ed9fd9?s=96&d=mm&r=g\",\"caption\":\"admin\"},\"sameAs\":[\"https:\/\/challengeseconomiques.com\"],\"url\":\"https:\/\/challengeseconomiques.com\/?author=1\"}]}<\/script>\n<!-- \/ Yoast SEO plugin. -->","yoast_head_json":{"title":"Politique d\u2019inclusion financi\u00e8re, Wave digital finance lanc\u00e9e - challenges economiques","robots":{"index":"index","follow":"follow","max-snippet":"max-snippet:-1","max-image-preview":"max-image-preview:large","max-video-preview":"max-video-preview:-1"},"canonical":"https:\/\/challengeseconomiques.com\/?p=4338","og_locale":"fr_FR","og_type":"article","og_title":"Politique d\u2019inclusion financi\u00e8re, Wave digital finance lanc\u00e9e - challenges economiques","og_description":"Le Groupe Wave Mobile Money a officiellement lanc\u00e9 les activit\u00e9s de Wave Digital Finance, le 17 novembre dernier. Cette entit\u00e9 b\u00e9n\u00e9ficie de l\u2019octroi d\u2019une licence...","og_url":"https:\/\/challengeseconomiques.com\/?p=4338","og_site_name":"challenges economiques","article_published_time":"2022-11-24T14:29:42+00:00","article_modified_time":"2022-11-24T14:30:08+00:00","og_image":[{"width":1000,"height":667,"url":"https:\/\/challengeseconomiques.com\/wp-content\/uploads\/2022\/11\/wavebon.jpeg","type":"image\/jpeg"}],"author":"admin","twitter_card":"summary_large_image","twitter_misc":{"\u00c9crit par":"admin","Dur\u00e9e de lecture estim\u00e9e":"3 minutes"},"schema":{"@context":"https:\/\/schema.org","@graph":[{"@type":"Article","@id":"https:\/\/challengeseconomiques.com\/?p=4338#article","isPartOf":{"@id":"https:\/\/challengeseconomiques.com\/?p=4338"},"author":{"name":"admin","@id":"https:\/\/challengeseconomiques.com\/#\/schema\/person\/b4568c9afebc5a9238a771873801e349"},"headline":"Politique d\u2019inclusion financi\u00e8re, Wave digital finance lanc\u00e9e","datePublished":"2022-11-24T14:29:42+00:00","dateModified":"2022-11-24T14:30:08+00:00","mainEntityOfPage":{"@id":"https:\/\/challengeseconomiques.com\/?p=4338"},"wordCount":491,"image":{"@id":"https:\/\/challengeseconomiques.com\/?p=4338#primaryimage"},"thumbnailUrl":"https:\/\/challengeseconomiques.com\/wp-content\/uploads\/2022\/11\/wavebon.jpeg","articleSection":["A la une","Infos \u00e9co"],"inLanguage":"fr-FR"},{"@type":"WebPage","@id":"https:\/\/challengeseconomiques.com\/?p=4338","url":"https:\/\/challengeseconomiques.com\/?p=4338","name":"Politique d\u2019inclusion financi\u00e8re, Wave digital finance lanc\u00e9e - challenges economiques","isPartOf":{"@id":"https:\/\/challengeseconomiques.com\/#website"},"primaryImageOfPage":{"@id":"https:\/\/challengeseconomiques.com\/?p=4338#primaryimage"},"image":{"@id":"https:\/\/challengeseconomiques.com\/?p=4338#primaryimage"},"thumbnailUrl":"https:\/\/challengeseconomiques.com\/wp-content\/uploads\/2022\/11\/wavebon.jpeg","datePublished":"2022-11-24T14:29:42+00:00","dateModified":"2022-11-24T14:30:08+00:00","author":{"@id":"https:\/\/challengeseconomiques.com\/#\/schema\/person\/b4568c9afebc5a9238a771873801e349"},"breadcrumb":{"@id":"https:\/\/challengeseconomiques.com\/?p=4338#breadcrumb"},"inLanguage":"fr-FR","potentialAction":[{"@type":"ReadAction","target":["https:\/\/challengeseconomiques.com\/?p=4338"]}]},{"@type":"ImageObject","inLanguage":"fr-FR","@id":"https:\/\/challengeseconomiques.com\/?p=4338#primaryimage","url":"https:\/\/challengeseconomiques.com\/wp-content\/uploads\/2022\/11\/wavebon.jpeg","contentUrl":"https:\/\/challengeseconomiques.com\/wp-content\/uploads\/2022\/11\/wavebon.jpeg","width":1000,"height":667},{"@type":"BreadcrumbList","@id":"https:\/\/challengeseconomiques.com\/?p=4338#breadcrumb","itemListElement":[{"@type":"ListItem","position":1,"name":"Home","item":"https:\/\/challengeseconomiques.com\/"},{"@type":"ListItem","position":2,"name":"Politique d\u2019inclusion financi\u00e8re, Wave digital finance lanc\u00e9e"}]},{"@type":"WebSite","@id":"https:\/\/challengeseconomiques.com\/#website","url":"https:\/\/challengeseconomiques.com\/","name":"challenges economiques","description":"","potentialAction":[{"@type":"SearchAction","target":{"@type":"EntryPoint","urlTemplate":"https:\/\/challengeseconomiques.com\/?s={search_term_string}"},"query-input":{"@type":"PropertyValueSpecification","valueRequired":true,"valueName":"search_term_string"}}],"inLanguage":"fr-FR"},{"@type":"Person","@id":"https:\/\/challengeseconomiques.com\/#\/schema\/person\/b4568c9afebc5a9238a771873801e349","name":"admin","image":{"@type":"ImageObject","inLanguage":"fr-FR","@id":"https:\/\/challengeseconomiques.com\/#\/schema\/person\/image\/","url":"https:\/\/secure.gravatar.com\/avatar\/099e42240b5eea11acdb72751fcce0dd918603f0749d24974b7984ea47ed9fd9?s=96&d=mm&r=g","contentUrl":"https:\/\/secure.gravatar.com\/avatar\/099e42240b5eea11acdb72751fcce0dd918603f0749d24974b7984ea47ed9fd9?s=96&d=mm&r=g","caption":"admin"},"sameAs":["https:\/\/challengeseconomiques.com"],"url":"https:\/\/challengeseconomiques.com\/?author=1"}]}},"jetpack_featured_media_url":"https:\/\/challengeseconomiques.com\/wp-content\/uploads\/2022\/11\/wavebon.jpeg","jetpack_sharing_enabled":true,"_links":{"self":[{"href":"https:\/\/challengeseconomiques.com\/index.php?rest_route=\/wp\/v2\/posts\/4338","targetHints":{"allow":["GET"]}}],"collection":[{"href":"https:\/\/challengeseconomiques.com\/index.php?rest_route=\/wp\/v2\/posts"}],"about":[{"href":"https:\/\/challengeseconomiques.com\/index.php?rest_route=\/wp\/v2\/types\/post"}],"author":[{"embeddable":true,"href":"https:\/\/challengeseconomiques.com\/index.php?rest_route=\/wp\/v2\/users\/1"}],"replies":[{"embeddable":true,"href":"https:\/\/challengeseconomiques.com\/index.php?rest_route=%2Fwp%2Fv2%2Fcomments&post=4338"}],"version-history":[{"count":2,"href":"https:\/\/challengeseconomiques.com\/index.php?rest_route=\/wp\/v2\/posts\/4338\/revisions"}],"predecessor-version":[{"id":4341,"href":"https:\/\/challengeseconomiques.com\/index.php?rest_route=\/wp\/v2\/posts\/4338\/revisions\/4341"}],"wp:featuredmedia":[{"embeddable":true,"href":"https:\/\/challengeseconomiques.com\/index.php?rest_route=\/wp\/v2\/media\/4339"}],"wp:attachment":[{"href":"https:\/\/challengeseconomiques.com\/index.php?rest_route=%2Fwp%2Fv2%2Fmedia&parent=4338"}],"wp:term":[{"taxonomy":"category","embeddable":true,"href":"https:\/\/challengeseconomiques.com\/index.php?rest_route=%2Fwp%2Fv2%2Fcategories&post=4338"},{"taxonomy":"post_tag","embeddable":true,"href":"https:\/\/challengeseconomiques.com\/index.php?rest_route=%2Fwp%2Fv2%2Ftags&post=4338"}],"curies":[{"name":"wp","href":"https:\/\/api.w.org\/{rel}","templated":true}]}}