{"id":4325,"date":"2022-11-23T12:30:54","date_gmt":"2022-11-23T12:30:54","guid":{"rendered":"https:\/\/challengeseconomiques.com\/?p=4325"},"modified":"2022-11-23T17:10:27","modified_gmt":"2022-11-23T17:10:27","slug":"fcfa-lafrique-centrale-propose-des-pistes-dune-reforme-profonde","status":"publish","type":"post","link":"https:\/\/challengeseconomiques.com\/?p=4325","title":{"rendered":"FCFA : l\u2019Afrique centrale propose des pistes d\u2019une r\u00e9forme \u00ab\u2009profonde\u2009\u00bb"},"content":{"rendered":"<p class=\"texte textearticle\"><strong>La r\u00e9forme<\/strong><strong> du franc CFA,<\/strong><strong> exig\u00e9e par les chefs d\u2019\u00c9tat de la <\/strong><strong>Cemac<\/strong><strong> depuis 2019 se rapporte \u00e0 l\u2019\u00e9volution des principaux m\u00e9canismes actuels de la coop\u00e9ration mon\u00e9taire avec la France<\/strong><strong>.<\/strong><\/p>\n<p class=\"texte textearticle\">Au cours du colloque qui s\u2019est tenu \u00e0 Libreville, les 17 et 18 novembre derniers, sur le th\u00e8me \u00ab&nbsp;Monnaie et d\u00e9veloppement en Afrique centrale&nbsp;\u00bb, les enseignants d\u2019universit\u00e9, \u00e9conomistes et autres acteurs de la soci\u00e9t\u00e9 civile de la zone Cemac ont globalement pench\u00e9 pour une r\u00e9forme&nbsp;<em>\u00ab\u2009profonde\u2009\u00bb<\/em>&nbsp;du FCFA.<\/p>\n<p class=\"texte textearticle\">\u00ab\u2009<em>Je crois qu\u2019il est apparu de mani\u00e8re assez claire de ces travaux que la coop\u00e9ration mon\u00e9taire avec la France m\u00e9rite d\u2019\u00eatre r<\/em><em>\u00e9<\/em><em>form\u00e9e. Maintenant, au niveau du sens de la r\u00e9forme, les avis bien \u00e9videmment sont partag\u00e9s. Il y en a qui se contenteraient par exemple d\u2019une r\u00e9forme m\u00eame simplement de l\u2019appellation<\/em><em>,<\/em><em> vu la charge symbolique qui est autour de ce nom. Mais, pour la grande majorit\u00e9, la r\u00e9forme ne devrait pas se limiter \u00e0 un changement de nom. Il faudrait une r\u00e9forme profonde\u2009\u00bb,<\/em>&nbsp;a expliqu\u00e9 le professeur Alain Kenmogne Simo, agr\u00e9g\u00e9 des facult\u00e9s de droit.<\/p>\n<p class=\"texte textearticle\"><strong>Parit\u00e9 avec l\u2019Euro<\/strong><\/p>\n<p class=\"texte textearticle\">Avec cette r\u00e9forme en gestation, l\u2019on pourrait s\u2019attendre par exemple en plus du changement de nom \u00e0 la mise en place d\u2019une nouvelle politique de change. Notamment, quitter la parit\u00e9 fixe avec l\u2019euro pour un taux de change flottant ou interm\u00e9diaire.&nbsp;<em>\u00ab\u2009Entre le taux de change flottant et le taux de change fixe, il y a une panoplie de politiques de change interm\u00e9diaires. En r\u00e9alit\u00e9, nous tendons vers une politique interm\u00e9diaire et non plus sur l\u2019arrimage \u00e0 l\u2019<\/em><em>e<\/em><em>uro qui pour nous est d\u00e9j\u00e0 d\u00e9pass\u00e9. D\u00e9pass\u00e9 parce que nous avons de nouvelles ambitions, une nouvelle strat\u00e9gie de d\u00e9veloppement, parce que l\u2019environnement international a \u00e9galement chang\u00e9\u2009\u00bb,<\/em>&nbsp;explique le professeur Gabriel Zomo, professeur titulaire \u00e0 l\u2019Universit\u00e9 Omar Bongo de Libreville.<\/p>\n<p class=\"texte textearticle\">Pour cet \u00e9conomiste, les \u00e9changes de la Cemac (Cameroun, Centrafrique, Congo, Gabon, Guin\u00e9e \u00c9quatoriale et Tchad) avec la France constituaient, au moment de l\u2019adoption du FCFA comme monnaie, une grande part du commerce ext\u00e9rieur des pays de la zone. Or, aujourd\u2019hui, les partenaires \u00e9conomiques de la zone sont assez diversifi\u00e9s, avec des \u00e9changes qui se sont consid\u00e9rablement accrus ces derni\u00e8res ann\u00e9es avec la Chine et d\u2019autres pays asiatiques, rapporte <em>Le Nouveau Gabon<\/em>.<\/p>\n<p class=\"texte textearticle\">Dans un tel contexte,<em> \u00ab\u2009le fait de limiter nos r\u00e9serves \u00e0 une seule monnaie nous emp\u00eache de gagner en flexibilit\u00e9<\/em><em>,<\/em><em> contrairement \u00e0 la diversification des r\u00e9serves. Les r\u00e9serves devraient normalement \u00eatre constitu\u00e9es en fonction de la densit\u00e9 d\u2019\u00e9changes qu\u2019on fait avec les partenaires. \u00c7a veut dire qu\u2019aujourd\u2019hui, la Chine, le Br\u00e9sil, la Turquie se positionnent, et donc, pourquoi constituer nos r\u00e9serves seulement en euros\u2009\u00bb,<\/em>&nbsp;s\u2019\u00e9tonne Dieudonn\u00e9 Mignamissi, agr\u00e9g\u00e9 des sciences \u00e9conomiques. Il poursuit&nbsp;<em>: \u00ab\u2009Les r\u00e9serves servent justement \u00e0 faciliter les \u00e9changes avec les pays \u00e9trangers. Donc, si on avait des r\u00e9serves en monnaie chinoise, une partie en dollars, une autre en euros\u2026 on aurait \u00e0 mon avis plus de flexibilit\u00e9 en mati\u00e8re de politique commerciale avec les partenaires commerciaux \u00e9trangers\u2009\u00bb.<\/em><\/p>\n<p class=\"texte textearticle\">Par ailleurs, pour le professeur Gabriel Zomo, les pays de la zone devraient chercher \u00e0 avoir un taux de change faible au vu de la qualit\u00e9 de produits qu\u2019ils proposent sur le march\u00e9 international.&nbsp;<em>\u00ab\u2009En g\u00e9n\u00e9ral, quand on est sp\u00e9cialis\u00e9 dans des produits de haute intensit\u00e9 technologique, on a tendance \u00e0 avoir un taux de change fort. C\u2019est le cas de l\u2019Allemagne. Mais, quand on a des produits <\/em><em>\u2018\u2019<\/em><em>bas de gamme<\/em><em>\u2019\u2019<\/em><em>, on a tendance \u00e0 chercher un taux de change plus faible parce qu\u2019il faut vendre. C\u2019est pourquoi l\u2019arrimage \u00e0 l\u2019euro pose probl\u00e8me. Car, on a une sur\u00e9valuation tendancielle, alors que nous avons des produits \u00ab\u00a0bas de gamme\u00a0\u00bb\u2009\u00bb.<\/em><\/p>\n<p class=\"texte textearticle\"><strong>La bonne gouvernance<\/strong><\/p>\n<p class=\"texte textearticle\">Cependant, les \u00e9conomistes et autres acteurs de la soci\u00e9t\u00e9 civile pensent qu\u2019il ne faudrait pas se limiter \u00e0 une r\u00e9forme du FCFA. Car,&nbsp;<em>\u00ab\u2009quel que soit le nom ou la r\u00e9forme mon\u00e9taire que l\u2019on mettrait en place, si elle n\u2019est pas accompagn\u00e9e des r\u00e9formes au niveau de l\u2019action publique, des r\u00e9formes \u00e9conomiques, elle ne nous ferait pas avancer sur le chemin du d\u00e9veloppement comme on le souhaite. Donc c\u2019est vraiment un ensemble de r\u00e9formes qu\u2019il faudrait faire \u00e0 c\u00f4t\u00e9 de la r\u00e9forme mon\u00e9taire\u2009\u00bb,<\/em>&nbsp;a affirm\u00e9 le professeur Alain Kenmogne Simo. Et Geoffroy Foumboula Libeka, membre du Copil citoyen, mouvement de la soci\u00e9t\u00e9 civile gabonaise d\u2019ajouter que&nbsp;<em>\u00ab\u2009le plus important n\u2019est pas le changement de monnaie. Tant qu\u2019il n\u2019y aura pas de discipline, du point de vue de la gestion de nos budgets, des sanctions sur les d\u00e9tournements de fonds publics, on peut changer autant de monnaie qu\u2019on veut, on peut donner n\u2019importe quel nom \u00e0 notre monnaie, mais rien ne changera. La priorit\u00e9 c\u2019est la bonne gouvernance\u2009\u00bb.<\/em><\/p>\n<p class=\"texte textearticle\">Cr\u00e9\u00e9 en 1945, le FCFA renvoie \u00e0 l\u2019\u00e9poque des colonies fran\u00e7aises puisqu\u2019il signifiait&nbsp;<em>\u00ab\u2009franc des colonies fran\u00e7aises d\u2019Afrique\u2009\u00bb.<\/em>&nbsp;Ce nom a \u00e9volu\u00e9 depuis novembre 1972 pour devenir Franc de la coop\u00e9ration financi\u00e8re en Afrique centrale. La r\u00e9forme exig\u00e9e par les chefs d\u2019\u00c9tat de la zone depuis 2019 se rapporte \u00e0 l\u2019\u00e9volution des principaux m\u00e9canismes actuels de la coop\u00e9ration mon\u00e9taire avec la France, \u00e0 savoir&nbsp;: la garantie de convertibilit\u00e9 illimit\u00e9e de la monnaie \u00e9mise par le BEAC, le FCFA, par la France ; la fixit\u00e9 du taux de change ; la libert\u00e9 de transfert entre les pays membres de la BEAC et la France ; la centralisation des r\u00e9serves aupr\u00e8s d\u2019un Compte d\u2019op\u00e9rations ouvert au tr\u00e9sor fran\u00e7ais.<\/p>\n<p><strong>(Agence Ecofin) <\/strong><\/p>\n","protected":false},"excerpt":{"rendered":"<p>La r\u00e9forme du franc CFA, exig\u00e9e par les chefs d\u2019\u00c9tat de la Cemac depuis 2019 se rapporte \u00e0 l\u2019\u00e9volution des principaux m\u00e9canismes actuels de la&#8230;<\/p>\n","protected":false},"author":1,"featured_media":4337,"comment_status":"closed","ping_status":"open","sticky":false,"template":"","format":"standard","meta":{"_jetpack_memberships_contains_paid_content":false,"footnotes":""},"categories":[23,8,10],"tags":[],"class_list":["post-4325","post","type-post","status-publish","format-standard","has-post-thumbnail","hentry","category-a-la-une","category-actualite-economique","category-infos-eco","wpcat-23-id","wpcat-8-id","wpcat-10-id"],"yoast_head":"<!-- This site is optimized with the Yoast SEO plugin v27.1.1 - https:\/\/yoast.com\/product\/yoast-seo-wordpress\/ -->\n<title>FCFA : l\u2019Afrique centrale propose des pistes d\u2019une r\u00e9forme \u00ab\u2009profonde\u2009\u00bb - challenges economiques<\/title>\n<meta name=\"robots\" content=\"index, follow, max-snippet:-1, max-image-preview:large, max-video-preview:-1\" \/>\n<link rel=\"canonical\" href=\"https:\/\/challengeseconomiques.com\/?p=4325\" \/>\n<meta property=\"og:locale\" content=\"fr_FR\" \/>\n<meta property=\"og:type\" content=\"article\" \/>\n<meta property=\"og:title\" content=\"FCFA : l\u2019Afrique centrale propose des pistes d\u2019une r\u00e9forme \u00ab\u2009profonde\u2009\u00bb - challenges economiques\" \/>\n<meta property=\"og:description\" content=\"La r\u00e9forme du franc CFA, exig\u00e9e par les chefs d\u2019\u00c9tat de la Cemac depuis 2019 se rapporte \u00e0 l\u2019\u00e9volution des principaux m\u00e9canismes actuels de la...\" \/>\n<meta property=\"og:url\" content=\"https:\/\/challengeseconomiques.com\/?p=4325\" \/>\n<meta property=\"og:site_name\" content=\"challenges economiques\" \/>\n<meta property=\"article:published_time\" content=\"2022-11-23T12:30:54+00:00\" \/>\n<meta property=\"article:modified_time\" content=\"2022-11-23T17:10:27+00:00\" \/>\n<meta property=\"og:image\" content=\"https:\/\/challengeseconomiques.com\/wp-content\/uploads\/2022\/11\/francscemac.jpg\" \/>\n\t<meta property=\"og:image:width\" content=\"960\" \/>\n\t<meta property=\"og:image:height\" content=\"460\" \/>\n\t<meta property=\"og:image:type\" content=\"image\/jpeg\" \/>\n<meta name=\"author\" content=\"admin\" \/>\n<meta name=\"twitter:card\" content=\"summary_large_image\" \/>\n<meta name=\"twitter:label1\" content=\"\u00c9crit par\" \/>\n\t<meta name=\"twitter:data1\" content=\"admin\" \/>\n\t<meta name=\"twitter:label2\" content=\"Dur\u00e9e de lecture estim\u00e9e\" \/>\n\t<meta name=\"twitter:data2\" content=\"5 minutes\" \/>\n<script type=\"application\/ld+json\" class=\"yoast-schema-graph\">{\"@context\":\"https:\/\/schema.org\",\"@graph\":[{\"@type\":\"Article\",\"@id\":\"https:\/\/challengeseconomiques.com\/?p=4325#article\",\"isPartOf\":{\"@id\":\"https:\/\/challengeseconomiques.com\/?p=4325\"},\"author\":{\"name\":\"admin\",\"@id\":\"https:\/\/challengeseconomiques.com\/#\/schema\/person\/b4568c9afebc5a9238a771873801e349\"},\"headline\":\"FCFA : l\u2019Afrique centrale propose des pistes d\u2019une r\u00e9forme \u00ab\u2009profonde\u2009\u00bb\",\"datePublished\":\"2022-11-23T12:30:54+00:00\",\"dateModified\":\"2022-11-23T17:10:27+00:00\",\"mainEntityOfPage\":{\"@id\":\"https:\/\/challengeseconomiques.com\/?p=4325\"},\"wordCount\":1017,\"image\":{\"@id\":\"https:\/\/challengeseconomiques.com\/?p=4325#primaryimage\"},\"thumbnailUrl\":\"https:\/\/challengeseconomiques.com\/wp-content\/uploads\/2022\/11\/francscemac.jpg\",\"articleSection\":[\"A la une\",\"Actualit\u00e9 \u00e9conomique\",\"Infos \u00e9co\"],\"inLanguage\":\"fr-FR\"},{\"@type\":\"WebPage\",\"@id\":\"https:\/\/challengeseconomiques.com\/?p=4325\",\"url\":\"https:\/\/challengeseconomiques.com\/?p=4325\",\"name\":\"FCFA : l\u2019Afrique centrale propose des pistes d\u2019une r\u00e9forme \u00ab\u2009profonde\u2009\u00bb - challenges economiques\",\"isPartOf\":{\"@id\":\"https:\/\/challengeseconomiques.com\/#website\"},\"primaryImageOfPage\":{\"@id\":\"https:\/\/challengeseconomiques.com\/?p=4325#primaryimage\"},\"image\":{\"@id\":\"https:\/\/challengeseconomiques.com\/?p=4325#primaryimage\"},\"thumbnailUrl\":\"https:\/\/challengeseconomiques.com\/wp-content\/uploads\/2022\/11\/francscemac.jpg\",\"datePublished\":\"2022-11-23T12:30:54+00:00\",\"dateModified\":\"2022-11-23T17:10:27+00:00\",\"author\":{\"@id\":\"https:\/\/challengeseconomiques.com\/#\/schema\/person\/b4568c9afebc5a9238a771873801e349\"},\"breadcrumb\":{\"@id\":\"https:\/\/challengeseconomiques.com\/?p=4325#breadcrumb\"},\"inLanguage\":\"fr-FR\",\"potentialAction\":[{\"@type\":\"ReadAction\",\"target\":[\"https:\/\/challengeseconomiques.com\/?p=4325\"]}]},{\"@type\":\"ImageObject\",\"inLanguage\":\"fr-FR\",\"@id\":\"https:\/\/challengeseconomiques.com\/?p=4325#primaryimage\",\"url\":\"https:\/\/challengeseconomiques.com\/wp-content\/uploads\/2022\/11\/francscemac.jpg\",\"contentUrl\":\"https:\/\/challengeseconomiques.com\/wp-content\/uploads\/2022\/11\/francscemac.jpg\",\"width\":960,\"height\":460},{\"@type\":\"BreadcrumbList\",\"@id\":\"https:\/\/challengeseconomiques.com\/?p=4325#breadcrumb\",\"itemListElement\":[{\"@type\":\"ListItem\",\"position\":1,\"name\":\"Home\",\"item\":\"https:\/\/challengeseconomiques.com\/\"},{\"@type\":\"ListItem\",\"position\":2,\"name\":\"FCFA : l\u2019Afrique centrale propose des pistes d\u2019une r\u00e9forme \u00ab\u2009profonde\u2009\u00bb\"}]},{\"@type\":\"WebSite\",\"@id\":\"https:\/\/challengeseconomiques.com\/#website\",\"url\":\"https:\/\/challengeseconomiques.com\/\",\"name\":\"challenges economiques\",\"description\":\"\",\"potentialAction\":[{\"@type\":\"SearchAction\",\"target\":{\"@type\":\"EntryPoint\",\"urlTemplate\":\"https:\/\/challengeseconomiques.com\/?s={search_term_string}\"},\"query-input\":{\"@type\":\"PropertyValueSpecification\",\"valueRequired\":true,\"valueName\":\"search_term_string\"}}],\"inLanguage\":\"fr-FR\"},{\"@type\":\"Person\",\"@id\":\"https:\/\/challengeseconomiques.com\/#\/schema\/person\/b4568c9afebc5a9238a771873801e349\",\"name\":\"admin\",\"image\":{\"@type\":\"ImageObject\",\"inLanguage\":\"fr-FR\",\"@id\":\"https:\/\/challengeseconomiques.com\/#\/schema\/person\/image\/\",\"url\":\"https:\/\/secure.gravatar.com\/avatar\/099e42240b5eea11acdb72751fcce0dd918603f0749d24974b7984ea47ed9fd9?s=96&d=mm&r=g\",\"contentUrl\":\"https:\/\/secure.gravatar.com\/avatar\/099e42240b5eea11acdb72751fcce0dd918603f0749d24974b7984ea47ed9fd9?s=96&d=mm&r=g\",\"caption\":\"admin\"},\"sameAs\":[\"https:\/\/challengeseconomiques.com\"],\"url\":\"https:\/\/challengeseconomiques.com\/?author=1\"}]}<\/script>\n<!-- \/ Yoast SEO plugin. -->","yoast_head_json":{"title":"FCFA : l\u2019Afrique centrale propose des pistes d\u2019une r\u00e9forme \u00ab\u2009profonde\u2009\u00bb - challenges economiques","robots":{"index":"index","follow":"follow","max-snippet":"max-snippet:-1","max-image-preview":"max-image-preview:large","max-video-preview":"max-video-preview:-1"},"canonical":"https:\/\/challengeseconomiques.com\/?p=4325","og_locale":"fr_FR","og_type":"article","og_title":"FCFA : l\u2019Afrique centrale propose des pistes d\u2019une r\u00e9forme \u00ab\u2009profonde\u2009\u00bb - challenges economiques","og_description":"La r\u00e9forme du franc CFA, exig\u00e9e par les chefs d\u2019\u00c9tat de la Cemac depuis 2019 se rapporte \u00e0 l\u2019\u00e9volution des principaux m\u00e9canismes actuels de la...","og_url":"https:\/\/challengeseconomiques.com\/?p=4325","og_site_name":"challenges economiques","article_published_time":"2022-11-23T12:30:54+00:00","article_modified_time":"2022-11-23T17:10:27+00:00","og_image":[{"width":960,"height":460,"url":"https:\/\/challengeseconomiques.com\/wp-content\/uploads\/2022\/11\/francscemac.jpg","type":"image\/jpeg"}],"author":"admin","twitter_card":"summary_large_image","twitter_misc":{"\u00c9crit par":"admin","Dur\u00e9e de lecture estim\u00e9e":"5 minutes"},"schema":{"@context":"https:\/\/schema.org","@graph":[{"@type":"Article","@id":"https:\/\/challengeseconomiques.com\/?p=4325#article","isPartOf":{"@id":"https:\/\/challengeseconomiques.com\/?p=4325"},"author":{"name":"admin","@id":"https:\/\/challengeseconomiques.com\/#\/schema\/person\/b4568c9afebc5a9238a771873801e349"},"headline":"FCFA : l\u2019Afrique centrale propose des pistes d\u2019une r\u00e9forme \u00ab\u2009profonde\u2009\u00bb","datePublished":"2022-11-23T12:30:54+00:00","dateModified":"2022-11-23T17:10:27+00:00","mainEntityOfPage":{"@id":"https:\/\/challengeseconomiques.com\/?p=4325"},"wordCount":1017,"image":{"@id":"https:\/\/challengeseconomiques.com\/?p=4325#primaryimage"},"thumbnailUrl":"https:\/\/challengeseconomiques.com\/wp-content\/uploads\/2022\/11\/francscemac.jpg","articleSection":["A la une","Actualit\u00e9 \u00e9conomique","Infos \u00e9co"],"inLanguage":"fr-FR"},{"@type":"WebPage","@id":"https:\/\/challengeseconomiques.com\/?p=4325","url":"https:\/\/challengeseconomiques.com\/?p=4325","name":"FCFA : l\u2019Afrique centrale propose des pistes d\u2019une r\u00e9forme \u00ab\u2009profonde\u2009\u00bb - challenges economiques","isPartOf":{"@id":"https:\/\/challengeseconomiques.com\/#website"},"primaryImageOfPage":{"@id":"https:\/\/challengeseconomiques.com\/?p=4325#primaryimage"},"image":{"@id":"https:\/\/challengeseconomiques.com\/?p=4325#primaryimage"},"thumbnailUrl":"https:\/\/challengeseconomiques.com\/wp-content\/uploads\/2022\/11\/francscemac.jpg","datePublished":"2022-11-23T12:30:54+00:00","dateModified":"2022-11-23T17:10:27+00:00","author":{"@id":"https:\/\/challengeseconomiques.com\/#\/schema\/person\/b4568c9afebc5a9238a771873801e349"},"breadcrumb":{"@id":"https:\/\/challengeseconomiques.com\/?p=4325#breadcrumb"},"inLanguage":"fr-FR","potentialAction":[{"@type":"ReadAction","target":["https:\/\/challengeseconomiques.com\/?p=4325"]}]},{"@type":"ImageObject","inLanguage":"fr-FR","@id":"https:\/\/challengeseconomiques.com\/?p=4325#primaryimage","url":"https:\/\/challengeseconomiques.com\/wp-content\/uploads\/2022\/11\/francscemac.jpg","contentUrl":"https:\/\/challengeseconomiques.com\/wp-content\/uploads\/2022\/11\/francscemac.jpg","width":960,"height":460},{"@type":"BreadcrumbList","@id":"https:\/\/challengeseconomiques.com\/?p=4325#breadcrumb","itemListElement":[{"@type":"ListItem","position":1,"name":"Home","item":"https:\/\/challengeseconomiques.com\/"},{"@type":"ListItem","position":2,"name":"FCFA : l\u2019Afrique centrale propose des pistes d\u2019une r\u00e9forme \u00ab\u2009profonde\u2009\u00bb"}]},{"@type":"WebSite","@id":"https:\/\/challengeseconomiques.com\/#website","url":"https:\/\/challengeseconomiques.com\/","name":"challenges economiques","description":"","potentialAction":[{"@type":"SearchAction","target":{"@type":"EntryPoint","urlTemplate":"https:\/\/challengeseconomiques.com\/?s={search_term_string}"},"query-input":{"@type":"PropertyValueSpecification","valueRequired":true,"valueName":"search_term_string"}}],"inLanguage":"fr-FR"},{"@type":"Person","@id":"https:\/\/challengeseconomiques.com\/#\/schema\/person\/b4568c9afebc5a9238a771873801e349","name":"admin","image":{"@type":"ImageObject","inLanguage":"fr-FR","@id":"https:\/\/challengeseconomiques.com\/#\/schema\/person\/image\/","url":"https:\/\/secure.gravatar.com\/avatar\/099e42240b5eea11acdb72751fcce0dd918603f0749d24974b7984ea47ed9fd9?s=96&d=mm&r=g","contentUrl":"https:\/\/secure.gravatar.com\/avatar\/099e42240b5eea11acdb72751fcce0dd918603f0749d24974b7984ea47ed9fd9?s=96&d=mm&r=g","caption":"admin"},"sameAs":["https:\/\/challengeseconomiques.com"],"url":"https:\/\/challengeseconomiques.com\/?author=1"}]}},"jetpack_featured_media_url":"https:\/\/challengeseconomiques.com\/wp-content\/uploads\/2022\/11\/francscemac.jpg","jetpack_sharing_enabled":true,"_links":{"self":[{"href":"https:\/\/challengeseconomiques.com\/index.php?rest_route=\/wp\/v2\/posts\/4325","targetHints":{"allow":["GET"]}}],"collection":[{"href":"https:\/\/challengeseconomiques.com\/index.php?rest_route=\/wp\/v2\/posts"}],"about":[{"href":"https:\/\/challengeseconomiques.com\/index.php?rest_route=\/wp\/v2\/types\/post"}],"author":[{"embeddable":true,"href":"https:\/\/challengeseconomiques.com\/index.php?rest_route=\/wp\/v2\/users\/1"}],"replies":[{"embeddable":true,"href":"https:\/\/challengeseconomiques.com\/index.php?rest_route=%2Fwp%2Fv2%2Fcomments&post=4325"}],"version-history":[{"count":2,"href":"https:\/\/challengeseconomiques.com\/index.php?rest_route=\/wp\/v2\/posts\/4325\/revisions"}],"predecessor-version":[{"id":4328,"href":"https:\/\/challengeseconomiques.com\/index.php?rest_route=\/wp\/v2\/posts\/4325\/revisions\/4328"}],"wp:featuredmedia":[{"embeddable":true,"href":"https:\/\/challengeseconomiques.com\/index.php?rest_route=\/wp\/v2\/media\/4337"}],"wp:attachment":[{"href":"https:\/\/challengeseconomiques.com\/index.php?rest_route=%2Fwp%2Fv2%2Fmedia&parent=4325"}],"wp:term":[{"taxonomy":"category","embeddable":true,"href":"https:\/\/challengeseconomiques.com\/index.php?rest_route=%2Fwp%2Fv2%2Fcategories&post=4325"},{"taxonomy":"post_tag","embeddable":true,"href":"https:\/\/challengeseconomiques.com\/index.php?rest_route=%2Fwp%2Fv2%2Ftags&post=4325"}],"curies":[{"name":"wp","href":"https:\/\/api.w.org\/{rel}","templated":true}]}}