{"id":4309,"date":"2022-11-21T10:39:51","date_gmt":"2022-11-21T10:39:51","guid":{"rendered":"https:\/\/challengeseconomiques.com\/?p=4309"},"modified":"2022-11-21T10:44:50","modified_gmt":"2022-11-21T10:44:50","slug":"le-fongip-felicite-par-le-chef-de-letat-pour-la-signature-dun-accord-cadre-avec-le-fsa","status":"publish","type":"post","link":"https:\/\/challengeseconomiques.com\/?p=4309","title":{"rendered":"Le FONGIP f\u00e9licit\u00e9 par le chef de l\u2019\u00e9tat pour la signature d\u2019un accord-cadre avec le FSA"},"content":{"rendered":"<p>El\u00e9ment essentiel dans le dispositif mis en place par le gouvernement du S\u00e9n\u00e9gal afin de \u00a0faciliter aux petites et moyennes entreprises, l\u2019acc\u00e8s au financement, le Fonds de garantie des investissements prioritaires a sign\u00e9\u00a0 le 14 octobre 2022, avec le Fonds de Solidarit\u00e9 Africain (FSA), un Accord-cadre allant dans le sens de lui faciliter l\u2019atteinte de ses objectifs. Inform\u00e9 de la signature de cet important accord, le chef de l\u2019Etat a f\u00e9licit\u00e9 l\u2019\u00e9quipe du FONGIP, \u00e0 travers une lettre qu\u2019il a adress\u00e9e au ministre de l\u2019\u00e9conomie sous la tutelle duquel se trouve le fonds. Dans cette lettre dat\u00e9e du 24 octobre 2022, \u00a0nous apprend une note que nous avons re\u00e7u de la Cellule communication du FONGIP, \u00a0le Chef de l\u2019Etat se\u00a0 r\u00e9jouit que ce fonds qu\u2019il a cr\u00e9\u00e9 joue pleinement son r\u00f4le dans le d\u00e9veloppement d&rsquo;un tissu de PME \u00e0 m\u00eame d&rsquo;impulser une croissance forte et diversifi\u00e9. Dans la note, il est indiqu\u00e9 \u00e9galement que Macky Sall \u00ab encourage par ailleurs le FONGIP \u00e0 continuer \u00e0 construire des partenariats efficaces en vue de l&rsquo;atteinte de ses objectifs \u00bb.\u00a0La signature de cet accord-cadre ouvre \u00a0selon cette note la voie \u00e0 la mise en place pour le FONGIP d\u2019une ligne de garantie de 15 milliards CFA, en plus d\u2019un accompagnement qui va donner davantage d\u2019efficacit\u00e9 aux m\u00e9canismes, ressources et outils de d\u00e9ploiement du Fonds de Garantie des Investissements Prioritaires.<\/p>\n<p>.<\/p>\n","protected":false},"excerpt":{"rendered":"<p>El\u00e9ment essentiel dans le dispositif mis en place par le gouvernement du S\u00e9n\u00e9gal afin de \u00a0faciliter aux petites et moyennes entreprises, l\u2019acc\u00e8s au financement, le&#8230;<\/p>\n","protected":false},"author":1,"featured_media":4105,"comment_status":"closed","ping_status":"open","sticky":false,"template":"","format":"standard","meta":{"_jetpack_memberships_contains_paid_content":false,"footnotes":""},"categories":[23,10],"tags":[],"class_list":["post-4309","post","type-post","status-publish","format-standard","has-post-thumbnail","hentry","category-a-la-une","category-infos-eco","wpcat-23-id","wpcat-10-id"],"yoast_head":"<!-- This site is optimized with the Yoast SEO plugin v27.1.1 - https:\/\/yoast.com\/product\/yoast-seo-wordpress\/ -->\n<title>Le FONGIP f\u00e9licit\u00e9 par le chef de l\u2019\u00e9tat pour la signature d\u2019un accord-cadre avec le FSA - challenges economiques<\/title>\n<meta name=\"robots\" content=\"index, follow, max-snippet:-1, max-image-preview:large, max-video-preview:-1\" \/>\n<link rel=\"canonical\" href=\"https:\/\/challengeseconomiques.com\/?p=4309\" \/>\n<meta property=\"og:locale\" content=\"fr_FR\" \/>\n<meta property=\"og:type\" content=\"article\" \/>\n<meta property=\"og:title\" content=\"Le FONGIP f\u00e9licit\u00e9 par le chef de l\u2019\u00e9tat pour la signature d\u2019un accord-cadre avec le FSA - challenges economiques\" \/>\n<meta property=\"og:description\" content=\"El\u00e9ment essentiel dans le dispositif mis en place par le gouvernement du S\u00e9n\u00e9gal afin de \u00a0faciliter aux petites et moyennes entreprises, l\u2019acc\u00e8s au financement, le...\" \/>\n<meta property=\"og:url\" content=\"https:\/\/challengeseconomiques.com\/?p=4309\" \/>\n<meta property=\"og:site_name\" content=\"challenges economiques\" \/>\n<meta property=\"article:published_time\" content=\"2022-11-21T10:39:51+00:00\" \/>\n<meta property=\"article:modified_time\" content=\"2022-11-21T10:44:50+00:00\" \/>\n<meta property=\"og:image\" content=\"https:\/\/challengeseconomiques.com\/wp-content\/uploads\/2022\/10\/fongipfsa.jpg\" \/>\n\t<meta property=\"og:image:width\" content=\"1024\" \/>\n\t<meta property=\"og:image:height\" content=\"576\" \/>\n\t<meta property=\"og:image:type\" content=\"image\/jpeg\" \/>\n<meta name=\"author\" content=\"admin\" \/>\n<meta name=\"twitter:card\" content=\"summary_large_image\" \/>\n<meta name=\"twitter:label1\" content=\"\u00c9crit par\" \/>\n\t<meta name=\"twitter:data1\" content=\"admin\" \/>\n\t<meta name=\"twitter:label2\" content=\"Dur\u00e9e de lecture estim\u00e9e\" \/>\n\t<meta name=\"twitter:data2\" content=\"2 minutes\" \/>\n<script type=\"application\/ld+json\" class=\"yoast-schema-graph\">{\"@context\":\"https:\/\/schema.org\",\"@graph\":[{\"@type\":\"Article\",\"@id\":\"https:\/\/challengeseconomiques.com\/?p=4309#article\",\"isPartOf\":{\"@id\":\"https:\/\/challengeseconomiques.com\/?p=4309\"},\"author\":{\"name\":\"admin\",\"@id\":\"https:\/\/challengeseconomiques.com\/#\/schema\/person\/b4568c9afebc5a9238a771873801e349\"},\"headline\":\"Le FONGIP f\u00e9licit\u00e9 par le chef de l\u2019\u00e9tat pour la signature d\u2019un accord-cadre avec le FSA\",\"datePublished\":\"2022-11-21T10:39:51+00:00\",\"dateModified\":\"2022-11-21T10:44:50+00:00\",\"mainEntityOfPage\":{\"@id\":\"https:\/\/challengeseconomiques.com\/?p=4309\"},\"wordCount\":262,\"image\":{\"@id\":\"https:\/\/challengeseconomiques.com\/?p=4309#primaryimage\"},\"thumbnailUrl\":\"https:\/\/challengeseconomiques.com\/wp-content\/uploads\/2022\/10\/fongipfsa.jpg\",\"articleSection\":[\"A la une\",\"Infos \u00e9co\"],\"inLanguage\":\"fr-FR\"},{\"@type\":\"WebPage\",\"@id\":\"https:\/\/challengeseconomiques.com\/?p=4309\",\"url\":\"https:\/\/challengeseconomiques.com\/?p=4309\",\"name\":\"Le FONGIP f\u00e9licit\u00e9 par le chef de l\u2019\u00e9tat pour la signature d\u2019un accord-cadre avec le FSA - challenges economiques\",\"isPartOf\":{\"@id\":\"https:\/\/challengeseconomiques.com\/#website\"},\"primaryImageOfPage\":{\"@id\":\"https:\/\/challengeseconomiques.com\/?p=4309#primaryimage\"},\"image\":{\"@id\":\"https:\/\/challengeseconomiques.com\/?p=4309#primaryimage\"},\"thumbnailUrl\":\"https:\/\/challengeseconomiques.com\/wp-content\/uploads\/2022\/10\/fongipfsa.jpg\",\"datePublished\":\"2022-11-21T10:39:51+00:00\",\"dateModified\":\"2022-11-21T10:44:50+00:00\",\"author\":{\"@id\":\"https:\/\/challengeseconomiques.com\/#\/schema\/person\/b4568c9afebc5a9238a771873801e349\"},\"breadcrumb\":{\"@id\":\"https:\/\/challengeseconomiques.com\/?p=4309#breadcrumb\"},\"inLanguage\":\"fr-FR\",\"potentialAction\":[{\"@type\":\"ReadAction\",\"target\":[\"https:\/\/challengeseconomiques.com\/?p=4309\"]}]},{\"@type\":\"ImageObject\",\"inLanguage\":\"fr-FR\",\"@id\":\"https:\/\/challengeseconomiques.com\/?p=4309#primaryimage\",\"url\":\"https:\/\/challengeseconomiques.com\/wp-content\/uploads\/2022\/10\/fongipfsa.jpg\",\"contentUrl\":\"https:\/\/challengeseconomiques.com\/wp-content\/uploads\/2022\/10\/fongipfsa.jpg\",\"width\":1024,\"height\":576},{\"@type\":\"BreadcrumbList\",\"@id\":\"https:\/\/challengeseconomiques.com\/?p=4309#breadcrumb\",\"itemListElement\":[{\"@type\":\"ListItem\",\"position\":1,\"name\":\"Home\",\"item\":\"https:\/\/challengeseconomiques.com\/\"},{\"@type\":\"ListItem\",\"position\":2,\"name\":\"Le FONGIP f\u00e9licit\u00e9 par le chef de l\u2019\u00e9tat pour la signature d\u2019un accord-cadre avec le FSA\"}]},{\"@type\":\"WebSite\",\"@id\":\"https:\/\/challengeseconomiques.com\/#website\",\"url\":\"https:\/\/challengeseconomiques.com\/\",\"name\":\"challenges economiques\",\"description\":\"\",\"potentialAction\":[{\"@type\":\"SearchAction\",\"target\":{\"@type\":\"EntryPoint\",\"urlTemplate\":\"https:\/\/challengeseconomiques.com\/?s={search_term_string}\"},\"query-input\":{\"@type\":\"PropertyValueSpecification\",\"valueRequired\":true,\"valueName\":\"search_term_string\"}}],\"inLanguage\":\"fr-FR\"},{\"@type\":\"Person\",\"@id\":\"https:\/\/challengeseconomiques.com\/#\/schema\/person\/b4568c9afebc5a9238a771873801e349\",\"name\":\"admin\",\"image\":{\"@type\":\"ImageObject\",\"inLanguage\":\"fr-FR\",\"@id\":\"https:\/\/challengeseconomiques.com\/#\/schema\/person\/image\/\",\"url\":\"https:\/\/secure.gravatar.com\/avatar\/099e42240b5eea11acdb72751fcce0dd918603f0749d24974b7984ea47ed9fd9?s=96&d=mm&r=g\",\"contentUrl\":\"https:\/\/secure.gravatar.com\/avatar\/099e42240b5eea11acdb72751fcce0dd918603f0749d24974b7984ea47ed9fd9?s=96&d=mm&r=g\",\"caption\":\"admin\"},\"sameAs\":[\"https:\/\/challengeseconomiques.com\"],\"url\":\"https:\/\/challengeseconomiques.com\/?author=1\"}]}<\/script>\n<!-- \/ Yoast SEO plugin. -->","yoast_head_json":{"title":"Le FONGIP f\u00e9licit\u00e9 par le chef de l\u2019\u00e9tat pour la signature d\u2019un accord-cadre avec le FSA - challenges economiques","robots":{"index":"index","follow":"follow","max-snippet":"max-snippet:-1","max-image-preview":"max-image-preview:large","max-video-preview":"max-video-preview:-1"},"canonical":"https:\/\/challengeseconomiques.com\/?p=4309","og_locale":"fr_FR","og_type":"article","og_title":"Le FONGIP f\u00e9licit\u00e9 par le chef de l\u2019\u00e9tat pour la signature d\u2019un accord-cadre avec le FSA - challenges economiques","og_description":"El\u00e9ment essentiel dans le dispositif mis en place par le gouvernement du S\u00e9n\u00e9gal afin de \u00a0faciliter aux petites et moyennes entreprises, l\u2019acc\u00e8s au financement, le...","og_url":"https:\/\/challengeseconomiques.com\/?p=4309","og_site_name":"challenges economiques","article_published_time":"2022-11-21T10:39:51+00:00","article_modified_time":"2022-11-21T10:44:50+00:00","og_image":[{"width":1024,"height":576,"url":"https:\/\/challengeseconomiques.com\/wp-content\/uploads\/2022\/10\/fongipfsa.jpg","type":"image\/jpeg"}],"author":"admin","twitter_card":"summary_large_image","twitter_misc":{"\u00c9crit par":"admin","Dur\u00e9e de lecture estim\u00e9e":"2 minutes"},"schema":{"@context":"https:\/\/schema.org","@graph":[{"@type":"Article","@id":"https:\/\/challengeseconomiques.com\/?p=4309#article","isPartOf":{"@id":"https:\/\/challengeseconomiques.com\/?p=4309"},"author":{"name":"admin","@id":"https:\/\/challengeseconomiques.com\/#\/schema\/person\/b4568c9afebc5a9238a771873801e349"},"headline":"Le FONGIP f\u00e9licit\u00e9 par le chef de l\u2019\u00e9tat pour la signature d\u2019un accord-cadre avec le FSA","datePublished":"2022-11-21T10:39:51+00:00","dateModified":"2022-11-21T10:44:50+00:00","mainEntityOfPage":{"@id":"https:\/\/challengeseconomiques.com\/?p=4309"},"wordCount":262,"image":{"@id":"https:\/\/challengeseconomiques.com\/?p=4309#primaryimage"},"thumbnailUrl":"https:\/\/challengeseconomiques.com\/wp-content\/uploads\/2022\/10\/fongipfsa.jpg","articleSection":["A la une","Infos \u00e9co"],"inLanguage":"fr-FR"},{"@type":"WebPage","@id":"https:\/\/challengeseconomiques.com\/?p=4309","url":"https:\/\/challengeseconomiques.com\/?p=4309","name":"Le FONGIP f\u00e9licit\u00e9 par le chef de l\u2019\u00e9tat pour la signature d\u2019un accord-cadre avec le FSA - challenges economiques","isPartOf":{"@id":"https:\/\/challengeseconomiques.com\/#website"},"primaryImageOfPage":{"@id":"https:\/\/challengeseconomiques.com\/?p=4309#primaryimage"},"image":{"@id":"https:\/\/challengeseconomiques.com\/?p=4309#primaryimage"},"thumbnailUrl":"https:\/\/challengeseconomiques.com\/wp-content\/uploads\/2022\/10\/fongipfsa.jpg","datePublished":"2022-11-21T10:39:51+00:00","dateModified":"2022-11-21T10:44:50+00:00","author":{"@id":"https:\/\/challengeseconomiques.com\/#\/schema\/person\/b4568c9afebc5a9238a771873801e349"},"breadcrumb":{"@id":"https:\/\/challengeseconomiques.com\/?p=4309#breadcrumb"},"inLanguage":"fr-FR","potentialAction":[{"@type":"ReadAction","target":["https:\/\/challengeseconomiques.com\/?p=4309"]}]},{"@type":"ImageObject","inLanguage":"fr-FR","@id":"https:\/\/challengeseconomiques.com\/?p=4309#primaryimage","url":"https:\/\/challengeseconomiques.com\/wp-content\/uploads\/2022\/10\/fongipfsa.jpg","contentUrl":"https:\/\/challengeseconomiques.com\/wp-content\/uploads\/2022\/10\/fongipfsa.jpg","width":1024,"height":576},{"@type":"BreadcrumbList","@id":"https:\/\/challengeseconomiques.com\/?p=4309#breadcrumb","itemListElement":[{"@type":"ListItem","position":1,"name":"Home","item":"https:\/\/challengeseconomiques.com\/"},{"@type":"ListItem","position":2,"name":"Le FONGIP f\u00e9licit\u00e9 par le chef de l\u2019\u00e9tat pour la signature d\u2019un accord-cadre avec le FSA"}]},{"@type":"WebSite","@id":"https:\/\/challengeseconomiques.com\/#website","url":"https:\/\/challengeseconomiques.com\/","name":"challenges economiques","description":"","potentialAction":[{"@type":"SearchAction","target":{"@type":"EntryPoint","urlTemplate":"https:\/\/challengeseconomiques.com\/?s={search_term_string}"},"query-input":{"@type":"PropertyValueSpecification","valueRequired":true,"valueName":"search_term_string"}}],"inLanguage":"fr-FR"},{"@type":"Person","@id":"https:\/\/challengeseconomiques.com\/#\/schema\/person\/b4568c9afebc5a9238a771873801e349","name":"admin","image":{"@type":"ImageObject","inLanguage":"fr-FR","@id":"https:\/\/challengeseconomiques.com\/#\/schema\/person\/image\/","url":"https:\/\/secure.gravatar.com\/avatar\/099e42240b5eea11acdb72751fcce0dd918603f0749d24974b7984ea47ed9fd9?s=96&d=mm&r=g","contentUrl":"https:\/\/secure.gravatar.com\/avatar\/099e42240b5eea11acdb72751fcce0dd918603f0749d24974b7984ea47ed9fd9?s=96&d=mm&r=g","caption":"admin"},"sameAs":["https:\/\/challengeseconomiques.com"],"url":"https:\/\/challengeseconomiques.com\/?author=1"}]}},"jetpack_featured_media_url":"https:\/\/challengeseconomiques.com\/wp-content\/uploads\/2022\/10\/fongipfsa.jpg","jetpack_sharing_enabled":true,"_links":{"self":[{"href":"https:\/\/challengeseconomiques.com\/index.php?rest_route=\/wp\/v2\/posts\/4309","targetHints":{"allow":["GET"]}}],"collection":[{"href":"https:\/\/challengeseconomiques.com\/index.php?rest_route=\/wp\/v2\/posts"}],"about":[{"href":"https:\/\/challengeseconomiques.com\/index.php?rest_route=\/wp\/v2\/types\/post"}],"author":[{"embeddable":true,"href":"https:\/\/challengeseconomiques.com\/index.php?rest_route=\/wp\/v2\/users\/1"}],"replies":[{"embeddable":true,"href":"https:\/\/challengeseconomiques.com\/index.php?rest_route=%2Fwp%2Fv2%2Fcomments&post=4309"}],"version-history":[{"count":2,"href":"https:\/\/challengeseconomiques.com\/index.php?rest_route=\/wp\/v2\/posts\/4309\/revisions"}],"predecessor-version":[{"id":4312,"href":"https:\/\/challengeseconomiques.com\/index.php?rest_route=\/wp\/v2\/posts\/4309\/revisions\/4312"}],"wp:featuredmedia":[{"embeddable":true,"href":"https:\/\/challengeseconomiques.com\/index.php?rest_route=\/wp\/v2\/media\/4105"}],"wp:attachment":[{"href":"https:\/\/challengeseconomiques.com\/index.php?rest_route=%2Fwp%2Fv2%2Fmedia&parent=4309"}],"wp:term":[{"taxonomy":"category","embeddable":true,"href":"https:\/\/challengeseconomiques.com\/index.php?rest_route=%2Fwp%2Fv2%2Fcategories&post=4309"},{"taxonomy":"post_tag","embeddable":true,"href":"https:\/\/challengeseconomiques.com\/index.php?rest_route=%2Fwp%2Fv2%2Ftags&post=4309"}],"curies":[{"name":"wp","href":"https:\/\/api.w.org\/{rel}","templated":true}]}}