{"id":4306,"date":"2022-11-21T10:01:03","date_gmt":"2022-11-21T10:01:03","guid":{"rendered":"https:\/\/challengeseconomiques.com\/?p=4306"},"modified":"2022-11-21T10:01:23","modified_gmt":"2022-11-21T10:01:23","slug":"senegal-le-fmi-estime-que-le-rythme-de-la-mise-en-oeuvre-des-reformes-structurelles-est-plus-lent-que-prevu","status":"publish","type":"post","link":"https:\/\/challengeseconomiques.com\/?p=4306","title":{"rendered":"S\u00e9n\u00e9gal : le FMI estime que le rythme de la mise en \u0153uvre des r\u00e9formes structurelles est plus lent que pr\u00e9vu"},"content":{"rendered":"<p class=\"texte textearticle\"><strong>L\u2019institution d\u00e9plore des retards dans l\u2019adoption du cadre op\u00e9rationnel de gestion budg\u00e9taire des recettes issues de l\u2019exploitation des hydrocarbures et du nouveau Code des march\u00e9s publics.<\/strong><\/p>\n<p class=\"texte textearticle\">Le Fonds mon\u00e9taire international (FMI) a estim\u00e9, mercredi 16 novembre, que le rythme de la mise en \u0153uvre des r\u00e9formes structurelles par les autorit\u00e9s s\u00e9n\u00e9galaises est plus lent que pr\u00e9vu, tout en soulignant la n\u00e9cessit\u00e9 de proc\u00e9der \u00e0 un assainissement budg\u00e9taire graduel et d\u2019orienter les subventions \u00e0 l\u2019\u00e9nergie vers les couches sociales les plus vuln\u00e9rables.<\/p>\n<p class=\"texte textearticle\"><em>\u00ab&nbsp;Des progr\u00e8s significatifs ont \u00e9t\u00e9 faits dans la mise en \u0153uvre de l\u2019agenda des r\u00e9formes structurelles, mais le rythme a \u00e9t\u00e9 plus lent que celui pr\u00e9vu par le programme<\/em>&nbsp;\u00bb, a indiqu\u00e9 le Fonds dans un communiqu\u00e9 publi\u00e9 \u00e0 l\u2019issue d\u2019une mission d\u2019experts, qui a s\u00e9journ\u00e9 \u00e0 Dakar du 4 au 15 novembre 2022, afin de proc\u00e9der \u00e0 la sixi\u00e8me et derni\u00e8re revue, dans le cadre de l&rsquo;Instrument de coordination des politiques \u00e9conomiques (ICPE) et \u00e0 la troisi\u00e8me et derni\u00e8re revue, dans le cadre de la Facilit\u00e9 de cr\u00e9dit de confirmation (FCC) et de l&rsquo;Accord de confirmation (AC).<\/p>\n<p class=\"texte textearticle\">M\u00eame s\u2019il affirme que&nbsp;\u00ab&nbsp;<em>la performance au titre du programme a \u00e9t\u00e9 globalement satisfaisante<\/em>&nbsp;\u00bb, le FMI a d\u00e9plor\u00e9 dans ce cadre le retard qu\u2019accuse l\u2019adoption du cadre op\u00e9rationnel de gestion budg\u00e9taire des recettes issues de l\u2019exploitation des hydrocarbures et du nouveau Code des march\u00e9s publics, qui devrait garantir des appels d&rsquo;offres plus ouverts et plus comp\u00e9titifs. Il a \u00e9galement pr\u00e9cis\u00e9 que des retards sont not\u00e9s dans le paiement des transferts mon\u00e9taires pour les m\u00e9nages les plus pauvres et appelle les autorit\u00e9s \u00e0 mettre en \u0153uvre les actions restantes, en mati\u00e8re de lutte contre le blanchiment de capitaux et le financement du terrorisme pour sortir le S\u00e9n\u00e9gal de la surveillance renforc\u00e9e du Groupe d&rsquo;action financi\u00e8re (GAFI).<\/p>\n<p class=\"texte textearticle\">Le FMI a, d\u2019autre part, recommand\u00e9 au gouvernement s\u00e9n\u00e9galais de proc\u00e9der \u00e0 un assainissement budg\u00e9taire graduel \u00e0 moyen terme pour pr\u00e9server la viabilit\u00e9 de la dette et contenir le d\u00e9ficit budg\u00e9taire autour de 5% du PIB.<\/p>\n<p class=\"texte textearticle\">Estimant que les subventions \u00e0 l\u2019\u00e9nergie profitent davantage aux couches les plus ais\u00e9es de la population ou gros consommateurs, l\u2019institution a aussi appel\u00e9 les autorit\u00e9s \u00e0 am\u00e9liorer le ciblage des couches sociales n\u00e9cessiteuses et \u00e0 commencer \u00e0 supprimer progressivement ces subventions, d&rsquo;ici 2025.<\/p>\n<p class=\"texte textearticle\">Le Fonds a par ailleurs not\u00e9 que la croissance de l\u2019\u00e9conomie s\u00e9n\u00e9galaise devrait baisser \u00e0 4,7&nbsp;% en 2022, en raison notamment de la faiblesse de la demande ext\u00e9rieure et la hausse des prix des denr\u00e9es alimentaires et de l&rsquo;\u00e9nergie, avant de rebondir \u00e0 8,3&nbsp;% en 2023 gr\u00e2ce \u00e0 l\u2019entr\u00e9e en production des gisements de p\u00e9trole et de gaz d\u00e9couverts ces derni\u00e8res ann\u00e9es.<\/p>\n<p class=\"texte textearticle\">Le FMI avait approuv\u00e9 en juin 2021 un programme de financement de 650 millions de dollars en faveur du S\u00e9n\u00e9gal au titre de la Facilit\u00e9 de cr\u00e9dit de confirmation et de l&rsquo;Accord de confirmation.<\/p>\n<p><strong>(Agence Ecofin)<\/strong><\/p>\n","protected":false},"excerpt":{"rendered":"<p>L\u2019institution d\u00e9plore des retards dans l\u2019adoption du cadre op\u00e9rationnel de gestion budg\u00e9taire des recettes issues de l\u2019exploitation des hydrocarbures et du nouveau Code des march\u00e9s&#8230;<\/p>\n","protected":false},"author":1,"featured_media":983,"comment_status":"closed","ping_status":"open","sticky":false,"template":"","format":"standard","meta":{"_jetpack_memberships_contains_paid_content":false,"footnotes":""},"categories":[8,10],"tags":[],"class_list":["post-4306","post","type-post","status-publish","format-standard","has-post-thumbnail","hentry","category-actualite-economique","category-infos-eco","wpcat-8-id","wpcat-10-id"],"yoast_head":"<!-- This site is optimized with the Yoast SEO plugin v27.1.1 - https:\/\/yoast.com\/product\/yoast-seo-wordpress\/ -->\n<title>S\u00e9n\u00e9gal : le FMI estime que le rythme de la mise en \u0153uvre des r\u00e9formes structurelles est plus lent que pr\u00e9vu - challenges economiques<\/title>\n<meta name=\"robots\" content=\"index, follow, max-snippet:-1, max-image-preview:large, max-video-preview:-1\" \/>\n<link rel=\"canonical\" href=\"https:\/\/challengeseconomiques.com\/?p=4306\" \/>\n<meta property=\"og:locale\" content=\"fr_FR\" \/>\n<meta property=\"og:type\" content=\"article\" \/>\n<meta property=\"og:title\" content=\"S\u00e9n\u00e9gal : le FMI estime que le rythme de la mise en \u0153uvre des r\u00e9formes structurelles est plus lent que pr\u00e9vu - challenges economiques\" \/>\n<meta property=\"og:description\" content=\"L\u2019institution d\u00e9plore des retards dans l\u2019adoption du cadre op\u00e9rationnel de gestion budg\u00e9taire des recettes issues de l\u2019exploitation des hydrocarbures et du nouveau Code des march\u00e9s...\" \/>\n<meta property=\"og:url\" content=\"https:\/\/challengeseconomiques.com\/?p=4306\" \/>\n<meta property=\"og:site_name\" content=\"challenges economiques\" \/>\n<meta property=\"article:published_time\" content=\"2022-11-21T10:01:03+00:00\" \/>\n<meta property=\"article:modified_time\" content=\"2022-11-21T10:01:23+00:00\" \/>\n<meta property=\"og:image\" content=\"https:\/\/challengeseconomiques.com\/wp-content\/uploads\/2021\/05\/Macky-Sall-FMI-696x391-1.jpg\" \/>\n\t<meta property=\"og:image:width\" content=\"1024\" \/>\n\t<meta property=\"og:image:height\" content=\"643\" \/>\n\t<meta property=\"og:image:type\" content=\"image\/jpeg\" \/>\n<meta name=\"author\" content=\"admin\" \/>\n<meta name=\"twitter:card\" content=\"summary_large_image\" \/>\n<meta name=\"twitter:label1\" content=\"\u00c9crit par\" \/>\n\t<meta name=\"twitter:data1\" content=\"admin\" \/>\n\t<meta name=\"twitter:label2\" content=\"Dur\u00e9e de lecture estim\u00e9e\" \/>\n\t<meta name=\"twitter:data2\" content=\"3 minutes\" \/>\n<script type=\"application\/ld+json\" class=\"yoast-schema-graph\">{\"@context\":\"https:\/\/schema.org\",\"@graph\":[{\"@type\":\"Article\",\"@id\":\"https:\/\/challengeseconomiques.com\/?p=4306#article\",\"isPartOf\":{\"@id\":\"https:\/\/challengeseconomiques.com\/?p=4306\"},\"author\":{\"name\":\"admin\",\"@id\":\"https:\/\/challengeseconomiques.com\/#\/schema\/person\/b4568c9afebc5a9238a771873801e349\"},\"headline\":\"S\u00e9n\u00e9gal : le FMI estime que le rythme de la mise en \u0153uvre des r\u00e9formes structurelles est plus lent que pr\u00e9vu\",\"datePublished\":\"2022-11-21T10:01:03+00:00\",\"dateModified\":\"2022-11-21T10:01:23+00:00\",\"mainEntityOfPage\":{\"@id\":\"https:\/\/challengeseconomiques.com\/?p=4306\"},\"wordCount\":562,\"image\":{\"@id\":\"https:\/\/challengeseconomiques.com\/?p=4306#primaryimage\"},\"thumbnailUrl\":\"https:\/\/challengeseconomiques.com\/wp-content\/uploads\/2021\/05\/Macky-Sall-FMI-696x391-1.jpg\",\"articleSection\":[\"Actualit\u00e9 \u00e9conomique\",\"Infos \u00e9co\"],\"inLanguage\":\"fr-FR\"},{\"@type\":\"WebPage\",\"@id\":\"https:\/\/challengeseconomiques.com\/?p=4306\",\"url\":\"https:\/\/challengeseconomiques.com\/?p=4306\",\"name\":\"S\u00e9n\u00e9gal : le FMI estime que le rythme de la mise en \u0153uvre des r\u00e9formes structurelles est plus lent que pr\u00e9vu - challenges economiques\",\"isPartOf\":{\"@id\":\"https:\/\/challengeseconomiques.com\/#website\"},\"primaryImageOfPage\":{\"@id\":\"https:\/\/challengeseconomiques.com\/?p=4306#primaryimage\"},\"image\":{\"@id\":\"https:\/\/challengeseconomiques.com\/?p=4306#primaryimage\"},\"thumbnailUrl\":\"https:\/\/challengeseconomiques.com\/wp-content\/uploads\/2021\/05\/Macky-Sall-FMI-696x391-1.jpg\",\"datePublished\":\"2022-11-21T10:01:03+00:00\",\"dateModified\":\"2022-11-21T10:01:23+00:00\",\"author\":{\"@id\":\"https:\/\/challengeseconomiques.com\/#\/schema\/person\/b4568c9afebc5a9238a771873801e349\"},\"breadcrumb\":{\"@id\":\"https:\/\/challengeseconomiques.com\/?p=4306#breadcrumb\"},\"inLanguage\":\"fr-FR\",\"potentialAction\":[{\"@type\":\"ReadAction\",\"target\":[\"https:\/\/challengeseconomiques.com\/?p=4306\"]}]},{\"@type\":\"ImageObject\",\"inLanguage\":\"fr-FR\",\"@id\":\"https:\/\/challengeseconomiques.com\/?p=4306#primaryimage\",\"url\":\"https:\/\/challengeseconomiques.com\/wp-content\/uploads\/2021\/05\/Macky-Sall-FMI-696x391-1.jpg\",\"contentUrl\":\"https:\/\/challengeseconomiques.com\/wp-content\/uploads\/2021\/05\/Macky-Sall-FMI-696x391-1.jpg\",\"width\":1024,\"height\":643},{\"@type\":\"BreadcrumbList\",\"@id\":\"https:\/\/challengeseconomiques.com\/?p=4306#breadcrumb\",\"itemListElement\":[{\"@type\":\"ListItem\",\"position\":1,\"name\":\"Home\",\"item\":\"https:\/\/challengeseconomiques.com\/\"},{\"@type\":\"ListItem\",\"position\":2,\"name\":\"S\u00e9n\u00e9gal : le FMI estime que le rythme de la mise en \u0153uvre des r\u00e9formes structurelles est plus lent que pr\u00e9vu\"}]},{\"@type\":\"WebSite\",\"@id\":\"https:\/\/challengeseconomiques.com\/#website\",\"url\":\"https:\/\/challengeseconomiques.com\/\",\"name\":\"challenges economiques\",\"description\":\"\",\"potentialAction\":[{\"@type\":\"SearchAction\",\"target\":{\"@type\":\"EntryPoint\",\"urlTemplate\":\"https:\/\/challengeseconomiques.com\/?s={search_term_string}\"},\"query-input\":{\"@type\":\"PropertyValueSpecification\",\"valueRequired\":true,\"valueName\":\"search_term_string\"}}],\"inLanguage\":\"fr-FR\"},{\"@type\":\"Person\",\"@id\":\"https:\/\/challengeseconomiques.com\/#\/schema\/person\/b4568c9afebc5a9238a771873801e349\",\"name\":\"admin\",\"image\":{\"@type\":\"ImageObject\",\"inLanguage\":\"fr-FR\",\"@id\":\"https:\/\/challengeseconomiques.com\/#\/schema\/person\/image\/\",\"url\":\"https:\/\/secure.gravatar.com\/avatar\/099e42240b5eea11acdb72751fcce0dd918603f0749d24974b7984ea47ed9fd9?s=96&d=mm&r=g\",\"contentUrl\":\"https:\/\/secure.gravatar.com\/avatar\/099e42240b5eea11acdb72751fcce0dd918603f0749d24974b7984ea47ed9fd9?s=96&d=mm&r=g\",\"caption\":\"admin\"},\"sameAs\":[\"https:\/\/challengeseconomiques.com\"],\"url\":\"https:\/\/challengeseconomiques.com\/?author=1\"}]}<\/script>\n<!-- \/ Yoast SEO plugin. -->","yoast_head_json":{"title":"S\u00e9n\u00e9gal : le FMI estime que le rythme de la mise en \u0153uvre des r\u00e9formes structurelles est plus lent que pr\u00e9vu - challenges economiques","robots":{"index":"index","follow":"follow","max-snippet":"max-snippet:-1","max-image-preview":"max-image-preview:large","max-video-preview":"max-video-preview:-1"},"canonical":"https:\/\/challengeseconomiques.com\/?p=4306","og_locale":"fr_FR","og_type":"article","og_title":"S\u00e9n\u00e9gal : le FMI estime que le rythme de la mise en \u0153uvre des r\u00e9formes structurelles est plus lent que pr\u00e9vu - challenges economiques","og_description":"L\u2019institution d\u00e9plore des retards dans l\u2019adoption du cadre op\u00e9rationnel de gestion budg\u00e9taire des recettes issues de l\u2019exploitation des hydrocarbures et du nouveau Code des march\u00e9s...","og_url":"https:\/\/challengeseconomiques.com\/?p=4306","og_site_name":"challenges economiques","article_published_time":"2022-11-21T10:01:03+00:00","article_modified_time":"2022-11-21T10:01:23+00:00","og_image":[{"width":1024,"height":643,"url":"https:\/\/challengeseconomiques.com\/wp-content\/uploads\/2021\/05\/Macky-Sall-FMI-696x391-1.jpg","type":"image\/jpeg"}],"author":"admin","twitter_card":"summary_large_image","twitter_misc":{"\u00c9crit par":"admin","Dur\u00e9e de lecture estim\u00e9e":"3 minutes"},"schema":{"@context":"https:\/\/schema.org","@graph":[{"@type":"Article","@id":"https:\/\/challengeseconomiques.com\/?p=4306#article","isPartOf":{"@id":"https:\/\/challengeseconomiques.com\/?p=4306"},"author":{"name":"admin","@id":"https:\/\/challengeseconomiques.com\/#\/schema\/person\/b4568c9afebc5a9238a771873801e349"},"headline":"S\u00e9n\u00e9gal : le FMI estime que le rythme de la mise en \u0153uvre des r\u00e9formes structurelles est plus lent que pr\u00e9vu","datePublished":"2022-11-21T10:01:03+00:00","dateModified":"2022-11-21T10:01:23+00:00","mainEntityOfPage":{"@id":"https:\/\/challengeseconomiques.com\/?p=4306"},"wordCount":562,"image":{"@id":"https:\/\/challengeseconomiques.com\/?p=4306#primaryimage"},"thumbnailUrl":"https:\/\/challengeseconomiques.com\/wp-content\/uploads\/2021\/05\/Macky-Sall-FMI-696x391-1.jpg","articleSection":["Actualit\u00e9 \u00e9conomique","Infos \u00e9co"],"inLanguage":"fr-FR"},{"@type":"WebPage","@id":"https:\/\/challengeseconomiques.com\/?p=4306","url":"https:\/\/challengeseconomiques.com\/?p=4306","name":"S\u00e9n\u00e9gal : le FMI estime que le rythme de la mise en \u0153uvre des r\u00e9formes structurelles est plus lent que pr\u00e9vu - challenges economiques","isPartOf":{"@id":"https:\/\/challengeseconomiques.com\/#website"},"primaryImageOfPage":{"@id":"https:\/\/challengeseconomiques.com\/?p=4306#primaryimage"},"image":{"@id":"https:\/\/challengeseconomiques.com\/?p=4306#primaryimage"},"thumbnailUrl":"https:\/\/challengeseconomiques.com\/wp-content\/uploads\/2021\/05\/Macky-Sall-FMI-696x391-1.jpg","datePublished":"2022-11-21T10:01:03+00:00","dateModified":"2022-11-21T10:01:23+00:00","author":{"@id":"https:\/\/challengeseconomiques.com\/#\/schema\/person\/b4568c9afebc5a9238a771873801e349"},"breadcrumb":{"@id":"https:\/\/challengeseconomiques.com\/?p=4306#breadcrumb"},"inLanguage":"fr-FR","potentialAction":[{"@type":"ReadAction","target":["https:\/\/challengeseconomiques.com\/?p=4306"]}]},{"@type":"ImageObject","inLanguage":"fr-FR","@id":"https:\/\/challengeseconomiques.com\/?p=4306#primaryimage","url":"https:\/\/challengeseconomiques.com\/wp-content\/uploads\/2021\/05\/Macky-Sall-FMI-696x391-1.jpg","contentUrl":"https:\/\/challengeseconomiques.com\/wp-content\/uploads\/2021\/05\/Macky-Sall-FMI-696x391-1.jpg","width":1024,"height":643},{"@type":"BreadcrumbList","@id":"https:\/\/challengeseconomiques.com\/?p=4306#breadcrumb","itemListElement":[{"@type":"ListItem","position":1,"name":"Home","item":"https:\/\/challengeseconomiques.com\/"},{"@type":"ListItem","position":2,"name":"S\u00e9n\u00e9gal : le FMI estime que le rythme de la mise en \u0153uvre des r\u00e9formes structurelles est plus lent que pr\u00e9vu"}]},{"@type":"WebSite","@id":"https:\/\/challengeseconomiques.com\/#website","url":"https:\/\/challengeseconomiques.com\/","name":"challenges economiques","description":"","potentialAction":[{"@type":"SearchAction","target":{"@type":"EntryPoint","urlTemplate":"https:\/\/challengeseconomiques.com\/?s={search_term_string}"},"query-input":{"@type":"PropertyValueSpecification","valueRequired":true,"valueName":"search_term_string"}}],"inLanguage":"fr-FR"},{"@type":"Person","@id":"https:\/\/challengeseconomiques.com\/#\/schema\/person\/b4568c9afebc5a9238a771873801e349","name":"admin","image":{"@type":"ImageObject","inLanguage":"fr-FR","@id":"https:\/\/challengeseconomiques.com\/#\/schema\/person\/image\/","url":"https:\/\/secure.gravatar.com\/avatar\/099e42240b5eea11acdb72751fcce0dd918603f0749d24974b7984ea47ed9fd9?s=96&d=mm&r=g","contentUrl":"https:\/\/secure.gravatar.com\/avatar\/099e42240b5eea11acdb72751fcce0dd918603f0749d24974b7984ea47ed9fd9?s=96&d=mm&r=g","caption":"admin"},"sameAs":["https:\/\/challengeseconomiques.com"],"url":"https:\/\/challengeseconomiques.com\/?author=1"}]}},"jetpack_featured_media_url":"https:\/\/challengeseconomiques.com\/wp-content\/uploads\/2021\/05\/Macky-Sall-FMI-696x391-1.jpg","jetpack_sharing_enabled":true,"_links":{"self":[{"href":"https:\/\/challengeseconomiques.com\/index.php?rest_route=\/wp\/v2\/posts\/4306","targetHints":{"allow":["GET"]}}],"collection":[{"href":"https:\/\/challengeseconomiques.com\/index.php?rest_route=\/wp\/v2\/posts"}],"about":[{"href":"https:\/\/challengeseconomiques.com\/index.php?rest_route=\/wp\/v2\/types\/post"}],"author":[{"embeddable":true,"href":"https:\/\/challengeseconomiques.com\/index.php?rest_route=\/wp\/v2\/users\/1"}],"replies":[{"embeddable":true,"href":"https:\/\/challengeseconomiques.com\/index.php?rest_route=%2Fwp%2Fv2%2Fcomments&post=4306"}],"version-history":[{"count":2,"href":"https:\/\/challengeseconomiques.com\/index.php?rest_route=\/wp\/v2\/posts\/4306\/revisions"}],"predecessor-version":[{"id":4308,"href":"https:\/\/challengeseconomiques.com\/index.php?rest_route=\/wp\/v2\/posts\/4306\/revisions\/4308"}],"wp:featuredmedia":[{"embeddable":true,"href":"https:\/\/challengeseconomiques.com\/index.php?rest_route=\/wp\/v2\/media\/983"}],"wp:attachment":[{"href":"https:\/\/challengeseconomiques.com\/index.php?rest_route=%2Fwp%2Fv2%2Fmedia&parent=4306"}],"wp:term":[{"taxonomy":"category","embeddable":true,"href":"https:\/\/challengeseconomiques.com\/index.php?rest_route=%2Fwp%2Fv2%2Fcategories&post=4306"},{"taxonomy":"post_tag","embeddable":true,"href":"https:\/\/challengeseconomiques.com\/index.php?rest_route=%2Fwp%2Fv2%2Ftags&post=4306"}],"curies":[{"name":"wp","href":"https:\/\/api.w.org\/{rel}","templated":true}]}}