{"id":4292,"date":"2022-11-17T01:36:47","date_gmt":"2022-11-17T01:36:47","guid":{"rendered":"https:\/\/challengeseconomiques.com\/?p=4292"},"modified":"2022-11-17T12:33:39","modified_gmt":"2022-11-17T12:33:39","slug":"les-ppp-un-moyen-alternatif-pour-faire-face-aux-besoins-des-populations","status":"publish","type":"post","link":"https:\/\/challengeseconomiques.com\/?p=4292","title":{"rendered":"Les PPP, un moyen alternatif pour faire face aux besoins des populations"},"content":{"rendered":"<p><strong>Dans le cadre de la vulgarisation de la nouvelle loi sur les partenariats public priv\u00e9, l\u2019Unit\u00e9 nationale d\u2019appui aux partenariats public-priv\u00e9 a organis\u00e9 le mardi 15 novembre, \u00e0 Ourossogui, au nord du S\u00e9n\u00e9gal, un atelier pour pr\u00e9senter cette loi aux \u00e9lus locaux, de la r\u00e9gion de Matam. <\/strong><\/p>\n<p>\u00ab C\u2019est &nbsp;une loi&nbsp; est venue rationaliser la gouvernance institutionnelle avec des dispositifs facilitant le recours aux partenariats public-priv\u00e9 \u00bb a &nbsp;d\u00e9clar\u00e9 Modou Thiam, l\u2019adjoint du gouverneur de Matam, charg\u00e9 des affaires administratives, dans une &nbsp;d\u00e9claration \u00e0 la presse. Il avait auparavant pass\u00e9 en revue les diff\u00e9rentes \u00e9tapes par lesquelles le S\u00e9n\u00e9gal est pass\u00e9 avant l\u2019adoption de cette loi 2021-23&nbsp; du 02 mars 2021, portant sur les contrats de partenariats public-priv\u00e9. Modou Thiam a en effet rappel\u00e9 que le S\u00e9n\u00e9gal avait tr\u00e8s t\u00f4t consid\u00e9r\u00e9 les PPP comme \u00e9tant un m\u00e9canisme de financement cr\u00e9dible des infrastructures. Le pays s\u2019est ainsi dot\u00e9 selon l\u2019adjoint au gouverneur de Matam d\u2019un cadre juridique et institutionnel appropri\u00e9, adapt\u00e9 \u00e0 l\u2019\u00e9mergence de grands projets.<\/p>\n<p>C\u2019est ainsi avec la loi de 2004 portant loi CET (Construction entretien et transfert), le S\u00e9n\u00e9gal s\u2019est \u00e0 l\u2019en croire immiscer parmi les pays pionniers en mati\u00e8re de partenariats public-priv\u00e9. L\u2019adjoint au gouverneur de Matam de poursuivre en \u00e9voquant l\u2019adoption en 2014 de la loi sur les PPP, une loi qui selon lui prenait en compte essentiellement les paiements publics.<\/p>\n<p>Une sorte d\u2019\u00e9clatement des ordres juridiques a \u00e9t\u00e9 constat\u00e9 a confi\u00e9 &nbsp;Modou Diouf, \u00e0 la suite de ces deux lois. C\u2019est la raison pour laquelle a expliqu\u00e9 M. Diouf, le l\u00e9gislateur est venu \u00e0 travers la loi 2021-23&nbsp; du 02 mars 2021, portant sur les contrats de partenariats public-priv\u00e9 unifier les ordres juridiques.<\/p>\n<p>Cette nouvelle loi est ainsi venue avec beaucoup d\u2019innovations a d\u00e9clar\u00e9 l\u2019adjoint au gouverneur de Matam. En effet, jusque-l\u00e0, a-t-il soutenu, il a \u00e9t\u00e9 constat\u00e9 qu\u2019il y avait une partie des d\u00e9l\u00e9gations de services publics notamment les concessions, les affermages qui \u00e9taient pris en compte par le code des march\u00e9s publics.<\/p>\n<p>Cet atelier est organis\u00e9 pour les \u00e9lus par l\u2019UNAPPP afin de leurs permettre &nbsp;de s\u2019approprier ce nouveau cadre, car a not\u00e9 l\u2019adjoint au gouverneur de Matam, il a \u00e9t\u00e9 constat\u00e9 que les \u00e9lus locaux &nbsp;ont de r\u00e9elles opportunit\u00e9s \u00e0 exploiter \u00e0 travers ces PPP.&nbsp; Il s\u2019est dit convaincu &nbsp;que les PPP peuvent \u00eatre un excellent levier pouvant permettre aux collectivit\u00e9s territoriales de d\u00e9velopper des projets dans des domaines aussi vari\u00e9s que l\u2019acc\u00e8s \u00e0 l\u2019eau potable, les \u00e9nergies, les t\u00e9l\u00e9communications, les transports et m\u00eame l\u2019agriculture.<\/p>\n<p>Pour Lamine Lo, le directeur des financements et des PPP au MEPC, il s\u2019agissait \u00e0 travers cet atelier qui pour rappel est le quatri\u00e8me &nbsp;apr\u00e8s ceux de la zone centre, de la zone ouest et de la zone sud, de vulgariser les PPP au niveau des collectivit\u00e9s territoriales du S\u00e9n\u00e9gal. Appuyant la d\u00e9claration de l\u2019adjoint du gouverneur de Matam, Lamine Lo a expliqu\u00e9 que ce nouveau cadre \u00e9tait une opportunit\u00e9 pour les \u00e9lus d\u2019avoir un moyen alternatif pour faire face aux besoins des populations.<\/p>\n","protected":false},"excerpt":{"rendered":"<p>Dans le cadre de la vulgarisation de la nouvelle loi sur les partenariats public priv\u00e9, l\u2019Unit\u00e9 nationale d\u2019appui aux partenariats public-priv\u00e9 a organis\u00e9 le mardi&#8230;<\/p>\n","protected":false},"author":3,"featured_media":4304,"comment_status":"closed","ping_status":"open","sticky":false,"template":"","format":"standard","meta":{"_jetpack_memberships_contains_paid_content":false,"footnotes":""},"categories":[23,8,10],"tags":[],"class_list":["post-4292","post","type-post","status-publish","format-standard","has-post-thumbnail","hentry","category-a-la-une","category-actualite-economique","category-infos-eco","wpcat-23-id","wpcat-8-id","wpcat-10-id"],"yoast_head":"<!-- This site is optimized with the Yoast SEO plugin v27.1.1 - https:\/\/yoast.com\/product\/yoast-seo-wordpress\/ -->\n<title>Les PPP, un moyen alternatif pour faire face aux besoins des populations - challenges economiques<\/title>\n<meta name=\"robots\" content=\"index, follow, max-snippet:-1, max-image-preview:large, max-video-preview:-1\" \/>\n<link rel=\"canonical\" href=\"https:\/\/challengeseconomiques.com\/?p=4292\" \/>\n<meta property=\"og:locale\" content=\"fr_FR\" \/>\n<meta property=\"og:type\" content=\"article\" \/>\n<meta property=\"og:title\" content=\"Les PPP, un moyen alternatif pour faire face aux besoins des populations - challenges economiques\" \/>\n<meta property=\"og:description\" content=\"Dans le cadre de la vulgarisation de la nouvelle loi sur les partenariats public priv\u00e9, l\u2019Unit\u00e9 nationale d\u2019appui aux partenariats public-priv\u00e9 a organis\u00e9 le mardi...\" \/>\n<meta property=\"og:url\" content=\"https:\/\/challengeseconomiques.com\/?p=4292\" \/>\n<meta property=\"og:site_name\" content=\"challenges economiques\" \/>\n<meta property=\"article:published_time\" content=\"2022-11-17T01:36:47+00:00\" \/>\n<meta property=\"article:modified_time\" content=\"2022-11-17T12:33:39+00:00\" \/>\n<meta property=\"og:image\" content=\"https:\/\/challengeseconomiques.com\/wp-content\/uploads\/2022\/11\/ourossogui-3.jpg\" \/>\n\t<meta property=\"og:image:width\" content=\"1024\" \/>\n\t<meta property=\"og:image:height\" content=\"683\" \/>\n\t<meta property=\"og:image:type\" content=\"image\/jpeg\" \/>\n<meta name=\"author\" content=\"aliou kane ndiaye\" \/>\n<meta name=\"twitter:card\" content=\"summary_large_image\" \/>\n<meta name=\"twitter:label1\" content=\"\u00c9crit par\" \/>\n\t<meta name=\"twitter:data1\" content=\"aliou kane ndiaye\" \/>\n\t<meta name=\"twitter:label2\" content=\"Dur\u00e9e de lecture estim\u00e9e\" \/>\n\t<meta name=\"twitter:data2\" content=\"3 minutes\" \/>\n<script type=\"application\/ld+json\" class=\"yoast-schema-graph\">{\"@context\":\"https:\/\/schema.org\",\"@graph\":[{\"@type\":\"Article\",\"@id\":\"https:\/\/challengeseconomiques.com\/?p=4292#article\",\"isPartOf\":{\"@id\":\"https:\/\/challengeseconomiques.com\/?p=4292\"},\"author\":{\"name\":\"aliou kane ndiaye\",\"@id\":\"https:\/\/challengeseconomiques.com\/#\/schema\/person\/2f70a31e102db1741c1a1c00c2bbd8a6\"},\"headline\":\"Les PPP, un moyen alternatif pour faire face aux besoins des populations\",\"datePublished\":\"2022-11-17T01:36:47+00:00\",\"dateModified\":\"2022-11-17T12:33:39+00:00\",\"mainEntityOfPage\":{\"@id\":\"https:\/\/challengeseconomiques.com\/?p=4292\"},\"wordCount\":570,\"image\":{\"@id\":\"https:\/\/challengeseconomiques.com\/?p=4292#primaryimage\"},\"thumbnailUrl\":\"https:\/\/challengeseconomiques.com\/wp-content\/uploads\/2022\/11\/ourossogui-3.jpg\",\"articleSection\":[\"A la une\",\"Actualit\u00e9 \u00e9conomique\",\"Infos \u00e9co\"],\"inLanguage\":\"fr-FR\"},{\"@type\":\"WebPage\",\"@id\":\"https:\/\/challengeseconomiques.com\/?p=4292\",\"url\":\"https:\/\/challengeseconomiques.com\/?p=4292\",\"name\":\"Les PPP, un moyen alternatif pour faire face aux besoins des populations - challenges economiques\",\"isPartOf\":{\"@id\":\"https:\/\/challengeseconomiques.com\/#website\"},\"primaryImageOfPage\":{\"@id\":\"https:\/\/challengeseconomiques.com\/?p=4292#primaryimage\"},\"image\":{\"@id\":\"https:\/\/challengeseconomiques.com\/?p=4292#primaryimage\"},\"thumbnailUrl\":\"https:\/\/challengeseconomiques.com\/wp-content\/uploads\/2022\/11\/ourossogui-3.jpg\",\"datePublished\":\"2022-11-17T01:36:47+00:00\",\"dateModified\":\"2022-11-17T12:33:39+00:00\",\"author\":{\"@id\":\"https:\/\/challengeseconomiques.com\/#\/schema\/person\/2f70a31e102db1741c1a1c00c2bbd8a6\"},\"breadcrumb\":{\"@id\":\"https:\/\/challengeseconomiques.com\/?p=4292#breadcrumb\"},\"inLanguage\":\"fr-FR\",\"potentialAction\":[{\"@type\":\"ReadAction\",\"target\":[\"https:\/\/challengeseconomiques.com\/?p=4292\"]}]},{\"@type\":\"ImageObject\",\"inLanguage\":\"fr-FR\",\"@id\":\"https:\/\/challengeseconomiques.com\/?p=4292#primaryimage\",\"url\":\"https:\/\/challengeseconomiques.com\/wp-content\/uploads\/2022\/11\/ourossogui-3.jpg\",\"contentUrl\":\"https:\/\/challengeseconomiques.com\/wp-content\/uploads\/2022\/11\/ourossogui-3.jpg\",\"width\":1024,\"height\":683},{\"@type\":\"BreadcrumbList\",\"@id\":\"https:\/\/challengeseconomiques.com\/?p=4292#breadcrumb\",\"itemListElement\":[{\"@type\":\"ListItem\",\"position\":1,\"name\":\"Home\",\"item\":\"https:\/\/challengeseconomiques.com\/\"},{\"@type\":\"ListItem\",\"position\":2,\"name\":\"Les PPP, un moyen alternatif pour faire face aux besoins des populations\"}]},{\"@type\":\"WebSite\",\"@id\":\"https:\/\/challengeseconomiques.com\/#website\",\"url\":\"https:\/\/challengeseconomiques.com\/\",\"name\":\"challenges economiques\",\"description\":\"\",\"potentialAction\":[{\"@type\":\"SearchAction\",\"target\":{\"@type\":\"EntryPoint\",\"urlTemplate\":\"https:\/\/challengeseconomiques.com\/?s={search_term_string}\"},\"query-input\":{\"@type\":\"PropertyValueSpecification\",\"valueRequired\":true,\"valueName\":\"search_term_string\"}}],\"inLanguage\":\"fr-FR\"},{\"@type\":\"Person\",\"@id\":\"https:\/\/challengeseconomiques.com\/#\/schema\/person\/2f70a31e102db1741c1a1c00c2bbd8a6\",\"name\":\"aliou kane ndiaye\",\"image\":{\"@type\":\"ImageObject\",\"inLanguage\":\"fr-FR\",\"@id\":\"https:\/\/challengeseconomiques.com\/#\/schema\/person\/image\/\",\"url\":\"https:\/\/secure.gravatar.com\/avatar\/df942321e58711a9f1fee838e446766660477bacd4b42fa20400d2c7cf4da7ca?s=96&d=mm&r=g\",\"contentUrl\":\"https:\/\/secure.gravatar.com\/avatar\/df942321e58711a9f1fee838e446766660477bacd4b42fa20400d2c7cf4da7ca?s=96&d=mm&r=g\",\"caption\":\"aliou kane ndiaye\"},\"sameAs\":[\"http:\/\/www.challengeseconomiques.com\"],\"url\":\"https:\/\/challengeseconomiques.com\/?author=3\"}]}<\/script>\n<!-- \/ Yoast SEO plugin. -->","yoast_head_json":{"title":"Les PPP, un moyen alternatif pour faire face aux besoins des populations - challenges economiques","robots":{"index":"index","follow":"follow","max-snippet":"max-snippet:-1","max-image-preview":"max-image-preview:large","max-video-preview":"max-video-preview:-1"},"canonical":"https:\/\/challengeseconomiques.com\/?p=4292","og_locale":"fr_FR","og_type":"article","og_title":"Les PPP, un moyen alternatif pour faire face aux besoins des populations - challenges economiques","og_description":"Dans le cadre de la vulgarisation de la nouvelle loi sur les partenariats public priv\u00e9, l\u2019Unit\u00e9 nationale d\u2019appui aux partenariats public-priv\u00e9 a organis\u00e9 le mardi...","og_url":"https:\/\/challengeseconomiques.com\/?p=4292","og_site_name":"challenges economiques","article_published_time":"2022-11-17T01:36:47+00:00","article_modified_time":"2022-11-17T12:33:39+00:00","og_image":[{"width":1024,"height":683,"url":"https:\/\/challengeseconomiques.com\/wp-content\/uploads\/2022\/11\/ourossogui-3.jpg","type":"image\/jpeg"}],"author":"aliou kane ndiaye","twitter_card":"summary_large_image","twitter_misc":{"\u00c9crit par":"aliou kane ndiaye","Dur\u00e9e de lecture estim\u00e9e":"3 minutes"},"schema":{"@context":"https:\/\/schema.org","@graph":[{"@type":"Article","@id":"https:\/\/challengeseconomiques.com\/?p=4292#article","isPartOf":{"@id":"https:\/\/challengeseconomiques.com\/?p=4292"},"author":{"name":"aliou kane ndiaye","@id":"https:\/\/challengeseconomiques.com\/#\/schema\/person\/2f70a31e102db1741c1a1c00c2bbd8a6"},"headline":"Les PPP, un moyen alternatif pour faire face aux besoins des populations","datePublished":"2022-11-17T01:36:47+00:00","dateModified":"2022-11-17T12:33:39+00:00","mainEntityOfPage":{"@id":"https:\/\/challengeseconomiques.com\/?p=4292"},"wordCount":570,"image":{"@id":"https:\/\/challengeseconomiques.com\/?p=4292#primaryimage"},"thumbnailUrl":"https:\/\/challengeseconomiques.com\/wp-content\/uploads\/2022\/11\/ourossogui-3.jpg","articleSection":["A la une","Actualit\u00e9 \u00e9conomique","Infos \u00e9co"],"inLanguage":"fr-FR"},{"@type":"WebPage","@id":"https:\/\/challengeseconomiques.com\/?p=4292","url":"https:\/\/challengeseconomiques.com\/?p=4292","name":"Les PPP, un moyen alternatif pour faire face aux besoins des populations - challenges economiques","isPartOf":{"@id":"https:\/\/challengeseconomiques.com\/#website"},"primaryImageOfPage":{"@id":"https:\/\/challengeseconomiques.com\/?p=4292#primaryimage"},"image":{"@id":"https:\/\/challengeseconomiques.com\/?p=4292#primaryimage"},"thumbnailUrl":"https:\/\/challengeseconomiques.com\/wp-content\/uploads\/2022\/11\/ourossogui-3.jpg","datePublished":"2022-11-17T01:36:47+00:00","dateModified":"2022-11-17T12:33:39+00:00","author":{"@id":"https:\/\/challengeseconomiques.com\/#\/schema\/person\/2f70a31e102db1741c1a1c00c2bbd8a6"},"breadcrumb":{"@id":"https:\/\/challengeseconomiques.com\/?p=4292#breadcrumb"},"inLanguage":"fr-FR","potentialAction":[{"@type":"ReadAction","target":["https:\/\/challengeseconomiques.com\/?p=4292"]}]},{"@type":"ImageObject","inLanguage":"fr-FR","@id":"https:\/\/challengeseconomiques.com\/?p=4292#primaryimage","url":"https:\/\/challengeseconomiques.com\/wp-content\/uploads\/2022\/11\/ourossogui-3.jpg","contentUrl":"https:\/\/challengeseconomiques.com\/wp-content\/uploads\/2022\/11\/ourossogui-3.jpg","width":1024,"height":683},{"@type":"BreadcrumbList","@id":"https:\/\/challengeseconomiques.com\/?p=4292#breadcrumb","itemListElement":[{"@type":"ListItem","position":1,"name":"Home","item":"https:\/\/challengeseconomiques.com\/"},{"@type":"ListItem","position":2,"name":"Les PPP, un moyen alternatif pour faire face aux besoins des populations"}]},{"@type":"WebSite","@id":"https:\/\/challengeseconomiques.com\/#website","url":"https:\/\/challengeseconomiques.com\/","name":"challenges economiques","description":"","potentialAction":[{"@type":"SearchAction","target":{"@type":"EntryPoint","urlTemplate":"https:\/\/challengeseconomiques.com\/?s={search_term_string}"},"query-input":{"@type":"PropertyValueSpecification","valueRequired":true,"valueName":"search_term_string"}}],"inLanguage":"fr-FR"},{"@type":"Person","@id":"https:\/\/challengeseconomiques.com\/#\/schema\/person\/2f70a31e102db1741c1a1c00c2bbd8a6","name":"aliou kane ndiaye","image":{"@type":"ImageObject","inLanguage":"fr-FR","@id":"https:\/\/challengeseconomiques.com\/#\/schema\/person\/image\/","url":"https:\/\/secure.gravatar.com\/avatar\/df942321e58711a9f1fee838e446766660477bacd4b42fa20400d2c7cf4da7ca?s=96&d=mm&r=g","contentUrl":"https:\/\/secure.gravatar.com\/avatar\/df942321e58711a9f1fee838e446766660477bacd4b42fa20400d2c7cf4da7ca?s=96&d=mm&r=g","caption":"aliou kane ndiaye"},"sameAs":["http:\/\/www.challengeseconomiques.com"],"url":"https:\/\/challengeseconomiques.com\/?author=3"}]}},"jetpack_featured_media_url":"https:\/\/challengeseconomiques.com\/wp-content\/uploads\/2022\/11\/ourossogui-3.jpg","jetpack_sharing_enabled":true,"_links":{"self":[{"href":"https:\/\/challengeseconomiques.com\/index.php?rest_route=\/wp\/v2\/posts\/4292","targetHints":{"allow":["GET"]}}],"collection":[{"href":"https:\/\/challengeseconomiques.com\/index.php?rest_route=\/wp\/v2\/posts"}],"about":[{"href":"https:\/\/challengeseconomiques.com\/index.php?rest_route=\/wp\/v2\/types\/post"}],"author":[{"embeddable":true,"href":"https:\/\/challengeseconomiques.com\/index.php?rest_route=\/wp\/v2\/users\/3"}],"replies":[{"embeddable":true,"href":"https:\/\/challengeseconomiques.com\/index.php?rest_route=%2Fwp%2Fv2%2Fcomments&post=4292"}],"version-history":[{"count":4,"href":"https:\/\/challengeseconomiques.com\/index.php?rest_route=\/wp\/v2\/posts\/4292\/revisions"}],"predecessor-version":[{"id":4299,"href":"https:\/\/challengeseconomiques.com\/index.php?rest_route=\/wp\/v2\/posts\/4292\/revisions\/4299"}],"wp:featuredmedia":[{"embeddable":true,"href":"https:\/\/challengeseconomiques.com\/index.php?rest_route=\/wp\/v2\/media\/4304"}],"wp:attachment":[{"href":"https:\/\/challengeseconomiques.com\/index.php?rest_route=%2Fwp%2Fv2%2Fmedia&parent=4292"}],"wp:term":[{"taxonomy":"category","embeddable":true,"href":"https:\/\/challengeseconomiques.com\/index.php?rest_route=%2Fwp%2Fv2%2Fcategories&post=4292"},{"taxonomy":"post_tag","embeddable":true,"href":"https:\/\/challengeseconomiques.com\/index.php?rest_route=%2Fwp%2Fv2%2Ftags&post=4292"}],"curies":[{"name":"wp","href":"https:\/\/api.w.org\/{rel}","templated":true}]}}