{"id":4273,"date":"2022-11-10T11:22:45","date_gmt":"2022-11-10T11:22:45","guid":{"rendered":"https:\/\/challengeseconomiques.com\/?p=4273"},"modified":"2022-11-10T11:37:31","modified_gmt":"2022-11-10T11:37:31","slug":"ifc-nomme-olivier-buyoya-au-poste-de-directeur-regional-pour-lafrique-de-louest-dakar-senegal-4-novembre-2022-ifc-a-nomme-olivier-buyoya-au-poste-de-directeur-regional-pour-lafrique","status":"publish","type":"post","link":"https:\/\/challengeseconomiques.com\/?p=4273","title":{"rendered":"<strong>Olivier Buyoya est le nouveau de directeur r\u00e9gional d\u2019IFC pour l&rsquo;Afrique de l&rsquo;Ouest<\/strong>"},"content":{"rendered":"<p>La soci\u00e9t\u00e9 financi\u00e8re internationale (IFC) &nbsp;annonce la &nbsp;nomination d\u2019Olivier Buyoya au poste de directeur r\u00e9gional pour l&rsquo;Afrique de l&rsquo;Ouest dans un communiqu\u00e9 que nous avons re\u00e7u. Dans ses nouvelles fonctions, M. Buyoya, qui couvrira 13 pays de la r\u00e9gion, dirigera selon le communiqu\u00e9 la strat\u00e9gie et les activit\u00e9s d\u2019IFC visant \u00e0 soutenir le d\u00e9veloppement du secteur priv\u00e9 et la cr\u00e9ation d\u2019opportunit\u00e9s.<\/p>\n<p>D\u2019apr\u00e8s le communiqu\u00e9 M. Buyoya travaillera en \u00e9troite collaboration avec la Banque mondiale, les partenaires au d\u00e9veloppement et les acteurs des secteurs public et priv\u00e9 afin de renforcer les programmes d&rsquo;investissement et de services-conseils d\u2019IFC dans cette r\u00e9gion qui dispose d\u2019un grand potentiel d&rsquo;investissement, de cr\u00e9ation d&#8217;emplois et de croissance, mais qui fait aussi face \u00e0 un certain nombre de d\u00e9fis, y compris l\u2019inflation, l&rsquo;ins\u00e9curit\u00e9 alimentaire et le changement climatique.<\/p>\n<p>Le communiqu\u00e9 indique par ailleurs que M. Buyoya a occup\u00e9 divers postes de direction au cours de ses 15 ans de carri\u00e8re \u00e0 IFC, et mettra \u00e0 profit sa vaste exp\u00e9rience dans le domaine du d\u00e9veloppement international dans son nouveau poste qui sera bas\u00e9 \u00e0 Dakar, au S\u00e9n\u00e9gal.<\/p>\n<p>&nbsp;<\/p>\n","protected":false},"excerpt":{"rendered":"<p>La soci\u00e9t\u00e9 financi\u00e8re internationale (IFC) &nbsp;annonce la &nbsp;nomination d\u2019Olivier Buyoya au poste de directeur r\u00e9gional pour l&rsquo;Afrique de l&rsquo;Ouest dans un communiqu\u00e9 que nous avons&#8230;<\/p>\n","protected":false},"author":1,"featured_media":4282,"comment_status":"closed","ping_status":"open","sticky":false,"template":"","format":"standard","meta":{"_jetpack_memberships_contains_paid_content":false,"footnotes":""},"categories":[8],"tags":[],"class_list":["post-4273","post","type-post","status-publish","format-standard","has-post-thumbnail","hentry","category-actualite-economique","wpcat-8-id"],"yoast_head":"<!-- This site is optimized with the Yoast SEO plugin v27.1.1 - https:\/\/yoast.com\/product\/yoast-seo-wordpress\/ -->\n<title>Olivier Buyoya est le nouveau de directeur r\u00e9gional d\u2019IFC pour l&#039;Afrique de l&#039;Ouest - challenges economiques<\/title>\n<meta name=\"robots\" content=\"index, follow, max-snippet:-1, max-image-preview:large, max-video-preview:-1\" \/>\n<link rel=\"canonical\" href=\"https:\/\/challengeseconomiques.com\/?p=4273\" \/>\n<meta property=\"og:locale\" content=\"fr_FR\" \/>\n<meta property=\"og:type\" content=\"article\" \/>\n<meta property=\"og:title\" content=\"Olivier Buyoya est le nouveau de directeur r\u00e9gional d\u2019IFC pour l&#039;Afrique de l&#039;Ouest - challenges economiques\" \/>\n<meta property=\"og:description\" content=\"La soci\u00e9t\u00e9 financi\u00e8re internationale (IFC) &nbsp;annonce la &nbsp;nomination d\u2019Olivier Buyoya au poste de directeur r\u00e9gional pour l&rsquo;Afrique de l&rsquo;Ouest dans un communiqu\u00e9 que nous avons...\" \/>\n<meta property=\"og:url\" content=\"https:\/\/challengeseconomiques.com\/?p=4273\" \/>\n<meta property=\"og:site_name\" content=\"challenges economiques\" \/>\n<meta property=\"article:published_time\" content=\"2022-11-10T11:22:45+00:00\" \/>\n<meta property=\"article:modified_time\" content=\"2022-11-10T11:37:31+00:00\" \/>\n<meta property=\"og:image\" content=\"https:\/\/challengeseconomiques.com\/wp-content\/uploads\/2022\/11\/Olivier-Buyoya2.webp\" \/>\n\t<meta property=\"og:image:width\" content=\"540\" \/>\n\t<meta property=\"og:image:height\" content=\"372\" \/>\n\t<meta property=\"og:image:type\" content=\"image\/webp\" \/>\n<meta name=\"author\" content=\"admin\" \/>\n<meta name=\"twitter:card\" content=\"summary_large_image\" \/>\n<meta name=\"twitter:label1\" content=\"\u00c9crit par\" \/>\n\t<meta name=\"twitter:data1\" content=\"admin\" \/>\n\t<meta name=\"twitter:label2\" content=\"Dur\u00e9e de lecture estim\u00e9e\" \/>\n\t<meta name=\"twitter:data2\" content=\"1 minute\" \/>\n<script type=\"application\/ld+json\" class=\"yoast-schema-graph\">{\"@context\":\"https:\/\/schema.org\",\"@graph\":[{\"@type\":\"Article\",\"@id\":\"https:\/\/challengeseconomiques.com\/?p=4273#article\",\"isPartOf\":{\"@id\":\"https:\/\/challengeseconomiques.com\/?p=4273\"},\"author\":{\"name\":\"admin\",\"@id\":\"https:\/\/challengeseconomiques.com\/#\/schema\/person\/b4568c9afebc5a9238a771873801e349\"},\"headline\":\"Olivier Buyoya est le nouveau de directeur r\u00e9gional d\u2019IFC pour l&rsquo;Afrique de l&rsquo;Ouest\",\"datePublished\":\"2022-11-10T11:22:45+00:00\",\"dateModified\":\"2022-11-10T11:37:31+00:00\",\"mainEntityOfPage\":{\"@id\":\"https:\/\/challengeseconomiques.com\/?p=4273\"},\"wordCount\":226,\"image\":{\"@id\":\"https:\/\/challengeseconomiques.com\/?p=4273#primaryimage\"},\"thumbnailUrl\":\"https:\/\/challengeseconomiques.com\/wp-content\/uploads\/2022\/11\/Olivier-Buyoya2.webp\",\"articleSection\":[\"Actualit\u00e9 \u00e9conomique\"],\"inLanguage\":\"fr-FR\"},{\"@type\":\"WebPage\",\"@id\":\"https:\/\/challengeseconomiques.com\/?p=4273\",\"url\":\"https:\/\/challengeseconomiques.com\/?p=4273\",\"name\":\"Olivier Buyoya est le nouveau de directeur r\u00e9gional d\u2019IFC pour l'Afrique de l'Ouest - challenges economiques\",\"isPartOf\":{\"@id\":\"https:\/\/challengeseconomiques.com\/#website\"},\"primaryImageOfPage\":{\"@id\":\"https:\/\/challengeseconomiques.com\/?p=4273#primaryimage\"},\"image\":{\"@id\":\"https:\/\/challengeseconomiques.com\/?p=4273#primaryimage\"},\"thumbnailUrl\":\"https:\/\/challengeseconomiques.com\/wp-content\/uploads\/2022\/11\/Olivier-Buyoya2.webp\",\"datePublished\":\"2022-11-10T11:22:45+00:00\",\"dateModified\":\"2022-11-10T11:37:31+00:00\",\"author\":{\"@id\":\"https:\/\/challengeseconomiques.com\/#\/schema\/person\/b4568c9afebc5a9238a771873801e349\"},\"breadcrumb\":{\"@id\":\"https:\/\/challengeseconomiques.com\/?p=4273#breadcrumb\"},\"inLanguage\":\"fr-FR\",\"potentialAction\":[{\"@type\":\"ReadAction\",\"target\":[\"https:\/\/challengeseconomiques.com\/?p=4273\"]}]},{\"@type\":\"ImageObject\",\"inLanguage\":\"fr-FR\",\"@id\":\"https:\/\/challengeseconomiques.com\/?p=4273#primaryimage\",\"url\":\"https:\/\/challengeseconomiques.com\/wp-content\/uploads\/2022\/11\/Olivier-Buyoya2.webp\",\"contentUrl\":\"https:\/\/challengeseconomiques.com\/wp-content\/uploads\/2022\/11\/Olivier-Buyoya2.webp\",\"width\":540,\"height\":372},{\"@type\":\"BreadcrumbList\",\"@id\":\"https:\/\/challengeseconomiques.com\/?p=4273#breadcrumb\",\"itemListElement\":[{\"@type\":\"ListItem\",\"position\":1,\"name\":\"Home\",\"item\":\"https:\/\/challengeseconomiques.com\/\"},{\"@type\":\"ListItem\",\"position\":2,\"name\":\"Olivier Buyoya est le nouveau de directeur r\u00e9gional d\u2019IFC pour l&rsquo;Afrique de l&rsquo;Ouest\"}]},{\"@type\":\"WebSite\",\"@id\":\"https:\/\/challengeseconomiques.com\/#website\",\"url\":\"https:\/\/challengeseconomiques.com\/\",\"name\":\"challenges economiques\",\"description\":\"\",\"potentialAction\":[{\"@type\":\"SearchAction\",\"target\":{\"@type\":\"EntryPoint\",\"urlTemplate\":\"https:\/\/challengeseconomiques.com\/?s={search_term_string}\"},\"query-input\":{\"@type\":\"PropertyValueSpecification\",\"valueRequired\":true,\"valueName\":\"search_term_string\"}}],\"inLanguage\":\"fr-FR\"},{\"@type\":\"Person\",\"@id\":\"https:\/\/challengeseconomiques.com\/#\/schema\/person\/b4568c9afebc5a9238a771873801e349\",\"name\":\"admin\",\"image\":{\"@type\":\"ImageObject\",\"inLanguage\":\"fr-FR\",\"@id\":\"https:\/\/challengeseconomiques.com\/#\/schema\/person\/image\/\",\"url\":\"https:\/\/secure.gravatar.com\/avatar\/099e42240b5eea11acdb72751fcce0dd918603f0749d24974b7984ea47ed9fd9?s=96&d=mm&r=g\",\"contentUrl\":\"https:\/\/secure.gravatar.com\/avatar\/099e42240b5eea11acdb72751fcce0dd918603f0749d24974b7984ea47ed9fd9?s=96&d=mm&r=g\",\"caption\":\"admin\"},\"sameAs\":[\"https:\/\/challengeseconomiques.com\"],\"url\":\"https:\/\/challengeseconomiques.com\/?author=1\"}]}<\/script>\n<!-- \/ Yoast SEO plugin. -->","yoast_head_json":{"title":"Olivier Buyoya est le nouveau de directeur r\u00e9gional d\u2019IFC pour l'Afrique de l'Ouest - challenges economiques","robots":{"index":"index","follow":"follow","max-snippet":"max-snippet:-1","max-image-preview":"max-image-preview:large","max-video-preview":"max-video-preview:-1"},"canonical":"https:\/\/challengeseconomiques.com\/?p=4273","og_locale":"fr_FR","og_type":"article","og_title":"Olivier Buyoya est le nouveau de directeur r\u00e9gional d\u2019IFC pour l'Afrique de l'Ouest - challenges economiques","og_description":"La soci\u00e9t\u00e9 financi\u00e8re internationale (IFC) &nbsp;annonce la &nbsp;nomination d\u2019Olivier Buyoya au poste de directeur r\u00e9gional pour l&rsquo;Afrique de l&rsquo;Ouest dans un communiqu\u00e9 que nous avons...","og_url":"https:\/\/challengeseconomiques.com\/?p=4273","og_site_name":"challenges economiques","article_published_time":"2022-11-10T11:22:45+00:00","article_modified_time":"2022-11-10T11:37:31+00:00","og_image":[{"width":540,"height":372,"url":"https:\/\/challengeseconomiques.com\/wp-content\/uploads\/2022\/11\/Olivier-Buyoya2.webp","type":"image\/webp"}],"author":"admin","twitter_card":"summary_large_image","twitter_misc":{"\u00c9crit par":"admin","Dur\u00e9e de lecture estim\u00e9e":"1 minute"},"schema":{"@context":"https:\/\/schema.org","@graph":[{"@type":"Article","@id":"https:\/\/challengeseconomiques.com\/?p=4273#article","isPartOf":{"@id":"https:\/\/challengeseconomiques.com\/?p=4273"},"author":{"name":"admin","@id":"https:\/\/challengeseconomiques.com\/#\/schema\/person\/b4568c9afebc5a9238a771873801e349"},"headline":"Olivier Buyoya est le nouveau de directeur r\u00e9gional d\u2019IFC pour l&rsquo;Afrique de l&rsquo;Ouest","datePublished":"2022-11-10T11:22:45+00:00","dateModified":"2022-11-10T11:37:31+00:00","mainEntityOfPage":{"@id":"https:\/\/challengeseconomiques.com\/?p=4273"},"wordCount":226,"image":{"@id":"https:\/\/challengeseconomiques.com\/?p=4273#primaryimage"},"thumbnailUrl":"https:\/\/challengeseconomiques.com\/wp-content\/uploads\/2022\/11\/Olivier-Buyoya2.webp","articleSection":["Actualit\u00e9 \u00e9conomique"],"inLanguage":"fr-FR"},{"@type":"WebPage","@id":"https:\/\/challengeseconomiques.com\/?p=4273","url":"https:\/\/challengeseconomiques.com\/?p=4273","name":"Olivier Buyoya est le nouveau de directeur r\u00e9gional d\u2019IFC pour l'Afrique de l'Ouest - challenges economiques","isPartOf":{"@id":"https:\/\/challengeseconomiques.com\/#website"},"primaryImageOfPage":{"@id":"https:\/\/challengeseconomiques.com\/?p=4273#primaryimage"},"image":{"@id":"https:\/\/challengeseconomiques.com\/?p=4273#primaryimage"},"thumbnailUrl":"https:\/\/challengeseconomiques.com\/wp-content\/uploads\/2022\/11\/Olivier-Buyoya2.webp","datePublished":"2022-11-10T11:22:45+00:00","dateModified":"2022-11-10T11:37:31+00:00","author":{"@id":"https:\/\/challengeseconomiques.com\/#\/schema\/person\/b4568c9afebc5a9238a771873801e349"},"breadcrumb":{"@id":"https:\/\/challengeseconomiques.com\/?p=4273#breadcrumb"},"inLanguage":"fr-FR","potentialAction":[{"@type":"ReadAction","target":["https:\/\/challengeseconomiques.com\/?p=4273"]}]},{"@type":"ImageObject","inLanguage":"fr-FR","@id":"https:\/\/challengeseconomiques.com\/?p=4273#primaryimage","url":"https:\/\/challengeseconomiques.com\/wp-content\/uploads\/2022\/11\/Olivier-Buyoya2.webp","contentUrl":"https:\/\/challengeseconomiques.com\/wp-content\/uploads\/2022\/11\/Olivier-Buyoya2.webp","width":540,"height":372},{"@type":"BreadcrumbList","@id":"https:\/\/challengeseconomiques.com\/?p=4273#breadcrumb","itemListElement":[{"@type":"ListItem","position":1,"name":"Home","item":"https:\/\/challengeseconomiques.com\/"},{"@type":"ListItem","position":2,"name":"Olivier Buyoya est le nouveau de directeur r\u00e9gional d\u2019IFC pour l&rsquo;Afrique de l&rsquo;Ouest"}]},{"@type":"WebSite","@id":"https:\/\/challengeseconomiques.com\/#website","url":"https:\/\/challengeseconomiques.com\/","name":"challenges economiques","description":"","potentialAction":[{"@type":"SearchAction","target":{"@type":"EntryPoint","urlTemplate":"https:\/\/challengeseconomiques.com\/?s={search_term_string}"},"query-input":{"@type":"PropertyValueSpecification","valueRequired":true,"valueName":"search_term_string"}}],"inLanguage":"fr-FR"},{"@type":"Person","@id":"https:\/\/challengeseconomiques.com\/#\/schema\/person\/b4568c9afebc5a9238a771873801e349","name":"admin","image":{"@type":"ImageObject","inLanguage":"fr-FR","@id":"https:\/\/challengeseconomiques.com\/#\/schema\/person\/image\/","url":"https:\/\/secure.gravatar.com\/avatar\/099e42240b5eea11acdb72751fcce0dd918603f0749d24974b7984ea47ed9fd9?s=96&d=mm&r=g","contentUrl":"https:\/\/secure.gravatar.com\/avatar\/099e42240b5eea11acdb72751fcce0dd918603f0749d24974b7984ea47ed9fd9?s=96&d=mm&r=g","caption":"admin"},"sameAs":["https:\/\/challengeseconomiques.com"],"url":"https:\/\/challengeseconomiques.com\/?author=1"}]}},"jetpack_featured_media_url":"https:\/\/challengeseconomiques.com\/wp-content\/uploads\/2022\/11\/Olivier-Buyoya2.webp","jetpack_sharing_enabled":true,"_links":{"self":[{"href":"https:\/\/challengeseconomiques.com\/index.php?rest_route=\/wp\/v2\/posts\/4273","targetHints":{"allow":["GET"]}}],"collection":[{"href":"https:\/\/challengeseconomiques.com\/index.php?rest_route=\/wp\/v2\/posts"}],"about":[{"href":"https:\/\/challengeseconomiques.com\/index.php?rest_route=\/wp\/v2\/types\/post"}],"author":[{"embeddable":true,"href":"https:\/\/challengeseconomiques.com\/index.php?rest_route=\/wp\/v2\/users\/1"}],"replies":[{"embeddable":true,"href":"https:\/\/challengeseconomiques.com\/index.php?rest_route=%2Fwp%2Fv2%2Fcomments&post=4273"}],"version-history":[{"count":3,"href":"https:\/\/challengeseconomiques.com\/index.php?rest_route=\/wp\/v2\/posts\/4273\/revisions"}],"predecessor-version":[{"id":4279,"href":"https:\/\/challengeseconomiques.com\/index.php?rest_route=\/wp\/v2\/posts\/4273\/revisions\/4279"}],"wp:featuredmedia":[{"embeddable":true,"href":"https:\/\/challengeseconomiques.com\/index.php?rest_route=\/wp\/v2\/media\/4282"}],"wp:attachment":[{"href":"https:\/\/challengeseconomiques.com\/index.php?rest_route=%2Fwp%2Fv2%2Fmedia&parent=4273"}],"wp:term":[{"taxonomy":"category","embeddable":true,"href":"https:\/\/challengeseconomiques.com\/index.php?rest_route=%2Fwp%2Fv2%2Fcategories&post=4273"},{"taxonomy":"post_tag","embeddable":true,"href":"https:\/\/challengeseconomiques.com\/index.php?rest_route=%2Fwp%2Fv2%2Ftags&post=4273"}],"curies":[{"name":"wp","href":"https:\/\/api.w.org\/{rel}","templated":true}]}}