{"id":4245,"date":"2022-11-07T15:54:55","date_gmt":"2022-11-07T15:54:55","guid":{"rendered":"https:\/\/challengeseconomiques.com\/?p=4245"},"modified":"2022-11-09T11:44:14","modified_gmt":"2022-11-09T11:44:14","slug":"le-gouvernement-engage-a-accelerer-la-mise-en-oeuvre-des-reformes-et-projets-de-iuemoa-directeur","status":"publish","type":"post","link":"https:\/\/challengeseconomiques.com\/?p=4245","title":{"rendered":"Le gouvernement engag\u00e9 \u00e0 acc\u00e9l\u00e9rer la mise en \u0153uvre des r\u00e9formes et projets de I\u2019UEMOA (Directeur)"},"content":{"rendered":"<p><strong>Le Directeur g\u00e9n\u00e9ral du secteur financier et de la comp\u00e9titivit\u00e9, Bamba Ka, a r\u00e9it\u00e9r\u00e9, lundi, l\u2019engagement du gouvernement \u00e0 acc\u00e9l\u00e9rer la transposition et la mise en \u0153uvre des r\u00e9formes et projets de I\u2019UEMOA.<\/strong><br \/>\n\u2019\u2019Je voudrais, au nom du ministre des Finances et du Budget, r\u00e9it\u00e9rer l\u2019engagement du S\u00e9n\u00e9gal \u00e0 \u0153uvrer pour acc\u00e9l\u00e9rer la transposition et la mise en \u0153uvre des r\u00e9formes et projets de I\u2019UEMOA\u2019\u2019, a-t-il d\u00e9clar\u00e9 \u00e0 l\u2019occasion de la c\u00e9r\u00e9monie d\u2019ouverture de la 8e revue annuelle des r\u00e9formes, politiques, programmes et projets communautaires, organis\u00e9e par la commission de l\u2019UEMOA.<\/p>\n<p>Selon M.&nbsp;Ka, \u2019\u2019le S\u00e9n\u00e9gal a en effet, adopt\u00e9 en 2022 plusieurs textes juridiques dans le cadre de la transposition de directives communautaires\u2019\u2019.<\/p>\n<p>Ces efforts, a-t-il dit, \u2019\u2019traduisent tout l\u2019int\u00e9r\u00eat que les autorit\u00e9s s\u00e9n\u00e9galaises accordent \u00e0 l\u2019objectif de transposition int\u00e9grale des textes de l\u2019UEMOA\u2019\u2019.<\/p>\n<p>Revenant sur la revue annuelle, il a rappel\u00e9 que celle-ci a \u00e9t\u00e9 institu\u00e9e en 2013 par la Conf\u00e9rence des chefs d\u2019Etat et de Gouvernement de l\u2019UEMOA \u2019\u2019avec comme objectif principal de favoriser l\u2019acc\u00e9l\u00e9ration de l\u2019application des r\u00e9formes, politiques, programmes et projets communautaires au sein de l\u2019Union\u2019\u2019.<\/p>\n<p>Depuis lors, ajoute-t-il, elle a donn\u00e9 \u2019\u2019l\u2019occasion d\u2019examiner 116 r\u00e9formes et 09 programmes et projets au S\u00e9n\u00e9gal (\u2026)\u2019\u2019.<\/p>\n<p>A ce propos, il a indiqu\u00e9 qu\u2019au terme de l\u2019\u00e9valuation, \u2019\u2019le taux moyen de mise en \u0153uvre des r\u00e9formes communautaires \u00e9tait ressorti \u00e0 76,1&nbsp;% contre 73,9&nbsp;% en 2020, soit une augmentation de 2,2 points de pourcentage\u2019\u2019, insufflant ainsi \u2019\u2019une tendance positive dans le rythme de mise en \u0153uvre des r\u00e9formes\u2019\u2019.<\/p>\n<p>Le Directeur g\u00e9n\u00e9ral du secteur financier et de la comp\u00e9titivit\u00e9 a par ailleurs fait savoir que dans le cadre du volet technique de l\u2019\u00e9dition 2022 que 127 textes communautaires et 11 projets relatifs notamment au Pr\u00e9l\u00e8vement Communautaire de Solidarit\u00e9, la culture, le tourisme, l\u2019\u00e9nergie et le d\u00e9veloppement humain et social, seront \u00e9valu\u00e9s.<\/p>\n<p>Bamba Ka a par ailleurs soutenu que \u2019\u2019cette phase technique sera suivie de l\u2019\u00e9laboration d\u2019un M\u00e9morandum \u00e0 pr\u00e9senter lors du volet politique qui r\u00e9unira le pr\u00e9sident de la Commission de l\u2019UEMOA et l\u2019ensemble des ministres concern\u00e9s par les r\u00e9formes et les projets de l\u2019UEMOA\u2019\u2019.<\/p>\n<p>Pour sa part, la Repr\u00e9sentante-r\u00e9sidente de la commission de l\u2019Uemoa au S\u00e9n\u00e9gal, Aissa Kabo a salu\u00e9 la \u2019\u2019pleine et enti\u00e8re adh\u00e9sion\u2019\u2019 du S\u00e9n\u00e9gal \u2019\u2019au processus d\u2019int\u00e9gration\u2019\u2019.<\/p>\n<p>Cet engagement t\u00e9moigne, selon elle, de la volont\u00e9 du S\u00e9n\u00e9gal \u00e0 \u2019\u2019faire de cette int\u00e9gration r\u00e9gionale un moteur de croissance \u00e9conomique et durable pour l\u2019am\u00e9lioration des conditions de vie des populations de l\u2019Union\u2019\u2019.<\/p>\n<p>Sur ce point, la Repr\u00e9sente-r\u00e9sidente a expliqu\u00e9 que la revue est \u2019\u2019un dispositif institutionnel d\u2019acc\u00e9l\u00e9ration de l\u2019harmonisation des l\u00e9gislations nationales, de la r\u00e9alisation des projets communautaires de d\u00e9veloppement\u2019\u2019.<\/p>\n<p>\u2019\u2019Elle exprime \u00e9galement la volont\u00e9 manifeste des plus Hautes Autorit\u00e9s de notre Communaut\u00e9 de faire de l\u2019int\u00e9gration r\u00e9gionale une r\u00e9alit\u00e9 tangible, v\u00e9cue par tous comme un soutien \u00e0 la politique mon\u00e9taire que nos Etats ont engag\u00e9 depuis plus de 60 ans mais aussi comme un vecteur de croissance\u2019\u2019, selon Aissa Kabo.<\/p>\n<p><strong>(APS)<\/strong><\/p>\n","protected":false},"excerpt":{"rendered":"<p>Le Directeur g\u00e9n\u00e9ral du secteur financier et de la comp\u00e9titivit\u00e9, Bamba Ka, a r\u00e9it\u00e9r\u00e9, lundi, l\u2019engagement du gouvernement \u00e0 acc\u00e9l\u00e9rer la transposition et la mise&#8230;<\/p>\n","protected":false},"author":1,"featured_media":4248,"comment_status":"closed","ping_status":"open","sticky":false,"template":"","format":"standard","meta":{"_jetpack_memberships_contains_paid_content":false,"footnotes":""},"categories":[8],"tags":[],"class_list":["post-4245","post","type-post","status-publish","format-standard","has-post-thumbnail","hentry","category-actualite-economique","wpcat-8-id"],"yoast_head":"<!-- This site is optimized with the Yoast SEO plugin v27.1.1 - https:\/\/yoast.com\/product\/yoast-seo-wordpress\/ -->\n<title>Le gouvernement engag\u00e9 \u00e0 acc\u00e9l\u00e9rer la mise en \u0153uvre des r\u00e9formes et projets de I\u2019UEMOA (Directeur) - challenges economiques<\/title>\n<meta name=\"robots\" content=\"index, follow, max-snippet:-1, max-image-preview:large, max-video-preview:-1\" \/>\n<link rel=\"canonical\" href=\"https:\/\/challengeseconomiques.com\/?p=4245\" \/>\n<meta property=\"og:locale\" content=\"fr_FR\" \/>\n<meta property=\"og:type\" content=\"article\" \/>\n<meta property=\"og:title\" content=\"Le gouvernement engag\u00e9 \u00e0 acc\u00e9l\u00e9rer la mise en \u0153uvre des r\u00e9formes et projets de I\u2019UEMOA (Directeur) - challenges economiques\" \/>\n<meta property=\"og:description\" content=\"Le Directeur g\u00e9n\u00e9ral du secteur financier et de la comp\u00e9titivit\u00e9, Bamba Ka, a r\u00e9it\u00e9r\u00e9, lundi, l\u2019engagement du gouvernement \u00e0 acc\u00e9l\u00e9rer la transposition et la mise...\" \/>\n<meta property=\"og:url\" content=\"https:\/\/challengeseconomiques.com\/?p=4245\" \/>\n<meta property=\"og:site_name\" content=\"challenges economiques\" \/>\n<meta property=\"article:published_time\" content=\"2022-11-07T15:54:55+00:00\" \/>\n<meta property=\"article:modified_time\" content=\"2022-11-09T11:44:14+00:00\" \/>\n<meta property=\"og:image\" content=\"https:\/\/challengeseconomiques.com\/wp-content\/uploads\/2022\/11\/bambaka2.jpg\" \/>\n\t<meta property=\"og:image:width\" content=\"800\" \/>\n\t<meta property=\"og:image:height\" content=\"800\" \/>\n\t<meta property=\"og:image:type\" content=\"image\/jpeg\" \/>\n<meta name=\"author\" content=\"admin\" \/>\n<meta name=\"twitter:card\" content=\"summary_large_image\" \/>\n<meta name=\"twitter:label1\" content=\"\u00c9crit par\" \/>\n\t<meta name=\"twitter:data1\" content=\"admin\" \/>\n\t<meta name=\"twitter:label2\" content=\"Dur\u00e9e de lecture estim\u00e9e\" \/>\n\t<meta name=\"twitter:data2\" content=\"3 minutes\" \/>\n<script type=\"application\/ld+json\" class=\"yoast-schema-graph\">{\"@context\":\"https:\/\/schema.org\",\"@graph\":[{\"@type\":\"Article\",\"@id\":\"https:\/\/challengeseconomiques.com\/?p=4245#article\",\"isPartOf\":{\"@id\":\"https:\/\/challengeseconomiques.com\/?p=4245\"},\"author\":{\"name\":\"admin\",\"@id\":\"https:\/\/challengeseconomiques.com\/#\/schema\/person\/b4568c9afebc5a9238a771873801e349\"},\"headline\":\"Le gouvernement engag\u00e9 \u00e0 acc\u00e9l\u00e9rer la mise en \u0153uvre des r\u00e9formes et projets de I\u2019UEMOA (Directeur)\",\"datePublished\":\"2022-11-07T15:54:55+00:00\",\"dateModified\":\"2022-11-09T11:44:14+00:00\",\"mainEntityOfPage\":{\"@id\":\"https:\/\/challengeseconomiques.com\/?p=4245\"},\"wordCount\":597,\"image\":{\"@id\":\"https:\/\/challengeseconomiques.com\/?p=4245#primaryimage\"},\"thumbnailUrl\":\"https:\/\/challengeseconomiques.com\/wp-content\/uploads\/2022\/11\/bambaka2.jpg\",\"articleSection\":[\"Actualit\u00e9 \u00e9conomique\"],\"inLanguage\":\"fr-FR\"},{\"@type\":\"WebPage\",\"@id\":\"https:\/\/challengeseconomiques.com\/?p=4245\",\"url\":\"https:\/\/challengeseconomiques.com\/?p=4245\",\"name\":\"Le gouvernement engag\u00e9 \u00e0 acc\u00e9l\u00e9rer la mise en \u0153uvre des r\u00e9formes et projets de I\u2019UEMOA (Directeur) - challenges economiques\",\"isPartOf\":{\"@id\":\"https:\/\/challengeseconomiques.com\/#website\"},\"primaryImageOfPage\":{\"@id\":\"https:\/\/challengeseconomiques.com\/?p=4245#primaryimage\"},\"image\":{\"@id\":\"https:\/\/challengeseconomiques.com\/?p=4245#primaryimage\"},\"thumbnailUrl\":\"https:\/\/challengeseconomiques.com\/wp-content\/uploads\/2022\/11\/bambaka2.jpg\",\"datePublished\":\"2022-11-07T15:54:55+00:00\",\"dateModified\":\"2022-11-09T11:44:14+00:00\",\"author\":{\"@id\":\"https:\/\/challengeseconomiques.com\/#\/schema\/person\/b4568c9afebc5a9238a771873801e349\"},\"breadcrumb\":{\"@id\":\"https:\/\/challengeseconomiques.com\/?p=4245#breadcrumb\"},\"inLanguage\":\"fr-FR\",\"potentialAction\":[{\"@type\":\"ReadAction\",\"target\":[\"https:\/\/challengeseconomiques.com\/?p=4245\"]}]},{\"@type\":\"ImageObject\",\"inLanguage\":\"fr-FR\",\"@id\":\"https:\/\/challengeseconomiques.com\/?p=4245#primaryimage\",\"url\":\"https:\/\/challengeseconomiques.com\/wp-content\/uploads\/2022\/11\/bambaka2.jpg\",\"contentUrl\":\"https:\/\/challengeseconomiques.com\/wp-content\/uploads\/2022\/11\/bambaka2.jpg\",\"width\":800,\"height\":800},{\"@type\":\"BreadcrumbList\",\"@id\":\"https:\/\/challengeseconomiques.com\/?p=4245#breadcrumb\",\"itemListElement\":[{\"@type\":\"ListItem\",\"position\":1,\"name\":\"Home\",\"item\":\"https:\/\/challengeseconomiques.com\/\"},{\"@type\":\"ListItem\",\"position\":2,\"name\":\"Le gouvernement engag\u00e9 \u00e0 acc\u00e9l\u00e9rer la mise en \u0153uvre des r\u00e9formes et projets de I\u2019UEMOA (Directeur)\"}]},{\"@type\":\"WebSite\",\"@id\":\"https:\/\/challengeseconomiques.com\/#website\",\"url\":\"https:\/\/challengeseconomiques.com\/\",\"name\":\"challenges economiques\",\"description\":\"\",\"potentialAction\":[{\"@type\":\"SearchAction\",\"target\":{\"@type\":\"EntryPoint\",\"urlTemplate\":\"https:\/\/challengeseconomiques.com\/?s={search_term_string}\"},\"query-input\":{\"@type\":\"PropertyValueSpecification\",\"valueRequired\":true,\"valueName\":\"search_term_string\"}}],\"inLanguage\":\"fr-FR\"},{\"@type\":\"Person\",\"@id\":\"https:\/\/challengeseconomiques.com\/#\/schema\/person\/b4568c9afebc5a9238a771873801e349\",\"name\":\"admin\",\"image\":{\"@type\":\"ImageObject\",\"inLanguage\":\"fr-FR\",\"@id\":\"https:\/\/challengeseconomiques.com\/#\/schema\/person\/image\/\",\"url\":\"https:\/\/secure.gravatar.com\/avatar\/099e42240b5eea11acdb72751fcce0dd918603f0749d24974b7984ea47ed9fd9?s=96&d=mm&r=g\",\"contentUrl\":\"https:\/\/secure.gravatar.com\/avatar\/099e42240b5eea11acdb72751fcce0dd918603f0749d24974b7984ea47ed9fd9?s=96&d=mm&r=g\",\"caption\":\"admin\"},\"sameAs\":[\"https:\/\/challengeseconomiques.com\"],\"url\":\"https:\/\/challengeseconomiques.com\/?author=1\"}]}<\/script>\n<!-- \/ Yoast SEO plugin. -->","yoast_head_json":{"title":"Le gouvernement engag\u00e9 \u00e0 acc\u00e9l\u00e9rer la mise en \u0153uvre des r\u00e9formes et projets de I\u2019UEMOA (Directeur) - challenges economiques","robots":{"index":"index","follow":"follow","max-snippet":"max-snippet:-1","max-image-preview":"max-image-preview:large","max-video-preview":"max-video-preview:-1"},"canonical":"https:\/\/challengeseconomiques.com\/?p=4245","og_locale":"fr_FR","og_type":"article","og_title":"Le gouvernement engag\u00e9 \u00e0 acc\u00e9l\u00e9rer la mise en \u0153uvre des r\u00e9formes et projets de I\u2019UEMOA (Directeur) - challenges economiques","og_description":"Le Directeur g\u00e9n\u00e9ral du secteur financier et de la comp\u00e9titivit\u00e9, Bamba Ka, a r\u00e9it\u00e9r\u00e9, lundi, l\u2019engagement du gouvernement \u00e0 acc\u00e9l\u00e9rer la transposition et la mise...","og_url":"https:\/\/challengeseconomiques.com\/?p=4245","og_site_name":"challenges economiques","article_published_time":"2022-11-07T15:54:55+00:00","article_modified_time":"2022-11-09T11:44:14+00:00","og_image":[{"width":800,"height":800,"url":"https:\/\/challengeseconomiques.com\/wp-content\/uploads\/2022\/11\/bambaka2.jpg","type":"image\/jpeg"}],"author":"admin","twitter_card":"summary_large_image","twitter_misc":{"\u00c9crit par":"admin","Dur\u00e9e de lecture estim\u00e9e":"3 minutes"},"schema":{"@context":"https:\/\/schema.org","@graph":[{"@type":"Article","@id":"https:\/\/challengeseconomiques.com\/?p=4245#article","isPartOf":{"@id":"https:\/\/challengeseconomiques.com\/?p=4245"},"author":{"name":"admin","@id":"https:\/\/challengeseconomiques.com\/#\/schema\/person\/b4568c9afebc5a9238a771873801e349"},"headline":"Le gouvernement engag\u00e9 \u00e0 acc\u00e9l\u00e9rer la mise en \u0153uvre des r\u00e9formes et projets de I\u2019UEMOA (Directeur)","datePublished":"2022-11-07T15:54:55+00:00","dateModified":"2022-11-09T11:44:14+00:00","mainEntityOfPage":{"@id":"https:\/\/challengeseconomiques.com\/?p=4245"},"wordCount":597,"image":{"@id":"https:\/\/challengeseconomiques.com\/?p=4245#primaryimage"},"thumbnailUrl":"https:\/\/challengeseconomiques.com\/wp-content\/uploads\/2022\/11\/bambaka2.jpg","articleSection":["Actualit\u00e9 \u00e9conomique"],"inLanguage":"fr-FR"},{"@type":"WebPage","@id":"https:\/\/challengeseconomiques.com\/?p=4245","url":"https:\/\/challengeseconomiques.com\/?p=4245","name":"Le gouvernement engag\u00e9 \u00e0 acc\u00e9l\u00e9rer la mise en \u0153uvre des r\u00e9formes et projets de I\u2019UEMOA (Directeur) - challenges economiques","isPartOf":{"@id":"https:\/\/challengeseconomiques.com\/#website"},"primaryImageOfPage":{"@id":"https:\/\/challengeseconomiques.com\/?p=4245#primaryimage"},"image":{"@id":"https:\/\/challengeseconomiques.com\/?p=4245#primaryimage"},"thumbnailUrl":"https:\/\/challengeseconomiques.com\/wp-content\/uploads\/2022\/11\/bambaka2.jpg","datePublished":"2022-11-07T15:54:55+00:00","dateModified":"2022-11-09T11:44:14+00:00","author":{"@id":"https:\/\/challengeseconomiques.com\/#\/schema\/person\/b4568c9afebc5a9238a771873801e349"},"breadcrumb":{"@id":"https:\/\/challengeseconomiques.com\/?p=4245#breadcrumb"},"inLanguage":"fr-FR","potentialAction":[{"@type":"ReadAction","target":["https:\/\/challengeseconomiques.com\/?p=4245"]}]},{"@type":"ImageObject","inLanguage":"fr-FR","@id":"https:\/\/challengeseconomiques.com\/?p=4245#primaryimage","url":"https:\/\/challengeseconomiques.com\/wp-content\/uploads\/2022\/11\/bambaka2.jpg","contentUrl":"https:\/\/challengeseconomiques.com\/wp-content\/uploads\/2022\/11\/bambaka2.jpg","width":800,"height":800},{"@type":"BreadcrumbList","@id":"https:\/\/challengeseconomiques.com\/?p=4245#breadcrumb","itemListElement":[{"@type":"ListItem","position":1,"name":"Home","item":"https:\/\/challengeseconomiques.com\/"},{"@type":"ListItem","position":2,"name":"Le gouvernement engag\u00e9 \u00e0 acc\u00e9l\u00e9rer la mise en \u0153uvre des r\u00e9formes et projets de I\u2019UEMOA (Directeur)"}]},{"@type":"WebSite","@id":"https:\/\/challengeseconomiques.com\/#website","url":"https:\/\/challengeseconomiques.com\/","name":"challenges economiques","description":"","potentialAction":[{"@type":"SearchAction","target":{"@type":"EntryPoint","urlTemplate":"https:\/\/challengeseconomiques.com\/?s={search_term_string}"},"query-input":{"@type":"PropertyValueSpecification","valueRequired":true,"valueName":"search_term_string"}}],"inLanguage":"fr-FR"},{"@type":"Person","@id":"https:\/\/challengeseconomiques.com\/#\/schema\/person\/b4568c9afebc5a9238a771873801e349","name":"admin","image":{"@type":"ImageObject","inLanguage":"fr-FR","@id":"https:\/\/challengeseconomiques.com\/#\/schema\/person\/image\/","url":"https:\/\/secure.gravatar.com\/avatar\/099e42240b5eea11acdb72751fcce0dd918603f0749d24974b7984ea47ed9fd9?s=96&d=mm&r=g","contentUrl":"https:\/\/secure.gravatar.com\/avatar\/099e42240b5eea11acdb72751fcce0dd918603f0749d24974b7984ea47ed9fd9?s=96&d=mm&r=g","caption":"admin"},"sameAs":["https:\/\/challengeseconomiques.com"],"url":"https:\/\/challengeseconomiques.com\/?author=1"}]}},"jetpack_featured_media_url":"https:\/\/challengeseconomiques.com\/wp-content\/uploads\/2022\/11\/bambaka2.jpg","jetpack_sharing_enabled":true,"_links":{"self":[{"href":"https:\/\/challengeseconomiques.com\/index.php?rest_route=\/wp\/v2\/posts\/4245","targetHints":{"allow":["GET"]}}],"collection":[{"href":"https:\/\/challengeseconomiques.com\/index.php?rest_route=\/wp\/v2\/posts"}],"about":[{"href":"https:\/\/challengeseconomiques.com\/index.php?rest_route=\/wp\/v2\/types\/post"}],"author":[{"embeddable":true,"href":"https:\/\/challengeseconomiques.com\/index.php?rest_route=\/wp\/v2\/users\/1"}],"replies":[{"embeddable":true,"href":"https:\/\/challengeseconomiques.com\/index.php?rest_route=%2Fwp%2Fv2%2Fcomments&post=4245"}],"version-history":[{"count":2,"href":"https:\/\/challengeseconomiques.com\/index.php?rest_route=\/wp\/v2\/posts\/4245\/revisions"}],"predecessor-version":[{"id":4249,"href":"https:\/\/challengeseconomiques.com\/index.php?rest_route=\/wp\/v2\/posts\/4245\/revisions\/4249"}],"wp:featuredmedia":[{"embeddable":true,"href":"https:\/\/challengeseconomiques.com\/index.php?rest_route=\/wp\/v2\/media\/4248"}],"wp:attachment":[{"href":"https:\/\/challengeseconomiques.com\/index.php?rest_route=%2Fwp%2Fv2%2Fmedia&parent=4245"}],"wp:term":[{"taxonomy":"category","embeddable":true,"href":"https:\/\/challengeseconomiques.com\/index.php?rest_route=%2Fwp%2Fv2%2Fcategories&post=4245"},{"taxonomy":"post_tag","embeddable":true,"href":"https:\/\/challengeseconomiques.com\/index.php?rest_route=%2Fwp%2Fv2%2Ftags&post=4245"}],"curies":[{"name":"wp","href":"https:\/\/api.w.org\/{rel}","templated":true}]}}