{"id":4231,"date":"2022-11-05T15:55:06","date_gmt":"2022-11-05T15:55:06","guid":{"rendered":"https:\/\/challengeseconomiques.com\/?p=4231"},"modified":"2022-11-05T15:55:29","modified_gmt":"2022-11-05T15:55:29","slug":"lafrique-arrive-a-la-cop27-avec-des-solutions","status":"publish","type":"post","link":"https:\/\/challengeseconomiques.com\/?p=4231","title":{"rendered":"L\u2019Afrique arrive \u00e0 la COP27 avec des solutions"},"content":{"rendered":"<p><strong>Par Josefa Leonel Sacko, Kevin Kariuki et Ibrahima Cheikh Diong<\/strong><\/p>\n<p><strong>\u00c0 l\u2019approche de la prochaine conf\u00e9rence des Nations unies sur le climat, les pays africains jouent leur r\u00f4le dans la lutte contre le changement climatique, mais les pays industrialis\u00e9s doivent tenir leurs promesses de financement.<\/strong><\/p>\n<p>La Conf\u00e9rence des Nations unies sur le changement climatique (COP27), qui d\u00e9bute ce 6 novembre 2022, se d\u00e9roulera dans un contexte de bouleversements \u00e9conomiques et g\u00e9opolitiques qui affecteront notamment la s\u00e9curit\u00e9 alimentaire et la sant\u00e9 publique. Pour autant, les d\u00e9fis imm\u00e9diats auxquels nous sommes confront\u00e9s ne doivent pas nous d\u00e9tourner d\u2019une v\u00e9rit\u00e9 inattaquable : le combat le plus important auquel notre g\u00e9n\u00e9ration sera confront\u00e9e est la lutte contre le changement climatique.<\/p>\n<blockquote><p><strong><em>\u00ab\u00a0Au-del\u00e0 du respect des engagements de financement, les acteurs internationaux doivent proposer un choix plus large d\u2019options de financement \u00e0 tous les pays africains, quelle que soit leur situation financi\u00e8re. Cet effort doit inclure le secteur priv\u00e9.\u00a0\u00bb<\/em><\/strong><\/p><\/blockquote>\n<p>L\u2019Afrique est particuli\u00e8rement vuln\u00e9rable \u00e0 ses effets. Selon la BAD (Banque africaine de d\u00e9veloppement), le changement climatique fait perdre au continent entre 5 points et 15 points de la croissance de son PIB par habitant. Au fil du temps, ces pertes pourraient augmenter consid\u00e9rablement, l\u2019agriculture \u00e9tant la plus touch\u00e9e.<\/p>\n<p>Beaucoup appellent la COP27 de Sharm El Sheikh, en \u00c9gypte \u2013 \u00ab&nbsp;<em>La COP de l\u2019Afrique<\/em>.&nbsp;\u00bb Nous, en Afrique, pr\u00e9f\u00e9rons la voir plut\u00f4t comme \u00ab&nbsp;<em>La COP de la mise en \u0153uvre<\/em>&nbsp;\u00bb, une r\u00e9union qui d\u00e9passera les aspirations nobles et les promesses vagues pour proposer un programme complet ax\u00e9 sur les r\u00e9sultats. Et, oui, ce programme devrait inclure un soutien accru, financier et autre, \u00e0 l\u2019Afrique, qui ne contribue gu\u00e8re au changement climatique.<\/p>\n<p><strong>&nbsp;<\/strong><strong>L\u2019Afrique prend des mesures concr\u00e8tes<\/strong><\/p>\n<p>Pour faire \u00e9cho au pr\u00e9sident de la BAD, Akinwumi Adesina, nous, les Africains, ne venons pas mendier ; nous venons avec des ressources et des solutions. Nous prenons d\u00e9j\u00e0 des mesures concr\u00e8tes pour acc\u00e9l\u00e9rer la transition verte et nous prot\u00e9ger des pires effets du changement climatique.<\/p>\n<p>Pour commencer, les pays africains adoptent l\u2019\u00e9nergie verte. Ces derni\u00e8res ann\u00e9es, la capacit\u00e9 du continent en mati\u00e8re d\u2019\u00e9nergies renouvelables a fortement augment\u00e9, avec des hausses annuelles \u00e0 deux chiffres pour l\u2019\u00e9nergie solaire, \u00e9olienne et hydraulique. L\u2019Afrique abrite deux des plus grands projets solaires au monde (l\u2019un en \u00c9gypte et l\u2019autre au Maroc), et deux des vingt entreprises africaines qui conna\u00eetront la plus forte croissance en 2022 sont actives dans le secteur de l\u2019\u00e9nergie solaire.<\/p>\n<p>Du Nigeria \u00e0 la Namibie, les pays adoptent des technologies respectueuses du climat comme l\u2019hydrog\u00e8ne vert. La Commission de l\u2019UA est pleinement engag\u00e9e dans la lutte contre le changement climatique sur plusieurs fronts. \u00c0 cette fin, elle a \u00e9largi le mandat de la Commission de l\u2019UA pour l\u2019agriculture, le d\u00e9veloppement rural, l\u2019\u00e9conomie bleue et l\u2019environnement durable (ARBE) afin de refl\u00e9ter l\u2019importance d\u2019une direction de l\u2019environnement durable et de l\u2019\u00e9conomie bleue, et de promouvoir le renforcement de la r\u00e9silience, l\u2019adaptation et l\u2019att\u00e9nuation. L\u2019ARBE a travaill\u00e9 sur un certain nombre de projets d\u00e9terminants avec des organisations partenaires, notamment l\u2019\u00e9laboration de la strat\u00e9gie de l\u2019UA sur le changement climatique. Elle a aussi r\u00e9cemment facilit\u00e9 la validation d\u2019une strat\u00e9gie africaine int\u00e9gr\u00e9e sur la m\u00e9t\u00e9orologie, l\u2019eau et les services climatiques, qui guide le d\u00e9veloppement et l\u2019application des services m\u00e9t\u00e9orologiques et climatiques en Afrique.<\/p>\n<p>Parall\u00e8lement, les agences sp\u00e9cialis\u00e9es de l\u2019Union africaine, telles que l\u2019African Risk Capacity (ARC), aident les pays africains \u00e0 tirer parti des syst\u00e8mes d\u2019alerte pr\u00e9coce et de pr\u00e9paration fond\u00e9s sur la technologie pour am\u00e9liorer leur r\u00e9silience. L\u2019organisation travaille en \u00e9troite collaboration avec les gouvernements pour renforcer leurs capacit\u00e9s \u00e0 r\u00e9agir de mani\u00e8re proactive aux catastrophes naturelles, prot\u00e9geant ainsi des vies et soutenant la reconstruction des infrastructures endommag\u00e9es \u00e0 la suite de catastrophes naturelles. Par l\u2019interm\u00e9diaire d\u2019ARC Ltd, la filiale d\u2019assurance du groupe, elle fournit une assurance param\u00e9trique contre les \u00e9v\u00e9nements climatiques extr\u00eames.<\/p>\n<p>Pour sa part, la BAD a port\u00e9 son attention, et ses ressources, sur le changement climatique. En 2020, 63 % du financement de la BAD a \u00e9t\u00e9 consacr\u00e9 \u00e0 des projets li\u00e9s \u00e0 l\u2019adaptation au changement climatique, soit la part la plus importante de toutes les institutions de financement du d\u00e9veloppement.<\/p>\n<p><strong>Des financements insuffisants<\/strong><\/p>\n<p>En septembre, la Banque s\u2019est engag\u00e9e \u00e0 consacrer 12,5 milliards de dollars suppl\u00e9mentaires au financement de l\u2019adaptation au changement climatique par le biais du Programme d\u2019acc\u00e9l\u00e9ration de l\u2019adaptation en Afrique (AAAP) \u2013 un organisme multipartite dirig\u00e9 par l\u2019Afrique et cr\u00e9\u00e9 en 2021.<\/p>\n<p>Les besoins de financement de l\u2019adaptation en Afrique sont estim\u00e9s \u00e0 52,7 milliards$ par an jusqu\u2019en 2030. L\u2019objectif de financement de l\u2019AAAP a \u00e9t\u00e9 fix\u00e9 \u00e0 25 milliards&nbsp;$, les pays riches devant couvrir le reste. Cependant, alors m\u00eame que l\u2019Afrique poursuit et finance l\u2019action climatique, les engagements de la communaut\u00e9 internationale restent insuffisants.<\/p>\n<p><img fetchpriority=\"high\" decoding=\"async\" class=\"wp-image-65855 alignleft lazyloaded\" src=\"https:\/\/magazinedelafrique.com\/wp-content\/uploads\/2022\/04\/Niger-Parc-eolien-2-300x188.jpg\" sizes=\"(max-width: 415px) 100vw, 415px\" srcset=\"https:\/\/magazinedelafrique.com\/wp-content\/uploads\/2022\/04\/Niger-Parc-eolien-2-300x188.jpg 300w, https:\/\/magazinedelafrique.com\/wp-content\/uploads\/2022\/04\/Niger-Parc-eolien-2-768x480.jpg 768w, https:\/\/magazinedelafrique.com\/wp-content\/uploads\/2022\/04\/Niger-Parc-eolien-2.jpg 800w\" alt=\"\" data-srcset=\"https:\/\/magazinedelafrique.com\/wp-content\/uploads\/2022\/04\/Niger-Parc-eolien-2-300x188.jpg 300w, https:\/\/magazinedelafrique.com\/wp-content\/uploads\/2022\/04\/Niger-Parc-eolien-2-768x480.jpg 768w, https:\/\/magazinedelafrique.com\/wp-content\/uploads\/2022\/04\/Niger-Parc-eolien-2.jpg 800w\" data-src=\"https:\/\/magazinedelafrique.com\/wp-content\/uploads\/2022\/04\/Niger-Parc-eolien-2-300x188.jpg\" data-sizes=\"(max-width: 415px) 100vw, 415px\" width=\"415\" height=\"260\"><\/p>\n<p>Les promesses de financement pour le climat doivent \u00eatre suivies et les engagements ne sont qu\u2019une premi\u00e8re \u00e9tape. Nous saluons le succ\u00e8s du gouvernement britannique qui, lors de la COP26 \u00e0 Glasgow, en 2021, a r\u00e9ussi \u00e0 mobiliser non seulement la communaut\u00e9 internationale, mais aussi le secteur priv\u00e9 et la soci\u00e9t\u00e9 civile, et \u00e0 obtenir ainsi des promesses de financement record pour le climat.<\/p>\n<p>Un an plus tard, nombre de ces promesses ne sont encore que des promesses. Nous ne devrions peut-\u00eatre pas \u00eatre surpris. Apr\u00e8s tout, lors de la COP de 2015 \u00e0 Paris, les pays riches se sont engag\u00e9s \u00e0 fournir 100 milliards&nbsp;$ de financement annuel pour aider les pays en d\u00e9veloppement \u00e0 atteindre leurs objectifs d\u2019att\u00e9nuation et d\u2019adaptation d\u2019ici 2020. Deux ans apr\u00e8s la date butoir, les engagements des pays riches restent largement non respect\u00e9s.<\/p>\n<p>C\u2019est pourquoi nous appelons \u00e0 la mise en place de m\u00e9canismes am\u00e9lior\u00e9s de contr\u00f4le et de suivi des engagements financiers en mati\u00e8re de climat. Il ne devrait pas \u00eatre difficile d\u2019associer aux promesses des \u00e9ch\u00e9ances et des crit\u00e8res de mise en \u0153uvre clairs. Les proc\u00e9dures d\u2019acc\u00e8s \u00e0 ces fonds doivent \u00e9galement \u00eatre simplifi\u00e9es. Il sera essentiel \u00e0 la COP27 de passer des d\u00e9cisions \u00e0 l\u2019action. Nous n\u2019avons pas besoin de nouveaux accords sur les progr\u00e8s futurs. Nous devons plut\u00f4t traduire les r\u00e9alisations des sommets pr\u00e9c\u00e9dents en une coop\u00e9ration mondiale pour une action climatique globale. Par exemple, les initiatives visant \u00e0 renforcer la gestion des risques de catastrophe doivent adopter une approche globale, couvrant tout, de la mobilisation des ressources et des syst\u00e8mes d\u2019alerte pr\u00e9coce au transfert de technologies et au renforcement des capacit\u00e9s.<\/p>\n<p>Une approche plus globale est \u00e9galement n\u00e9cessaire en Afrique, qui est non seulement tr\u00e8s vuln\u00e9rable au changement climatique, mais qui a \u00e9galement des besoins de d\u00e9veloppement consid\u00e9rables. Une telle approche n\u00e9cessitera une mise de fonds importante, qui ne peut \u00eatre financ\u00e9e par l\u2019emprunt sans pousser les pays africains d\u00e9j\u00e0 endett\u00e9s vers la crise. Au-del\u00e0 du respect des engagements de financement, les acteurs internationaux doivent proposer un choix plus large d\u2019options de financement \u00e0 tous les pays africains, quelle que soit leur situation financi\u00e8re. Cet effort doit inclure le secteur priv\u00e9. Pour soutenir la mise en \u0153uvre, les pays africains devront avoir acc\u00e8s \u00e0 un soutien technique appropri\u00e9. L\u2019ampleur du d\u00e9fi climatique ne peut \u00eatre surestim\u00e9e. Pour le relever, il faudra combiner att\u00e9nuation, renforcement de la r\u00e9silience et adaptation, gr\u00e2ce \u00e0 des partenariats strat\u00e9giques, \u00e0 un partage efficace des connaissances et \u00e0 la fourniture d\u2019un soutien financier et d\u2019un savoir-faire technique ad\u00e9quats. L\u2019Afrique fait sa part. Le reste du monde doit faire de m\u00eame, en commen\u00e7ant par la COP27.<\/p>\n<p><strong>Josefa Leonel Sacko<\/strong> est commissaire \u00e0 l\u2019agriculture, au d\u00e9veloppement rural, \u00e0 l\u2019\u00e9conomie bleue et \u00e0 l\u2019environnement durable de la Commission de l\u2019Union africaine.<\/p>\n<p><strong>Kevin Kariuki<\/strong> est vice-pr\u00e9sident pour l\u2019\u00e9lectricit\u00e9, l\u2019\u00e9nergie, le climat et la croissance verte \u00e0 la Banque africaine de d\u00e9veloppement.<\/p>\n<p><strong>Ibrahima Cheikh Diong<\/strong> est sous-secr\u00e9taire g\u00e9n\u00e9ral des Nations unies et directeur g\u00e9n\u00e9ral de l\u2019African Risk Capacity Group.<\/p>\n<p><strong>Le Magazine de l&rsquo;Afrique<\/strong><\/p>\n","protected":false},"excerpt":{"rendered":"<p>Par Josefa Leonel Sacko, Kevin Kariuki et Ibrahima Cheikh Diong \u00c0 l\u2019approche de la prochaine conf\u00e9rence des Nations unies sur le climat, les pays africains&#8230;<\/p>\n","protected":false},"author":1,"featured_media":4232,"comment_status":"closed","ping_status":"open","sticky":false,"template":"","format":"standard","meta":{"_jetpack_memberships_contains_paid_content":false,"footnotes":""},"categories":[16],"tags":[],"class_list":["post-4231","post","type-post","status-publish","format-standard","has-post-thumbnail","hentry","category-contribution","wpcat-16-id"],"yoast_head":"<!-- This site is optimized with the Yoast SEO plugin v27.1.1 - https:\/\/yoast.com\/product\/yoast-seo-wordpress\/ -->\n<title>L\u2019Afrique arrive \u00e0 la COP27 avec des solutions - challenges economiques<\/title>\n<meta name=\"robots\" content=\"index, follow, max-snippet:-1, max-image-preview:large, max-video-preview:-1\" \/>\n<link rel=\"canonical\" href=\"https:\/\/challengeseconomiques.com\/?p=4231\" \/>\n<meta property=\"og:locale\" content=\"fr_FR\" \/>\n<meta property=\"og:type\" content=\"article\" \/>\n<meta property=\"og:title\" content=\"L\u2019Afrique arrive \u00e0 la COP27 avec des solutions - challenges economiques\" \/>\n<meta property=\"og:description\" content=\"Par Josefa Leonel Sacko, Kevin Kariuki et Ibrahima Cheikh Diong \u00c0 l\u2019approche de la prochaine conf\u00e9rence des Nations unies sur le climat, les pays africains...\" \/>\n<meta property=\"og:url\" content=\"https:\/\/challengeseconomiques.com\/?p=4231\" \/>\n<meta property=\"og:site_name\" content=\"challenges economiques\" \/>\n<meta property=\"article:published_time\" content=\"2022-11-05T15:55:06+00:00\" \/>\n<meta property=\"article:modified_time\" content=\"2022-11-05T15:55:29+00:00\" \/>\n<meta property=\"og:image\" content=\"https:\/\/challengeseconomiques.com\/wp-content\/uploads\/2022\/11\/COP27-illustration-770x470-1.webp\" \/>\n\t<meta property=\"og:image:width\" content=\"770\" \/>\n\t<meta property=\"og:image:height\" content=\"470\" \/>\n\t<meta property=\"og:image:type\" content=\"image\/webp\" \/>\n<meta name=\"author\" content=\"admin\" \/>\n<meta name=\"twitter:card\" content=\"summary_large_image\" \/>\n<meta name=\"twitter:label1\" content=\"\u00c9crit par\" \/>\n\t<meta name=\"twitter:data1\" content=\"admin\" \/>\n\t<meta name=\"twitter:label2\" content=\"Dur\u00e9e de lecture estim\u00e9e\" \/>\n\t<meta name=\"twitter:data2\" content=\"7 minutes\" \/>\n<script type=\"application\/ld+json\" class=\"yoast-schema-graph\">{\"@context\":\"https:\/\/schema.org\",\"@graph\":[{\"@type\":\"Article\",\"@id\":\"https:\/\/challengeseconomiques.com\/?p=4231#article\",\"isPartOf\":{\"@id\":\"https:\/\/challengeseconomiques.com\/?p=4231\"},\"author\":{\"name\":\"admin\",\"@id\":\"https:\/\/challengeseconomiques.com\/#\/schema\/person\/b4568c9afebc5a9238a771873801e349\"},\"headline\":\"L\u2019Afrique arrive \u00e0 la COP27 avec des solutions\",\"datePublished\":\"2022-11-05T15:55:06+00:00\",\"dateModified\":\"2022-11-05T15:55:29+00:00\",\"mainEntityOfPage\":{\"@id\":\"https:\/\/challengeseconomiques.com\/?p=4231\"},\"wordCount\":1455,\"image\":{\"@id\":\"https:\/\/challengeseconomiques.com\/?p=4231#primaryimage\"},\"thumbnailUrl\":\"https:\/\/challengeseconomiques.com\/wp-content\/uploads\/2022\/11\/COP27-illustration-770x470-1.webp\",\"articleSection\":[\"Contribution\"],\"inLanguage\":\"fr-FR\"},{\"@type\":\"WebPage\",\"@id\":\"https:\/\/challengeseconomiques.com\/?p=4231\",\"url\":\"https:\/\/challengeseconomiques.com\/?p=4231\",\"name\":\"L\u2019Afrique arrive \u00e0 la COP27 avec des solutions - challenges economiques\",\"isPartOf\":{\"@id\":\"https:\/\/challengeseconomiques.com\/#website\"},\"primaryImageOfPage\":{\"@id\":\"https:\/\/challengeseconomiques.com\/?p=4231#primaryimage\"},\"image\":{\"@id\":\"https:\/\/challengeseconomiques.com\/?p=4231#primaryimage\"},\"thumbnailUrl\":\"https:\/\/challengeseconomiques.com\/wp-content\/uploads\/2022\/11\/COP27-illustration-770x470-1.webp\",\"datePublished\":\"2022-11-05T15:55:06+00:00\",\"dateModified\":\"2022-11-05T15:55:29+00:00\",\"author\":{\"@id\":\"https:\/\/challengeseconomiques.com\/#\/schema\/person\/b4568c9afebc5a9238a771873801e349\"},\"breadcrumb\":{\"@id\":\"https:\/\/challengeseconomiques.com\/?p=4231#breadcrumb\"},\"inLanguage\":\"fr-FR\",\"potentialAction\":[{\"@type\":\"ReadAction\",\"target\":[\"https:\/\/challengeseconomiques.com\/?p=4231\"]}]},{\"@type\":\"ImageObject\",\"inLanguage\":\"fr-FR\",\"@id\":\"https:\/\/challengeseconomiques.com\/?p=4231#primaryimage\",\"url\":\"https:\/\/challengeseconomiques.com\/wp-content\/uploads\/2022\/11\/COP27-illustration-770x470-1.webp\",\"contentUrl\":\"https:\/\/challengeseconomiques.com\/wp-content\/uploads\/2022\/11\/COP27-illustration-770x470-1.webp\",\"width\":770,\"height\":470},{\"@type\":\"BreadcrumbList\",\"@id\":\"https:\/\/challengeseconomiques.com\/?p=4231#breadcrumb\",\"itemListElement\":[{\"@type\":\"ListItem\",\"position\":1,\"name\":\"Home\",\"item\":\"https:\/\/challengeseconomiques.com\/\"},{\"@type\":\"ListItem\",\"position\":2,\"name\":\"L\u2019Afrique arrive \u00e0 la COP27 avec des solutions\"}]},{\"@type\":\"WebSite\",\"@id\":\"https:\/\/challengeseconomiques.com\/#website\",\"url\":\"https:\/\/challengeseconomiques.com\/\",\"name\":\"challenges economiques\",\"description\":\"\",\"potentialAction\":[{\"@type\":\"SearchAction\",\"target\":{\"@type\":\"EntryPoint\",\"urlTemplate\":\"https:\/\/challengeseconomiques.com\/?s={search_term_string}\"},\"query-input\":{\"@type\":\"PropertyValueSpecification\",\"valueRequired\":true,\"valueName\":\"search_term_string\"}}],\"inLanguage\":\"fr-FR\"},{\"@type\":\"Person\",\"@id\":\"https:\/\/challengeseconomiques.com\/#\/schema\/person\/b4568c9afebc5a9238a771873801e349\",\"name\":\"admin\",\"image\":{\"@type\":\"ImageObject\",\"inLanguage\":\"fr-FR\",\"@id\":\"https:\/\/challengeseconomiques.com\/#\/schema\/person\/image\/\",\"url\":\"https:\/\/secure.gravatar.com\/avatar\/099e42240b5eea11acdb72751fcce0dd918603f0749d24974b7984ea47ed9fd9?s=96&d=mm&r=g\",\"contentUrl\":\"https:\/\/secure.gravatar.com\/avatar\/099e42240b5eea11acdb72751fcce0dd918603f0749d24974b7984ea47ed9fd9?s=96&d=mm&r=g\",\"caption\":\"admin\"},\"sameAs\":[\"https:\/\/challengeseconomiques.com\"],\"url\":\"https:\/\/challengeseconomiques.com\/?author=1\"}]}<\/script>\n<!-- \/ Yoast SEO plugin. -->","yoast_head_json":{"title":"L\u2019Afrique arrive \u00e0 la COP27 avec des solutions - challenges economiques","robots":{"index":"index","follow":"follow","max-snippet":"max-snippet:-1","max-image-preview":"max-image-preview:large","max-video-preview":"max-video-preview:-1"},"canonical":"https:\/\/challengeseconomiques.com\/?p=4231","og_locale":"fr_FR","og_type":"article","og_title":"L\u2019Afrique arrive \u00e0 la COP27 avec des solutions - challenges economiques","og_description":"Par Josefa Leonel Sacko, Kevin Kariuki et Ibrahima Cheikh Diong \u00c0 l\u2019approche de la prochaine conf\u00e9rence des Nations unies sur le climat, les pays africains...","og_url":"https:\/\/challengeseconomiques.com\/?p=4231","og_site_name":"challenges economiques","article_published_time":"2022-11-05T15:55:06+00:00","article_modified_time":"2022-11-05T15:55:29+00:00","og_image":[{"width":770,"height":470,"url":"https:\/\/challengeseconomiques.com\/wp-content\/uploads\/2022\/11\/COP27-illustration-770x470-1.webp","type":"image\/webp"}],"author":"admin","twitter_card":"summary_large_image","twitter_misc":{"\u00c9crit par":"admin","Dur\u00e9e de lecture estim\u00e9e":"7 minutes"},"schema":{"@context":"https:\/\/schema.org","@graph":[{"@type":"Article","@id":"https:\/\/challengeseconomiques.com\/?p=4231#article","isPartOf":{"@id":"https:\/\/challengeseconomiques.com\/?p=4231"},"author":{"name":"admin","@id":"https:\/\/challengeseconomiques.com\/#\/schema\/person\/b4568c9afebc5a9238a771873801e349"},"headline":"L\u2019Afrique arrive \u00e0 la COP27 avec des solutions","datePublished":"2022-11-05T15:55:06+00:00","dateModified":"2022-11-05T15:55:29+00:00","mainEntityOfPage":{"@id":"https:\/\/challengeseconomiques.com\/?p=4231"},"wordCount":1455,"image":{"@id":"https:\/\/challengeseconomiques.com\/?p=4231#primaryimage"},"thumbnailUrl":"https:\/\/challengeseconomiques.com\/wp-content\/uploads\/2022\/11\/COP27-illustration-770x470-1.webp","articleSection":["Contribution"],"inLanguage":"fr-FR"},{"@type":"WebPage","@id":"https:\/\/challengeseconomiques.com\/?p=4231","url":"https:\/\/challengeseconomiques.com\/?p=4231","name":"L\u2019Afrique arrive \u00e0 la COP27 avec des solutions - challenges economiques","isPartOf":{"@id":"https:\/\/challengeseconomiques.com\/#website"},"primaryImageOfPage":{"@id":"https:\/\/challengeseconomiques.com\/?p=4231#primaryimage"},"image":{"@id":"https:\/\/challengeseconomiques.com\/?p=4231#primaryimage"},"thumbnailUrl":"https:\/\/challengeseconomiques.com\/wp-content\/uploads\/2022\/11\/COP27-illustration-770x470-1.webp","datePublished":"2022-11-05T15:55:06+00:00","dateModified":"2022-11-05T15:55:29+00:00","author":{"@id":"https:\/\/challengeseconomiques.com\/#\/schema\/person\/b4568c9afebc5a9238a771873801e349"},"breadcrumb":{"@id":"https:\/\/challengeseconomiques.com\/?p=4231#breadcrumb"},"inLanguage":"fr-FR","potentialAction":[{"@type":"ReadAction","target":["https:\/\/challengeseconomiques.com\/?p=4231"]}]},{"@type":"ImageObject","inLanguage":"fr-FR","@id":"https:\/\/challengeseconomiques.com\/?p=4231#primaryimage","url":"https:\/\/challengeseconomiques.com\/wp-content\/uploads\/2022\/11\/COP27-illustration-770x470-1.webp","contentUrl":"https:\/\/challengeseconomiques.com\/wp-content\/uploads\/2022\/11\/COP27-illustration-770x470-1.webp","width":770,"height":470},{"@type":"BreadcrumbList","@id":"https:\/\/challengeseconomiques.com\/?p=4231#breadcrumb","itemListElement":[{"@type":"ListItem","position":1,"name":"Home","item":"https:\/\/challengeseconomiques.com\/"},{"@type":"ListItem","position":2,"name":"L\u2019Afrique arrive \u00e0 la COP27 avec des solutions"}]},{"@type":"WebSite","@id":"https:\/\/challengeseconomiques.com\/#website","url":"https:\/\/challengeseconomiques.com\/","name":"challenges economiques","description":"","potentialAction":[{"@type":"SearchAction","target":{"@type":"EntryPoint","urlTemplate":"https:\/\/challengeseconomiques.com\/?s={search_term_string}"},"query-input":{"@type":"PropertyValueSpecification","valueRequired":true,"valueName":"search_term_string"}}],"inLanguage":"fr-FR"},{"@type":"Person","@id":"https:\/\/challengeseconomiques.com\/#\/schema\/person\/b4568c9afebc5a9238a771873801e349","name":"admin","image":{"@type":"ImageObject","inLanguage":"fr-FR","@id":"https:\/\/challengeseconomiques.com\/#\/schema\/person\/image\/","url":"https:\/\/secure.gravatar.com\/avatar\/099e42240b5eea11acdb72751fcce0dd918603f0749d24974b7984ea47ed9fd9?s=96&d=mm&r=g","contentUrl":"https:\/\/secure.gravatar.com\/avatar\/099e42240b5eea11acdb72751fcce0dd918603f0749d24974b7984ea47ed9fd9?s=96&d=mm&r=g","caption":"admin"},"sameAs":["https:\/\/challengeseconomiques.com"],"url":"https:\/\/challengeseconomiques.com\/?author=1"}]}},"jetpack_featured_media_url":"https:\/\/challengeseconomiques.com\/wp-content\/uploads\/2022\/11\/COP27-illustration-770x470-1.webp","jetpack_sharing_enabled":true,"_links":{"self":[{"href":"https:\/\/challengeseconomiques.com\/index.php?rest_route=\/wp\/v2\/posts\/4231","targetHints":{"allow":["GET"]}}],"collection":[{"href":"https:\/\/challengeseconomiques.com\/index.php?rest_route=\/wp\/v2\/posts"}],"about":[{"href":"https:\/\/challengeseconomiques.com\/index.php?rest_route=\/wp\/v2\/types\/post"}],"author":[{"embeddable":true,"href":"https:\/\/challengeseconomiques.com\/index.php?rest_route=\/wp\/v2\/users\/1"}],"replies":[{"embeddable":true,"href":"https:\/\/challengeseconomiques.com\/index.php?rest_route=%2Fwp%2Fv2%2Fcomments&post=4231"}],"version-history":[{"count":2,"href":"https:\/\/challengeseconomiques.com\/index.php?rest_route=\/wp\/v2\/posts\/4231\/revisions"}],"predecessor-version":[{"id":4234,"href":"https:\/\/challengeseconomiques.com\/index.php?rest_route=\/wp\/v2\/posts\/4231\/revisions\/4234"}],"wp:featuredmedia":[{"embeddable":true,"href":"https:\/\/challengeseconomiques.com\/index.php?rest_route=\/wp\/v2\/media\/4232"}],"wp:attachment":[{"href":"https:\/\/challengeseconomiques.com\/index.php?rest_route=%2Fwp%2Fv2%2Fmedia&parent=4231"}],"wp:term":[{"taxonomy":"category","embeddable":true,"href":"https:\/\/challengeseconomiques.com\/index.php?rest_route=%2Fwp%2Fv2%2Fcategories&post=4231"},{"taxonomy":"post_tag","embeddable":true,"href":"https:\/\/challengeseconomiques.com\/index.php?rest_route=%2Fwp%2Fv2%2Ftags&post=4231"}],"curies":[{"name":"wp","href":"https:\/\/api.w.org\/{rel}","templated":true}]}}