{"id":4222,"date":"2022-11-05T02:24:49","date_gmt":"2022-11-05T02:24:49","guid":{"rendered":"https:\/\/challengeseconomiques.com\/?p=4222"},"modified":"2022-11-08T11:54:05","modified_gmt":"2022-11-08T11:54:05","slug":"le-pca-de-lapix-abdou-fall-visite-le-complexe-portuaire-de-tanger-med","status":"publish","type":"post","link":"https:\/\/challengeseconomiques.com\/?p=4222","title":{"rendered":"Le Pca de l\u2019Apix, Abdou Fall visite le complexe portuaire de Tanger Med"},"content":{"rendered":"<p>Le pr\u00e9sident du conseil d\u2019administration de l\u2019Agence de promotion des investissements et des grands travaux (APIX), M. Abdou Fall a effectu\u00e9 le vendredi 04 novembre 2022, une visite \u00e0 Tanger Med, en compagnie de Mme Fatima Diouf Fall, chef de d\u00e9partement veille\u00a0 et partenariat des zones \u00e9conomiques sp\u00e9ciales.<\/p>\n<p>Ils ont \u00e9t\u00e9 accueillis par le commandant de ce \u00ab complexe portuaire de dimension mondiale \u00bb , Khalid Samir. Ce dernier apr\u00e8s leur avoir montrer un film sur Tanger Med, \u00a0a entretenu le Pca de l\u2019Apix des chiffres \u00ab impressionnants \u00bb que r\u00e9alise \u00ab cette plateforme r\u00e9gionale de comp\u00e9titivit\u00e9 industrielle \u00bb depuis la mise en service de son premier terminal en 2007. Fruit d\u2019un partenariat public priv\u00e9, Tanger Med est selon le commandant Khalid Samir, le premier port \u00e0 conteneurs en Afrique. Une place qu\u2019il\u00a0 a occup\u00e9\u00a0 cinq ann\u00e9es cons\u00e9cutivement. Tanger Med est aussi le premier port \u00e0 conteneurs en m\u00e9diterran\u00e9e. Son classement au niveau mondial est tout aussi int\u00e9ressant, \u00a023<sup>\u00e8me<\/sup> sur 500 ports dans le monde. Il est connect\u00e9 \u00e0 plus de 180 ports et 70 pays dans 5 continents.<\/p>\n<p>Dans ce complexe, il y a la zone franche logistique, b\u00e2tie sur une superficie de 300 ha, Tanger free zone sur 440 ha, Renault \u00a0Tanger Med sur 350 ha, Tanger automobile city sur 600 ha, T\u00e9touan Park 160 ha, T\u00e9touan Shore 90 ha. Le commandant Samir a expliqu\u00e9 \u00e0 M. Fall que\u00a0 dans ces zones, il y a des activit\u00e9s qui vont de la logistique \u00e0 l\u2019automobile en passant l\u2019a\u00e9ronautique, l\u2019\u00e9lectronique, le textile et les services.<\/p>\n<p>Khalid Samir a par la suite\u00a0 invit\u00e9 M. Abdou Fall \u00e0 une visite sur le terrain laquelle visite a permis \u00e0 l\u2019ancien PCA du port autonome de Dakar de se rendre compte de l\u2019importance et de l\u2019immensit\u00e9 de ce complexe.<\/p>\n<p>A la fin de la visite M. Fall a expliqu\u00e9 \u00e0 son h\u00f4te qu\u2019il sera tr\u00e8s heureux de parler de ce qu\u2019il a vu \u00e0 Tanger Med, \u00e0 l\u2019ancien patron de l\u2019Apix, r\u00e9cemment nomm\u00e9 , Directeur g\u00e9n\u00e9ral du port de Dakar,par le pr\u00e9sident Macky Sall.<\/p>\n<p><img fetchpriority=\"high\" decoding=\"async\" class=\"alignnone  wp-image-4224\" src=\"https:\/\/challengeseconomiques.com\/wp-content\/uploads\/2022\/11\/tangermed1-300x225.jpg\" alt=\"\" width=\"507\" height=\"380\" srcset=\"https:\/\/challengeseconomiques.com\/wp-content\/uploads\/2022\/11\/tangermed1-300x225.jpg 300w, https:\/\/challengeseconomiques.com\/wp-content\/uploads\/2022\/11\/tangermed1-1024x768.jpg 1024w, https:\/\/challengeseconomiques.com\/wp-content\/uploads\/2022\/11\/tangermed1-768x576.jpg 768w, https:\/\/challengeseconomiques.com\/wp-content\/uploads\/2022\/11\/tangermed1-480x360.jpg 480w, https:\/\/challengeseconomiques.com\/wp-content\/uploads\/2022\/11\/tangermed1.jpg 1080w\" sizes=\"(max-width: 507px) 100vw, 507px\" \/><\/p>\n","protected":false},"excerpt":{"rendered":"<p>Le pr\u00e9sident du conseil d\u2019administration de l\u2019Agence de promotion des investissements et des grands travaux (APIX), M. Abdou Fall a effectu\u00e9 le vendredi 04 novembre&#8230;<\/p>\n","protected":false},"author":3,"featured_media":4223,"comment_status":"closed","ping_status":"open","sticky":false,"template":"","format":"standard","meta":{"_jetpack_memberships_contains_paid_content":false,"footnotes":""},"categories":[23,10],"tags":[],"class_list":["post-4222","post","type-post","status-publish","format-standard","has-post-thumbnail","hentry","category-a-la-une","category-infos-eco","wpcat-23-id","wpcat-10-id"],"yoast_head":"<!-- This site is optimized with the Yoast SEO plugin v27.1.1 - https:\/\/yoast.com\/product\/yoast-seo-wordpress\/ -->\n<title>Le Pca de l\u2019Apix, Abdou Fall visite le complexe portuaire de Tanger Med - challenges economiques<\/title>\n<meta name=\"robots\" content=\"index, follow, max-snippet:-1, max-image-preview:large, max-video-preview:-1\" \/>\n<link rel=\"canonical\" href=\"https:\/\/challengeseconomiques.com\/?p=4222\" \/>\n<meta property=\"og:locale\" content=\"fr_FR\" \/>\n<meta property=\"og:type\" content=\"article\" \/>\n<meta property=\"og:title\" content=\"Le Pca de l\u2019Apix, Abdou Fall visite le complexe portuaire de Tanger Med - challenges economiques\" \/>\n<meta property=\"og:description\" content=\"Le pr\u00e9sident du conseil d\u2019administration de l\u2019Agence de promotion des investissements et des grands travaux (APIX), M. Abdou Fall a effectu\u00e9 le vendredi 04 novembre...\" \/>\n<meta property=\"og:url\" content=\"https:\/\/challengeseconomiques.com\/?p=4222\" \/>\n<meta property=\"og:site_name\" content=\"challenges economiques\" \/>\n<meta property=\"article:published_time\" content=\"2022-11-05T02:24:49+00:00\" \/>\n<meta property=\"article:modified_time\" content=\"2022-11-08T11:54:05+00:00\" \/>\n<meta property=\"og:image\" content=\"https:\/\/challengeseconomiques.com\/wp-content\/uploads\/2022\/11\/tangermed.jpg\" \/>\n\t<meta property=\"og:image:width\" content=\"1080\" \/>\n\t<meta property=\"og:image:height\" content=\"810\" \/>\n\t<meta property=\"og:image:type\" content=\"image\/jpeg\" \/>\n<meta name=\"author\" content=\"aliou kane ndiaye\" \/>\n<meta name=\"twitter:card\" content=\"summary_large_image\" \/>\n<meta name=\"twitter:label1\" content=\"\u00c9crit par\" \/>\n\t<meta name=\"twitter:data1\" content=\"aliou kane ndiaye\" \/>\n\t<meta name=\"twitter:label2\" content=\"Dur\u00e9e de lecture estim\u00e9e\" \/>\n\t<meta name=\"twitter:data2\" content=\"2 minutes\" \/>\n<script type=\"application\/ld+json\" class=\"yoast-schema-graph\">{\"@context\":\"https:\/\/schema.org\",\"@graph\":[{\"@type\":\"Article\",\"@id\":\"https:\/\/challengeseconomiques.com\/?p=4222#article\",\"isPartOf\":{\"@id\":\"https:\/\/challengeseconomiques.com\/?p=4222\"},\"author\":{\"name\":\"aliou kane ndiaye\",\"@id\":\"https:\/\/challengeseconomiques.com\/#\/schema\/person\/2f70a31e102db1741c1a1c00c2bbd8a6\"},\"headline\":\"Le Pca de l\u2019Apix, Abdou Fall visite le complexe portuaire de Tanger Med\",\"datePublished\":\"2022-11-05T02:24:49+00:00\",\"dateModified\":\"2022-11-08T11:54:05+00:00\",\"mainEntityOfPage\":{\"@id\":\"https:\/\/challengeseconomiques.com\/?p=4222\"},\"wordCount\":361,\"image\":{\"@id\":\"https:\/\/challengeseconomiques.com\/?p=4222#primaryimage\"},\"thumbnailUrl\":\"https:\/\/challengeseconomiques.com\/wp-content\/uploads\/2022\/11\/tangermed.jpg\",\"articleSection\":[\"A la une\",\"Infos \u00e9co\"],\"inLanguage\":\"fr-FR\"},{\"@type\":\"WebPage\",\"@id\":\"https:\/\/challengeseconomiques.com\/?p=4222\",\"url\":\"https:\/\/challengeseconomiques.com\/?p=4222\",\"name\":\"Le Pca de l\u2019Apix, Abdou Fall visite le complexe portuaire de Tanger Med - challenges economiques\",\"isPartOf\":{\"@id\":\"https:\/\/challengeseconomiques.com\/#website\"},\"primaryImageOfPage\":{\"@id\":\"https:\/\/challengeseconomiques.com\/?p=4222#primaryimage\"},\"image\":{\"@id\":\"https:\/\/challengeseconomiques.com\/?p=4222#primaryimage\"},\"thumbnailUrl\":\"https:\/\/challengeseconomiques.com\/wp-content\/uploads\/2022\/11\/tangermed.jpg\",\"datePublished\":\"2022-11-05T02:24:49+00:00\",\"dateModified\":\"2022-11-08T11:54:05+00:00\",\"author\":{\"@id\":\"https:\/\/challengeseconomiques.com\/#\/schema\/person\/2f70a31e102db1741c1a1c00c2bbd8a6\"},\"breadcrumb\":{\"@id\":\"https:\/\/challengeseconomiques.com\/?p=4222#breadcrumb\"},\"inLanguage\":\"fr-FR\",\"potentialAction\":[{\"@type\":\"ReadAction\",\"target\":[\"https:\/\/challengeseconomiques.com\/?p=4222\"]}]},{\"@type\":\"ImageObject\",\"inLanguage\":\"fr-FR\",\"@id\":\"https:\/\/challengeseconomiques.com\/?p=4222#primaryimage\",\"url\":\"https:\/\/challengeseconomiques.com\/wp-content\/uploads\/2022\/11\/tangermed.jpg\",\"contentUrl\":\"https:\/\/challengeseconomiques.com\/wp-content\/uploads\/2022\/11\/tangermed.jpg\",\"width\":1080,\"height\":810},{\"@type\":\"BreadcrumbList\",\"@id\":\"https:\/\/challengeseconomiques.com\/?p=4222#breadcrumb\",\"itemListElement\":[{\"@type\":\"ListItem\",\"position\":1,\"name\":\"Home\",\"item\":\"https:\/\/challengeseconomiques.com\/\"},{\"@type\":\"ListItem\",\"position\":2,\"name\":\"Le Pca de l\u2019Apix, Abdou Fall visite le complexe portuaire de Tanger Med\"}]},{\"@type\":\"WebSite\",\"@id\":\"https:\/\/challengeseconomiques.com\/#website\",\"url\":\"https:\/\/challengeseconomiques.com\/\",\"name\":\"challenges economiques\",\"description\":\"\",\"potentialAction\":[{\"@type\":\"SearchAction\",\"target\":{\"@type\":\"EntryPoint\",\"urlTemplate\":\"https:\/\/challengeseconomiques.com\/?s={search_term_string}\"},\"query-input\":{\"@type\":\"PropertyValueSpecification\",\"valueRequired\":true,\"valueName\":\"search_term_string\"}}],\"inLanguage\":\"fr-FR\"},{\"@type\":\"Person\",\"@id\":\"https:\/\/challengeseconomiques.com\/#\/schema\/person\/2f70a31e102db1741c1a1c00c2bbd8a6\",\"name\":\"aliou kane ndiaye\",\"image\":{\"@type\":\"ImageObject\",\"inLanguage\":\"fr-FR\",\"@id\":\"https:\/\/challengeseconomiques.com\/#\/schema\/person\/image\/\",\"url\":\"https:\/\/secure.gravatar.com\/avatar\/df942321e58711a9f1fee838e446766660477bacd4b42fa20400d2c7cf4da7ca?s=96&d=mm&r=g\",\"contentUrl\":\"https:\/\/secure.gravatar.com\/avatar\/df942321e58711a9f1fee838e446766660477bacd4b42fa20400d2c7cf4da7ca?s=96&d=mm&r=g\",\"caption\":\"aliou kane ndiaye\"},\"sameAs\":[\"http:\/\/www.challengeseconomiques.com\"],\"url\":\"https:\/\/challengeseconomiques.com\/?author=3\"}]}<\/script>\n<!-- \/ Yoast SEO plugin. -->","yoast_head_json":{"title":"Le Pca de l\u2019Apix, Abdou Fall visite le complexe portuaire de Tanger Med - challenges economiques","robots":{"index":"index","follow":"follow","max-snippet":"max-snippet:-1","max-image-preview":"max-image-preview:large","max-video-preview":"max-video-preview:-1"},"canonical":"https:\/\/challengeseconomiques.com\/?p=4222","og_locale":"fr_FR","og_type":"article","og_title":"Le Pca de l\u2019Apix, Abdou Fall visite le complexe portuaire de Tanger Med - challenges economiques","og_description":"Le pr\u00e9sident du conseil d\u2019administration de l\u2019Agence de promotion des investissements et des grands travaux (APIX), M. Abdou Fall a effectu\u00e9 le vendredi 04 novembre...","og_url":"https:\/\/challengeseconomiques.com\/?p=4222","og_site_name":"challenges economiques","article_published_time":"2022-11-05T02:24:49+00:00","article_modified_time":"2022-11-08T11:54:05+00:00","og_image":[{"width":1080,"height":810,"url":"https:\/\/challengeseconomiques.com\/wp-content\/uploads\/2022\/11\/tangermed.jpg","type":"image\/jpeg"}],"author":"aliou kane ndiaye","twitter_card":"summary_large_image","twitter_misc":{"\u00c9crit par":"aliou kane ndiaye","Dur\u00e9e de lecture estim\u00e9e":"2 minutes"},"schema":{"@context":"https:\/\/schema.org","@graph":[{"@type":"Article","@id":"https:\/\/challengeseconomiques.com\/?p=4222#article","isPartOf":{"@id":"https:\/\/challengeseconomiques.com\/?p=4222"},"author":{"name":"aliou kane ndiaye","@id":"https:\/\/challengeseconomiques.com\/#\/schema\/person\/2f70a31e102db1741c1a1c00c2bbd8a6"},"headline":"Le Pca de l\u2019Apix, Abdou Fall visite le complexe portuaire de Tanger Med","datePublished":"2022-11-05T02:24:49+00:00","dateModified":"2022-11-08T11:54:05+00:00","mainEntityOfPage":{"@id":"https:\/\/challengeseconomiques.com\/?p=4222"},"wordCount":361,"image":{"@id":"https:\/\/challengeseconomiques.com\/?p=4222#primaryimage"},"thumbnailUrl":"https:\/\/challengeseconomiques.com\/wp-content\/uploads\/2022\/11\/tangermed.jpg","articleSection":["A la une","Infos \u00e9co"],"inLanguage":"fr-FR"},{"@type":"WebPage","@id":"https:\/\/challengeseconomiques.com\/?p=4222","url":"https:\/\/challengeseconomiques.com\/?p=4222","name":"Le Pca de l\u2019Apix, Abdou Fall visite le complexe portuaire de Tanger Med - challenges economiques","isPartOf":{"@id":"https:\/\/challengeseconomiques.com\/#website"},"primaryImageOfPage":{"@id":"https:\/\/challengeseconomiques.com\/?p=4222#primaryimage"},"image":{"@id":"https:\/\/challengeseconomiques.com\/?p=4222#primaryimage"},"thumbnailUrl":"https:\/\/challengeseconomiques.com\/wp-content\/uploads\/2022\/11\/tangermed.jpg","datePublished":"2022-11-05T02:24:49+00:00","dateModified":"2022-11-08T11:54:05+00:00","author":{"@id":"https:\/\/challengeseconomiques.com\/#\/schema\/person\/2f70a31e102db1741c1a1c00c2bbd8a6"},"breadcrumb":{"@id":"https:\/\/challengeseconomiques.com\/?p=4222#breadcrumb"},"inLanguage":"fr-FR","potentialAction":[{"@type":"ReadAction","target":["https:\/\/challengeseconomiques.com\/?p=4222"]}]},{"@type":"ImageObject","inLanguage":"fr-FR","@id":"https:\/\/challengeseconomiques.com\/?p=4222#primaryimage","url":"https:\/\/challengeseconomiques.com\/wp-content\/uploads\/2022\/11\/tangermed.jpg","contentUrl":"https:\/\/challengeseconomiques.com\/wp-content\/uploads\/2022\/11\/tangermed.jpg","width":1080,"height":810},{"@type":"BreadcrumbList","@id":"https:\/\/challengeseconomiques.com\/?p=4222#breadcrumb","itemListElement":[{"@type":"ListItem","position":1,"name":"Home","item":"https:\/\/challengeseconomiques.com\/"},{"@type":"ListItem","position":2,"name":"Le Pca de l\u2019Apix, Abdou Fall visite le complexe portuaire de Tanger Med"}]},{"@type":"WebSite","@id":"https:\/\/challengeseconomiques.com\/#website","url":"https:\/\/challengeseconomiques.com\/","name":"challenges economiques","description":"","potentialAction":[{"@type":"SearchAction","target":{"@type":"EntryPoint","urlTemplate":"https:\/\/challengeseconomiques.com\/?s={search_term_string}"},"query-input":{"@type":"PropertyValueSpecification","valueRequired":true,"valueName":"search_term_string"}}],"inLanguage":"fr-FR"},{"@type":"Person","@id":"https:\/\/challengeseconomiques.com\/#\/schema\/person\/2f70a31e102db1741c1a1c00c2bbd8a6","name":"aliou kane ndiaye","image":{"@type":"ImageObject","inLanguage":"fr-FR","@id":"https:\/\/challengeseconomiques.com\/#\/schema\/person\/image\/","url":"https:\/\/secure.gravatar.com\/avatar\/df942321e58711a9f1fee838e446766660477bacd4b42fa20400d2c7cf4da7ca?s=96&d=mm&r=g","contentUrl":"https:\/\/secure.gravatar.com\/avatar\/df942321e58711a9f1fee838e446766660477bacd4b42fa20400d2c7cf4da7ca?s=96&d=mm&r=g","caption":"aliou kane ndiaye"},"sameAs":["http:\/\/www.challengeseconomiques.com"],"url":"https:\/\/challengeseconomiques.com\/?author=3"}]}},"jetpack_featured_media_url":"https:\/\/challengeseconomiques.com\/wp-content\/uploads\/2022\/11\/tangermed.jpg","jetpack_sharing_enabled":true,"_links":{"self":[{"href":"https:\/\/challengeseconomiques.com\/index.php?rest_route=\/wp\/v2\/posts\/4222","targetHints":{"allow":["GET"]}}],"collection":[{"href":"https:\/\/challengeseconomiques.com\/index.php?rest_route=\/wp\/v2\/posts"}],"about":[{"href":"https:\/\/challengeseconomiques.com\/index.php?rest_route=\/wp\/v2\/types\/post"}],"author":[{"embeddable":true,"href":"https:\/\/challengeseconomiques.com\/index.php?rest_route=\/wp\/v2\/users\/3"}],"replies":[{"embeddable":true,"href":"https:\/\/challengeseconomiques.com\/index.php?rest_route=%2Fwp%2Fv2%2Fcomments&post=4222"}],"version-history":[{"count":3,"href":"https:\/\/challengeseconomiques.com\/index.php?rest_route=\/wp\/v2\/posts\/4222\/revisions"}],"predecessor-version":[{"id":4258,"href":"https:\/\/challengeseconomiques.com\/index.php?rest_route=\/wp\/v2\/posts\/4222\/revisions\/4258"}],"wp:featuredmedia":[{"embeddable":true,"href":"https:\/\/challengeseconomiques.com\/index.php?rest_route=\/wp\/v2\/media\/4223"}],"wp:attachment":[{"href":"https:\/\/challengeseconomiques.com\/index.php?rest_route=%2Fwp%2Fv2%2Fmedia&parent=4222"}],"wp:term":[{"taxonomy":"category","embeddable":true,"href":"https:\/\/challengeseconomiques.com\/index.php?rest_route=%2Fwp%2Fv2%2Fcategories&post=4222"},{"taxonomy":"post_tag","embeddable":true,"href":"https:\/\/challengeseconomiques.com\/index.php?rest_route=%2Fwp%2Fv2%2Ftags&post=4222"}],"curies":[{"name":"wp","href":"https:\/\/api.w.org\/{rel}","templated":true}]}}