{"id":4213,"date":"2022-11-04T01:09:25","date_gmt":"2022-11-04T01:09:25","guid":{"rendered":"https:\/\/challengeseconomiques.com\/?p=4213"},"modified":"2022-11-04T01:09:50","modified_gmt":"2022-11-04T01:09:50","slug":"marche-financier-regional-nouvelle-sortie-manquee-pour-le-mali","status":"publish","type":"post","link":"https:\/\/challengeseconomiques.com\/?p=4213","title":{"rendered":"March\u00e9 financier r\u00e9gional : nouvelle sortie manqu\u00e9e pour le Mali"},"content":{"rendered":"<p>&nbsp;<\/p>\n<p class=\"texte textearticle\"><strong>Apr\u00e8s avoir renou\u00e9 avec le march\u00e9 des titres publics il y a juste trois mois, Bamako acc\u00e9l\u00e8re ses incursions pour atteindre tout au moins la moiti\u00e9 de ses objectifs d\u2019avant-sanctions. Mais, \u00e9chaud\u00e9s, les investisseurs semblent encore frileux.<\/strong><strong>&nbsp;<\/strong><\/p>\n<p class=\"texte textearticle\">Apr\u00e8s sa sortie manqu\u00e9e du 21 septembre dernier, le Mali vient de rater \u00e0 nouveau le coche sur le march\u00e9 financier r\u00e9gional. A la recherche de 40 milliards FCFA&nbsp;(59,6 millions&nbsp;$)&nbsp;pour couvrir son budget, Bamako, qui s\u2019est engag\u00e9 dans une course contre la montre pour rattraper son retard engendr\u00e9 par les sanctions \u00e9conomiques inflig\u00e9es par la CEDEAO, n\u2019a r\u00e9ussi \u00e0 mobiliser que 21 milliards FCFA dans une double op\u00e9ration boucl\u00e9e mercredi 02 novembre.<\/p>\n<p class=\"texte textearticle\">Une op\u00e9ration pour laquelle se sont pourtant mobilis\u00e9s des investisseurs venus de l\u2019ensemble des pays de l\u2019UEMOA, \u00e0 l\u2019exception du Togo et du S\u00e9n\u00e9gal. Les soumissionnaires bas\u00e9s \u00e0 Abidjan \u00e9taient en t\u00eate.<\/p>\n<p class=\"texte textearticle\">Depuis son retour sur le march\u00e9 financier r\u00e9gional, le 09 ao\u00fbt, o\u00f9 il a mobilis\u00e9 plus de 277 milliards FCFA en trois op\u00e9rations simultan\u00e9es, le Tr\u00e9sor malien a multipli\u00e9 ses incursions. En trois mois, le pays sah\u00e9lien a lev\u00e9 plus de 425 milliards FCFA, dont 83 milliards FCFA en bons assimilables du tr\u00e9sor (BAT), et 342 en obligations assimilables du tr\u00e9sor (OAT).<\/p>\n<p class=\"texte textearticle\">Frapp\u00e9 de plein fouet par la crise s\u00e9curitaire depuis 2012,&nbsp;dont les effets sont intensifi\u00e9s&nbsp;par les chocs exog\u00e8nes de ces deux derni\u00e8res ann\u00e9es, la Covid-19 et le conflit&nbsp;russo-ukrainien, le Mali a vu sa note souveraine se d\u00e9grader, avec les sanctions inflig\u00e9es au pays par la CEDEAO \u00e0 l\u2019av\u00e8nement de la junte dirig\u00e9e par Assimi Goita.<\/p>\n<p class=\"texte textearticle\">\u00c9chaud\u00e9s par les arri\u00e9r\u00e9s de remboursement accumul\u00e9s de janvier \u00e0 fin juillet, les investisseurs r\u00e9gionaux jouent la carte de la prudence face au papier malien. Et cela se ressent sur les taux.<\/p>\n<p class=\"texte textearticle\">Sur les deux titres \u00e9mis, deux obligations de trois ans et sept ans, les taux de rendement, qui sont les taux auxquels les investisseurs seraient pr\u00eats \u00e0 acheter de nouveaux titres maliens ou les titres maliens de m\u00eame maturit\u00e9 sur le march\u00e9 secondaire, ont connu une l\u00e9g\u00e8re augmentation. Ce rel\u00e8vement traduit bien la frilosit\u00e9 du march\u00e9 face au Mali.<\/p>\n<p class=\"texte textearticle\">Le taux de rendement moyen de l\u2019OAT de sept ans est pass\u00e9 de 6,59\u2009% \u00e0 6,61\u2009%. C\u2019est nettement sup\u00e9rieur \u00e0 celui du S\u00e9n\u00e9gal (6,01\u2009%) lors de sa sortie de la semaine d\u2019avant sur la m\u00eame maturit\u00e9. M\u00eame la Guin\u00e9e-Bissau, qui est une \u00e9conomie modeste par rapport au Mali, fait mieux sur la maturit\u00e9 trois ans. Le rendement de ses titres tourne dans le sillage de 6,03\u2009%, contre 6,20\u2009% pour le Mali.<\/p>\n<p class=\"texte textearticle\">D\u2019apr\u00e8s le calendrier indicatif d\u2019UMOA-titres, le Mali devrait lancer encore 4 OAT d\u2019une valeur totale de&nbsp; 70 milliards FCFA d\u2019ici la fin de cette ann\u00e9e, pour toucher un montant total cumul\u00e9 de 500 milliards FCFA sur l\u2019ann\u00e9e, soit pr\u00e8s de la moiti\u00e9 de ses ambitions en d\u00e9but d\u2019ann\u00e9e avant les sanctions de la CEDEAO.<\/p>\n<p><strong>(Agence Ecofin)<\/strong><\/p>\n","protected":false},"excerpt":{"rendered":"<p>&nbsp; Apr\u00e8s avoir renou\u00e9 avec le march\u00e9 des titres publics il y a juste trois mois, Bamako acc\u00e9l\u00e8re ses incursions pour atteindre tout au moins&#8230;<\/p>\n","protected":false},"author":1,"featured_media":4214,"comment_status":"closed","ping_status":"open","sticky":false,"template":"","format":"standard","meta":{"_jetpack_memberships_contains_paid_content":false,"footnotes":""},"categories":[10],"tags":[],"class_list":["post-4213","post","type-post","status-publish","format-standard","has-post-thumbnail","hentry","category-infos-eco","wpcat-10-id"],"yoast_head":"<!-- This site is optimized with the Yoast SEO plugin v27.1.1 - https:\/\/yoast.com\/product\/yoast-seo-wordpress\/ -->\n<title>March\u00e9 financier r\u00e9gional : nouvelle sortie manqu\u00e9e pour le Mali - challenges economiques<\/title>\n<meta name=\"robots\" content=\"index, follow, max-snippet:-1, max-image-preview:large, max-video-preview:-1\" \/>\n<link rel=\"canonical\" href=\"https:\/\/challengeseconomiques.com\/?p=4213\" \/>\n<meta property=\"og:locale\" content=\"fr_FR\" \/>\n<meta property=\"og:type\" content=\"article\" \/>\n<meta property=\"og:title\" content=\"March\u00e9 financier r\u00e9gional : nouvelle sortie manqu\u00e9e pour le Mali - challenges economiques\" \/>\n<meta property=\"og:description\" content=\"&nbsp; Apr\u00e8s avoir renou\u00e9 avec le march\u00e9 des titres publics il y a juste trois mois, Bamako acc\u00e9l\u00e8re ses incursions pour atteindre tout au moins...\" \/>\n<meta property=\"og:url\" content=\"https:\/\/challengeseconomiques.com\/?p=4213\" \/>\n<meta property=\"og:site_name\" content=\"challenges economiques\" \/>\n<meta property=\"article:published_time\" content=\"2022-11-04T01:09:25+00:00\" \/>\n<meta property=\"article:modified_time\" content=\"2022-11-04T01:09:50+00:00\" \/>\n<meta property=\"og:image\" content=\"https:\/\/challengeseconomiques.com\/wp-content\/uploads\/2022\/11\/malia.jpg\" \/>\n\t<meta property=\"og:image:width\" content=\"612\" \/>\n\t<meta property=\"og:image:height\" content=\"392\" \/>\n\t<meta property=\"og:image:type\" content=\"image\/jpeg\" \/>\n<meta name=\"author\" content=\"admin\" \/>\n<meta name=\"twitter:card\" content=\"summary_large_image\" \/>\n<meta name=\"twitter:label1\" content=\"\u00c9crit par\" \/>\n\t<meta name=\"twitter:data1\" content=\"admin\" \/>\n\t<meta name=\"twitter:label2\" content=\"Dur\u00e9e de lecture estim\u00e9e\" \/>\n\t<meta name=\"twitter:data2\" content=\"3 minutes\" \/>\n<script type=\"application\/ld+json\" class=\"yoast-schema-graph\">{\"@context\":\"https:\/\/schema.org\",\"@graph\":[{\"@type\":\"Article\",\"@id\":\"https:\/\/challengeseconomiques.com\/?p=4213#article\",\"isPartOf\":{\"@id\":\"https:\/\/challengeseconomiques.com\/?p=4213\"},\"author\":{\"name\":\"admin\",\"@id\":\"https:\/\/challengeseconomiques.com\/#\/schema\/person\/b4568c9afebc5a9238a771873801e349\"},\"headline\":\"March\u00e9 financier r\u00e9gional : nouvelle sortie manqu\u00e9e pour le Mali\",\"datePublished\":\"2022-11-04T01:09:25+00:00\",\"dateModified\":\"2022-11-04T01:09:50+00:00\",\"mainEntityOfPage\":{\"@id\":\"https:\/\/challengeseconomiques.com\/?p=4213\"},\"wordCount\":544,\"image\":{\"@id\":\"https:\/\/challengeseconomiques.com\/?p=4213#primaryimage\"},\"thumbnailUrl\":\"https:\/\/challengeseconomiques.com\/wp-content\/uploads\/2022\/11\/malia.jpg\",\"articleSection\":[\"Infos \u00e9co\"],\"inLanguage\":\"fr-FR\"},{\"@type\":\"WebPage\",\"@id\":\"https:\/\/challengeseconomiques.com\/?p=4213\",\"url\":\"https:\/\/challengeseconomiques.com\/?p=4213\",\"name\":\"March\u00e9 financier r\u00e9gional : nouvelle sortie manqu\u00e9e pour le Mali - challenges economiques\",\"isPartOf\":{\"@id\":\"https:\/\/challengeseconomiques.com\/#website\"},\"primaryImageOfPage\":{\"@id\":\"https:\/\/challengeseconomiques.com\/?p=4213#primaryimage\"},\"image\":{\"@id\":\"https:\/\/challengeseconomiques.com\/?p=4213#primaryimage\"},\"thumbnailUrl\":\"https:\/\/challengeseconomiques.com\/wp-content\/uploads\/2022\/11\/malia.jpg\",\"datePublished\":\"2022-11-04T01:09:25+00:00\",\"dateModified\":\"2022-11-04T01:09:50+00:00\",\"author\":{\"@id\":\"https:\/\/challengeseconomiques.com\/#\/schema\/person\/b4568c9afebc5a9238a771873801e349\"},\"breadcrumb\":{\"@id\":\"https:\/\/challengeseconomiques.com\/?p=4213#breadcrumb\"},\"inLanguage\":\"fr-FR\",\"potentialAction\":[{\"@type\":\"ReadAction\",\"target\":[\"https:\/\/challengeseconomiques.com\/?p=4213\"]}]},{\"@type\":\"ImageObject\",\"inLanguage\":\"fr-FR\",\"@id\":\"https:\/\/challengeseconomiques.com\/?p=4213#primaryimage\",\"url\":\"https:\/\/challengeseconomiques.com\/wp-content\/uploads\/2022\/11\/malia.jpg\",\"contentUrl\":\"https:\/\/challengeseconomiques.com\/wp-content\/uploads\/2022\/11\/malia.jpg\",\"width\":612,\"height\":392,\"caption\":\"A view of the headquarters of the BCEAO from the Niger River. Image taken by Aliou Hasseye. Bamako, Mali, March 8, 2019\"},{\"@type\":\"BreadcrumbList\",\"@id\":\"https:\/\/challengeseconomiques.com\/?p=4213#breadcrumb\",\"itemListElement\":[{\"@type\":\"ListItem\",\"position\":1,\"name\":\"Home\",\"item\":\"https:\/\/challengeseconomiques.com\/\"},{\"@type\":\"ListItem\",\"position\":2,\"name\":\"March\u00e9 financier r\u00e9gional : nouvelle sortie manqu\u00e9e pour le Mali\"}]},{\"@type\":\"WebSite\",\"@id\":\"https:\/\/challengeseconomiques.com\/#website\",\"url\":\"https:\/\/challengeseconomiques.com\/\",\"name\":\"challenges economiques\",\"description\":\"\",\"potentialAction\":[{\"@type\":\"SearchAction\",\"target\":{\"@type\":\"EntryPoint\",\"urlTemplate\":\"https:\/\/challengeseconomiques.com\/?s={search_term_string}\"},\"query-input\":{\"@type\":\"PropertyValueSpecification\",\"valueRequired\":true,\"valueName\":\"search_term_string\"}}],\"inLanguage\":\"fr-FR\"},{\"@type\":\"Person\",\"@id\":\"https:\/\/challengeseconomiques.com\/#\/schema\/person\/b4568c9afebc5a9238a771873801e349\",\"name\":\"admin\",\"image\":{\"@type\":\"ImageObject\",\"inLanguage\":\"fr-FR\",\"@id\":\"https:\/\/challengeseconomiques.com\/#\/schema\/person\/image\/\",\"url\":\"https:\/\/secure.gravatar.com\/avatar\/099e42240b5eea11acdb72751fcce0dd918603f0749d24974b7984ea47ed9fd9?s=96&d=mm&r=g\",\"contentUrl\":\"https:\/\/secure.gravatar.com\/avatar\/099e42240b5eea11acdb72751fcce0dd918603f0749d24974b7984ea47ed9fd9?s=96&d=mm&r=g\",\"caption\":\"admin\"},\"sameAs\":[\"https:\/\/challengeseconomiques.com\"],\"url\":\"https:\/\/challengeseconomiques.com\/?author=1\"}]}<\/script>\n<!-- \/ Yoast SEO plugin. -->","yoast_head_json":{"title":"March\u00e9 financier r\u00e9gional : nouvelle sortie manqu\u00e9e pour le Mali - challenges economiques","robots":{"index":"index","follow":"follow","max-snippet":"max-snippet:-1","max-image-preview":"max-image-preview:large","max-video-preview":"max-video-preview:-1"},"canonical":"https:\/\/challengeseconomiques.com\/?p=4213","og_locale":"fr_FR","og_type":"article","og_title":"March\u00e9 financier r\u00e9gional : nouvelle sortie manqu\u00e9e pour le Mali - challenges economiques","og_description":"&nbsp; Apr\u00e8s avoir renou\u00e9 avec le march\u00e9 des titres publics il y a juste trois mois, Bamako acc\u00e9l\u00e8re ses incursions pour atteindre tout au moins...","og_url":"https:\/\/challengeseconomiques.com\/?p=4213","og_site_name":"challenges economiques","article_published_time":"2022-11-04T01:09:25+00:00","article_modified_time":"2022-11-04T01:09:50+00:00","og_image":[{"width":612,"height":392,"url":"https:\/\/challengeseconomiques.com\/wp-content\/uploads\/2022\/11\/malia.jpg","type":"image\/jpeg"}],"author":"admin","twitter_card":"summary_large_image","twitter_misc":{"\u00c9crit par":"admin","Dur\u00e9e de lecture estim\u00e9e":"3 minutes"},"schema":{"@context":"https:\/\/schema.org","@graph":[{"@type":"Article","@id":"https:\/\/challengeseconomiques.com\/?p=4213#article","isPartOf":{"@id":"https:\/\/challengeseconomiques.com\/?p=4213"},"author":{"name":"admin","@id":"https:\/\/challengeseconomiques.com\/#\/schema\/person\/b4568c9afebc5a9238a771873801e349"},"headline":"March\u00e9 financier r\u00e9gional : nouvelle sortie manqu\u00e9e pour le Mali","datePublished":"2022-11-04T01:09:25+00:00","dateModified":"2022-11-04T01:09:50+00:00","mainEntityOfPage":{"@id":"https:\/\/challengeseconomiques.com\/?p=4213"},"wordCount":544,"image":{"@id":"https:\/\/challengeseconomiques.com\/?p=4213#primaryimage"},"thumbnailUrl":"https:\/\/challengeseconomiques.com\/wp-content\/uploads\/2022\/11\/malia.jpg","articleSection":["Infos \u00e9co"],"inLanguage":"fr-FR"},{"@type":"WebPage","@id":"https:\/\/challengeseconomiques.com\/?p=4213","url":"https:\/\/challengeseconomiques.com\/?p=4213","name":"March\u00e9 financier r\u00e9gional : nouvelle sortie manqu\u00e9e pour le Mali - challenges economiques","isPartOf":{"@id":"https:\/\/challengeseconomiques.com\/#website"},"primaryImageOfPage":{"@id":"https:\/\/challengeseconomiques.com\/?p=4213#primaryimage"},"image":{"@id":"https:\/\/challengeseconomiques.com\/?p=4213#primaryimage"},"thumbnailUrl":"https:\/\/challengeseconomiques.com\/wp-content\/uploads\/2022\/11\/malia.jpg","datePublished":"2022-11-04T01:09:25+00:00","dateModified":"2022-11-04T01:09:50+00:00","author":{"@id":"https:\/\/challengeseconomiques.com\/#\/schema\/person\/b4568c9afebc5a9238a771873801e349"},"breadcrumb":{"@id":"https:\/\/challengeseconomiques.com\/?p=4213#breadcrumb"},"inLanguage":"fr-FR","potentialAction":[{"@type":"ReadAction","target":["https:\/\/challengeseconomiques.com\/?p=4213"]}]},{"@type":"ImageObject","inLanguage":"fr-FR","@id":"https:\/\/challengeseconomiques.com\/?p=4213#primaryimage","url":"https:\/\/challengeseconomiques.com\/wp-content\/uploads\/2022\/11\/malia.jpg","contentUrl":"https:\/\/challengeseconomiques.com\/wp-content\/uploads\/2022\/11\/malia.jpg","width":612,"height":392,"caption":"A view of the headquarters of the BCEAO from the Niger River. Image taken by Aliou Hasseye. Bamako, Mali, March 8, 2019"},{"@type":"BreadcrumbList","@id":"https:\/\/challengeseconomiques.com\/?p=4213#breadcrumb","itemListElement":[{"@type":"ListItem","position":1,"name":"Home","item":"https:\/\/challengeseconomiques.com\/"},{"@type":"ListItem","position":2,"name":"March\u00e9 financier r\u00e9gional : nouvelle sortie manqu\u00e9e pour le Mali"}]},{"@type":"WebSite","@id":"https:\/\/challengeseconomiques.com\/#website","url":"https:\/\/challengeseconomiques.com\/","name":"challenges economiques","description":"","potentialAction":[{"@type":"SearchAction","target":{"@type":"EntryPoint","urlTemplate":"https:\/\/challengeseconomiques.com\/?s={search_term_string}"},"query-input":{"@type":"PropertyValueSpecification","valueRequired":true,"valueName":"search_term_string"}}],"inLanguage":"fr-FR"},{"@type":"Person","@id":"https:\/\/challengeseconomiques.com\/#\/schema\/person\/b4568c9afebc5a9238a771873801e349","name":"admin","image":{"@type":"ImageObject","inLanguage":"fr-FR","@id":"https:\/\/challengeseconomiques.com\/#\/schema\/person\/image\/","url":"https:\/\/secure.gravatar.com\/avatar\/099e42240b5eea11acdb72751fcce0dd918603f0749d24974b7984ea47ed9fd9?s=96&d=mm&r=g","contentUrl":"https:\/\/secure.gravatar.com\/avatar\/099e42240b5eea11acdb72751fcce0dd918603f0749d24974b7984ea47ed9fd9?s=96&d=mm&r=g","caption":"admin"},"sameAs":["https:\/\/challengeseconomiques.com"],"url":"https:\/\/challengeseconomiques.com\/?author=1"}]}},"jetpack_featured_media_url":"https:\/\/challengeseconomiques.com\/wp-content\/uploads\/2022\/11\/malia.jpg","jetpack_sharing_enabled":true,"_links":{"self":[{"href":"https:\/\/challengeseconomiques.com\/index.php?rest_route=\/wp\/v2\/posts\/4213","targetHints":{"allow":["GET"]}}],"collection":[{"href":"https:\/\/challengeseconomiques.com\/index.php?rest_route=\/wp\/v2\/posts"}],"about":[{"href":"https:\/\/challengeseconomiques.com\/index.php?rest_route=\/wp\/v2\/types\/post"}],"author":[{"embeddable":true,"href":"https:\/\/challengeseconomiques.com\/index.php?rest_route=\/wp\/v2\/users\/1"}],"replies":[{"embeddable":true,"href":"https:\/\/challengeseconomiques.com\/index.php?rest_route=%2Fwp%2Fv2%2Fcomments&post=4213"}],"version-history":[{"count":2,"href":"https:\/\/challengeseconomiques.com\/index.php?rest_route=\/wp\/v2\/posts\/4213\/revisions"}],"predecessor-version":[{"id":4216,"href":"https:\/\/challengeseconomiques.com\/index.php?rest_route=\/wp\/v2\/posts\/4213\/revisions\/4216"}],"wp:featuredmedia":[{"embeddable":true,"href":"https:\/\/challengeseconomiques.com\/index.php?rest_route=\/wp\/v2\/media\/4214"}],"wp:attachment":[{"href":"https:\/\/challengeseconomiques.com\/index.php?rest_route=%2Fwp%2Fv2%2Fmedia&parent=4213"}],"wp:term":[{"taxonomy":"category","embeddable":true,"href":"https:\/\/challengeseconomiques.com\/index.php?rest_route=%2Fwp%2Fv2%2Fcategories&post=4213"},{"taxonomy":"post_tag","embeddable":true,"href":"https:\/\/challengeseconomiques.com\/index.php?rest_route=%2Fwp%2Fv2%2Ftags&post=4213"}],"curies":[{"name":"wp","href":"https:\/\/api.w.org\/{rel}","templated":true}]}}