{"id":4177,"date":"2022-10-26T18:15:29","date_gmt":"2022-10-26T18:15:29","guid":{"rendered":"https:\/\/challengeseconomiques.com\/?p=4177"},"modified":"2022-10-26T18:15:55","modified_gmt":"2022-10-26T18:15:55","slug":"sensibilisation-des-acteurs-des-collectivites-territoriales-du-pole-centre-ouest-sur-le-nouveau-cadre-des-ppp","status":"publish","type":"post","link":"https:\/\/challengeseconomiques.com\/?p=4177","title":{"rendered":"Sensibilisation des acteurs des collectivit\u00e9s territoriales du p\u00f4le Centre\/ouest sur le nouveau cadre des PPP"},"content":{"rendered":"<p><strong>M. Lamine Lo, Directeur des financements et des Partenariats Public-Public<\/strong><\/p>\n<p><strong>Dans le cadre de la campagne \u00ab&nbsp;Tabax su\u1fc6u PPP, Nguir Tabax su\u1fc6u reew \u00bb, l\u2019Unit\u00e9 nationale d\u2019appui aux partenariats public priv\u00e9 (UNAPPP) a organis\u00e9 ce mercredi 26 octobre 2022, \u00e0 Dakar, le troisi\u00e8me atelier de sensibilisation destin\u00e9 aux collectivit\u00e9s territoriales, sur le nouveau cadre des partenariats public priv\u00e9.<\/strong><\/p>\n<p>Selon Lamine Lo, le Directeur des financements et des Partenariats Public-Public, au minist\u00e8re de l\u2019\u00e9conomie du plan et de la coop\u00e9ration&nbsp; , \u00ab cette campagne de vulgarisation vise une meilleure appropriation du nouveau cadre des PPP par les diff\u00e9rents acteurs \u00bb. &nbsp;Cela \u00ab en vue de promouvoir le d\u00e9veloppement de PPP de qualit\u00e9 au S\u00e9n\u00e9gal \u00bb a soutenu M. Lo. Ce dernier &nbsp;a rappel\u00e9 devant les repr\u00e9sentants des collectivit\u00e9s territoriales que \u00ab ce nouveau cadre des partenariats public-priv\u00e9 a \u00e9t\u00e9 adopt\u00e9 pour faire des PPP un levier important de l\u2019atteinte des objectifs du Plan d\u2019Actions Prioritaires Ajust\u00e9 et Acc\u00e9l\u00e9r\u00e9 (PAP 2A) du PSE dont a-t-il rappel\u00e9&nbsp; \u00ab 40% du financement, repr\u00e9sentant un montant de 4.770 milliards, est attendu du secteur priv\u00e9 \u00bb. La r\u00e9alisation rapide, efficiente et efficace de projets de partenariats public-priv\u00e9 dans les collectivit\u00e9s territoriales est un objectif majeur de la r\u00e9forme des PPP a indiqu\u00e9 Lamine Lo. Pour r\u00e9pondre \u00e0 cet imp\u00e9ratif, M. Lo d\u00e9clare que &nbsp;la nouvelle loi relative aux contrats de PPP a institu\u00e9 des dispositifs innovants pour faire des PPP de qualit\u00e9 dans les Collectivit\u00e9s territoriales.<\/p>\n<p>L\u2019adjoint au gouverneur de Dakar en charge du d\u00e9veloppement, Assane Gueye a lui attir\u00e9 l\u2019attention sur le fait que l\u2019\u00e9tat du S\u00e9n\u00e9gal a r\u00e9alis\u00e9 beaucoup de projets en mode PPP, en donnant l\u2019exemple de l\u2019autoroute \u00e0 p\u00e9age, avant d\u2019affirmer qu\u2019il permet de mieux prendre en charge le d\u00e9veloppement du S\u00e9n\u00e9gal et des collectivit\u00e9s territoriales. D\u2019o\u00f9 l\u2019importance de l\u2019appropriation et la maitrise de ce nouveau cadre des PPP par l\u2019ensemble des parties prenantes notamment les acteurs des collectivit\u00e9s territoriales.<\/p>\n","protected":false},"excerpt":{"rendered":"<p>M. Lamine Lo, Directeur des financements et des Partenariats Public-Public Dans le cadre de la campagne \u00ab&nbsp;Tabax su\u1fc6u PPP, Nguir Tabax su\u1fc6u reew \u00bb, l\u2019Unit\u00e9&#8230;<\/p>\n","protected":false},"author":1,"featured_media":4178,"comment_status":"closed","ping_status":"open","sticky":false,"template":"","format":"standard","meta":{"_jetpack_memberships_contains_paid_content":false,"footnotes":""},"categories":[23,10],"tags":[],"class_list":["post-4177","post","type-post","status-publish","format-standard","has-post-thumbnail","hentry","category-a-la-une","category-infos-eco","wpcat-23-id","wpcat-10-id"],"yoast_head":"<!-- This site is optimized with the Yoast SEO plugin v27.1.1 - https:\/\/yoast.com\/product\/yoast-seo-wordpress\/ -->\n<title>Sensibilisation des acteurs des collectivit\u00e9s territoriales du p\u00f4le Centre\/ouest sur le nouveau cadre des PPP - challenges economiques<\/title>\n<meta name=\"robots\" content=\"index, follow, max-snippet:-1, max-image-preview:large, max-video-preview:-1\" \/>\n<link rel=\"canonical\" href=\"https:\/\/challengeseconomiques.com\/?p=4177\" \/>\n<meta property=\"og:locale\" content=\"fr_FR\" \/>\n<meta property=\"og:type\" content=\"article\" \/>\n<meta property=\"og:title\" content=\"Sensibilisation des acteurs des collectivit\u00e9s territoriales du p\u00f4le Centre\/ouest sur le nouveau cadre des PPP - challenges economiques\" \/>\n<meta property=\"og:description\" content=\"M. Lamine Lo, Directeur des financements et des Partenariats Public-Public Dans le cadre de la campagne \u00ab&nbsp;Tabax su\u1fc6u PPP, Nguir Tabax su\u1fc6u reew \u00bb, l\u2019Unit\u00e9...\" \/>\n<meta property=\"og:url\" content=\"https:\/\/challengeseconomiques.com\/?p=4177\" \/>\n<meta property=\"og:site_name\" content=\"challenges economiques\" \/>\n<meta property=\"article:published_time\" content=\"2022-10-26T18:15:29+00:00\" \/>\n<meta property=\"article:modified_time\" content=\"2022-10-26T18:15:55+00:00\" \/>\n<meta property=\"og:image\" content=\"https:\/\/challengeseconomiques.com\/wp-content\/uploads\/2022\/10\/lamine-lo.jpg\" \/>\n\t<meta property=\"og:image:width\" content=\"1080\" \/>\n\t<meta property=\"og:image:height\" content=\"720\" \/>\n\t<meta property=\"og:image:type\" content=\"image\/jpeg\" \/>\n<meta name=\"author\" content=\"admin\" \/>\n<meta name=\"twitter:card\" content=\"summary_large_image\" \/>\n<meta name=\"twitter:label1\" content=\"\u00c9crit par\" \/>\n\t<meta name=\"twitter:data1\" content=\"admin\" \/>\n\t<meta name=\"twitter:label2\" content=\"Dur\u00e9e de lecture estim\u00e9e\" \/>\n\t<meta name=\"twitter:data2\" content=\"2 minutes\" \/>\n<script type=\"application\/ld+json\" class=\"yoast-schema-graph\">{\"@context\":\"https:\/\/schema.org\",\"@graph\":[{\"@type\":\"Article\",\"@id\":\"https:\/\/challengeseconomiques.com\/?p=4177#article\",\"isPartOf\":{\"@id\":\"https:\/\/challengeseconomiques.com\/?p=4177\"},\"author\":{\"name\":\"admin\",\"@id\":\"https:\/\/challengeseconomiques.com\/#\/schema\/person\/b4568c9afebc5a9238a771873801e349\"},\"headline\":\"Sensibilisation des acteurs des collectivit\u00e9s territoriales du p\u00f4le Centre\/ouest sur le nouveau cadre des PPP\",\"datePublished\":\"2022-10-26T18:15:29+00:00\",\"dateModified\":\"2022-10-26T18:15:55+00:00\",\"mainEntityOfPage\":{\"@id\":\"https:\/\/challengeseconomiques.com\/?p=4177\"},\"wordCount\":374,\"image\":{\"@id\":\"https:\/\/challengeseconomiques.com\/?p=4177#primaryimage\"},\"thumbnailUrl\":\"https:\/\/challengeseconomiques.com\/wp-content\/uploads\/2022\/10\/lamine-lo.jpg\",\"articleSection\":[\"A la une\",\"Infos \u00e9co\"],\"inLanguage\":\"fr-FR\"},{\"@type\":\"WebPage\",\"@id\":\"https:\/\/challengeseconomiques.com\/?p=4177\",\"url\":\"https:\/\/challengeseconomiques.com\/?p=4177\",\"name\":\"Sensibilisation des acteurs des collectivit\u00e9s territoriales du p\u00f4le Centre\/ouest sur le nouveau cadre des PPP - challenges economiques\",\"isPartOf\":{\"@id\":\"https:\/\/challengeseconomiques.com\/#website\"},\"primaryImageOfPage\":{\"@id\":\"https:\/\/challengeseconomiques.com\/?p=4177#primaryimage\"},\"image\":{\"@id\":\"https:\/\/challengeseconomiques.com\/?p=4177#primaryimage\"},\"thumbnailUrl\":\"https:\/\/challengeseconomiques.com\/wp-content\/uploads\/2022\/10\/lamine-lo.jpg\",\"datePublished\":\"2022-10-26T18:15:29+00:00\",\"dateModified\":\"2022-10-26T18:15:55+00:00\",\"author\":{\"@id\":\"https:\/\/challengeseconomiques.com\/#\/schema\/person\/b4568c9afebc5a9238a771873801e349\"},\"breadcrumb\":{\"@id\":\"https:\/\/challengeseconomiques.com\/?p=4177#breadcrumb\"},\"inLanguage\":\"fr-FR\",\"potentialAction\":[{\"@type\":\"ReadAction\",\"target\":[\"https:\/\/challengeseconomiques.com\/?p=4177\"]}]},{\"@type\":\"ImageObject\",\"inLanguage\":\"fr-FR\",\"@id\":\"https:\/\/challengeseconomiques.com\/?p=4177#primaryimage\",\"url\":\"https:\/\/challengeseconomiques.com\/wp-content\/uploads\/2022\/10\/lamine-lo.jpg\",\"contentUrl\":\"https:\/\/challengeseconomiques.com\/wp-content\/uploads\/2022\/10\/lamine-lo.jpg\",\"width\":1080,\"height\":720},{\"@type\":\"BreadcrumbList\",\"@id\":\"https:\/\/challengeseconomiques.com\/?p=4177#breadcrumb\",\"itemListElement\":[{\"@type\":\"ListItem\",\"position\":1,\"name\":\"Home\",\"item\":\"https:\/\/challengeseconomiques.com\/\"},{\"@type\":\"ListItem\",\"position\":2,\"name\":\"Sensibilisation des acteurs des collectivit\u00e9s territoriales du p\u00f4le Centre\/ouest sur le nouveau cadre des PPP\"}]},{\"@type\":\"WebSite\",\"@id\":\"https:\/\/challengeseconomiques.com\/#website\",\"url\":\"https:\/\/challengeseconomiques.com\/\",\"name\":\"challenges economiques\",\"description\":\"\",\"potentialAction\":[{\"@type\":\"SearchAction\",\"target\":{\"@type\":\"EntryPoint\",\"urlTemplate\":\"https:\/\/challengeseconomiques.com\/?s={search_term_string}\"},\"query-input\":{\"@type\":\"PropertyValueSpecification\",\"valueRequired\":true,\"valueName\":\"search_term_string\"}}],\"inLanguage\":\"fr-FR\"},{\"@type\":\"Person\",\"@id\":\"https:\/\/challengeseconomiques.com\/#\/schema\/person\/b4568c9afebc5a9238a771873801e349\",\"name\":\"admin\",\"image\":{\"@type\":\"ImageObject\",\"inLanguage\":\"fr-FR\",\"@id\":\"https:\/\/challengeseconomiques.com\/#\/schema\/person\/image\/\",\"url\":\"https:\/\/secure.gravatar.com\/avatar\/099e42240b5eea11acdb72751fcce0dd918603f0749d24974b7984ea47ed9fd9?s=96&d=mm&r=g\",\"contentUrl\":\"https:\/\/secure.gravatar.com\/avatar\/099e42240b5eea11acdb72751fcce0dd918603f0749d24974b7984ea47ed9fd9?s=96&d=mm&r=g\",\"caption\":\"admin\"},\"sameAs\":[\"https:\/\/challengeseconomiques.com\"],\"url\":\"https:\/\/challengeseconomiques.com\/?author=1\"}]}<\/script>\n<!-- \/ Yoast SEO plugin. -->","yoast_head_json":{"title":"Sensibilisation des acteurs des collectivit\u00e9s territoriales du p\u00f4le Centre\/ouest sur le nouveau cadre des PPP - challenges economiques","robots":{"index":"index","follow":"follow","max-snippet":"max-snippet:-1","max-image-preview":"max-image-preview:large","max-video-preview":"max-video-preview:-1"},"canonical":"https:\/\/challengeseconomiques.com\/?p=4177","og_locale":"fr_FR","og_type":"article","og_title":"Sensibilisation des acteurs des collectivit\u00e9s territoriales du p\u00f4le Centre\/ouest sur le nouveau cadre des PPP - challenges economiques","og_description":"M. Lamine Lo, Directeur des financements et des Partenariats Public-Public Dans le cadre de la campagne \u00ab&nbsp;Tabax su\u1fc6u PPP, Nguir Tabax su\u1fc6u reew \u00bb, l\u2019Unit\u00e9...","og_url":"https:\/\/challengeseconomiques.com\/?p=4177","og_site_name":"challenges economiques","article_published_time":"2022-10-26T18:15:29+00:00","article_modified_time":"2022-10-26T18:15:55+00:00","og_image":[{"width":1080,"height":720,"url":"https:\/\/challengeseconomiques.com\/wp-content\/uploads\/2022\/10\/lamine-lo.jpg","type":"image\/jpeg"}],"author":"admin","twitter_card":"summary_large_image","twitter_misc":{"\u00c9crit par":"admin","Dur\u00e9e de lecture estim\u00e9e":"2 minutes"},"schema":{"@context":"https:\/\/schema.org","@graph":[{"@type":"Article","@id":"https:\/\/challengeseconomiques.com\/?p=4177#article","isPartOf":{"@id":"https:\/\/challengeseconomiques.com\/?p=4177"},"author":{"name":"admin","@id":"https:\/\/challengeseconomiques.com\/#\/schema\/person\/b4568c9afebc5a9238a771873801e349"},"headline":"Sensibilisation des acteurs des collectivit\u00e9s territoriales du p\u00f4le Centre\/ouest sur le nouveau cadre des PPP","datePublished":"2022-10-26T18:15:29+00:00","dateModified":"2022-10-26T18:15:55+00:00","mainEntityOfPage":{"@id":"https:\/\/challengeseconomiques.com\/?p=4177"},"wordCount":374,"image":{"@id":"https:\/\/challengeseconomiques.com\/?p=4177#primaryimage"},"thumbnailUrl":"https:\/\/challengeseconomiques.com\/wp-content\/uploads\/2022\/10\/lamine-lo.jpg","articleSection":["A la une","Infos \u00e9co"],"inLanguage":"fr-FR"},{"@type":"WebPage","@id":"https:\/\/challengeseconomiques.com\/?p=4177","url":"https:\/\/challengeseconomiques.com\/?p=4177","name":"Sensibilisation des acteurs des collectivit\u00e9s territoriales du p\u00f4le Centre\/ouest sur le nouveau cadre des PPP - challenges economiques","isPartOf":{"@id":"https:\/\/challengeseconomiques.com\/#website"},"primaryImageOfPage":{"@id":"https:\/\/challengeseconomiques.com\/?p=4177#primaryimage"},"image":{"@id":"https:\/\/challengeseconomiques.com\/?p=4177#primaryimage"},"thumbnailUrl":"https:\/\/challengeseconomiques.com\/wp-content\/uploads\/2022\/10\/lamine-lo.jpg","datePublished":"2022-10-26T18:15:29+00:00","dateModified":"2022-10-26T18:15:55+00:00","author":{"@id":"https:\/\/challengeseconomiques.com\/#\/schema\/person\/b4568c9afebc5a9238a771873801e349"},"breadcrumb":{"@id":"https:\/\/challengeseconomiques.com\/?p=4177#breadcrumb"},"inLanguage":"fr-FR","potentialAction":[{"@type":"ReadAction","target":["https:\/\/challengeseconomiques.com\/?p=4177"]}]},{"@type":"ImageObject","inLanguage":"fr-FR","@id":"https:\/\/challengeseconomiques.com\/?p=4177#primaryimage","url":"https:\/\/challengeseconomiques.com\/wp-content\/uploads\/2022\/10\/lamine-lo.jpg","contentUrl":"https:\/\/challengeseconomiques.com\/wp-content\/uploads\/2022\/10\/lamine-lo.jpg","width":1080,"height":720},{"@type":"BreadcrumbList","@id":"https:\/\/challengeseconomiques.com\/?p=4177#breadcrumb","itemListElement":[{"@type":"ListItem","position":1,"name":"Home","item":"https:\/\/challengeseconomiques.com\/"},{"@type":"ListItem","position":2,"name":"Sensibilisation des acteurs des collectivit\u00e9s territoriales du p\u00f4le Centre\/ouest sur le nouveau cadre des PPP"}]},{"@type":"WebSite","@id":"https:\/\/challengeseconomiques.com\/#website","url":"https:\/\/challengeseconomiques.com\/","name":"challenges economiques","description":"","potentialAction":[{"@type":"SearchAction","target":{"@type":"EntryPoint","urlTemplate":"https:\/\/challengeseconomiques.com\/?s={search_term_string}"},"query-input":{"@type":"PropertyValueSpecification","valueRequired":true,"valueName":"search_term_string"}}],"inLanguage":"fr-FR"},{"@type":"Person","@id":"https:\/\/challengeseconomiques.com\/#\/schema\/person\/b4568c9afebc5a9238a771873801e349","name":"admin","image":{"@type":"ImageObject","inLanguage":"fr-FR","@id":"https:\/\/challengeseconomiques.com\/#\/schema\/person\/image\/","url":"https:\/\/secure.gravatar.com\/avatar\/099e42240b5eea11acdb72751fcce0dd918603f0749d24974b7984ea47ed9fd9?s=96&d=mm&r=g","contentUrl":"https:\/\/secure.gravatar.com\/avatar\/099e42240b5eea11acdb72751fcce0dd918603f0749d24974b7984ea47ed9fd9?s=96&d=mm&r=g","caption":"admin"},"sameAs":["https:\/\/challengeseconomiques.com"],"url":"https:\/\/challengeseconomiques.com\/?author=1"}]}},"jetpack_featured_media_url":"https:\/\/challengeseconomiques.com\/wp-content\/uploads\/2022\/10\/lamine-lo.jpg","jetpack_sharing_enabled":true,"_links":{"self":[{"href":"https:\/\/challengeseconomiques.com\/index.php?rest_route=\/wp\/v2\/posts\/4177","targetHints":{"allow":["GET"]}}],"collection":[{"href":"https:\/\/challengeseconomiques.com\/index.php?rest_route=\/wp\/v2\/posts"}],"about":[{"href":"https:\/\/challengeseconomiques.com\/index.php?rest_route=\/wp\/v2\/types\/post"}],"author":[{"embeddable":true,"href":"https:\/\/challengeseconomiques.com\/index.php?rest_route=\/wp\/v2\/users\/1"}],"replies":[{"embeddable":true,"href":"https:\/\/challengeseconomiques.com\/index.php?rest_route=%2Fwp%2Fv2%2Fcomments&post=4177"}],"version-history":[{"count":2,"href":"https:\/\/challengeseconomiques.com\/index.php?rest_route=\/wp\/v2\/posts\/4177\/revisions"}],"predecessor-version":[{"id":4180,"href":"https:\/\/challengeseconomiques.com\/index.php?rest_route=\/wp\/v2\/posts\/4177\/revisions\/4180"}],"wp:featuredmedia":[{"embeddable":true,"href":"https:\/\/challengeseconomiques.com\/index.php?rest_route=\/wp\/v2\/media\/4178"}],"wp:attachment":[{"href":"https:\/\/challengeseconomiques.com\/index.php?rest_route=%2Fwp%2Fv2%2Fmedia&parent=4177"}],"wp:term":[{"taxonomy":"category","embeddable":true,"href":"https:\/\/challengeseconomiques.com\/index.php?rest_route=%2Fwp%2Fv2%2Fcategories&post=4177"},{"taxonomy":"post_tag","embeddable":true,"href":"https:\/\/challengeseconomiques.com\/index.php?rest_route=%2Fwp%2Fv2%2Ftags&post=4177"}],"curies":[{"name":"wp","href":"https:\/\/api.w.org\/{rel}","templated":true}]}}