{"id":4174,"date":"2022-10-26T17:01:02","date_gmt":"2022-10-26T17:01:02","guid":{"rendered":"https:\/\/challengeseconomiques.com\/?p=4174"},"modified":"2022-10-26T17:01:25","modified_gmt":"2022-10-26T17:01:25","slug":"senegal-allemagne-cooperation-la-longevite-du-partenariat-entre-les-deux-pays-magnifiee","status":"publish","type":"post","link":"https:\/\/challengeseconomiques.com\/?p=4174","title":{"rendered":"SENEGAL-ALLEMAGNE-COOPERATION La long\u00e9vit\u00e9 du partenariat entre les deux pays magnifi\u00e9e"},"content":{"rendered":"<p>Le secr\u00e9taire g\u00e9n\u00e9ral du minist\u00e8re de l\u2019\u00e9conomie, du plan et de la coop\u00e9ration, All\u00e9 Nar Diop, s\u2019est r\u00e9joui, mardi, de la long\u00e9vit\u00e9 de la coop\u00e9ration entre le S\u00e9n\u00e9gal et la r\u00e9publique f\u00e9d\u00e9rale d\u2019Allemagne.<\/p>\n<p>\u2018\u2019Cette ann\u00e9e marque les soixante ans de la coop\u00e9ration bilat\u00e9rale entre la r\u00e9publique f\u00e9d\u00e9rale d\u2019Allemagne et le S\u00e9n\u00e9gal. La long\u00e9vit\u00e9 de cette relation que nous saluons particuli\u00e8rement r\u00e9sulte des liens d\u2019amiti\u00e9 fraternelle et du dialogue franc qui ont permis de construire un partenariat \u2018\u2019gagnant-gagnant\u2019\u2019, a relev\u00e9 All\u00e9 Nar Diop.<\/p>\n<p>Il s\u2019exprimait \u00e0 l\u2019occasion de la c\u00e9r\u00e9monie d\u2019ouverture de l\u2019\u00e9dition 2022 des n\u00e9gociations intergouvernementales entre le S\u00e9n\u00e9gal et l\u2019Allemagne.<\/p>\n<p>Il me plait, dit-il, \u2018\u2019de rappeler que le partenariat pour encourager les r\u00e9formes, mat\u00e9rialise la vision pragmatique de nos deux pays de mettre en place un cadre d\u2019op\u00e9rationnalisation de r\u00e9formes cl\u00e9s pour assoir la comp\u00e9titivit\u00e9 de l\u2019environnement des affaires et l\u2019accroissement des investissements priv\u00e9s\u2019\u2019.<\/p>\n<p>Selon All\u00e9 Nar Diop, le partenariat met l\u2019accent sur les domaines prioritaires que sont la l\u00e9gislation du travail, la r\u00e9forme fonci\u00e8re, l\u2019acc\u00e8s aux financements, le d\u00e9veloppement des micro-petites et moyennes entreprises, la formation professionnelle, la gouvernance et l\u2019\u00e9nergie.<\/p>\n<p>\u2018\u2019Il importe de relever que l\u2019\u00e9tat d\u2019avancement des r\u00e9formes demeure satisfaisant malgr\u00e9 un contexte \u00e9conomique et social difficile\u2019\u2019, a-t-il soulign\u00e9, saluant \u2018\u2019l\u2019engagement de la partie s\u00e9n\u00e9galaise repr\u00e9sent\u00e9e par les minist\u00e8res sectoriels, directions et agences ici pr\u00e9sents\u2019\u2019.<\/p>\n<p>(\u2026)\u2019\u2019La r\u00e9publique f\u00e9d\u00e9rale d\u2019Allemagne a su s\u2019adapter aux urgences et d\u00e9fis successifs que pose la pand\u00e9mie de Covid-19 et le conflit en Ukraine en apportant un soutien constant aux efforts de r\u00e9silience et de relance de l\u2019Etat\u2019\u2019, a-t-il salu\u00e9.<\/p>\n<p>Il a rappel\u00e9 que cette solidarit\u00e9 s\u2019est illustr\u00e9e avec l\u2019appui exceptionnelle de 100 millions d\u2019euros pour le programme de r\u00e9silience \u00e9conomique et social et, de mani\u00e8re g\u00e9n\u00e9rale, par un volume global d\u2019engagements de 462 millions d\u2019euros, soit environ 303 milliards de francs CFA de financement en dons, entre 2019 et 2021.<\/p>\n<p>\u2018\u2019Le gouvernement invite \u00e0 optimiser les proc\u00e9dures d\u2019instruction des projets suivant une d\u00e9marche concert\u00e9e avec les minist\u00e8res sectoriels, afin de renforcer le taux de mobilisation des ressources qui est estim\u00e9 \u00e0 21,7% en septembre 2022\u2019\u2019, a par ailleurs indiqu\u00e9 M. Diop.<\/p>\n<p>D\u2019apr\u00e8s lui, le S\u00e9n\u00e9gal \u00e0 l\u2019instar des autres pays du monde, subit les cons\u00e9quences directes des profondes mutations g\u00e9opolitiques, climatiques, sanitaires et \u00e9conomiques. Cette situation a induit, selon lui, une flamb\u00e9e des prix des denr\u00e9es de premi\u00e8res n\u00e9cessit\u00e9s, des fertilisants et de l\u2019\u00e9nergie avec des r\u00e9percussions majeures sur le co\u00fbt de la vie des s\u00e9n\u00e9galais.<\/p>\n<p>Ainsi, il a invit\u00e9 les partenaires au d\u00e9veloppement dont fait partie l\u2019Allemagne, d\u2019appuyer le S\u00e9n\u00e9gal pour atteindre ses objectifs de relance de l\u2019\u00e9conomie d\u00e9clin\u00e9s dans le plan d\u2019action prioritaire, ajust\u00e9 et acc\u00e9l\u00e9r\u00e9 (PAP2A) contenu dans le Plan S\u00e9n\u00e9gal Emergent (PSE).<\/p>\n<p>S\u2019agissant du d\u00e9fi de la transition \u00e9nerg\u00e9tique juste, explique-t-il, \u2018\u2019la posture du S\u00e9n\u00e9gal et des pays africains privil\u00e9gie une approche concert\u00e9e et progressive qui prend en compte nos besoins en termes d\u2019acc\u00e8s universel des populations et d\u2019industrialisation de nos \u00e9conomies pour une cr\u00e9ation massive d\u2019emplois durables\u2019\u2019.<\/p>\n<p>\u2018\u2019Dans cette optique, l\u2019exploitation de nos ressources gazi\u00e8res constitue une condition (\u2026) de la strat\u00e9gie de repositionnement de l\u2019\u00e9conomie sur la trajectoire de l\u2019\u00e9mergence\u2019\u2019.<br \/>\n\u2018\u2019Cette option de l\u2019Etat s\u2019articule parfaitement aux efforts d\u00e9j\u00e0 engag\u00e9s dans la promotion du mix-\u00e9nerg\u00e9tique et de r\u00e9duction des gaz \u00e0 effet de serre par des investissements cons\u00e9quents dans le d\u00e9veloppement urbain durable avec la mise en circulation du Train Express R\u00e9gional (TER) et du Bus Rapid Transit (BRT)\u2019\u2019, a-t-il ajout\u00e9.<\/p>\n<p>\u2018\u2019Nous sommes ensemble pour discuter et d\u00e9cider des projets que nos deux gouvernements vont engager dans les mois \u00e0 venir\u2019\u2019, a fait noter Sonke Siemon, l\u2019ambassadeur de l\u2019Allemagne \u00e0 Dakar.<\/p>\n<p>\u2018\u2019L\u2019Allemagne, indique-t-il, propose un nouvel appui budg\u00e9taire non remboursable dans le cadre des n\u00e9gociations gouvernementales qui commencent aujourd\u2019hui pour la stabilit\u00e9 des populations \u00e0 travers une hausse des prix g\u00e9n\u00e9ralis\u00e9e qui concerne surtout le prix de l\u2019\u00e9nergie et de produits de premi\u00e8res n\u00e9cessit\u00e9s\u2019\u2019.<\/p>\n<p>\u2018\u2019Cette nouvelle contribution en faveur de la r\u00e9silience du S\u00e9n\u00e9gal se place dans un contexte politique qui va au-del\u00e0 de la coop\u00e9ration \u00e9conomique au sens strict\u2019\u2019, a-t-il rassur\u00e9.<\/p>\n<p>\u2018\u2019Je suis convaincu que ces n\u00e9gociations gouvernementales vont donner encore plus d\u2019\u00e9lan \u00e0 notre coop\u00e9ration et \u00e0 l\u2019amiti\u00e9 qui lie nos deux peuples. Le succ\u00e8s du S\u00e9n\u00e9gal est aussi dans notre int\u00e9r\u00eat\u2019\u2019, a ajout\u00e9 l\u2019Ambassadeur.<\/p>\n<p><strong>(APS)<\/strong><\/p>\n","protected":false},"excerpt":{"rendered":"<p>Le secr\u00e9taire g\u00e9n\u00e9ral du minist\u00e8re de l\u2019\u00e9conomie, du plan et de la coop\u00e9ration, All\u00e9 Nar Diop, s\u2019est r\u00e9joui, mardi, de la long\u00e9vit\u00e9 de la coop\u00e9ration&#8230;<\/p>\n","protected":false},"author":1,"featured_media":4175,"comment_status":"closed","ping_status":"open","sticky":false,"template":"","format":"standard","meta":{"_jetpack_memberships_contains_paid_content":false,"footnotes":""},"categories":[23,10],"tags":[],"class_list":["post-4174","post","type-post","status-publish","format-standard","has-post-thumbnail","hentry","category-a-la-une","category-infos-eco","wpcat-23-id","wpcat-10-id"],"yoast_head":"<!-- This site is optimized with the Yoast SEO plugin v27.1.1 - https:\/\/yoast.com\/product\/yoast-seo-wordpress\/ -->\n<title>SENEGAL-ALLEMAGNE-COOPERATION La long\u00e9vit\u00e9 du partenariat entre les deux pays magnifi\u00e9e - challenges economiques<\/title>\n<meta name=\"robots\" content=\"index, follow, max-snippet:-1, max-image-preview:large, max-video-preview:-1\" \/>\n<link rel=\"canonical\" href=\"https:\/\/challengeseconomiques.com\/?p=4174\" \/>\n<meta property=\"og:locale\" content=\"fr_FR\" \/>\n<meta property=\"og:type\" content=\"article\" \/>\n<meta property=\"og:title\" content=\"SENEGAL-ALLEMAGNE-COOPERATION La long\u00e9vit\u00e9 du partenariat entre les deux pays magnifi\u00e9e - challenges economiques\" \/>\n<meta property=\"og:description\" content=\"Le secr\u00e9taire g\u00e9n\u00e9ral du minist\u00e8re de l\u2019\u00e9conomie, du plan et de la coop\u00e9ration, All\u00e9 Nar Diop, s\u2019est r\u00e9joui, mardi, de la long\u00e9vit\u00e9 de la coop\u00e9ration...\" \/>\n<meta property=\"og:url\" content=\"https:\/\/challengeseconomiques.com\/?p=4174\" \/>\n<meta property=\"og:site_name\" content=\"challenges economiques\" \/>\n<meta property=\"article:published_time\" content=\"2022-10-26T17:01:02+00:00\" \/>\n<meta property=\"article:modified_time\" content=\"2022-10-26T17:01:25+00:00\" \/>\n<meta property=\"og:image\" content=\"https:\/\/challengeseconomiques.com\/wp-content\/uploads\/2022\/10\/allemagnesenegal.jpg\" \/>\n\t<meta property=\"og:image:width\" content=\"1080\" \/>\n\t<meta property=\"og:image:height\" content=\"720\" \/>\n\t<meta property=\"og:image:type\" content=\"image\/jpeg\" \/>\n<meta name=\"author\" content=\"admin\" \/>\n<meta name=\"twitter:card\" content=\"summary_large_image\" \/>\n<meta name=\"twitter:label1\" content=\"\u00c9crit par\" \/>\n\t<meta name=\"twitter:data1\" content=\"admin\" \/>\n\t<meta name=\"twitter:label2\" content=\"Dur\u00e9e de lecture estim\u00e9e\" \/>\n\t<meta name=\"twitter:data2\" content=\"4 minutes\" \/>\n<script type=\"application\/ld+json\" class=\"yoast-schema-graph\">{\"@context\":\"https:\/\/schema.org\",\"@graph\":[{\"@type\":\"Article\",\"@id\":\"https:\/\/challengeseconomiques.com\/?p=4174#article\",\"isPartOf\":{\"@id\":\"https:\/\/challengeseconomiques.com\/?p=4174\"},\"author\":{\"name\":\"admin\",\"@id\":\"https:\/\/challengeseconomiques.com\/#\/schema\/person\/b4568c9afebc5a9238a771873801e349\"},\"headline\":\"SENEGAL-ALLEMAGNE-COOPERATION La long\u00e9vit\u00e9 du partenariat entre les deux pays magnifi\u00e9e\",\"datePublished\":\"2022-10-26T17:01:02+00:00\",\"dateModified\":\"2022-10-26T17:01:25+00:00\",\"mainEntityOfPage\":{\"@id\":\"https:\/\/challengeseconomiques.com\/?p=4174\"},\"wordCount\":873,\"image\":{\"@id\":\"https:\/\/challengeseconomiques.com\/?p=4174#primaryimage\"},\"thumbnailUrl\":\"https:\/\/challengeseconomiques.com\/wp-content\/uploads\/2022\/10\/allemagnesenegal.jpg\",\"articleSection\":[\"A la une\",\"Infos \u00e9co\"],\"inLanguage\":\"fr-FR\"},{\"@type\":\"WebPage\",\"@id\":\"https:\/\/challengeseconomiques.com\/?p=4174\",\"url\":\"https:\/\/challengeseconomiques.com\/?p=4174\",\"name\":\"SENEGAL-ALLEMAGNE-COOPERATION La long\u00e9vit\u00e9 du partenariat entre les deux pays magnifi\u00e9e - challenges economiques\",\"isPartOf\":{\"@id\":\"https:\/\/challengeseconomiques.com\/#website\"},\"primaryImageOfPage\":{\"@id\":\"https:\/\/challengeseconomiques.com\/?p=4174#primaryimage\"},\"image\":{\"@id\":\"https:\/\/challengeseconomiques.com\/?p=4174#primaryimage\"},\"thumbnailUrl\":\"https:\/\/challengeseconomiques.com\/wp-content\/uploads\/2022\/10\/allemagnesenegal.jpg\",\"datePublished\":\"2022-10-26T17:01:02+00:00\",\"dateModified\":\"2022-10-26T17:01:25+00:00\",\"author\":{\"@id\":\"https:\/\/challengeseconomiques.com\/#\/schema\/person\/b4568c9afebc5a9238a771873801e349\"},\"breadcrumb\":{\"@id\":\"https:\/\/challengeseconomiques.com\/?p=4174#breadcrumb\"},\"inLanguage\":\"fr-FR\",\"potentialAction\":[{\"@type\":\"ReadAction\",\"target\":[\"https:\/\/challengeseconomiques.com\/?p=4174\"]}]},{\"@type\":\"ImageObject\",\"inLanguage\":\"fr-FR\",\"@id\":\"https:\/\/challengeseconomiques.com\/?p=4174#primaryimage\",\"url\":\"https:\/\/challengeseconomiques.com\/wp-content\/uploads\/2022\/10\/allemagnesenegal.jpg\",\"contentUrl\":\"https:\/\/challengeseconomiques.com\/wp-content\/uploads\/2022\/10\/allemagnesenegal.jpg\",\"width\":1080,\"height\":720},{\"@type\":\"BreadcrumbList\",\"@id\":\"https:\/\/challengeseconomiques.com\/?p=4174#breadcrumb\",\"itemListElement\":[{\"@type\":\"ListItem\",\"position\":1,\"name\":\"Home\",\"item\":\"https:\/\/challengeseconomiques.com\/\"},{\"@type\":\"ListItem\",\"position\":2,\"name\":\"SENEGAL-ALLEMAGNE-COOPERATION La long\u00e9vit\u00e9 du partenariat entre les deux pays magnifi\u00e9e\"}]},{\"@type\":\"WebSite\",\"@id\":\"https:\/\/challengeseconomiques.com\/#website\",\"url\":\"https:\/\/challengeseconomiques.com\/\",\"name\":\"challenges economiques\",\"description\":\"\",\"potentialAction\":[{\"@type\":\"SearchAction\",\"target\":{\"@type\":\"EntryPoint\",\"urlTemplate\":\"https:\/\/challengeseconomiques.com\/?s={search_term_string}\"},\"query-input\":{\"@type\":\"PropertyValueSpecification\",\"valueRequired\":true,\"valueName\":\"search_term_string\"}}],\"inLanguage\":\"fr-FR\"},{\"@type\":\"Person\",\"@id\":\"https:\/\/challengeseconomiques.com\/#\/schema\/person\/b4568c9afebc5a9238a771873801e349\",\"name\":\"admin\",\"image\":{\"@type\":\"ImageObject\",\"inLanguage\":\"fr-FR\",\"@id\":\"https:\/\/challengeseconomiques.com\/#\/schema\/person\/image\/\",\"url\":\"https:\/\/secure.gravatar.com\/avatar\/099e42240b5eea11acdb72751fcce0dd918603f0749d24974b7984ea47ed9fd9?s=96&d=mm&r=g\",\"contentUrl\":\"https:\/\/secure.gravatar.com\/avatar\/099e42240b5eea11acdb72751fcce0dd918603f0749d24974b7984ea47ed9fd9?s=96&d=mm&r=g\",\"caption\":\"admin\"},\"sameAs\":[\"https:\/\/challengeseconomiques.com\"],\"url\":\"https:\/\/challengeseconomiques.com\/?author=1\"}]}<\/script>\n<!-- \/ Yoast SEO plugin. -->","yoast_head_json":{"title":"SENEGAL-ALLEMAGNE-COOPERATION La long\u00e9vit\u00e9 du partenariat entre les deux pays magnifi\u00e9e - challenges economiques","robots":{"index":"index","follow":"follow","max-snippet":"max-snippet:-1","max-image-preview":"max-image-preview:large","max-video-preview":"max-video-preview:-1"},"canonical":"https:\/\/challengeseconomiques.com\/?p=4174","og_locale":"fr_FR","og_type":"article","og_title":"SENEGAL-ALLEMAGNE-COOPERATION La long\u00e9vit\u00e9 du partenariat entre les deux pays magnifi\u00e9e - challenges economiques","og_description":"Le secr\u00e9taire g\u00e9n\u00e9ral du minist\u00e8re de l\u2019\u00e9conomie, du plan et de la coop\u00e9ration, All\u00e9 Nar Diop, s\u2019est r\u00e9joui, mardi, de la long\u00e9vit\u00e9 de la coop\u00e9ration...","og_url":"https:\/\/challengeseconomiques.com\/?p=4174","og_site_name":"challenges economiques","article_published_time":"2022-10-26T17:01:02+00:00","article_modified_time":"2022-10-26T17:01:25+00:00","og_image":[{"width":1080,"height":720,"url":"https:\/\/challengeseconomiques.com\/wp-content\/uploads\/2022\/10\/allemagnesenegal.jpg","type":"image\/jpeg"}],"author":"admin","twitter_card":"summary_large_image","twitter_misc":{"\u00c9crit par":"admin","Dur\u00e9e de lecture estim\u00e9e":"4 minutes"},"schema":{"@context":"https:\/\/schema.org","@graph":[{"@type":"Article","@id":"https:\/\/challengeseconomiques.com\/?p=4174#article","isPartOf":{"@id":"https:\/\/challengeseconomiques.com\/?p=4174"},"author":{"name":"admin","@id":"https:\/\/challengeseconomiques.com\/#\/schema\/person\/b4568c9afebc5a9238a771873801e349"},"headline":"SENEGAL-ALLEMAGNE-COOPERATION La long\u00e9vit\u00e9 du partenariat entre les deux pays magnifi\u00e9e","datePublished":"2022-10-26T17:01:02+00:00","dateModified":"2022-10-26T17:01:25+00:00","mainEntityOfPage":{"@id":"https:\/\/challengeseconomiques.com\/?p=4174"},"wordCount":873,"image":{"@id":"https:\/\/challengeseconomiques.com\/?p=4174#primaryimage"},"thumbnailUrl":"https:\/\/challengeseconomiques.com\/wp-content\/uploads\/2022\/10\/allemagnesenegal.jpg","articleSection":["A la une","Infos \u00e9co"],"inLanguage":"fr-FR"},{"@type":"WebPage","@id":"https:\/\/challengeseconomiques.com\/?p=4174","url":"https:\/\/challengeseconomiques.com\/?p=4174","name":"SENEGAL-ALLEMAGNE-COOPERATION La long\u00e9vit\u00e9 du partenariat entre les deux pays magnifi\u00e9e - challenges economiques","isPartOf":{"@id":"https:\/\/challengeseconomiques.com\/#website"},"primaryImageOfPage":{"@id":"https:\/\/challengeseconomiques.com\/?p=4174#primaryimage"},"image":{"@id":"https:\/\/challengeseconomiques.com\/?p=4174#primaryimage"},"thumbnailUrl":"https:\/\/challengeseconomiques.com\/wp-content\/uploads\/2022\/10\/allemagnesenegal.jpg","datePublished":"2022-10-26T17:01:02+00:00","dateModified":"2022-10-26T17:01:25+00:00","author":{"@id":"https:\/\/challengeseconomiques.com\/#\/schema\/person\/b4568c9afebc5a9238a771873801e349"},"breadcrumb":{"@id":"https:\/\/challengeseconomiques.com\/?p=4174#breadcrumb"},"inLanguage":"fr-FR","potentialAction":[{"@type":"ReadAction","target":["https:\/\/challengeseconomiques.com\/?p=4174"]}]},{"@type":"ImageObject","inLanguage":"fr-FR","@id":"https:\/\/challengeseconomiques.com\/?p=4174#primaryimage","url":"https:\/\/challengeseconomiques.com\/wp-content\/uploads\/2022\/10\/allemagnesenegal.jpg","contentUrl":"https:\/\/challengeseconomiques.com\/wp-content\/uploads\/2022\/10\/allemagnesenegal.jpg","width":1080,"height":720},{"@type":"BreadcrumbList","@id":"https:\/\/challengeseconomiques.com\/?p=4174#breadcrumb","itemListElement":[{"@type":"ListItem","position":1,"name":"Home","item":"https:\/\/challengeseconomiques.com\/"},{"@type":"ListItem","position":2,"name":"SENEGAL-ALLEMAGNE-COOPERATION La long\u00e9vit\u00e9 du partenariat entre les deux pays magnifi\u00e9e"}]},{"@type":"WebSite","@id":"https:\/\/challengeseconomiques.com\/#website","url":"https:\/\/challengeseconomiques.com\/","name":"challenges economiques","description":"","potentialAction":[{"@type":"SearchAction","target":{"@type":"EntryPoint","urlTemplate":"https:\/\/challengeseconomiques.com\/?s={search_term_string}"},"query-input":{"@type":"PropertyValueSpecification","valueRequired":true,"valueName":"search_term_string"}}],"inLanguage":"fr-FR"},{"@type":"Person","@id":"https:\/\/challengeseconomiques.com\/#\/schema\/person\/b4568c9afebc5a9238a771873801e349","name":"admin","image":{"@type":"ImageObject","inLanguage":"fr-FR","@id":"https:\/\/challengeseconomiques.com\/#\/schema\/person\/image\/","url":"https:\/\/secure.gravatar.com\/avatar\/099e42240b5eea11acdb72751fcce0dd918603f0749d24974b7984ea47ed9fd9?s=96&d=mm&r=g","contentUrl":"https:\/\/secure.gravatar.com\/avatar\/099e42240b5eea11acdb72751fcce0dd918603f0749d24974b7984ea47ed9fd9?s=96&d=mm&r=g","caption":"admin"},"sameAs":["https:\/\/challengeseconomiques.com"],"url":"https:\/\/challengeseconomiques.com\/?author=1"}]}},"jetpack_featured_media_url":"https:\/\/challengeseconomiques.com\/wp-content\/uploads\/2022\/10\/allemagnesenegal.jpg","jetpack_sharing_enabled":true,"_links":{"self":[{"href":"https:\/\/challengeseconomiques.com\/index.php?rest_route=\/wp\/v2\/posts\/4174","targetHints":{"allow":["GET"]}}],"collection":[{"href":"https:\/\/challengeseconomiques.com\/index.php?rest_route=\/wp\/v2\/posts"}],"about":[{"href":"https:\/\/challengeseconomiques.com\/index.php?rest_route=\/wp\/v2\/types\/post"}],"author":[{"embeddable":true,"href":"https:\/\/challengeseconomiques.com\/index.php?rest_route=\/wp\/v2\/users\/1"}],"replies":[{"embeddable":true,"href":"https:\/\/challengeseconomiques.com\/index.php?rest_route=%2Fwp%2Fv2%2Fcomments&post=4174"}],"version-history":[{"count":1,"href":"https:\/\/challengeseconomiques.com\/index.php?rest_route=\/wp\/v2\/posts\/4174\/revisions"}],"predecessor-version":[{"id":4176,"href":"https:\/\/challengeseconomiques.com\/index.php?rest_route=\/wp\/v2\/posts\/4174\/revisions\/4176"}],"wp:featuredmedia":[{"embeddable":true,"href":"https:\/\/challengeseconomiques.com\/index.php?rest_route=\/wp\/v2\/media\/4175"}],"wp:attachment":[{"href":"https:\/\/challengeseconomiques.com\/index.php?rest_route=%2Fwp%2Fv2%2Fmedia&parent=4174"}],"wp:term":[{"taxonomy":"category","embeddable":true,"href":"https:\/\/challengeseconomiques.com\/index.php?rest_route=%2Fwp%2Fv2%2Fcategories&post=4174"},{"taxonomy":"post_tag","embeddable":true,"href":"https:\/\/challengeseconomiques.com\/index.php?rest_route=%2Fwp%2Fv2%2Ftags&post=4174"}],"curies":[{"name":"wp","href":"https:\/\/api.w.org\/{rel}","templated":true}]}}