{"id":4082,"date":"2022-10-14T11:35:25","date_gmt":"2022-10-14T11:35:25","guid":{"rendered":"https:\/\/challengeseconomiques.com\/?p=4082"},"modified":"2022-10-14T11:36:03","modified_gmt":"2022-10-14T11:36:03","slug":"cote-divoire-letat-prevoit-un-budget-de-pres-de-17-milliards-pour-2023-en-hausse-de-18-par-rapport-au-budget-initial-2022","status":"publish","type":"post","link":"https:\/\/challengeseconomiques.com\/?p=4082","title":{"rendered":"C\u00f4te d&rsquo;Ivoire : l&rsquo;Etat pr\u00e9voit un budget de pr\u00e8s de 17 milliards $ pour 2023, en hausse de 18% par rapport au budget initial 2022"},"content":{"rendered":"<p><strong>En pleine crise inflationniste qui fragilise certains secteurs d\u2019activit\u00e9, l\u2019Etat ivoirien veut renforcer son action pour la r\u00e9silience \u00e9conomique et le pouvoir d\u2019achat des m\u00e9nages en 2023. A cet effet, les autorit\u00e9s tablent sur une hausse des d\u00e9penses mais aussi sur un resserrement du d\u00e9ficit.<\/strong><\/p>\n<p>La C\u00f4te d\u2019Ivoire table sur un budget \u00e0 11 494 milliards FCFA (16,9 milliards $) pour l\u2019ann\u00e9e 2023. C\u2019est ce qu\u2019a annonc\u00e9 le gouvernement \u00e0 l\u2019issue du Conseil des ministres tenu le mercredi 12 octobre.<\/p>\n<p class=\"texte textearticle\">D\u2019apr\u00e8s les autorit\u00e9s ivoiriennes, ce nouveau projet de Loi de finances s\u2019inscrit en hausse de 18,1% par rapport au budget initial de l\u2019ann\u00e9e 2022, et de 8,9% par rapport au budget r\u00e9vis\u00e9 de l\u2019ann\u00e9e en cours. Il sera essentiellement destin\u00e9 \u00e0 soutenir davantage les secteurs \u00e9conomiques ivoiriens en difficult\u00e9 et \u00e0 contenir la pouss\u00e9e inflationniste qui touche le pays et ses homologues d\u2019Afrique de l\u2019Ouest depuis de nombreux mois.<\/p>\n<p class=\"texte textearticle\">\u00ab&nbsp;<em>Cette orientation vise \u00e0 consolider le rythme de progression des activit\u00e9s \u00e9conomiques actuelles qui sont autour de 6,8%, un rythme qui devrait \u00eatre pouss\u00e9 \u00e0 7% en 2023 et de fa\u00e7on \u00e0 pr\u00e9server le pouvoir d\u2019achat des populations et maintenir le climat social actuellement apais\u00e9<\/em>&nbsp;\u00bb, a indiqu\u00e9 le gouvernement.<\/p>\n<p class=\"texte textearticle\">Dans cette logique, le gouvernement projette d\u00e9j\u00e0 une hausse de ses budgets 2024 et 2025, qui devraient s\u2019afficher respectivement \u00e0 13&nbsp;072,4 milliards FCFA (19,3 milliards&nbsp;$) et 14&nbsp;169,6 milliards&nbsp;$ (pr\u00e8s de 21 milliards&nbsp;$). Pour rappel, le gouvernement avait adopt\u00e9, l\u2019ann\u00e9e derni\u00e8re, un plan national de d\u00e9veloppement qui s\u2019\u00e9tend jusqu\u2019en 2025 et qui pr\u00e9voit une croissance moyenne de 7,65% et une hausse du taux d\u2019investissement de 4 points de pourcentage pour atteindre 27,1% du PIB en 2025.<\/p>\n<p class=\"texte textearticle\">Notons que pour 2023, les autorit\u00e9s s\u2019attendent \u00e0 une baisse du d\u00e9ficit budg\u00e9taire \u00e0 4,3% du PIB, contre une projection de 6% pour cette ann\u00e9e.<\/p>\n<p><strong>(Agence Ecofin)<\/strong><\/p>\n","protected":false},"excerpt":{"rendered":"<p>En pleine crise inflationniste qui fragilise certains secteurs d\u2019activit\u00e9, l\u2019Etat ivoirien veut renforcer son action pour la r\u00e9silience \u00e9conomique et le pouvoir d\u2019achat des m\u00e9nages&#8230;<\/p>\n","protected":false},"author":1,"featured_media":2681,"comment_status":"closed","ping_status":"open","sticky":false,"template":"","format":"standard","meta":{"_jetpack_memberships_contains_paid_content":false,"footnotes":""},"categories":[23,10],"tags":[],"class_list":["post-4082","post","type-post","status-publish","format-standard","has-post-thumbnail","hentry","category-a-la-une","category-infos-eco","wpcat-23-id","wpcat-10-id"],"yoast_head":"<!-- This site is optimized with the Yoast SEO plugin v27.1.1 - https:\/\/yoast.com\/product\/yoast-seo-wordpress\/ -->\n<title>C\u00f4te d&#039;Ivoire : l&#039;Etat pr\u00e9voit un budget de pr\u00e8s de 17 milliards $ pour 2023, en hausse de 18% par rapport au budget initial 2022 - challenges economiques<\/title>\n<meta name=\"robots\" content=\"index, follow, max-snippet:-1, max-image-preview:large, max-video-preview:-1\" \/>\n<link rel=\"canonical\" href=\"https:\/\/challengeseconomiques.com\/?p=4082\" \/>\n<meta property=\"og:locale\" content=\"fr_FR\" \/>\n<meta property=\"og:type\" content=\"article\" \/>\n<meta property=\"og:title\" content=\"C\u00f4te d&#039;Ivoire : l&#039;Etat pr\u00e9voit un budget de pr\u00e8s de 17 milliards $ pour 2023, en hausse de 18% par rapport au budget initial 2022 - challenges economiques\" \/>\n<meta property=\"og:description\" content=\"En pleine crise inflationniste qui fragilise certains secteurs d\u2019activit\u00e9, l\u2019Etat ivoirien veut renforcer son action pour la r\u00e9silience \u00e9conomique et le pouvoir d\u2019achat des m\u00e9nages...\" \/>\n<meta property=\"og:url\" content=\"https:\/\/challengeseconomiques.com\/?p=4082\" \/>\n<meta property=\"og:site_name\" content=\"challenges economiques\" \/>\n<meta property=\"article:published_time\" content=\"2022-10-14T11:35:25+00:00\" \/>\n<meta property=\"article:modified_time\" content=\"2022-10-14T11:36:03+00:00\" \/>\n<meta property=\"og:image\" content=\"https:\/\/challengeseconomiques.com\/wp-content\/uploads\/2022\/02\/Cote-dIvoire-Le-Plateau.jpg\" \/>\n\t<meta property=\"og:image:width\" content=\"800\" \/>\n\t<meta property=\"og:image:height\" content=\"500\" \/>\n\t<meta property=\"og:image:type\" content=\"image\/jpeg\" \/>\n<meta name=\"author\" content=\"admin\" \/>\n<meta name=\"twitter:card\" content=\"summary_large_image\" \/>\n<meta name=\"twitter:label1\" content=\"\u00c9crit par\" \/>\n\t<meta name=\"twitter:data1\" content=\"admin\" \/>\n\t<meta name=\"twitter:label2\" content=\"Dur\u00e9e de lecture estim\u00e9e\" \/>\n\t<meta name=\"twitter:data2\" content=\"2 minutes\" \/>\n<script type=\"application\/ld+json\" class=\"yoast-schema-graph\">{\"@context\":\"https:\/\/schema.org\",\"@graph\":[{\"@type\":\"Article\",\"@id\":\"https:\/\/challengeseconomiques.com\/?p=4082#article\",\"isPartOf\":{\"@id\":\"https:\/\/challengeseconomiques.com\/?p=4082\"},\"author\":{\"name\":\"admin\",\"@id\":\"https:\/\/challengeseconomiques.com\/#\/schema\/person\/b4568c9afebc5a9238a771873801e349\"},\"headline\":\"C\u00f4te d&rsquo;Ivoire : l&rsquo;Etat pr\u00e9voit un budget de pr\u00e8s de 17 milliards $ pour 2023, en hausse de 18% par rapport au budget initial 2022\",\"datePublished\":\"2022-10-14T11:35:25+00:00\",\"dateModified\":\"2022-10-14T11:36:03+00:00\",\"mainEntityOfPage\":{\"@id\":\"https:\/\/challengeseconomiques.com\/?p=4082\"},\"wordCount\":341,\"image\":{\"@id\":\"https:\/\/challengeseconomiques.com\/?p=4082#primaryimage\"},\"thumbnailUrl\":\"https:\/\/challengeseconomiques.com\/wp-content\/uploads\/2022\/02\/Cote-dIvoire-Le-Plateau.jpg\",\"articleSection\":[\"A la une\",\"Infos \u00e9co\"],\"inLanguage\":\"fr-FR\"},{\"@type\":\"WebPage\",\"@id\":\"https:\/\/challengeseconomiques.com\/?p=4082\",\"url\":\"https:\/\/challengeseconomiques.com\/?p=4082\",\"name\":\"C\u00f4te d'Ivoire : l'Etat pr\u00e9voit un budget de pr\u00e8s de 17 milliards $ pour 2023, en hausse de 18% par rapport au budget initial 2022 - challenges economiques\",\"isPartOf\":{\"@id\":\"https:\/\/challengeseconomiques.com\/#website\"},\"primaryImageOfPage\":{\"@id\":\"https:\/\/challengeseconomiques.com\/?p=4082#primaryimage\"},\"image\":{\"@id\":\"https:\/\/challengeseconomiques.com\/?p=4082#primaryimage\"},\"thumbnailUrl\":\"https:\/\/challengeseconomiques.com\/wp-content\/uploads\/2022\/02\/Cote-dIvoire-Le-Plateau.jpg\",\"datePublished\":\"2022-10-14T11:35:25+00:00\",\"dateModified\":\"2022-10-14T11:36:03+00:00\",\"author\":{\"@id\":\"https:\/\/challengeseconomiques.com\/#\/schema\/person\/b4568c9afebc5a9238a771873801e349\"},\"breadcrumb\":{\"@id\":\"https:\/\/challengeseconomiques.com\/?p=4082#breadcrumb\"},\"inLanguage\":\"fr-FR\",\"potentialAction\":[{\"@type\":\"ReadAction\",\"target\":[\"https:\/\/challengeseconomiques.com\/?p=4082\"]}]},{\"@type\":\"ImageObject\",\"inLanguage\":\"fr-FR\",\"@id\":\"https:\/\/challengeseconomiques.com\/?p=4082#primaryimage\",\"url\":\"https:\/\/challengeseconomiques.com\/wp-content\/uploads\/2022\/02\/Cote-dIvoire-Le-Plateau.jpg\",\"contentUrl\":\"https:\/\/challengeseconomiques.com\/wp-content\/uploads\/2022\/02\/Cote-dIvoire-Le-Plateau.jpg\",\"width\":800,\"height\":500},{\"@type\":\"BreadcrumbList\",\"@id\":\"https:\/\/challengeseconomiques.com\/?p=4082#breadcrumb\",\"itemListElement\":[{\"@type\":\"ListItem\",\"position\":1,\"name\":\"Home\",\"item\":\"https:\/\/challengeseconomiques.com\/\"},{\"@type\":\"ListItem\",\"position\":2,\"name\":\"C\u00f4te d&rsquo;Ivoire : l&rsquo;Etat pr\u00e9voit un budget de pr\u00e8s de 17 milliards $ pour 2023, en hausse de 18% par rapport au budget initial 2022\"}]},{\"@type\":\"WebSite\",\"@id\":\"https:\/\/challengeseconomiques.com\/#website\",\"url\":\"https:\/\/challengeseconomiques.com\/\",\"name\":\"challenges economiques\",\"description\":\"\",\"potentialAction\":[{\"@type\":\"SearchAction\",\"target\":{\"@type\":\"EntryPoint\",\"urlTemplate\":\"https:\/\/challengeseconomiques.com\/?s={search_term_string}\"},\"query-input\":{\"@type\":\"PropertyValueSpecification\",\"valueRequired\":true,\"valueName\":\"search_term_string\"}}],\"inLanguage\":\"fr-FR\"},{\"@type\":\"Person\",\"@id\":\"https:\/\/challengeseconomiques.com\/#\/schema\/person\/b4568c9afebc5a9238a771873801e349\",\"name\":\"admin\",\"image\":{\"@type\":\"ImageObject\",\"inLanguage\":\"fr-FR\",\"@id\":\"https:\/\/challengeseconomiques.com\/#\/schema\/person\/image\/\",\"url\":\"https:\/\/secure.gravatar.com\/avatar\/099e42240b5eea11acdb72751fcce0dd918603f0749d24974b7984ea47ed9fd9?s=96&d=mm&r=g\",\"contentUrl\":\"https:\/\/secure.gravatar.com\/avatar\/099e42240b5eea11acdb72751fcce0dd918603f0749d24974b7984ea47ed9fd9?s=96&d=mm&r=g\",\"caption\":\"admin\"},\"sameAs\":[\"https:\/\/challengeseconomiques.com\"],\"url\":\"https:\/\/challengeseconomiques.com\/?author=1\"}]}<\/script>\n<!-- \/ Yoast SEO plugin. -->","yoast_head_json":{"title":"C\u00f4te d'Ivoire : l'Etat pr\u00e9voit un budget de pr\u00e8s de 17 milliards $ pour 2023, en hausse de 18% par rapport au budget initial 2022 - challenges economiques","robots":{"index":"index","follow":"follow","max-snippet":"max-snippet:-1","max-image-preview":"max-image-preview:large","max-video-preview":"max-video-preview:-1"},"canonical":"https:\/\/challengeseconomiques.com\/?p=4082","og_locale":"fr_FR","og_type":"article","og_title":"C\u00f4te d'Ivoire : l'Etat pr\u00e9voit un budget de pr\u00e8s de 17 milliards $ pour 2023, en hausse de 18% par rapport au budget initial 2022 - challenges economiques","og_description":"En pleine crise inflationniste qui fragilise certains secteurs d\u2019activit\u00e9, l\u2019Etat ivoirien veut renforcer son action pour la r\u00e9silience \u00e9conomique et le pouvoir d\u2019achat des m\u00e9nages...","og_url":"https:\/\/challengeseconomiques.com\/?p=4082","og_site_name":"challenges economiques","article_published_time":"2022-10-14T11:35:25+00:00","article_modified_time":"2022-10-14T11:36:03+00:00","og_image":[{"width":800,"height":500,"url":"https:\/\/challengeseconomiques.com\/wp-content\/uploads\/2022\/02\/Cote-dIvoire-Le-Plateau.jpg","type":"image\/jpeg"}],"author":"admin","twitter_card":"summary_large_image","twitter_misc":{"\u00c9crit par":"admin","Dur\u00e9e de lecture estim\u00e9e":"2 minutes"},"schema":{"@context":"https:\/\/schema.org","@graph":[{"@type":"Article","@id":"https:\/\/challengeseconomiques.com\/?p=4082#article","isPartOf":{"@id":"https:\/\/challengeseconomiques.com\/?p=4082"},"author":{"name":"admin","@id":"https:\/\/challengeseconomiques.com\/#\/schema\/person\/b4568c9afebc5a9238a771873801e349"},"headline":"C\u00f4te d&rsquo;Ivoire : l&rsquo;Etat pr\u00e9voit un budget de pr\u00e8s de 17 milliards $ pour 2023, en hausse de 18% par rapport au budget initial 2022","datePublished":"2022-10-14T11:35:25+00:00","dateModified":"2022-10-14T11:36:03+00:00","mainEntityOfPage":{"@id":"https:\/\/challengeseconomiques.com\/?p=4082"},"wordCount":341,"image":{"@id":"https:\/\/challengeseconomiques.com\/?p=4082#primaryimage"},"thumbnailUrl":"https:\/\/challengeseconomiques.com\/wp-content\/uploads\/2022\/02\/Cote-dIvoire-Le-Plateau.jpg","articleSection":["A la une","Infos \u00e9co"],"inLanguage":"fr-FR"},{"@type":"WebPage","@id":"https:\/\/challengeseconomiques.com\/?p=4082","url":"https:\/\/challengeseconomiques.com\/?p=4082","name":"C\u00f4te d'Ivoire : l'Etat pr\u00e9voit un budget de pr\u00e8s de 17 milliards $ pour 2023, en hausse de 18% par rapport au budget initial 2022 - challenges economiques","isPartOf":{"@id":"https:\/\/challengeseconomiques.com\/#website"},"primaryImageOfPage":{"@id":"https:\/\/challengeseconomiques.com\/?p=4082#primaryimage"},"image":{"@id":"https:\/\/challengeseconomiques.com\/?p=4082#primaryimage"},"thumbnailUrl":"https:\/\/challengeseconomiques.com\/wp-content\/uploads\/2022\/02\/Cote-dIvoire-Le-Plateau.jpg","datePublished":"2022-10-14T11:35:25+00:00","dateModified":"2022-10-14T11:36:03+00:00","author":{"@id":"https:\/\/challengeseconomiques.com\/#\/schema\/person\/b4568c9afebc5a9238a771873801e349"},"breadcrumb":{"@id":"https:\/\/challengeseconomiques.com\/?p=4082#breadcrumb"},"inLanguage":"fr-FR","potentialAction":[{"@type":"ReadAction","target":["https:\/\/challengeseconomiques.com\/?p=4082"]}]},{"@type":"ImageObject","inLanguage":"fr-FR","@id":"https:\/\/challengeseconomiques.com\/?p=4082#primaryimage","url":"https:\/\/challengeseconomiques.com\/wp-content\/uploads\/2022\/02\/Cote-dIvoire-Le-Plateau.jpg","contentUrl":"https:\/\/challengeseconomiques.com\/wp-content\/uploads\/2022\/02\/Cote-dIvoire-Le-Plateau.jpg","width":800,"height":500},{"@type":"BreadcrumbList","@id":"https:\/\/challengeseconomiques.com\/?p=4082#breadcrumb","itemListElement":[{"@type":"ListItem","position":1,"name":"Home","item":"https:\/\/challengeseconomiques.com\/"},{"@type":"ListItem","position":2,"name":"C\u00f4te d&rsquo;Ivoire : l&rsquo;Etat pr\u00e9voit un budget de pr\u00e8s de 17 milliards $ pour 2023, en hausse de 18% par rapport au budget initial 2022"}]},{"@type":"WebSite","@id":"https:\/\/challengeseconomiques.com\/#website","url":"https:\/\/challengeseconomiques.com\/","name":"challenges economiques","description":"","potentialAction":[{"@type":"SearchAction","target":{"@type":"EntryPoint","urlTemplate":"https:\/\/challengeseconomiques.com\/?s={search_term_string}"},"query-input":{"@type":"PropertyValueSpecification","valueRequired":true,"valueName":"search_term_string"}}],"inLanguage":"fr-FR"},{"@type":"Person","@id":"https:\/\/challengeseconomiques.com\/#\/schema\/person\/b4568c9afebc5a9238a771873801e349","name":"admin","image":{"@type":"ImageObject","inLanguage":"fr-FR","@id":"https:\/\/challengeseconomiques.com\/#\/schema\/person\/image\/","url":"https:\/\/secure.gravatar.com\/avatar\/099e42240b5eea11acdb72751fcce0dd918603f0749d24974b7984ea47ed9fd9?s=96&d=mm&r=g","contentUrl":"https:\/\/secure.gravatar.com\/avatar\/099e42240b5eea11acdb72751fcce0dd918603f0749d24974b7984ea47ed9fd9?s=96&d=mm&r=g","caption":"admin"},"sameAs":["https:\/\/challengeseconomiques.com"],"url":"https:\/\/challengeseconomiques.com\/?author=1"}]}},"jetpack_featured_media_url":"https:\/\/challengeseconomiques.com\/wp-content\/uploads\/2022\/02\/Cote-dIvoire-Le-Plateau.jpg","jetpack_sharing_enabled":true,"_links":{"self":[{"href":"https:\/\/challengeseconomiques.com\/index.php?rest_route=\/wp\/v2\/posts\/4082","targetHints":{"allow":["GET"]}}],"collection":[{"href":"https:\/\/challengeseconomiques.com\/index.php?rest_route=\/wp\/v2\/posts"}],"about":[{"href":"https:\/\/challengeseconomiques.com\/index.php?rest_route=\/wp\/v2\/types\/post"}],"author":[{"embeddable":true,"href":"https:\/\/challengeseconomiques.com\/index.php?rest_route=\/wp\/v2\/users\/1"}],"replies":[{"embeddable":true,"href":"https:\/\/challengeseconomiques.com\/index.php?rest_route=%2Fwp%2Fv2%2Fcomments&post=4082"}],"version-history":[{"count":2,"href":"https:\/\/challengeseconomiques.com\/index.php?rest_route=\/wp\/v2\/posts\/4082\/revisions"}],"predecessor-version":[{"id":4084,"href":"https:\/\/challengeseconomiques.com\/index.php?rest_route=\/wp\/v2\/posts\/4082\/revisions\/4084"}],"wp:featuredmedia":[{"embeddable":true,"href":"https:\/\/challengeseconomiques.com\/index.php?rest_route=\/wp\/v2\/media\/2681"}],"wp:attachment":[{"href":"https:\/\/challengeseconomiques.com\/index.php?rest_route=%2Fwp%2Fv2%2Fmedia&parent=4082"}],"wp:term":[{"taxonomy":"category","embeddable":true,"href":"https:\/\/challengeseconomiques.com\/index.php?rest_route=%2Fwp%2Fv2%2Fcategories&post=4082"},{"taxonomy":"post_tag","embeddable":true,"href":"https:\/\/challengeseconomiques.com\/index.php?rest_route=%2Fwp%2Fv2%2Ftags&post=4082"}],"curies":[{"name":"wp","href":"https:\/\/api.w.org\/{rel}","templated":true}]}}