{"id":4047,"date":"2022-10-06T13:12:34","date_gmt":"2022-10-06T13:12:34","guid":{"rendered":"https:\/\/challengeseconomiques.com\/?p=4047"},"modified":"2022-10-06T13:13:25","modified_gmt":"2022-10-06T13:13:25","slug":"les-crises-et-les-bouleversements-mondiaux-au-coeur-de-la-14eme-edition-du-forum-medays","status":"publish","type":"post","link":"https:\/\/challengeseconomiques.com\/?p=4047","title":{"rendered":"Les crises et les bouleversements mondiaux au c\u0153ur de la 14\u00e8me \u00e9dition du Forum MEDays"},"content":{"rendered":"<p class=\"texte textearticle\">L\u2019institut Amadeus organise, sous le Haut Patronage de SM le Roi Mohammed VI, la&nbsp;<strong>14<\/strong><sup><strong>\u00e8me<\/strong><\/sup><strong>&nbsp;\u00e9dition du Forum MEDays du 2 au 5 novembre dans la ville de Tanger (Maroc)<\/strong>, sous le th\u00e8me&nbsp;<em><strong>\u00ab<\/strong><strong>&nbsp;<\/strong><strong>De crises en crises<\/strong><strong>&nbsp;<\/strong><strong>: Vers un nouvel ordre mondial<\/strong><strong>&nbsp;<\/strong><strong>?<\/strong><strong>&nbsp;<\/strong><strong>\u00bb.<\/strong><\/em>&nbsp;Chefs d\u2019\u00c9tats, Chefs de gouvernements, dirigeants internationaux, investisseurs ou encore \u00e9tudiants et journalistes se rassembleront pour discuter d\u2019enjeux strat\u00e9giques pour l\u2019\u00e9quilibre g\u00e9opolitique et \u00e9conomique du monde et tout particuli\u00e8rement du continent africain.<\/p>\n<p class=\"texte textearticle\">Depuis la porte de l\u2019Afrique et \u00e0 quelques kilom\u00e8tres du contient europ\u00e9en<strong>, 50 sessions et tables rondes programm\u00e9es verront la participation de plus de 250 intervenants internationaux de renom issus de plus de 100 pays<\/strong>, qui partageront leurs points de vue et leurs lectures des grandes \u00e9volutions et des multiples bouleversements contemporains.<\/p>\n<p>&nbsp;<\/p>\n<p class=\"texte textearticle\">Cette 14\u00e8me Edition du Forum MEDays intervient dans une p\u00e9riode marqu\u00e9e par un&nbsp;<strong>bouleversement des rapports de forces en raison des grandes crises mondiales<\/strong>. La pand\u00e9mie de la Covid-19, la guerre en Ukraine et ses multiples cons\u00e9quences&nbsp;<strong>imposent aux d\u00e9cideurs d\u2019op\u00e9rer de nouveaux choix strat\u00e9giques et dessiner de nouvelles alliances<\/strong>, notamment en Afrique ou la souverainet\u00e9 alimentaire et \u00e9nerg\u00e9tique redeviennent une pr\u00e9occupation vitale. Ces enjeux majeurs seront au c\u0153ur des d\u00e9bats des diff\u00e9rentes sessions programm\u00e9es lors de cette rencontre internationale. Plusieurs panels sont programmes tels que \u00ab&nbsp;<em><strong>Le Partenariat Afrique-Europe \u00e0 la lumi\u00e8re de la Guerre en Ukraine&nbsp;: Quel nouveau Momentum ?<\/strong><\/em>&nbsp;\u00bb, \u00ab&nbsp;<strong>Diplomatie des mati\u00e8res premi\u00e8res&nbsp;: Nouvelle r\u00e9alit\u00e9, nouveau Leadership ?<\/strong>&nbsp;\u00bb ou encore \u00ab&nbsp;<em><strong>(In)S\u00e9curit\u00e9 alimentaire globale&nbsp;: Quelles strat\u00e9gies et quelles r\u00e9ponses durables ?<\/strong><\/em><strong>&nbsp;<\/strong>\u00bb<\/p>\n<p class=\"texte textearticle\">Cette ann\u00e9e et pour la premi\u00e8re fois, le Forum MEDays inaugure le&nbsp;<strong>\u00ab&nbsp;MEDays Investments Summit&nbsp;\u00bb,<\/strong>&nbsp;une plateforme r\u00e9unissant des investisseurs internationaux, des op\u00e9rateurs \u00e9conomiques, des bailleurs de fonds internationaux. Six panels sectoriels portant sur l\u2019\u00e9nergie, les infrastructures, les t\u00e9l\u00e9coms, la banque le tourisme ou encore industrie seront d\u00e9di\u00e9s aux strat\u00e9gies et opportunit\u00e9s d\u2019investissement en Afrique et dans les pays \u00e9mergents.<\/p>\n<p class=\"texte textearticle\">Dans un mois seulement, plus de 5000 participants consacreront quatre jours pour d\u00e9battre des grandes \u00e9volutions de l\u2019ordre mondial dans le cadre du seul \u00e9v\u00e8nement non gouvernemental organise\u0301 au Maroc et l\u2019un des principaux en Afrique a\u0300 \u00eatre rompu aux Chefs d\u2019\u00c9tat et de Gouvernement \u00e9trangers.<\/p>\n<p><strong>( Communiqu\u00e9)<\/strong><\/p>\n<p>&nbsp;<\/p>\n","protected":false},"excerpt":{"rendered":"<p>L\u2019institut Amadeus organise, sous le Haut Patronage de SM le Roi Mohammed VI, la&nbsp;14\u00e8me&nbsp;\u00e9dition du Forum MEDays du 2 au 5 novembre dans la ville&#8230;<\/p>\n","protected":false},"author":1,"featured_media":4048,"comment_status":"closed","ping_status":"open","sticky":false,"template":"","format":"standard","meta":{"_jetpack_memberships_contains_paid_content":false,"footnotes":""},"categories":[23,10],"tags":[],"class_list":["post-4047","post","type-post","status-publish","format-standard","has-post-thumbnail","hentry","category-a-la-une","category-infos-eco","wpcat-23-id","wpcat-10-id"],"yoast_head":"<!-- This site is optimized with the Yoast SEO plugin v27.1.1 - https:\/\/yoast.com\/product\/yoast-seo-wordpress\/ -->\n<title>Les crises et les bouleversements mondiaux au c\u0153ur de la 14\u00e8me \u00e9dition du Forum MEDays - challenges economiques<\/title>\n<meta name=\"robots\" content=\"index, follow, max-snippet:-1, max-image-preview:large, max-video-preview:-1\" \/>\n<link rel=\"canonical\" href=\"https:\/\/challengeseconomiques.com\/?p=4047\" \/>\n<meta property=\"og:locale\" content=\"fr_FR\" \/>\n<meta property=\"og:type\" content=\"article\" \/>\n<meta property=\"og:title\" content=\"Les crises et les bouleversements mondiaux au c\u0153ur de la 14\u00e8me \u00e9dition du Forum MEDays - challenges economiques\" \/>\n<meta property=\"og:description\" content=\"L\u2019institut Amadeus organise, sous le Haut Patronage de SM le Roi Mohammed VI, la&nbsp;14\u00e8me&nbsp;\u00e9dition du Forum MEDays du 2 au 5 novembre dans la ville...\" \/>\n<meta property=\"og:url\" content=\"https:\/\/challengeseconomiques.com\/?p=4047\" \/>\n<meta property=\"og:site_name\" content=\"challenges economiques\" \/>\n<meta property=\"article:published_time\" content=\"2022-10-06T13:12:34+00:00\" \/>\n<meta property=\"article:modified_time\" content=\"2022-10-06T13:13:25+00:00\" \/>\n<meta property=\"og:image\" content=\"https:\/\/challengeseconomiques.com\/wp-content\/uploads\/2022\/10\/meday.png\" \/>\n\t<meta property=\"og:image:width\" content=\"601\" \/>\n\t<meta property=\"og:image:height\" content=\"375\" \/>\n\t<meta property=\"og:image:type\" content=\"image\/png\" \/>\n<meta name=\"author\" content=\"admin\" \/>\n<meta name=\"twitter:card\" content=\"summary_large_image\" \/>\n<meta name=\"twitter:label1\" content=\"\u00c9crit par\" \/>\n\t<meta name=\"twitter:data1\" content=\"admin\" \/>\n\t<meta name=\"twitter:label2\" content=\"Dur\u00e9e de lecture estim\u00e9e\" \/>\n\t<meta name=\"twitter:data2\" content=\"2 minutes\" \/>\n<script type=\"application\/ld+json\" class=\"yoast-schema-graph\">{\"@context\":\"https:\/\/schema.org\",\"@graph\":[{\"@type\":\"Article\",\"@id\":\"https:\/\/challengeseconomiques.com\/?p=4047#article\",\"isPartOf\":{\"@id\":\"https:\/\/challengeseconomiques.com\/?p=4047\"},\"author\":{\"name\":\"admin\",\"@id\":\"https:\/\/challengeseconomiques.com\/#\/schema\/person\/b4568c9afebc5a9238a771873801e349\"},\"headline\":\"Les crises et les bouleversements mondiaux au c\u0153ur de la 14\u00e8me \u00e9dition du Forum MEDays\",\"datePublished\":\"2022-10-06T13:12:34+00:00\",\"dateModified\":\"2022-10-06T13:13:25+00:00\",\"mainEntityOfPage\":{\"@id\":\"https:\/\/challengeseconomiques.com\/?p=4047\"},\"wordCount\":436,\"image\":{\"@id\":\"https:\/\/challengeseconomiques.com\/?p=4047#primaryimage\"},\"thumbnailUrl\":\"https:\/\/challengeseconomiques.com\/wp-content\/uploads\/2022\/10\/meday.png\",\"articleSection\":[\"A la une\",\"Infos \u00e9co\"],\"inLanguage\":\"fr-FR\"},{\"@type\":\"WebPage\",\"@id\":\"https:\/\/challengeseconomiques.com\/?p=4047\",\"url\":\"https:\/\/challengeseconomiques.com\/?p=4047\",\"name\":\"Les crises et les bouleversements mondiaux au c\u0153ur de la 14\u00e8me \u00e9dition du Forum MEDays - challenges economiques\",\"isPartOf\":{\"@id\":\"https:\/\/challengeseconomiques.com\/#website\"},\"primaryImageOfPage\":{\"@id\":\"https:\/\/challengeseconomiques.com\/?p=4047#primaryimage\"},\"image\":{\"@id\":\"https:\/\/challengeseconomiques.com\/?p=4047#primaryimage\"},\"thumbnailUrl\":\"https:\/\/challengeseconomiques.com\/wp-content\/uploads\/2022\/10\/meday.png\",\"datePublished\":\"2022-10-06T13:12:34+00:00\",\"dateModified\":\"2022-10-06T13:13:25+00:00\",\"author\":{\"@id\":\"https:\/\/challengeseconomiques.com\/#\/schema\/person\/b4568c9afebc5a9238a771873801e349\"},\"breadcrumb\":{\"@id\":\"https:\/\/challengeseconomiques.com\/?p=4047#breadcrumb\"},\"inLanguage\":\"fr-FR\",\"potentialAction\":[{\"@type\":\"ReadAction\",\"target\":[\"https:\/\/challengeseconomiques.com\/?p=4047\"]}]},{\"@type\":\"ImageObject\",\"inLanguage\":\"fr-FR\",\"@id\":\"https:\/\/challengeseconomiques.com\/?p=4047#primaryimage\",\"url\":\"https:\/\/challengeseconomiques.com\/wp-content\/uploads\/2022\/10\/meday.png\",\"contentUrl\":\"https:\/\/challengeseconomiques.com\/wp-content\/uploads\/2022\/10\/meday.png\",\"width\":601,\"height\":375},{\"@type\":\"BreadcrumbList\",\"@id\":\"https:\/\/challengeseconomiques.com\/?p=4047#breadcrumb\",\"itemListElement\":[{\"@type\":\"ListItem\",\"position\":1,\"name\":\"Home\",\"item\":\"https:\/\/challengeseconomiques.com\/\"},{\"@type\":\"ListItem\",\"position\":2,\"name\":\"Les crises et les bouleversements mondiaux au c\u0153ur de la 14\u00e8me \u00e9dition du Forum MEDays\"}]},{\"@type\":\"WebSite\",\"@id\":\"https:\/\/challengeseconomiques.com\/#website\",\"url\":\"https:\/\/challengeseconomiques.com\/\",\"name\":\"challenges economiques\",\"description\":\"\",\"potentialAction\":[{\"@type\":\"SearchAction\",\"target\":{\"@type\":\"EntryPoint\",\"urlTemplate\":\"https:\/\/challengeseconomiques.com\/?s={search_term_string}\"},\"query-input\":{\"@type\":\"PropertyValueSpecification\",\"valueRequired\":true,\"valueName\":\"search_term_string\"}}],\"inLanguage\":\"fr-FR\"},{\"@type\":\"Person\",\"@id\":\"https:\/\/challengeseconomiques.com\/#\/schema\/person\/b4568c9afebc5a9238a771873801e349\",\"name\":\"admin\",\"image\":{\"@type\":\"ImageObject\",\"inLanguage\":\"fr-FR\",\"@id\":\"https:\/\/challengeseconomiques.com\/#\/schema\/person\/image\/\",\"url\":\"https:\/\/secure.gravatar.com\/avatar\/099e42240b5eea11acdb72751fcce0dd918603f0749d24974b7984ea47ed9fd9?s=96&d=mm&r=g\",\"contentUrl\":\"https:\/\/secure.gravatar.com\/avatar\/099e42240b5eea11acdb72751fcce0dd918603f0749d24974b7984ea47ed9fd9?s=96&d=mm&r=g\",\"caption\":\"admin\"},\"sameAs\":[\"https:\/\/challengeseconomiques.com\"],\"url\":\"https:\/\/challengeseconomiques.com\/?author=1\"}]}<\/script>\n<!-- \/ Yoast SEO plugin. -->","yoast_head_json":{"title":"Les crises et les bouleversements mondiaux au c\u0153ur de la 14\u00e8me \u00e9dition du Forum MEDays - challenges economiques","robots":{"index":"index","follow":"follow","max-snippet":"max-snippet:-1","max-image-preview":"max-image-preview:large","max-video-preview":"max-video-preview:-1"},"canonical":"https:\/\/challengeseconomiques.com\/?p=4047","og_locale":"fr_FR","og_type":"article","og_title":"Les crises et les bouleversements mondiaux au c\u0153ur de la 14\u00e8me \u00e9dition du Forum MEDays - challenges economiques","og_description":"L\u2019institut Amadeus organise, sous le Haut Patronage de SM le Roi Mohammed VI, la&nbsp;14\u00e8me&nbsp;\u00e9dition du Forum MEDays du 2 au 5 novembre dans la ville...","og_url":"https:\/\/challengeseconomiques.com\/?p=4047","og_site_name":"challenges economiques","article_published_time":"2022-10-06T13:12:34+00:00","article_modified_time":"2022-10-06T13:13:25+00:00","og_image":[{"width":601,"height":375,"url":"https:\/\/challengeseconomiques.com\/wp-content\/uploads\/2022\/10\/meday.png","type":"image\/png"}],"author":"admin","twitter_card":"summary_large_image","twitter_misc":{"\u00c9crit par":"admin","Dur\u00e9e de lecture estim\u00e9e":"2 minutes"},"schema":{"@context":"https:\/\/schema.org","@graph":[{"@type":"Article","@id":"https:\/\/challengeseconomiques.com\/?p=4047#article","isPartOf":{"@id":"https:\/\/challengeseconomiques.com\/?p=4047"},"author":{"name":"admin","@id":"https:\/\/challengeseconomiques.com\/#\/schema\/person\/b4568c9afebc5a9238a771873801e349"},"headline":"Les crises et les bouleversements mondiaux au c\u0153ur de la 14\u00e8me \u00e9dition du Forum MEDays","datePublished":"2022-10-06T13:12:34+00:00","dateModified":"2022-10-06T13:13:25+00:00","mainEntityOfPage":{"@id":"https:\/\/challengeseconomiques.com\/?p=4047"},"wordCount":436,"image":{"@id":"https:\/\/challengeseconomiques.com\/?p=4047#primaryimage"},"thumbnailUrl":"https:\/\/challengeseconomiques.com\/wp-content\/uploads\/2022\/10\/meday.png","articleSection":["A la une","Infos \u00e9co"],"inLanguage":"fr-FR"},{"@type":"WebPage","@id":"https:\/\/challengeseconomiques.com\/?p=4047","url":"https:\/\/challengeseconomiques.com\/?p=4047","name":"Les crises et les bouleversements mondiaux au c\u0153ur de la 14\u00e8me \u00e9dition du Forum MEDays - challenges economiques","isPartOf":{"@id":"https:\/\/challengeseconomiques.com\/#website"},"primaryImageOfPage":{"@id":"https:\/\/challengeseconomiques.com\/?p=4047#primaryimage"},"image":{"@id":"https:\/\/challengeseconomiques.com\/?p=4047#primaryimage"},"thumbnailUrl":"https:\/\/challengeseconomiques.com\/wp-content\/uploads\/2022\/10\/meday.png","datePublished":"2022-10-06T13:12:34+00:00","dateModified":"2022-10-06T13:13:25+00:00","author":{"@id":"https:\/\/challengeseconomiques.com\/#\/schema\/person\/b4568c9afebc5a9238a771873801e349"},"breadcrumb":{"@id":"https:\/\/challengeseconomiques.com\/?p=4047#breadcrumb"},"inLanguage":"fr-FR","potentialAction":[{"@type":"ReadAction","target":["https:\/\/challengeseconomiques.com\/?p=4047"]}]},{"@type":"ImageObject","inLanguage":"fr-FR","@id":"https:\/\/challengeseconomiques.com\/?p=4047#primaryimage","url":"https:\/\/challengeseconomiques.com\/wp-content\/uploads\/2022\/10\/meday.png","contentUrl":"https:\/\/challengeseconomiques.com\/wp-content\/uploads\/2022\/10\/meday.png","width":601,"height":375},{"@type":"BreadcrumbList","@id":"https:\/\/challengeseconomiques.com\/?p=4047#breadcrumb","itemListElement":[{"@type":"ListItem","position":1,"name":"Home","item":"https:\/\/challengeseconomiques.com\/"},{"@type":"ListItem","position":2,"name":"Les crises et les bouleversements mondiaux au c\u0153ur de la 14\u00e8me \u00e9dition du Forum MEDays"}]},{"@type":"WebSite","@id":"https:\/\/challengeseconomiques.com\/#website","url":"https:\/\/challengeseconomiques.com\/","name":"challenges economiques","description":"","potentialAction":[{"@type":"SearchAction","target":{"@type":"EntryPoint","urlTemplate":"https:\/\/challengeseconomiques.com\/?s={search_term_string}"},"query-input":{"@type":"PropertyValueSpecification","valueRequired":true,"valueName":"search_term_string"}}],"inLanguage":"fr-FR"},{"@type":"Person","@id":"https:\/\/challengeseconomiques.com\/#\/schema\/person\/b4568c9afebc5a9238a771873801e349","name":"admin","image":{"@type":"ImageObject","inLanguage":"fr-FR","@id":"https:\/\/challengeseconomiques.com\/#\/schema\/person\/image\/","url":"https:\/\/secure.gravatar.com\/avatar\/099e42240b5eea11acdb72751fcce0dd918603f0749d24974b7984ea47ed9fd9?s=96&d=mm&r=g","contentUrl":"https:\/\/secure.gravatar.com\/avatar\/099e42240b5eea11acdb72751fcce0dd918603f0749d24974b7984ea47ed9fd9?s=96&d=mm&r=g","caption":"admin"},"sameAs":["https:\/\/challengeseconomiques.com"],"url":"https:\/\/challengeseconomiques.com\/?author=1"}]}},"jetpack_featured_media_url":"https:\/\/challengeseconomiques.com\/wp-content\/uploads\/2022\/10\/meday.png","jetpack_sharing_enabled":true,"_links":{"self":[{"href":"https:\/\/challengeseconomiques.com\/index.php?rest_route=\/wp\/v2\/posts\/4047","targetHints":{"allow":["GET"]}}],"collection":[{"href":"https:\/\/challengeseconomiques.com\/index.php?rest_route=\/wp\/v2\/posts"}],"about":[{"href":"https:\/\/challengeseconomiques.com\/index.php?rest_route=\/wp\/v2\/types\/post"}],"author":[{"embeddable":true,"href":"https:\/\/challengeseconomiques.com\/index.php?rest_route=\/wp\/v2\/users\/1"}],"replies":[{"embeddable":true,"href":"https:\/\/challengeseconomiques.com\/index.php?rest_route=%2Fwp%2Fv2%2Fcomments&post=4047"}],"version-history":[{"count":2,"href":"https:\/\/challengeseconomiques.com\/index.php?rest_route=\/wp\/v2\/posts\/4047\/revisions"}],"predecessor-version":[{"id":4050,"href":"https:\/\/challengeseconomiques.com\/index.php?rest_route=\/wp\/v2\/posts\/4047\/revisions\/4050"}],"wp:featuredmedia":[{"embeddable":true,"href":"https:\/\/challengeseconomiques.com\/index.php?rest_route=\/wp\/v2\/media\/4048"}],"wp:attachment":[{"href":"https:\/\/challengeseconomiques.com\/index.php?rest_route=%2Fwp%2Fv2%2Fmedia&parent=4047"}],"wp:term":[{"taxonomy":"category","embeddable":true,"href":"https:\/\/challengeseconomiques.com\/index.php?rest_route=%2Fwp%2Fv2%2Fcategories&post=4047"},{"taxonomy":"post_tag","embeddable":true,"href":"https:\/\/challengeseconomiques.com\/index.php?rest_route=%2Fwp%2Fv2%2Ftags&post=4047"}],"curies":[{"name":"wp","href":"https:\/\/api.w.org\/{rel}","templated":true}]}}