{"id":4035,"date":"2022-10-03T11:13:06","date_gmt":"2022-10-03T11:13:06","guid":{"rendered":"https:\/\/challengeseconomiques.com\/?p=4035"},"modified":"2022-10-03T11:52:34","modified_gmt":"2022-10-03T11:52:34","slug":"le-senegal-veut-reduire-sa-facture-delectricite-de-30-au-moins-dg-aeme","status":"publish","type":"post","link":"https:\/\/challengeseconomiques.com\/?p=4035","title":{"rendered":"Le S\u00e9n\u00e9gal veut r\u00e9duire sa facture d\u2019\u00e9lectricit\u00e9 de 30% au moins (DG AEME)"},"content":{"rendered":"<div>\n<div>\n<p><strong>Saer Diop, Dg AEME<\/strong><\/p>\n<p>Le gouvernement travaille \u00e0 la r\u00e9duction d\u2019au moins 30% de la facture d\u2019\u00e9lectricit\u00e9, qui est actuellement de 40 milliards de francs CFA, afin d\u2019\u00e9conomiser 10 milliards de francs CFA, a d\u00e9clar\u00e9 jeudi le directeur g\u00e9n\u00e9ral de l\u2019Agence pour l\u2019\u00e9conomie et la ma\u00eetrise de l\u2019\u00e9nergie (AEME), Sa\u00ebr Diop.<\/p>\n<p>\u2018\u2019Nous voulons diminuer la facture de l\u2019\u00e9lectricit\u00e9 qui, actuellement, tourne autour de 40 milliards de francs CFA, d\u2019au moins de 30%. Ce qui veut dire 10 milliards de francs CFA \u00e9conomis\u00e9s par an. Et vous conviendrez avec moi que nous en avons besoin\u2019\u2019, a-t-il dit.<\/p>\n<p>Il s\u2019exprimait \u00e0 Kaolack (centre), au cours d\u2019un Comit\u00e9 r\u00e9gional de d\u00e9veloppement (CRD) de pr\u00e9sentation des r\u00e9sultats du programme d\u2019analyse, de suivi et de r\u00e9duction des d\u00e9penses d\u2019\u00e9lectricit\u00e9 du secteur public (SARDEL). La rencontre \u00e9tait pr\u00e9sid\u00e9e par l\u2019adjoint au gouverneur en charge des questions administratives, Sidy Sarr Di\u00e8ye.<\/p>\n<p>\u2018\u2019Il faut l\u2019utilisation rationnelle de ce que nous disposons en termes d\u2019\u00e9nergie \u00e9lectrique, et c\u2019est fort de cela que le pr\u00e9sident de la R\u00e9publique, Macky Sall, a retenu la ma\u00eetrise de l\u2019\u00e9nergie comme un moyen d\u2019all\u00e9ger la facture \u00e9nerg\u00e9tique de notre pays et de rendre notre syst\u00e8me \u00e9nerg\u00e9tique plus performant\u2019\u2019, a fait valoir M.&nbsp;Diop.<\/p>\n<p>Ainsi, poursuit-il, l\u2019une des ambitions du Plan S\u00e9n\u00e9gal \u00e9mergent (PSE) est-elle de fournir une \u00e9lectricit\u00e9 \u2018\u2019en quantit\u00e9 suffisante, fiable, abordable et accessible\u2019\u2019 pour toutes les populations. \u2018\u2019Cela veut dire que ceux qui en disposent n\u2019ont pas le droit de la gaspiller\u2019\u2019, a insist\u00e9 le DG de l\u2019AEME.<\/p>\n<p>D\u2019ailleurs, indique M.&nbsp;Diop, la promotion de l\u2019utilisation rationnelle de l\u2019\u00e9nergie pour la ma\u00eetrise de la demande constitue \u2018\u2019un des leviers phares\u2019\u2019 du plan de relance du secteur de l\u2019\u00e9lectricit\u00e9 qui vise, entre autres objectifs, la r\u00e9duction de la facture publique de l\u2019\u00e9lectricit\u00e9 entre 10 et 15%.<\/p>\n<p>\u2018\u2019Dores et d\u00e9j\u00e0, \u00e0 travers le programme SARDEL, les actions d\u2019efficacit\u00e9 \u00e9nerg\u00e9tique mises en \u0153uvre par l\u2019AEME ces six derni\u00e8res ann\u00e9es ont permis de r\u00e9aliser des \u00e9conomies financi\u00e8res de l\u2019ordre de 6,5 milliards de francs CFA\u2019\u2019, s\u2019est-il r\u00e9joui.<\/p>\n<p>\u2018\u2019Ces \u00e9conomies permettront, sans nul doute, de financer des projets d\u2019efficacit\u00e9 \u00e9nerg\u00e9tique, des programmes sociaux et des projets de d\u00e9veloppement \u00e9conomique, pour am\u00e9liorer le bien-\u00eatre de la population\u2019\u2019, note le DG de l\u2019AEME.<\/p>\n<\/div>\n<\/div>\n<div>\n<p><strong>(APS)<\/strong><\/p>\n<\/div>\n","protected":false},"excerpt":{"rendered":"<p>Saer Diop, Dg AEME Le gouvernement travaille \u00e0 la r\u00e9duction d\u2019au moins 30% de la facture d\u2019\u00e9lectricit\u00e9, qui est actuellement de 40 milliards de francs&#8230;<\/p>\n","protected":false},"author":1,"featured_media":4041,"comment_status":"closed","ping_status":"open","sticky":false,"template":"","format":"standard","meta":{"_jetpack_memberships_contains_paid_content":false,"footnotes":""},"categories":[23,10],"tags":[],"class_list":["post-4035","post","type-post","status-publish","format-standard","has-post-thumbnail","hentry","category-a-la-une","category-infos-eco","wpcat-23-id","wpcat-10-id"],"yoast_head":"<!-- This site is optimized with the Yoast SEO plugin v27.1.1 - https:\/\/yoast.com\/product\/yoast-seo-wordpress\/ -->\n<title>Le S\u00e9n\u00e9gal veut r\u00e9duire sa facture d\u2019\u00e9lectricit\u00e9 de 30% au moins (DG AEME) - challenges economiques<\/title>\n<meta name=\"robots\" content=\"index, follow, max-snippet:-1, max-image-preview:large, max-video-preview:-1\" \/>\n<link rel=\"canonical\" href=\"https:\/\/challengeseconomiques.com\/?p=4035\" \/>\n<meta property=\"og:locale\" content=\"fr_FR\" \/>\n<meta property=\"og:type\" content=\"article\" \/>\n<meta property=\"og:title\" content=\"Le S\u00e9n\u00e9gal veut r\u00e9duire sa facture d\u2019\u00e9lectricit\u00e9 de 30% au moins (DG AEME) - challenges economiques\" \/>\n<meta property=\"og:description\" content=\"Saer Diop, Dg AEME Le gouvernement travaille \u00e0 la r\u00e9duction d\u2019au moins 30% de la facture d\u2019\u00e9lectricit\u00e9, qui est actuellement de 40 milliards de francs...\" \/>\n<meta property=\"og:url\" content=\"https:\/\/challengeseconomiques.com\/?p=4035\" \/>\n<meta property=\"og:site_name\" content=\"challenges economiques\" \/>\n<meta property=\"article:published_time\" content=\"2022-10-03T11:13:06+00:00\" \/>\n<meta property=\"article:modified_time\" content=\"2022-10-03T11:52:34+00:00\" \/>\n<meta property=\"og:image\" content=\"https:\/\/challengeseconomiques.com\/wp-content\/uploads\/2022\/10\/saer.jpg\" \/>\n\t<meta property=\"og:image:width\" content=\"717\" \/>\n\t<meta property=\"og:image:height\" content=\"540\" \/>\n\t<meta property=\"og:image:type\" content=\"image\/jpeg\" \/>\n<meta name=\"author\" content=\"admin\" \/>\n<meta name=\"twitter:card\" content=\"summary_large_image\" \/>\n<meta name=\"twitter:label1\" content=\"\u00c9crit par\" \/>\n\t<meta name=\"twitter:data1\" content=\"admin\" \/>\n\t<meta name=\"twitter:label2\" content=\"Dur\u00e9e de lecture estim\u00e9e\" \/>\n\t<meta name=\"twitter:data2\" content=\"2 minutes\" \/>\n<script type=\"application\/ld+json\" class=\"yoast-schema-graph\">{\"@context\":\"https:\/\/schema.org\",\"@graph\":[{\"@type\":\"Article\",\"@id\":\"https:\/\/challengeseconomiques.com\/?p=4035#article\",\"isPartOf\":{\"@id\":\"https:\/\/challengeseconomiques.com\/?p=4035\"},\"author\":{\"name\":\"admin\",\"@id\":\"https:\/\/challengeseconomiques.com\/#\/schema\/person\/b4568c9afebc5a9238a771873801e349\"},\"headline\":\"Le S\u00e9n\u00e9gal veut r\u00e9duire sa facture d\u2019\u00e9lectricit\u00e9 de 30% au moins (DG AEME)\",\"datePublished\":\"2022-10-03T11:13:06+00:00\",\"dateModified\":\"2022-10-03T11:52:34+00:00\",\"mainEntityOfPage\":{\"@id\":\"https:\/\/challengeseconomiques.com\/?p=4035\"},\"wordCount\":441,\"image\":{\"@id\":\"https:\/\/challengeseconomiques.com\/?p=4035#primaryimage\"},\"thumbnailUrl\":\"https:\/\/challengeseconomiques.com\/wp-content\/uploads\/2022\/10\/saer.jpg\",\"articleSection\":[\"A la une\",\"Infos \u00e9co\"],\"inLanguage\":\"fr-FR\"},{\"@type\":\"WebPage\",\"@id\":\"https:\/\/challengeseconomiques.com\/?p=4035\",\"url\":\"https:\/\/challengeseconomiques.com\/?p=4035\",\"name\":\"Le S\u00e9n\u00e9gal veut r\u00e9duire sa facture d\u2019\u00e9lectricit\u00e9 de 30% au moins (DG AEME) - challenges economiques\",\"isPartOf\":{\"@id\":\"https:\/\/challengeseconomiques.com\/#website\"},\"primaryImageOfPage\":{\"@id\":\"https:\/\/challengeseconomiques.com\/?p=4035#primaryimage\"},\"image\":{\"@id\":\"https:\/\/challengeseconomiques.com\/?p=4035#primaryimage\"},\"thumbnailUrl\":\"https:\/\/challengeseconomiques.com\/wp-content\/uploads\/2022\/10\/saer.jpg\",\"datePublished\":\"2022-10-03T11:13:06+00:00\",\"dateModified\":\"2022-10-03T11:52:34+00:00\",\"author\":{\"@id\":\"https:\/\/challengeseconomiques.com\/#\/schema\/person\/b4568c9afebc5a9238a771873801e349\"},\"breadcrumb\":{\"@id\":\"https:\/\/challengeseconomiques.com\/?p=4035#breadcrumb\"},\"inLanguage\":\"fr-FR\",\"potentialAction\":[{\"@type\":\"ReadAction\",\"target\":[\"https:\/\/challengeseconomiques.com\/?p=4035\"]}]},{\"@type\":\"ImageObject\",\"inLanguage\":\"fr-FR\",\"@id\":\"https:\/\/challengeseconomiques.com\/?p=4035#primaryimage\",\"url\":\"https:\/\/challengeseconomiques.com\/wp-content\/uploads\/2022\/10\/saer.jpg\",\"contentUrl\":\"https:\/\/challengeseconomiques.com\/wp-content\/uploads\/2022\/10\/saer.jpg\",\"width\":717,\"height\":540},{\"@type\":\"BreadcrumbList\",\"@id\":\"https:\/\/challengeseconomiques.com\/?p=4035#breadcrumb\",\"itemListElement\":[{\"@type\":\"ListItem\",\"position\":1,\"name\":\"Home\",\"item\":\"https:\/\/challengeseconomiques.com\/\"},{\"@type\":\"ListItem\",\"position\":2,\"name\":\"Le S\u00e9n\u00e9gal veut r\u00e9duire sa facture d\u2019\u00e9lectricit\u00e9 de 30% au moins (DG AEME)\"}]},{\"@type\":\"WebSite\",\"@id\":\"https:\/\/challengeseconomiques.com\/#website\",\"url\":\"https:\/\/challengeseconomiques.com\/\",\"name\":\"challenges economiques\",\"description\":\"\",\"potentialAction\":[{\"@type\":\"SearchAction\",\"target\":{\"@type\":\"EntryPoint\",\"urlTemplate\":\"https:\/\/challengeseconomiques.com\/?s={search_term_string}\"},\"query-input\":{\"@type\":\"PropertyValueSpecification\",\"valueRequired\":true,\"valueName\":\"search_term_string\"}}],\"inLanguage\":\"fr-FR\"},{\"@type\":\"Person\",\"@id\":\"https:\/\/challengeseconomiques.com\/#\/schema\/person\/b4568c9afebc5a9238a771873801e349\",\"name\":\"admin\",\"image\":{\"@type\":\"ImageObject\",\"inLanguage\":\"fr-FR\",\"@id\":\"https:\/\/challengeseconomiques.com\/#\/schema\/person\/image\/\",\"url\":\"https:\/\/secure.gravatar.com\/avatar\/099e42240b5eea11acdb72751fcce0dd918603f0749d24974b7984ea47ed9fd9?s=96&d=mm&r=g\",\"contentUrl\":\"https:\/\/secure.gravatar.com\/avatar\/099e42240b5eea11acdb72751fcce0dd918603f0749d24974b7984ea47ed9fd9?s=96&d=mm&r=g\",\"caption\":\"admin\"},\"sameAs\":[\"https:\/\/challengeseconomiques.com\"],\"url\":\"https:\/\/challengeseconomiques.com\/?author=1\"}]}<\/script>\n<!-- \/ Yoast SEO plugin. -->","yoast_head_json":{"title":"Le S\u00e9n\u00e9gal veut r\u00e9duire sa facture d\u2019\u00e9lectricit\u00e9 de 30% au moins (DG AEME) - challenges economiques","robots":{"index":"index","follow":"follow","max-snippet":"max-snippet:-1","max-image-preview":"max-image-preview:large","max-video-preview":"max-video-preview:-1"},"canonical":"https:\/\/challengeseconomiques.com\/?p=4035","og_locale":"fr_FR","og_type":"article","og_title":"Le S\u00e9n\u00e9gal veut r\u00e9duire sa facture d\u2019\u00e9lectricit\u00e9 de 30% au moins (DG AEME) - challenges economiques","og_description":"Saer Diop, Dg AEME Le gouvernement travaille \u00e0 la r\u00e9duction d\u2019au moins 30% de la facture d\u2019\u00e9lectricit\u00e9, qui est actuellement de 40 milliards de francs...","og_url":"https:\/\/challengeseconomiques.com\/?p=4035","og_site_name":"challenges economiques","article_published_time":"2022-10-03T11:13:06+00:00","article_modified_time":"2022-10-03T11:52:34+00:00","og_image":[{"width":717,"height":540,"url":"https:\/\/challengeseconomiques.com\/wp-content\/uploads\/2022\/10\/saer.jpg","type":"image\/jpeg"}],"author":"admin","twitter_card":"summary_large_image","twitter_misc":{"\u00c9crit par":"admin","Dur\u00e9e de lecture estim\u00e9e":"2 minutes"},"schema":{"@context":"https:\/\/schema.org","@graph":[{"@type":"Article","@id":"https:\/\/challengeseconomiques.com\/?p=4035#article","isPartOf":{"@id":"https:\/\/challengeseconomiques.com\/?p=4035"},"author":{"name":"admin","@id":"https:\/\/challengeseconomiques.com\/#\/schema\/person\/b4568c9afebc5a9238a771873801e349"},"headline":"Le S\u00e9n\u00e9gal veut r\u00e9duire sa facture d\u2019\u00e9lectricit\u00e9 de 30% au moins (DG AEME)","datePublished":"2022-10-03T11:13:06+00:00","dateModified":"2022-10-03T11:52:34+00:00","mainEntityOfPage":{"@id":"https:\/\/challengeseconomiques.com\/?p=4035"},"wordCount":441,"image":{"@id":"https:\/\/challengeseconomiques.com\/?p=4035#primaryimage"},"thumbnailUrl":"https:\/\/challengeseconomiques.com\/wp-content\/uploads\/2022\/10\/saer.jpg","articleSection":["A la une","Infos \u00e9co"],"inLanguage":"fr-FR"},{"@type":"WebPage","@id":"https:\/\/challengeseconomiques.com\/?p=4035","url":"https:\/\/challengeseconomiques.com\/?p=4035","name":"Le S\u00e9n\u00e9gal veut r\u00e9duire sa facture d\u2019\u00e9lectricit\u00e9 de 30% au moins (DG AEME) - challenges economiques","isPartOf":{"@id":"https:\/\/challengeseconomiques.com\/#website"},"primaryImageOfPage":{"@id":"https:\/\/challengeseconomiques.com\/?p=4035#primaryimage"},"image":{"@id":"https:\/\/challengeseconomiques.com\/?p=4035#primaryimage"},"thumbnailUrl":"https:\/\/challengeseconomiques.com\/wp-content\/uploads\/2022\/10\/saer.jpg","datePublished":"2022-10-03T11:13:06+00:00","dateModified":"2022-10-03T11:52:34+00:00","author":{"@id":"https:\/\/challengeseconomiques.com\/#\/schema\/person\/b4568c9afebc5a9238a771873801e349"},"breadcrumb":{"@id":"https:\/\/challengeseconomiques.com\/?p=4035#breadcrumb"},"inLanguage":"fr-FR","potentialAction":[{"@type":"ReadAction","target":["https:\/\/challengeseconomiques.com\/?p=4035"]}]},{"@type":"ImageObject","inLanguage":"fr-FR","@id":"https:\/\/challengeseconomiques.com\/?p=4035#primaryimage","url":"https:\/\/challengeseconomiques.com\/wp-content\/uploads\/2022\/10\/saer.jpg","contentUrl":"https:\/\/challengeseconomiques.com\/wp-content\/uploads\/2022\/10\/saer.jpg","width":717,"height":540},{"@type":"BreadcrumbList","@id":"https:\/\/challengeseconomiques.com\/?p=4035#breadcrumb","itemListElement":[{"@type":"ListItem","position":1,"name":"Home","item":"https:\/\/challengeseconomiques.com\/"},{"@type":"ListItem","position":2,"name":"Le S\u00e9n\u00e9gal veut r\u00e9duire sa facture d\u2019\u00e9lectricit\u00e9 de 30% au moins (DG AEME)"}]},{"@type":"WebSite","@id":"https:\/\/challengeseconomiques.com\/#website","url":"https:\/\/challengeseconomiques.com\/","name":"challenges economiques","description":"","potentialAction":[{"@type":"SearchAction","target":{"@type":"EntryPoint","urlTemplate":"https:\/\/challengeseconomiques.com\/?s={search_term_string}"},"query-input":{"@type":"PropertyValueSpecification","valueRequired":true,"valueName":"search_term_string"}}],"inLanguage":"fr-FR"},{"@type":"Person","@id":"https:\/\/challengeseconomiques.com\/#\/schema\/person\/b4568c9afebc5a9238a771873801e349","name":"admin","image":{"@type":"ImageObject","inLanguage":"fr-FR","@id":"https:\/\/challengeseconomiques.com\/#\/schema\/person\/image\/","url":"https:\/\/secure.gravatar.com\/avatar\/099e42240b5eea11acdb72751fcce0dd918603f0749d24974b7984ea47ed9fd9?s=96&d=mm&r=g","contentUrl":"https:\/\/secure.gravatar.com\/avatar\/099e42240b5eea11acdb72751fcce0dd918603f0749d24974b7984ea47ed9fd9?s=96&d=mm&r=g","caption":"admin"},"sameAs":["https:\/\/challengeseconomiques.com"],"url":"https:\/\/challengeseconomiques.com\/?author=1"}]}},"jetpack_featured_media_url":"https:\/\/challengeseconomiques.com\/wp-content\/uploads\/2022\/10\/saer.jpg","jetpack_sharing_enabled":true,"_links":{"self":[{"href":"https:\/\/challengeseconomiques.com\/index.php?rest_route=\/wp\/v2\/posts\/4035","targetHints":{"allow":["GET"]}}],"collection":[{"href":"https:\/\/challengeseconomiques.com\/index.php?rest_route=\/wp\/v2\/posts"}],"about":[{"href":"https:\/\/challengeseconomiques.com\/index.php?rest_route=\/wp\/v2\/types\/post"}],"author":[{"embeddable":true,"href":"https:\/\/challengeseconomiques.com\/index.php?rest_route=\/wp\/v2\/users\/1"}],"replies":[{"embeddable":true,"href":"https:\/\/challengeseconomiques.com\/index.php?rest_route=%2Fwp%2Fv2%2Fcomments&post=4035"}],"version-history":[{"count":4,"href":"https:\/\/challengeseconomiques.com\/index.php?rest_route=\/wp\/v2\/posts\/4035\/revisions"}],"predecessor-version":[{"id":4043,"href":"https:\/\/challengeseconomiques.com\/index.php?rest_route=\/wp\/v2\/posts\/4035\/revisions\/4043"}],"wp:featuredmedia":[{"embeddable":true,"href":"https:\/\/challengeseconomiques.com\/index.php?rest_route=\/wp\/v2\/media\/4041"}],"wp:attachment":[{"href":"https:\/\/challengeseconomiques.com\/index.php?rest_route=%2Fwp%2Fv2%2Fmedia&parent=4035"}],"wp:term":[{"taxonomy":"category","embeddable":true,"href":"https:\/\/challengeseconomiques.com\/index.php?rest_route=%2Fwp%2Fv2%2Fcategories&post=4035"},{"taxonomy":"post_tag","embeddable":true,"href":"https:\/\/challengeseconomiques.com\/index.php?rest_route=%2Fwp%2Fv2%2Ftags&post=4035"}],"curies":[{"name":"wp","href":"https:\/\/api.w.org\/{rel}","templated":true}]}}