{"id":4028,"date":"2022-10-01T01:34:06","date_gmt":"2022-10-01T01:34:06","guid":{"rendered":"https:\/\/challengeseconomiques.com\/?p=4028"},"modified":"2022-10-01T01:34:21","modified_gmt":"2022-10-01T01:34:21","slug":"accompagnement-des-pme-la-bnde-vulgarise-laffacturage-et-le-credit-bail","status":"publish","type":"post","link":"https:\/\/challengeseconomiques.com\/?p=4028","title":{"rendered":"ACCOMPAGNEMENT DES PME  La Bnde vulgarise l\u2019Affacturage et le cr\u00e9dit-bail"},"content":{"rendered":"<p>La Banque nationale de d\u00e9veloppement \u00e9conomique (Bnde) a organis\u00e9 jeudi un atelier d\u2019information \u00e0 l\u2019intention de ses clients notamment les Petites et moyennes entreprises. L\u2019objectif de la rencontre \u00e9tait de vulgariser aupr\u00e8s d\u2019eux, des produits que l\u2019Affacturage et le cr\u00e9dit-bail. L\u2019affacturage est un ensemble de services\/ offres produits et il consiste en l\u2019achat ferme des cr\u00e9ances d\u00e9tenues par un fournisseur (Adh\u00e9rent) sur ses clients (Acheteurs) par un \u00e9tablissement de cr\u00e9dit sp\u00e9cialis\u00e9 appel\u00e9 Factor. Quant au cr\u00e9dit-bail, il s\u2019agit d\u2019une formule de \ufb01nancement qui consiste, pour la banque ou l\u2019\u00e9tablissement \ufb01nancier (le cr\u00e9dit-bailleur), \u00e0 acheter un mat\u00e9riel \u00e0 usage professionnel, choisi par son client (le cr\u00e9dit-preneur), aux \ufb01ns de le mettre \u00e0 la disposition de ce dernier sous forme de location, sur une dur\u00e9e g\u00e9n\u00e9ralement comprise entre 36 et 60 mois. Ces deux offres rec\u00e8lent d\u2019\u00e9normes potentialit\u00e9s \u00e9conomiques pour les Pme dans un contexte de d\u00e9veloppement du Digital selon le Directeur g\u00e9n\u00e9ral de la Bnde, Thierno Seydou Nourou Sy. \u00ab&nbsp;Ce sont deux importants produits parce qu\u2019ils permettent d\u2019accompagner les Pme dans le d\u00e9veloppement de leurs activit\u00e9s. Le besoin identifi\u00e9 pour le cr\u00e9dit-bail au S\u00e9n\u00e9gal tourne autour de 400 milliards alors que les financements octroy\u00e9s avoisinent les 50 milliards. Le secteur du digital, du num\u00e9rique, de l\u2019informatique sont des secteurs avec des technologies qui bougent et qui ont besoin d\u2019\u00eatre renouvel\u00e9. Aujourd\u2019hui le cr\u00e9dit-bail peut booster ces secteurs&nbsp;\u00bb, a soulign\u00e9 M. Sy. A ses yeux, l\u2019affacturage favorise \u00e9galement la cha\u00eene de valeur \u00e9conomique. Ainsi, leur objectif est de donner \u00e0 la banque, les moyens d\u2019atteindre les objectifs qui sont de l\u2019ordre de 33 milliards. \u00ab&nbsp;C\u2019est une manne pour les Pme. Nous avons jug\u00e9 n\u00e9cessaire d\u2019inviter la client\u00e8le et d\u2019\u00e9changer avec eux pour avoir avis et appr\u00e9ciations afin d\u2019apporter des am\u00e9liorations dans les services&nbsp;\u00bb, a indiqu\u00e9 le directeur g\u00e9n\u00e9ral de la Bnde.<\/p>\n","protected":false},"excerpt":{"rendered":"<p>La Banque nationale de d\u00e9veloppement \u00e9conomique (Bnde) a organis\u00e9 jeudi un atelier d\u2019information \u00e0 l\u2019intention de ses clients notamment les Petites et moyennes entreprises. L\u2019objectif&#8230;<\/p>\n","protected":false},"author":3,"featured_media":4023,"comment_status":"closed","ping_status":"open","sticky":false,"template":"","format":"standard","meta":{"_jetpack_memberships_contains_paid_content":false,"footnotes":""},"categories":[23,10],"tags":[],"class_list":["post-4028","post","type-post","status-publish","format-standard","has-post-thumbnail","hentry","category-a-la-une","category-infos-eco","wpcat-23-id","wpcat-10-id"],"yoast_head":"<!-- This site is optimized with the Yoast SEO plugin v27.1.1 - https:\/\/yoast.com\/product\/yoast-seo-wordpress\/ -->\n<title>ACCOMPAGNEMENT DES PME La Bnde vulgarise l\u2019Affacturage et le cr\u00e9dit-bail - challenges economiques<\/title>\n<meta name=\"robots\" content=\"index, follow, max-snippet:-1, max-image-preview:large, max-video-preview:-1\" \/>\n<link rel=\"canonical\" href=\"https:\/\/challengeseconomiques.com\/?p=4028\" \/>\n<meta property=\"og:locale\" content=\"fr_FR\" \/>\n<meta property=\"og:type\" content=\"article\" \/>\n<meta property=\"og:title\" content=\"ACCOMPAGNEMENT DES PME La Bnde vulgarise l\u2019Affacturage et le cr\u00e9dit-bail - challenges economiques\" \/>\n<meta property=\"og:description\" content=\"La Banque nationale de d\u00e9veloppement \u00e9conomique (Bnde) a organis\u00e9 jeudi un atelier d\u2019information \u00e0 l\u2019intention de ses clients notamment les Petites et moyennes entreprises. L\u2019objectif...\" \/>\n<meta property=\"og:url\" content=\"https:\/\/challengeseconomiques.com\/?p=4028\" \/>\n<meta property=\"og:site_name\" content=\"challenges economiques\" \/>\n<meta property=\"article:published_time\" content=\"2022-10-01T01:34:06+00:00\" \/>\n<meta property=\"article:modified_time\" content=\"2022-10-01T01:34:21+00:00\" \/>\n<meta property=\"og:image\" content=\"https:\/\/challengeseconomiques.com\/wp-content\/uploads\/2022\/10\/affacturagecredit.jpg\" \/>\n\t<meta property=\"og:image:width\" content=\"1024\" \/>\n\t<meta property=\"og:image:height\" content=\"576\" \/>\n\t<meta property=\"og:image:type\" content=\"image\/jpeg\" \/>\n<meta name=\"author\" content=\"aliou kane ndiaye\" \/>\n<meta name=\"twitter:card\" content=\"summary_large_image\" \/>\n<meta name=\"twitter:label1\" content=\"\u00c9crit par\" \/>\n\t<meta name=\"twitter:data1\" content=\"aliou kane ndiaye\" \/>\n\t<meta name=\"twitter:label2\" content=\"Dur\u00e9e de lecture estim\u00e9e\" \/>\n\t<meta name=\"twitter:data2\" content=\"2 minutes\" \/>\n<script type=\"application\/ld+json\" class=\"yoast-schema-graph\">{\"@context\":\"https:\/\/schema.org\",\"@graph\":[{\"@type\":\"Article\",\"@id\":\"https:\/\/challengeseconomiques.com\/?p=4028#article\",\"isPartOf\":{\"@id\":\"https:\/\/challengeseconomiques.com\/?p=4028\"},\"author\":{\"name\":\"aliou kane ndiaye\",\"@id\":\"https:\/\/challengeseconomiques.com\/#\/schema\/person\/2f70a31e102db1741c1a1c00c2bbd8a6\"},\"headline\":\"ACCOMPAGNEMENT DES PME La Bnde vulgarise l\u2019Affacturage et le cr\u00e9dit-bail\",\"datePublished\":\"2022-10-01T01:34:06+00:00\",\"dateModified\":\"2022-10-01T01:34:21+00:00\",\"mainEntityOfPage\":{\"@id\":\"https:\/\/challengeseconomiques.com\/?p=4028\"},\"wordCount\":363,\"image\":{\"@id\":\"https:\/\/challengeseconomiques.com\/?p=4028#primaryimage\"},\"thumbnailUrl\":\"https:\/\/challengeseconomiques.com\/wp-content\/uploads\/2022\/10\/affacturagecredit.jpg\",\"articleSection\":[\"A la une\",\"Infos \u00e9co\"],\"inLanguage\":\"fr-FR\"},{\"@type\":\"WebPage\",\"@id\":\"https:\/\/challengeseconomiques.com\/?p=4028\",\"url\":\"https:\/\/challengeseconomiques.com\/?p=4028\",\"name\":\"ACCOMPAGNEMENT DES PME La Bnde vulgarise l\u2019Affacturage et le cr\u00e9dit-bail - challenges economiques\",\"isPartOf\":{\"@id\":\"https:\/\/challengeseconomiques.com\/#website\"},\"primaryImageOfPage\":{\"@id\":\"https:\/\/challengeseconomiques.com\/?p=4028#primaryimage\"},\"image\":{\"@id\":\"https:\/\/challengeseconomiques.com\/?p=4028#primaryimage\"},\"thumbnailUrl\":\"https:\/\/challengeseconomiques.com\/wp-content\/uploads\/2022\/10\/affacturagecredit.jpg\",\"datePublished\":\"2022-10-01T01:34:06+00:00\",\"dateModified\":\"2022-10-01T01:34:21+00:00\",\"author\":{\"@id\":\"https:\/\/challengeseconomiques.com\/#\/schema\/person\/2f70a31e102db1741c1a1c00c2bbd8a6\"},\"breadcrumb\":{\"@id\":\"https:\/\/challengeseconomiques.com\/?p=4028#breadcrumb\"},\"inLanguage\":\"fr-FR\",\"potentialAction\":[{\"@type\":\"ReadAction\",\"target\":[\"https:\/\/challengeseconomiques.com\/?p=4028\"]}]},{\"@type\":\"ImageObject\",\"inLanguage\":\"fr-FR\",\"@id\":\"https:\/\/challengeseconomiques.com\/?p=4028#primaryimage\",\"url\":\"https:\/\/challengeseconomiques.com\/wp-content\/uploads\/2022\/10\/affacturagecredit.jpg\",\"contentUrl\":\"https:\/\/challengeseconomiques.com\/wp-content\/uploads\/2022\/10\/affacturagecredit.jpg\",\"width\":1024,\"height\":576},{\"@type\":\"BreadcrumbList\",\"@id\":\"https:\/\/challengeseconomiques.com\/?p=4028#breadcrumb\",\"itemListElement\":[{\"@type\":\"ListItem\",\"position\":1,\"name\":\"Home\",\"item\":\"https:\/\/challengeseconomiques.com\/\"},{\"@type\":\"ListItem\",\"position\":2,\"name\":\"ACCOMPAGNEMENT DES PME La Bnde vulgarise l\u2019Affacturage et le cr\u00e9dit-bail\"}]},{\"@type\":\"WebSite\",\"@id\":\"https:\/\/challengeseconomiques.com\/#website\",\"url\":\"https:\/\/challengeseconomiques.com\/\",\"name\":\"challenges economiques\",\"description\":\"\",\"potentialAction\":[{\"@type\":\"SearchAction\",\"target\":{\"@type\":\"EntryPoint\",\"urlTemplate\":\"https:\/\/challengeseconomiques.com\/?s={search_term_string}\"},\"query-input\":{\"@type\":\"PropertyValueSpecification\",\"valueRequired\":true,\"valueName\":\"search_term_string\"}}],\"inLanguage\":\"fr-FR\"},{\"@type\":\"Person\",\"@id\":\"https:\/\/challengeseconomiques.com\/#\/schema\/person\/2f70a31e102db1741c1a1c00c2bbd8a6\",\"name\":\"aliou kane ndiaye\",\"image\":{\"@type\":\"ImageObject\",\"inLanguage\":\"fr-FR\",\"@id\":\"https:\/\/challengeseconomiques.com\/#\/schema\/person\/image\/\",\"url\":\"https:\/\/secure.gravatar.com\/avatar\/df942321e58711a9f1fee838e446766660477bacd4b42fa20400d2c7cf4da7ca?s=96&d=mm&r=g\",\"contentUrl\":\"https:\/\/secure.gravatar.com\/avatar\/df942321e58711a9f1fee838e446766660477bacd4b42fa20400d2c7cf4da7ca?s=96&d=mm&r=g\",\"caption\":\"aliou kane ndiaye\"},\"sameAs\":[\"http:\/\/www.challengeseconomiques.com\"],\"url\":\"https:\/\/challengeseconomiques.com\/?author=3\"}]}<\/script>\n<!-- \/ Yoast SEO plugin. -->","yoast_head_json":{"title":"ACCOMPAGNEMENT DES PME La Bnde vulgarise l\u2019Affacturage et le cr\u00e9dit-bail - challenges economiques","robots":{"index":"index","follow":"follow","max-snippet":"max-snippet:-1","max-image-preview":"max-image-preview:large","max-video-preview":"max-video-preview:-1"},"canonical":"https:\/\/challengeseconomiques.com\/?p=4028","og_locale":"fr_FR","og_type":"article","og_title":"ACCOMPAGNEMENT DES PME La Bnde vulgarise l\u2019Affacturage et le cr\u00e9dit-bail - challenges economiques","og_description":"La Banque nationale de d\u00e9veloppement \u00e9conomique (Bnde) a organis\u00e9 jeudi un atelier d\u2019information \u00e0 l\u2019intention de ses clients notamment les Petites et moyennes entreprises. L\u2019objectif...","og_url":"https:\/\/challengeseconomiques.com\/?p=4028","og_site_name":"challenges economiques","article_published_time":"2022-10-01T01:34:06+00:00","article_modified_time":"2022-10-01T01:34:21+00:00","og_image":[{"width":1024,"height":576,"url":"https:\/\/challengeseconomiques.com\/wp-content\/uploads\/2022\/10\/affacturagecredit.jpg","type":"image\/jpeg"}],"author":"aliou kane ndiaye","twitter_card":"summary_large_image","twitter_misc":{"\u00c9crit par":"aliou kane ndiaye","Dur\u00e9e de lecture estim\u00e9e":"2 minutes"},"schema":{"@context":"https:\/\/schema.org","@graph":[{"@type":"Article","@id":"https:\/\/challengeseconomiques.com\/?p=4028#article","isPartOf":{"@id":"https:\/\/challengeseconomiques.com\/?p=4028"},"author":{"name":"aliou kane ndiaye","@id":"https:\/\/challengeseconomiques.com\/#\/schema\/person\/2f70a31e102db1741c1a1c00c2bbd8a6"},"headline":"ACCOMPAGNEMENT DES PME La Bnde vulgarise l\u2019Affacturage et le cr\u00e9dit-bail","datePublished":"2022-10-01T01:34:06+00:00","dateModified":"2022-10-01T01:34:21+00:00","mainEntityOfPage":{"@id":"https:\/\/challengeseconomiques.com\/?p=4028"},"wordCount":363,"image":{"@id":"https:\/\/challengeseconomiques.com\/?p=4028#primaryimage"},"thumbnailUrl":"https:\/\/challengeseconomiques.com\/wp-content\/uploads\/2022\/10\/affacturagecredit.jpg","articleSection":["A la une","Infos \u00e9co"],"inLanguage":"fr-FR"},{"@type":"WebPage","@id":"https:\/\/challengeseconomiques.com\/?p=4028","url":"https:\/\/challengeseconomiques.com\/?p=4028","name":"ACCOMPAGNEMENT DES PME La Bnde vulgarise l\u2019Affacturage et le cr\u00e9dit-bail - challenges economiques","isPartOf":{"@id":"https:\/\/challengeseconomiques.com\/#website"},"primaryImageOfPage":{"@id":"https:\/\/challengeseconomiques.com\/?p=4028#primaryimage"},"image":{"@id":"https:\/\/challengeseconomiques.com\/?p=4028#primaryimage"},"thumbnailUrl":"https:\/\/challengeseconomiques.com\/wp-content\/uploads\/2022\/10\/affacturagecredit.jpg","datePublished":"2022-10-01T01:34:06+00:00","dateModified":"2022-10-01T01:34:21+00:00","author":{"@id":"https:\/\/challengeseconomiques.com\/#\/schema\/person\/2f70a31e102db1741c1a1c00c2bbd8a6"},"breadcrumb":{"@id":"https:\/\/challengeseconomiques.com\/?p=4028#breadcrumb"},"inLanguage":"fr-FR","potentialAction":[{"@type":"ReadAction","target":["https:\/\/challengeseconomiques.com\/?p=4028"]}]},{"@type":"ImageObject","inLanguage":"fr-FR","@id":"https:\/\/challengeseconomiques.com\/?p=4028#primaryimage","url":"https:\/\/challengeseconomiques.com\/wp-content\/uploads\/2022\/10\/affacturagecredit.jpg","contentUrl":"https:\/\/challengeseconomiques.com\/wp-content\/uploads\/2022\/10\/affacturagecredit.jpg","width":1024,"height":576},{"@type":"BreadcrumbList","@id":"https:\/\/challengeseconomiques.com\/?p=4028#breadcrumb","itemListElement":[{"@type":"ListItem","position":1,"name":"Home","item":"https:\/\/challengeseconomiques.com\/"},{"@type":"ListItem","position":2,"name":"ACCOMPAGNEMENT DES PME La Bnde vulgarise l\u2019Affacturage et le cr\u00e9dit-bail"}]},{"@type":"WebSite","@id":"https:\/\/challengeseconomiques.com\/#website","url":"https:\/\/challengeseconomiques.com\/","name":"challenges economiques","description":"","potentialAction":[{"@type":"SearchAction","target":{"@type":"EntryPoint","urlTemplate":"https:\/\/challengeseconomiques.com\/?s={search_term_string}"},"query-input":{"@type":"PropertyValueSpecification","valueRequired":true,"valueName":"search_term_string"}}],"inLanguage":"fr-FR"},{"@type":"Person","@id":"https:\/\/challengeseconomiques.com\/#\/schema\/person\/2f70a31e102db1741c1a1c00c2bbd8a6","name":"aliou kane ndiaye","image":{"@type":"ImageObject","inLanguage":"fr-FR","@id":"https:\/\/challengeseconomiques.com\/#\/schema\/person\/image\/","url":"https:\/\/secure.gravatar.com\/avatar\/df942321e58711a9f1fee838e446766660477bacd4b42fa20400d2c7cf4da7ca?s=96&d=mm&r=g","contentUrl":"https:\/\/secure.gravatar.com\/avatar\/df942321e58711a9f1fee838e446766660477bacd4b42fa20400d2c7cf4da7ca?s=96&d=mm&r=g","caption":"aliou kane ndiaye"},"sameAs":["http:\/\/www.challengeseconomiques.com"],"url":"https:\/\/challengeseconomiques.com\/?author=3"}]}},"jetpack_featured_media_url":"https:\/\/challengeseconomiques.com\/wp-content\/uploads\/2022\/10\/affacturagecredit.jpg","jetpack_sharing_enabled":true,"_links":{"self":[{"href":"https:\/\/challengeseconomiques.com\/index.php?rest_route=\/wp\/v2\/posts\/4028","targetHints":{"allow":["GET"]}}],"collection":[{"href":"https:\/\/challengeseconomiques.com\/index.php?rest_route=\/wp\/v2\/posts"}],"about":[{"href":"https:\/\/challengeseconomiques.com\/index.php?rest_route=\/wp\/v2\/types\/post"}],"author":[{"embeddable":true,"href":"https:\/\/challengeseconomiques.com\/index.php?rest_route=\/wp\/v2\/users\/3"}],"replies":[{"embeddable":true,"href":"https:\/\/challengeseconomiques.com\/index.php?rest_route=%2Fwp%2Fv2%2Fcomments&post=4028"}],"version-history":[{"count":2,"href":"https:\/\/challengeseconomiques.com\/index.php?rest_route=\/wp\/v2\/posts\/4028\/revisions"}],"predecessor-version":[{"id":4030,"href":"https:\/\/challengeseconomiques.com\/index.php?rest_route=\/wp\/v2\/posts\/4028\/revisions\/4030"}],"wp:featuredmedia":[{"embeddable":true,"href":"https:\/\/challengeseconomiques.com\/index.php?rest_route=\/wp\/v2\/media\/4023"}],"wp:attachment":[{"href":"https:\/\/challengeseconomiques.com\/index.php?rest_route=%2Fwp%2Fv2%2Fmedia&parent=4028"}],"wp:term":[{"taxonomy":"category","embeddable":true,"href":"https:\/\/challengeseconomiques.com\/index.php?rest_route=%2Fwp%2Fv2%2Fcategories&post=4028"},{"taxonomy":"post_tag","embeddable":true,"href":"https:\/\/challengeseconomiques.com\/index.php?rest_route=%2Fwp%2Fv2%2Ftags&post=4028"}],"curies":[{"name":"wp","href":"https:\/\/api.w.org\/{rel}","templated":true}]}}