{"id":4025,"date":"2022-10-01T01:16:31","date_gmt":"2022-10-01T01:16:31","guid":{"rendered":"https:\/\/challengeseconomiques.com\/?p=4025"},"modified":"2022-10-01T01:17:14","modified_gmt":"2022-10-01T01:17:14","slug":"credit-bail-au-senegal-un-besoin-de-financement-estime-a-400-milliards-de-francs-cfa","status":"publish","type":"post","link":"https:\/\/challengeseconomiques.com\/?p=4025","title":{"rendered":"Cr\u00e9dit-bail au S\u00e9n\u00e9gal : Un besoin de financement estim\u00e9 \u00e0 400 milliards de francs CFA"},"content":{"rendered":"<p>\u00ab Au S\u00e9n\u00e9gal, le besoin identifi\u00e9 pour le cr\u00e9dit-bail tourne autour de 400 milliards de francs CFA \u00bb, a r\u00e9v\u00e9l\u00e9 le directeur g\u00e9n\u00e9ral de la Banque Nationale de D\u00e9veloppement Economique du S\u00e9n\u00e9gal (BNDE), Thierno Seydou Nourou Sy, le jeudi 29 septembre 2022, au cours d\u2019une Journ\u00e9e de pr\u00e9sentation de l\u2019affacturage et du cr\u00e9dit-bail.<\/p>\n<p>Toutefois, le constat est que les financements octroy\u00e9s ne sont pas tr\u00e8s loin de 50 milliards FCFA, a pr\u00e9cis\u00e9 le banquier.<\/p>\n<p>\u00ab Cela d\u00e9note la marge de progression sur ce produit alors que nous avons des besoins d\u2019investissements importants \u00bb, a-t-il ajout\u00e9.<\/p>\n<p>\u00ab Nous avons un encours de 12 milliards mais l\u2019objectif est d\u2019aller au-del\u00e0 et donner les moyens d\u2019atteindre les objectifs du business-plan 2022-2026, qui sont de l\u2019ordre de 30 milliards \u00bb, a promis le directeur g\u00e9n\u00e9ral de la BNDE, qui joue \u00e0 fond la carte des produits financiers alternatifs.<\/p>\n<p><strong>(BIE)<\/strong><\/p>\n","protected":false},"excerpt":{"rendered":"<p>\u00ab Au S\u00e9n\u00e9gal, le besoin identifi\u00e9 pour le cr\u00e9dit-bail tourne autour de 400 milliards de francs CFA \u00bb, a r\u00e9v\u00e9l\u00e9 le directeur g\u00e9n\u00e9ral de la&#8230;<\/p>\n","protected":false},"author":1,"featured_media":4026,"comment_status":"closed","ping_status":"open","sticky":false,"template":"","format":"standard","meta":{"_jetpack_memberships_contains_paid_content":false,"footnotes":""},"categories":[23,10],"tags":[],"class_list":["post-4025","post","type-post","status-publish","format-standard","has-post-thumbnail","hentry","category-a-la-une","category-infos-eco","wpcat-23-id","wpcat-10-id"],"yoast_head":"<!-- This site is optimized with the Yoast SEO plugin v27.1.1 - https:\/\/yoast.com\/product\/yoast-seo-wordpress\/ -->\n<title>Cr\u00e9dit-bail au S\u00e9n\u00e9gal : Un besoin de financement estim\u00e9 \u00e0 400 milliards de francs CFA - challenges economiques<\/title>\n<meta name=\"robots\" content=\"index, follow, max-snippet:-1, max-image-preview:large, max-video-preview:-1\" \/>\n<link rel=\"canonical\" href=\"https:\/\/challengeseconomiques.com\/?p=4025\" \/>\n<meta property=\"og:locale\" content=\"fr_FR\" \/>\n<meta property=\"og:type\" content=\"article\" \/>\n<meta property=\"og:title\" content=\"Cr\u00e9dit-bail au S\u00e9n\u00e9gal : Un besoin de financement estim\u00e9 \u00e0 400 milliards de francs CFA - challenges economiques\" \/>\n<meta property=\"og:description\" content=\"\u00ab Au S\u00e9n\u00e9gal, le besoin identifi\u00e9 pour le cr\u00e9dit-bail tourne autour de 400 milliards de francs CFA \u00bb, a r\u00e9v\u00e9l\u00e9 le directeur g\u00e9n\u00e9ral de la...\" \/>\n<meta property=\"og:url\" content=\"https:\/\/challengeseconomiques.com\/?p=4025\" \/>\n<meta property=\"og:site_name\" content=\"challenges economiques\" \/>\n<meta property=\"article:published_time\" content=\"2022-10-01T01:16:31+00:00\" \/>\n<meta property=\"article:modified_time\" content=\"2022-10-01T01:17:14+00:00\" \/>\n<meta property=\"og:image\" content=\"https:\/\/challengeseconomiques.com\/wp-content\/uploads\/2022\/10\/tsy.jpg\" \/>\n\t<meta property=\"og:image:width\" content=\"819\" \/>\n\t<meta property=\"og:image:height\" content=\"540\" \/>\n\t<meta property=\"og:image:type\" content=\"image\/jpeg\" \/>\n<meta name=\"author\" content=\"admin\" \/>\n<meta name=\"twitter:card\" content=\"summary_large_image\" \/>\n<meta name=\"twitter:label1\" content=\"\u00c9crit par\" \/>\n\t<meta name=\"twitter:data1\" content=\"admin\" \/>\n\t<meta name=\"twitter:label2\" content=\"Dur\u00e9e de lecture estim\u00e9e\" \/>\n\t<meta name=\"twitter:data2\" content=\"1 minute\" \/>\n<script type=\"application\/ld+json\" class=\"yoast-schema-graph\">{\"@context\":\"https:\/\/schema.org\",\"@graph\":[{\"@type\":\"Article\",\"@id\":\"https:\/\/challengeseconomiques.com\/?p=4025#article\",\"isPartOf\":{\"@id\":\"https:\/\/challengeseconomiques.com\/?p=4025\"},\"author\":{\"name\":\"admin\",\"@id\":\"https:\/\/challengeseconomiques.com\/#\/schema\/person\/b4568c9afebc5a9238a771873801e349\"},\"headline\":\"Cr\u00e9dit-bail au S\u00e9n\u00e9gal : Un besoin de financement estim\u00e9 \u00e0 400 milliards de francs CFA\",\"datePublished\":\"2022-10-01T01:16:31+00:00\",\"dateModified\":\"2022-10-01T01:17:14+00:00\",\"mainEntityOfPage\":{\"@id\":\"https:\/\/challengeseconomiques.com\/?p=4025\"},\"wordCount\":173,\"image\":{\"@id\":\"https:\/\/challengeseconomiques.com\/?p=4025#primaryimage\"},\"thumbnailUrl\":\"https:\/\/challengeseconomiques.com\/wp-content\/uploads\/2022\/10\/tsy.jpg\",\"articleSection\":[\"A la une\",\"Infos \u00e9co\"],\"inLanguage\":\"fr-FR\"},{\"@type\":\"WebPage\",\"@id\":\"https:\/\/challengeseconomiques.com\/?p=4025\",\"url\":\"https:\/\/challengeseconomiques.com\/?p=4025\",\"name\":\"Cr\u00e9dit-bail au S\u00e9n\u00e9gal : Un besoin de financement estim\u00e9 \u00e0 400 milliards de francs CFA - challenges economiques\",\"isPartOf\":{\"@id\":\"https:\/\/challengeseconomiques.com\/#website\"},\"primaryImageOfPage\":{\"@id\":\"https:\/\/challengeseconomiques.com\/?p=4025#primaryimage\"},\"image\":{\"@id\":\"https:\/\/challengeseconomiques.com\/?p=4025#primaryimage\"},\"thumbnailUrl\":\"https:\/\/challengeseconomiques.com\/wp-content\/uploads\/2022\/10\/tsy.jpg\",\"datePublished\":\"2022-10-01T01:16:31+00:00\",\"dateModified\":\"2022-10-01T01:17:14+00:00\",\"author\":{\"@id\":\"https:\/\/challengeseconomiques.com\/#\/schema\/person\/b4568c9afebc5a9238a771873801e349\"},\"breadcrumb\":{\"@id\":\"https:\/\/challengeseconomiques.com\/?p=4025#breadcrumb\"},\"inLanguage\":\"fr-FR\",\"potentialAction\":[{\"@type\":\"ReadAction\",\"target\":[\"https:\/\/challengeseconomiques.com\/?p=4025\"]}]},{\"@type\":\"ImageObject\",\"inLanguage\":\"fr-FR\",\"@id\":\"https:\/\/challengeseconomiques.com\/?p=4025#primaryimage\",\"url\":\"https:\/\/challengeseconomiques.com\/wp-content\/uploads\/2022\/10\/tsy.jpg\",\"contentUrl\":\"https:\/\/challengeseconomiques.com\/wp-content\/uploads\/2022\/10\/tsy.jpg\",\"width\":819,\"height\":540},{\"@type\":\"BreadcrumbList\",\"@id\":\"https:\/\/challengeseconomiques.com\/?p=4025#breadcrumb\",\"itemListElement\":[{\"@type\":\"ListItem\",\"position\":1,\"name\":\"Home\",\"item\":\"https:\/\/challengeseconomiques.com\/\"},{\"@type\":\"ListItem\",\"position\":2,\"name\":\"Cr\u00e9dit-bail au S\u00e9n\u00e9gal : Un besoin de financement estim\u00e9 \u00e0 400 milliards de francs CFA\"}]},{\"@type\":\"WebSite\",\"@id\":\"https:\/\/challengeseconomiques.com\/#website\",\"url\":\"https:\/\/challengeseconomiques.com\/\",\"name\":\"challenges economiques\",\"description\":\"\",\"potentialAction\":[{\"@type\":\"SearchAction\",\"target\":{\"@type\":\"EntryPoint\",\"urlTemplate\":\"https:\/\/challengeseconomiques.com\/?s={search_term_string}\"},\"query-input\":{\"@type\":\"PropertyValueSpecification\",\"valueRequired\":true,\"valueName\":\"search_term_string\"}}],\"inLanguage\":\"fr-FR\"},{\"@type\":\"Person\",\"@id\":\"https:\/\/challengeseconomiques.com\/#\/schema\/person\/b4568c9afebc5a9238a771873801e349\",\"name\":\"admin\",\"image\":{\"@type\":\"ImageObject\",\"inLanguage\":\"fr-FR\",\"@id\":\"https:\/\/challengeseconomiques.com\/#\/schema\/person\/image\/\",\"url\":\"https:\/\/secure.gravatar.com\/avatar\/099e42240b5eea11acdb72751fcce0dd918603f0749d24974b7984ea47ed9fd9?s=96&d=mm&r=g\",\"contentUrl\":\"https:\/\/secure.gravatar.com\/avatar\/099e42240b5eea11acdb72751fcce0dd918603f0749d24974b7984ea47ed9fd9?s=96&d=mm&r=g\",\"caption\":\"admin\"},\"sameAs\":[\"https:\/\/challengeseconomiques.com\"],\"url\":\"https:\/\/challengeseconomiques.com\/?author=1\"}]}<\/script>\n<!-- \/ Yoast SEO plugin. -->","yoast_head_json":{"title":"Cr\u00e9dit-bail au S\u00e9n\u00e9gal : Un besoin de financement estim\u00e9 \u00e0 400 milliards de francs CFA - challenges economiques","robots":{"index":"index","follow":"follow","max-snippet":"max-snippet:-1","max-image-preview":"max-image-preview:large","max-video-preview":"max-video-preview:-1"},"canonical":"https:\/\/challengeseconomiques.com\/?p=4025","og_locale":"fr_FR","og_type":"article","og_title":"Cr\u00e9dit-bail au S\u00e9n\u00e9gal : Un besoin de financement estim\u00e9 \u00e0 400 milliards de francs CFA - challenges economiques","og_description":"\u00ab Au S\u00e9n\u00e9gal, le besoin identifi\u00e9 pour le cr\u00e9dit-bail tourne autour de 400 milliards de francs CFA \u00bb, a r\u00e9v\u00e9l\u00e9 le directeur g\u00e9n\u00e9ral de la...","og_url":"https:\/\/challengeseconomiques.com\/?p=4025","og_site_name":"challenges economiques","article_published_time":"2022-10-01T01:16:31+00:00","article_modified_time":"2022-10-01T01:17:14+00:00","og_image":[{"width":819,"height":540,"url":"https:\/\/challengeseconomiques.com\/wp-content\/uploads\/2022\/10\/tsy.jpg","type":"image\/jpeg"}],"author":"admin","twitter_card":"summary_large_image","twitter_misc":{"\u00c9crit par":"admin","Dur\u00e9e de lecture estim\u00e9e":"1 minute"},"schema":{"@context":"https:\/\/schema.org","@graph":[{"@type":"Article","@id":"https:\/\/challengeseconomiques.com\/?p=4025#article","isPartOf":{"@id":"https:\/\/challengeseconomiques.com\/?p=4025"},"author":{"name":"admin","@id":"https:\/\/challengeseconomiques.com\/#\/schema\/person\/b4568c9afebc5a9238a771873801e349"},"headline":"Cr\u00e9dit-bail au S\u00e9n\u00e9gal : Un besoin de financement estim\u00e9 \u00e0 400 milliards de francs CFA","datePublished":"2022-10-01T01:16:31+00:00","dateModified":"2022-10-01T01:17:14+00:00","mainEntityOfPage":{"@id":"https:\/\/challengeseconomiques.com\/?p=4025"},"wordCount":173,"image":{"@id":"https:\/\/challengeseconomiques.com\/?p=4025#primaryimage"},"thumbnailUrl":"https:\/\/challengeseconomiques.com\/wp-content\/uploads\/2022\/10\/tsy.jpg","articleSection":["A la une","Infos \u00e9co"],"inLanguage":"fr-FR"},{"@type":"WebPage","@id":"https:\/\/challengeseconomiques.com\/?p=4025","url":"https:\/\/challengeseconomiques.com\/?p=4025","name":"Cr\u00e9dit-bail au S\u00e9n\u00e9gal : Un besoin de financement estim\u00e9 \u00e0 400 milliards de francs CFA - challenges economiques","isPartOf":{"@id":"https:\/\/challengeseconomiques.com\/#website"},"primaryImageOfPage":{"@id":"https:\/\/challengeseconomiques.com\/?p=4025#primaryimage"},"image":{"@id":"https:\/\/challengeseconomiques.com\/?p=4025#primaryimage"},"thumbnailUrl":"https:\/\/challengeseconomiques.com\/wp-content\/uploads\/2022\/10\/tsy.jpg","datePublished":"2022-10-01T01:16:31+00:00","dateModified":"2022-10-01T01:17:14+00:00","author":{"@id":"https:\/\/challengeseconomiques.com\/#\/schema\/person\/b4568c9afebc5a9238a771873801e349"},"breadcrumb":{"@id":"https:\/\/challengeseconomiques.com\/?p=4025#breadcrumb"},"inLanguage":"fr-FR","potentialAction":[{"@type":"ReadAction","target":["https:\/\/challengeseconomiques.com\/?p=4025"]}]},{"@type":"ImageObject","inLanguage":"fr-FR","@id":"https:\/\/challengeseconomiques.com\/?p=4025#primaryimage","url":"https:\/\/challengeseconomiques.com\/wp-content\/uploads\/2022\/10\/tsy.jpg","contentUrl":"https:\/\/challengeseconomiques.com\/wp-content\/uploads\/2022\/10\/tsy.jpg","width":819,"height":540},{"@type":"BreadcrumbList","@id":"https:\/\/challengeseconomiques.com\/?p=4025#breadcrumb","itemListElement":[{"@type":"ListItem","position":1,"name":"Home","item":"https:\/\/challengeseconomiques.com\/"},{"@type":"ListItem","position":2,"name":"Cr\u00e9dit-bail au S\u00e9n\u00e9gal : Un besoin de financement estim\u00e9 \u00e0 400 milliards de francs CFA"}]},{"@type":"WebSite","@id":"https:\/\/challengeseconomiques.com\/#website","url":"https:\/\/challengeseconomiques.com\/","name":"challenges economiques","description":"","potentialAction":[{"@type":"SearchAction","target":{"@type":"EntryPoint","urlTemplate":"https:\/\/challengeseconomiques.com\/?s={search_term_string}"},"query-input":{"@type":"PropertyValueSpecification","valueRequired":true,"valueName":"search_term_string"}}],"inLanguage":"fr-FR"},{"@type":"Person","@id":"https:\/\/challengeseconomiques.com\/#\/schema\/person\/b4568c9afebc5a9238a771873801e349","name":"admin","image":{"@type":"ImageObject","inLanguage":"fr-FR","@id":"https:\/\/challengeseconomiques.com\/#\/schema\/person\/image\/","url":"https:\/\/secure.gravatar.com\/avatar\/099e42240b5eea11acdb72751fcce0dd918603f0749d24974b7984ea47ed9fd9?s=96&d=mm&r=g","contentUrl":"https:\/\/secure.gravatar.com\/avatar\/099e42240b5eea11acdb72751fcce0dd918603f0749d24974b7984ea47ed9fd9?s=96&d=mm&r=g","caption":"admin"},"sameAs":["https:\/\/challengeseconomiques.com"],"url":"https:\/\/challengeseconomiques.com\/?author=1"}]}},"jetpack_featured_media_url":"https:\/\/challengeseconomiques.com\/wp-content\/uploads\/2022\/10\/tsy.jpg","jetpack_sharing_enabled":true,"_links":{"self":[{"href":"https:\/\/challengeseconomiques.com\/index.php?rest_route=\/wp\/v2\/posts\/4025","targetHints":{"allow":["GET"]}}],"collection":[{"href":"https:\/\/challengeseconomiques.com\/index.php?rest_route=\/wp\/v2\/posts"}],"about":[{"href":"https:\/\/challengeseconomiques.com\/index.php?rest_route=\/wp\/v2\/types\/post"}],"author":[{"embeddable":true,"href":"https:\/\/challengeseconomiques.com\/index.php?rest_route=\/wp\/v2\/users\/1"}],"replies":[{"embeddable":true,"href":"https:\/\/challengeseconomiques.com\/index.php?rest_route=%2Fwp%2Fv2%2Fcomments&post=4025"}],"version-history":[{"count":1,"href":"https:\/\/challengeseconomiques.com\/index.php?rest_route=\/wp\/v2\/posts\/4025\/revisions"}],"predecessor-version":[{"id":4027,"href":"https:\/\/challengeseconomiques.com\/index.php?rest_route=\/wp\/v2\/posts\/4025\/revisions\/4027"}],"wp:featuredmedia":[{"embeddable":true,"href":"https:\/\/challengeseconomiques.com\/index.php?rest_route=\/wp\/v2\/media\/4026"}],"wp:attachment":[{"href":"https:\/\/challengeseconomiques.com\/index.php?rest_route=%2Fwp%2Fv2%2Fmedia&parent=4025"}],"wp:term":[{"taxonomy":"category","embeddable":true,"href":"https:\/\/challengeseconomiques.com\/index.php?rest_route=%2Fwp%2Fv2%2Fcategories&post=4025"},{"taxonomy":"post_tag","embeddable":true,"href":"https:\/\/challengeseconomiques.com\/index.php?rest_route=%2Fwp%2Fv2%2Ftags&post=4025"}],"curies":[{"name":"wp","href":"https:\/\/api.w.org\/{rel}","templated":true}]}}