{"id":3996,"date":"2022-09-23T20:55:05","date_gmt":"2022-09-23T20:55:05","guid":{"rendered":"https:\/\/challengeseconomiques.com\/?p=3996"},"modified":"2022-09-23T20:58:18","modified_gmt":"2022-09-23T20:58:18","slug":"acquisition-de-200-minivans-pour-laftu-la-bnde-et-la-der-fj-mobilisent-32-milliards-fcfa","status":"publish","type":"post","link":"https:\/\/challengeseconomiques.com\/?p=3996","title":{"rendered":"Acquisition de 200 minivans pour l\u2019AFTU : La BNDE et la DER\/FJ mobilisent 3,2 milliards FCFA"},"content":{"rendered":"<p><strong>Mbaye Amar, Pr\u00e9sident de AFTU et Thierno Sy , Dg de la BNDE, lors de la signature de l&rsquo;accord<br \/>\n<\/strong><\/p>\n<p><strong>Dans le cadre du programme de renouvellement du parc de transport urbain et interurbain, la Banque Nationale pour le D\u00e9veloppement Economique (BNDE), en collaboration avec la D\u00e9l\u00e9gation G\u00e9n\u00e9rale \u00e0 l&rsquo;Entreprenariat Rapide des Femmes et des Jeunes (DER\/FJ), a sign\u00e9, ce jeudi 22 septembre 2022, un accord de financement avec l\u2019Association des Professionnels du Transport Urbain (AFTU).<\/strong><\/p>\n<p>Cette ligne de cr\u00e9dit d\u2019un montant global de 3,2 milliards FCFA permettra l\u2019acquisition de 200 minivans aupr\u00e8s de SENBUS ainsi que la prise en charge des frais li\u00e9s \u00e0 l\u2019assurance tous risques, expliquent les services de la Banque Nationale pour le D\u00e9veloppement Economique, dans un communiqu\u00e9.<\/p>\n<p>La BNDE est accpompagn\u00e9e par son partenaire, la DER\/FJ qui a apport\u00e9 son concours par la constitution d\u2019un cash d\u00e9posit \u00e0 hauteur de 50% du montant financ\u00e9.<\/p>\n<p>La Banque Nationale pour le D\u00e9veloppement Economique poursuit, ainsi\u00a0 sa politique d\u2019accompagnement de tous les secteurs strat\u00e9giques de l\u2019Etat tout en accordant une importance capitale au secteur de transport qui doit s\u2019inscrire dans une am\u00e9lioration continue.<\/p>\n<p>C\u2019est en ce sens que les financements octroy\u00e9s depuis son lancement repr\u00e9sentent 19% pour le secteur, soit un encours de 31 milliards FCFA, pr\u00e9cise la BNDE dans le communiqu\u00e9.<\/p>\n<p><strong>Financements pour le transport<\/strong><\/p>\n<p>De plus, la Banque a eu a intervenir pour le compte de l\u2019Etat dans des financements sp\u00e9ciaux avec la soci\u00e9t\u00e9 Dakar Dem Dikk, les\u00a0 secteurs du transport maritime et a\u00e9rien.<\/p>\n<p>Par cons\u00e9quent, ce nouveau financement, d\u2019un montant de 3,2 milliards FCFA va faciliter le transport interurbain de passagers dans les diff\u00e9rentes r\u00e9gions du pays et assurera une s\u00e9curit\u00e9 et un confort aux S\u00e9n\u00e9galais.<\/p>\n<p><em>\u00a0<\/em>\u00ab\u00a0C\u2019est l\u2019occasion pour nous de remercier l\u2019Etat du S\u00e9n\u00e9gal \u00e0 travers le Minist\u00e8re des Finances et du Budget et le Minist\u00e8re des infrastructures pour leur soutien en particulier dans les p\u00e9riodes difficiles marqu\u00e9es par des manquements dans la gouvernance du projet des gros porteurs. En effet n\u2019eut \u00e9t\u00e9 ce soutien, les contraintes r\u00e9glementaires auxquelles la BNDE est soumise, au m\u00eame titre que les autres banques, r\u00e9duiraient significativement notre capacit\u00e9 d\u2019intervention dans ce secteur\u00a0\u00bb, a soulign\u00e9 le Directeur G\u00e9n\u00e9ral de la BNDE Thierno Seydou Nourou Sy.<\/p>\n<p><strong>Birame GUENE<\/strong><\/p>\n","protected":false},"excerpt":{"rendered":"<p>Mbaye Amar, Pr\u00e9sident de AFTU et Thierno Sy , Dg de la BNDE, lors de la signature de l&rsquo;accord Dans le cadre du programme de&#8230;<\/p>\n","protected":false},"author":3,"featured_media":3999,"comment_status":"closed","ping_status":"open","sticky":false,"template":"","format":"standard","meta":{"_jetpack_memberships_contains_paid_content":false,"footnotes":""},"categories":[23,10],"tags":[],"class_list":["post-3996","post","type-post","status-publish","format-standard","has-post-thumbnail","hentry","category-a-la-une","category-infos-eco","wpcat-23-id","wpcat-10-id"],"yoast_head":"<!-- This site is optimized with the Yoast SEO plugin v27.1.1 - https:\/\/yoast.com\/product\/yoast-seo-wordpress\/ -->\n<title>Acquisition de 200 minivans pour l\u2019AFTU : La BNDE et la DER\/FJ mobilisent 3,2 milliards FCFA - challenges economiques<\/title>\n<meta name=\"robots\" content=\"index, follow, max-snippet:-1, max-image-preview:large, max-video-preview:-1\" \/>\n<link rel=\"canonical\" href=\"https:\/\/challengeseconomiques.com\/?p=3996\" \/>\n<meta property=\"og:locale\" content=\"fr_FR\" \/>\n<meta property=\"og:type\" content=\"article\" \/>\n<meta property=\"og:title\" content=\"Acquisition de 200 minivans pour l\u2019AFTU : La BNDE et la DER\/FJ mobilisent 3,2 milliards FCFA - challenges economiques\" \/>\n<meta property=\"og:description\" content=\"Mbaye Amar, Pr\u00e9sident de AFTU et Thierno Sy , Dg de la BNDE, lors de la signature de l&rsquo;accord Dans le cadre du programme de...\" \/>\n<meta property=\"og:url\" content=\"https:\/\/challengeseconomiques.com\/?p=3996\" \/>\n<meta property=\"og:site_name\" content=\"challenges economiques\" \/>\n<meta property=\"article:published_time\" content=\"2022-09-23T20:55:05+00:00\" \/>\n<meta property=\"article:modified_time\" content=\"2022-09-23T20:58:18+00:00\" \/>\n<meta property=\"og:image\" content=\"https:\/\/challengeseconomiques.com\/wp-content\/uploads\/2022\/09\/aftu3.jpg\" \/>\n\t<meta property=\"og:image:width\" content=\"1080\" \/>\n\t<meta property=\"og:image:height\" content=\"720\" \/>\n\t<meta property=\"og:image:type\" content=\"image\/jpeg\" \/>\n<meta name=\"author\" content=\"aliou kane ndiaye\" \/>\n<meta name=\"twitter:card\" content=\"summary_large_image\" \/>\n<meta name=\"twitter:label1\" content=\"\u00c9crit par\" \/>\n\t<meta name=\"twitter:data1\" content=\"aliou kane ndiaye\" \/>\n\t<meta name=\"twitter:label2\" content=\"Dur\u00e9e de lecture estim\u00e9e\" \/>\n\t<meta name=\"twitter:data2\" content=\"2 minutes\" \/>\n<script type=\"application\/ld+json\" class=\"yoast-schema-graph\">{\"@context\":\"https:\/\/schema.org\",\"@graph\":[{\"@type\":\"Article\",\"@id\":\"https:\/\/challengeseconomiques.com\/?p=3996#article\",\"isPartOf\":{\"@id\":\"https:\/\/challengeseconomiques.com\/?p=3996\"},\"author\":{\"name\":\"aliou kane ndiaye\",\"@id\":\"https:\/\/challengeseconomiques.com\/#\/schema\/person\/2f70a31e102db1741c1a1c00c2bbd8a6\"},\"headline\":\"Acquisition de 200 minivans pour l\u2019AFTU : La BNDE et la DER\/FJ mobilisent 3,2 milliards FCFA\",\"datePublished\":\"2022-09-23T20:55:05+00:00\",\"dateModified\":\"2022-09-23T20:58:18+00:00\",\"mainEntityOfPage\":{\"@id\":\"https:\/\/challengeseconomiques.com\/?p=3996\"},\"wordCount\":427,\"image\":{\"@id\":\"https:\/\/challengeseconomiques.com\/?p=3996#primaryimage\"},\"thumbnailUrl\":\"https:\/\/challengeseconomiques.com\/wp-content\/uploads\/2022\/09\/aftu3.jpg\",\"articleSection\":[\"A la une\",\"Infos \u00e9co\"],\"inLanguage\":\"fr-FR\"},{\"@type\":\"WebPage\",\"@id\":\"https:\/\/challengeseconomiques.com\/?p=3996\",\"url\":\"https:\/\/challengeseconomiques.com\/?p=3996\",\"name\":\"Acquisition de 200 minivans pour l\u2019AFTU : La BNDE et la DER\/FJ mobilisent 3,2 milliards FCFA - challenges economiques\",\"isPartOf\":{\"@id\":\"https:\/\/challengeseconomiques.com\/#website\"},\"primaryImageOfPage\":{\"@id\":\"https:\/\/challengeseconomiques.com\/?p=3996#primaryimage\"},\"image\":{\"@id\":\"https:\/\/challengeseconomiques.com\/?p=3996#primaryimage\"},\"thumbnailUrl\":\"https:\/\/challengeseconomiques.com\/wp-content\/uploads\/2022\/09\/aftu3.jpg\",\"datePublished\":\"2022-09-23T20:55:05+00:00\",\"dateModified\":\"2022-09-23T20:58:18+00:00\",\"author\":{\"@id\":\"https:\/\/challengeseconomiques.com\/#\/schema\/person\/2f70a31e102db1741c1a1c00c2bbd8a6\"},\"breadcrumb\":{\"@id\":\"https:\/\/challengeseconomiques.com\/?p=3996#breadcrumb\"},\"inLanguage\":\"fr-FR\",\"potentialAction\":[{\"@type\":\"ReadAction\",\"target\":[\"https:\/\/challengeseconomiques.com\/?p=3996\"]}]},{\"@type\":\"ImageObject\",\"inLanguage\":\"fr-FR\",\"@id\":\"https:\/\/challengeseconomiques.com\/?p=3996#primaryimage\",\"url\":\"https:\/\/challengeseconomiques.com\/wp-content\/uploads\/2022\/09\/aftu3.jpg\",\"contentUrl\":\"https:\/\/challengeseconomiques.com\/wp-content\/uploads\/2022\/09\/aftu3.jpg\",\"width\":1080,\"height\":720},{\"@type\":\"BreadcrumbList\",\"@id\":\"https:\/\/challengeseconomiques.com\/?p=3996#breadcrumb\",\"itemListElement\":[{\"@type\":\"ListItem\",\"position\":1,\"name\":\"Home\",\"item\":\"https:\/\/challengeseconomiques.com\/\"},{\"@type\":\"ListItem\",\"position\":2,\"name\":\"Acquisition de 200 minivans pour l\u2019AFTU : La BNDE et la DER\/FJ mobilisent 3,2 milliards FCFA\"}]},{\"@type\":\"WebSite\",\"@id\":\"https:\/\/challengeseconomiques.com\/#website\",\"url\":\"https:\/\/challengeseconomiques.com\/\",\"name\":\"challenges economiques\",\"description\":\"\",\"potentialAction\":[{\"@type\":\"SearchAction\",\"target\":{\"@type\":\"EntryPoint\",\"urlTemplate\":\"https:\/\/challengeseconomiques.com\/?s={search_term_string}\"},\"query-input\":{\"@type\":\"PropertyValueSpecification\",\"valueRequired\":true,\"valueName\":\"search_term_string\"}}],\"inLanguage\":\"fr-FR\"},{\"@type\":\"Person\",\"@id\":\"https:\/\/challengeseconomiques.com\/#\/schema\/person\/2f70a31e102db1741c1a1c00c2bbd8a6\",\"name\":\"aliou kane ndiaye\",\"image\":{\"@type\":\"ImageObject\",\"inLanguage\":\"fr-FR\",\"@id\":\"https:\/\/challengeseconomiques.com\/#\/schema\/person\/image\/\",\"url\":\"https:\/\/secure.gravatar.com\/avatar\/df942321e58711a9f1fee838e446766660477bacd4b42fa20400d2c7cf4da7ca?s=96&d=mm&r=g\",\"contentUrl\":\"https:\/\/secure.gravatar.com\/avatar\/df942321e58711a9f1fee838e446766660477bacd4b42fa20400d2c7cf4da7ca?s=96&d=mm&r=g\",\"caption\":\"aliou kane ndiaye\"},\"sameAs\":[\"http:\/\/www.challengeseconomiques.com\"],\"url\":\"https:\/\/challengeseconomiques.com\/?author=3\"}]}<\/script>\n<!-- \/ Yoast SEO plugin. -->","yoast_head_json":{"title":"Acquisition de 200 minivans pour l\u2019AFTU : La BNDE et la DER\/FJ mobilisent 3,2 milliards FCFA - challenges economiques","robots":{"index":"index","follow":"follow","max-snippet":"max-snippet:-1","max-image-preview":"max-image-preview:large","max-video-preview":"max-video-preview:-1"},"canonical":"https:\/\/challengeseconomiques.com\/?p=3996","og_locale":"fr_FR","og_type":"article","og_title":"Acquisition de 200 minivans pour l\u2019AFTU : La BNDE et la DER\/FJ mobilisent 3,2 milliards FCFA - challenges economiques","og_description":"Mbaye Amar, Pr\u00e9sident de AFTU et Thierno Sy , Dg de la BNDE, lors de la signature de l&rsquo;accord Dans le cadre du programme de...","og_url":"https:\/\/challengeseconomiques.com\/?p=3996","og_site_name":"challenges economiques","article_published_time":"2022-09-23T20:55:05+00:00","article_modified_time":"2022-09-23T20:58:18+00:00","og_image":[{"width":1080,"height":720,"url":"https:\/\/challengeseconomiques.com\/wp-content\/uploads\/2022\/09\/aftu3.jpg","type":"image\/jpeg"}],"author":"aliou kane ndiaye","twitter_card":"summary_large_image","twitter_misc":{"\u00c9crit par":"aliou kane ndiaye","Dur\u00e9e de lecture estim\u00e9e":"2 minutes"},"schema":{"@context":"https:\/\/schema.org","@graph":[{"@type":"Article","@id":"https:\/\/challengeseconomiques.com\/?p=3996#article","isPartOf":{"@id":"https:\/\/challengeseconomiques.com\/?p=3996"},"author":{"name":"aliou kane ndiaye","@id":"https:\/\/challengeseconomiques.com\/#\/schema\/person\/2f70a31e102db1741c1a1c00c2bbd8a6"},"headline":"Acquisition de 200 minivans pour l\u2019AFTU : La BNDE et la DER\/FJ mobilisent 3,2 milliards FCFA","datePublished":"2022-09-23T20:55:05+00:00","dateModified":"2022-09-23T20:58:18+00:00","mainEntityOfPage":{"@id":"https:\/\/challengeseconomiques.com\/?p=3996"},"wordCount":427,"image":{"@id":"https:\/\/challengeseconomiques.com\/?p=3996#primaryimage"},"thumbnailUrl":"https:\/\/challengeseconomiques.com\/wp-content\/uploads\/2022\/09\/aftu3.jpg","articleSection":["A la une","Infos \u00e9co"],"inLanguage":"fr-FR"},{"@type":"WebPage","@id":"https:\/\/challengeseconomiques.com\/?p=3996","url":"https:\/\/challengeseconomiques.com\/?p=3996","name":"Acquisition de 200 minivans pour l\u2019AFTU : La BNDE et la DER\/FJ mobilisent 3,2 milliards FCFA - challenges economiques","isPartOf":{"@id":"https:\/\/challengeseconomiques.com\/#website"},"primaryImageOfPage":{"@id":"https:\/\/challengeseconomiques.com\/?p=3996#primaryimage"},"image":{"@id":"https:\/\/challengeseconomiques.com\/?p=3996#primaryimage"},"thumbnailUrl":"https:\/\/challengeseconomiques.com\/wp-content\/uploads\/2022\/09\/aftu3.jpg","datePublished":"2022-09-23T20:55:05+00:00","dateModified":"2022-09-23T20:58:18+00:00","author":{"@id":"https:\/\/challengeseconomiques.com\/#\/schema\/person\/2f70a31e102db1741c1a1c00c2bbd8a6"},"breadcrumb":{"@id":"https:\/\/challengeseconomiques.com\/?p=3996#breadcrumb"},"inLanguage":"fr-FR","potentialAction":[{"@type":"ReadAction","target":["https:\/\/challengeseconomiques.com\/?p=3996"]}]},{"@type":"ImageObject","inLanguage":"fr-FR","@id":"https:\/\/challengeseconomiques.com\/?p=3996#primaryimage","url":"https:\/\/challengeseconomiques.com\/wp-content\/uploads\/2022\/09\/aftu3.jpg","contentUrl":"https:\/\/challengeseconomiques.com\/wp-content\/uploads\/2022\/09\/aftu3.jpg","width":1080,"height":720},{"@type":"BreadcrumbList","@id":"https:\/\/challengeseconomiques.com\/?p=3996#breadcrumb","itemListElement":[{"@type":"ListItem","position":1,"name":"Home","item":"https:\/\/challengeseconomiques.com\/"},{"@type":"ListItem","position":2,"name":"Acquisition de 200 minivans pour l\u2019AFTU : La BNDE et la DER\/FJ mobilisent 3,2 milliards FCFA"}]},{"@type":"WebSite","@id":"https:\/\/challengeseconomiques.com\/#website","url":"https:\/\/challengeseconomiques.com\/","name":"challenges economiques","description":"","potentialAction":[{"@type":"SearchAction","target":{"@type":"EntryPoint","urlTemplate":"https:\/\/challengeseconomiques.com\/?s={search_term_string}"},"query-input":{"@type":"PropertyValueSpecification","valueRequired":true,"valueName":"search_term_string"}}],"inLanguage":"fr-FR"},{"@type":"Person","@id":"https:\/\/challengeseconomiques.com\/#\/schema\/person\/2f70a31e102db1741c1a1c00c2bbd8a6","name":"aliou kane ndiaye","image":{"@type":"ImageObject","inLanguage":"fr-FR","@id":"https:\/\/challengeseconomiques.com\/#\/schema\/person\/image\/","url":"https:\/\/secure.gravatar.com\/avatar\/df942321e58711a9f1fee838e446766660477bacd4b42fa20400d2c7cf4da7ca?s=96&d=mm&r=g","contentUrl":"https:\/\/secure.gravatar.com\/avatar\/df942321e58711a9f1fee838e446766660477bacd4b42fa20400d2c7cf4da7ca?s=96&d=mm&r=g","caption":"aliou kane ndiaye"},"sameAs":["http:\/\/www.challengeseconomiques.com"],"url":"https:\/\/challengeseconomiques.com\/?author=3"}]}},"jetpack_featured_media_url":"https:\/\/challengeseconomiques.com\/wp-content\/uploads\/2022\/09\/aftu3.jpg","jetpack_sharing_enabled":true,"_links":{"self":[{"href":"https:\/\/challengeseconomiques.com\/index.php?rest_route=\/wp\/v2\/posts\/3996","targetHints":{"allow":["GET"]}}],"collection":[{"href":"https:\/\/challengeseconomiques.com\/index.php?rest_route=\/wp\/v2\/posts"}],"about":[{"href":"https:\/\/challengeseconomiques.com\/index.php?rest_route=\/wp\/v2\/types\/post"}],"author":[{"embeddable":true,"href":"https:\/\/challengeseconomiques.com\/index.php?rest_route=\/wp\/v2\/users\/3"}],"replies":[{"embeddable":true,"href":"https:\/\/challengeseconomiques.com\/index.php?rest_route=%2Fwp%2Fv2%2Fcomments&post=3996"}],"version-history":[{"count":3,"href":"https:\/\/challengeseconomiques.com\/index.php?rest_route=\/wp\/v2\/posts\/3996\/revisions"}],"predecessor-version":[{"id":4002,"href":"https:\/\/challengeseconomiques.com\/index.php?rest_route=\/wp\/v2\/posts\/3996\/revisions\/4002"}],"wp:featuredmedia":[{"embeddable":true,"href":"https:\/\/challengeseconomiques.com\/index.php?rest_route=\/wp\/v2\/media\/3999"}],"wp:attachment":[{"href":"https:\/\/challengeseconomiques.com\/index.php?rest_route=%2Fwp%2Fv2%2Fmedia&parent=3996"}],"wp:term":[{"taxonomy":"category","embeddable":true,"href":"https:\/\/challengeseconomiques.com\/index.php?rest_route=%2Fwp%2Fv2%2Fcategories&post=3996"},{"taxonomy":"post_tag","embeddable":true,"href":"https:\/\/challengeseconomiques.com\/index.php?rest_route=%2Fwp%2Fv2%2Ftags&post=3996"}],"curies":[{"name":"wp","href":"https:\/\/api.w.org\/{rel}","templated":true}]}}