{"id":3969,"date":"2022-09-19T17:06:19","date_gmt":"2022-09-19T17:06:19","guid":{"rendered":"https:\/\/challengeseconomiques.com\/?p=3969"},"modified":"2023-09-26T15:34:12","modified_gmt":"2023-09-26T15:34:12","slug":"nouveau-gouvernement-leconomie-et-les-finances-encore-separees","status":"publish","type":"post","link":"https:\/\/challengeseconomiques.com\/?p=3969","title":{"rendered":"Nouveau gouvernement : L\u2019\u00e9conomie et les finances encore s\u00e9par\u00e9es"},"content":{"rendered":"<p>Dans le\u00a0 gouvernement form\u00e9 le samedi 17 septembre 2022, \u00a0par le nouveau Premier ministre, Amadou Ba, on note que le chef de l\u2019Etat, Macky Sall a d\u00e9cid\u00e9 de maintenir s\u00e9par\u00e9es l\u2019\u00e9conomie et les finances. Ce choix adopt\u00e9 apr\u00e8s son \u00e9lection, \u00e0 la pr\u00e9sidentielle de f\u00e9vrier 2019 n\u2019a pas \u00e9t\u00e9 facile dans sa gestation. Malgr\u00e9 une claire r\u00e9partition des services. Les frictions n\u2019ont pas manqu\u00e9 entre les hommes qui ont \u00e9t\u00e9 en charge des d\u00e9partements de l\u2019\u00e9conomie et des finances, au cours de ces trois derni\u00e8res ann\u00e9es.<\/p>\n<p>Ces divergences s\u2019expliquaient pour certains par le fait que Abdoulaye Daouda Diallo et Amadou Hott \u00e9taient issus de milieux professionnels totalement diff\u00e9rents, l\u2019un \u00e9tant un haut fonctionnaire de l\u2019administration s\u00e9n\u00e9galaise et l\u2019autre, Amadou Hott, un pur produit du secteur priv\u00e9 international.<\/p>\n<p>Avec ce nouveau gouvernement, c\u2019est la m\u00eame situation qui risque de se reproduire. Car, la nouvelle ministre de l\u2019\u00e9conomie, Oulimata Sarr a presque le m\u00eame profil que celui qu\u2019elle va remplacer. De m\u00eame, Mamadou Moustapha Ba, nouveau ministre des finances est un haut fonctionnaire dudit minist\u00e8re. Il \u00e9tait le directeur g\u00e8n\u00e8ral du budget de Abdoulaye Daouda Diallo.<\/p>\n<p><strong>Bosquier pourrait \u00a0\u00eatre un bon ministre des finances \u00a0<\/strong><\/p>\n<p>Mamadou Moustapha Ba dit Bosquier est un pur produit du minist\u00e8re des finances. Il a occup\u00e9 la fonction de Directeur par int\u00e9rim de la direction de la coop\u00e9ration financi\u00e8re puis de directeur, ensuite de directeur g\u00e9n\u00e9ral des finances puis de directeur g\u00e9n\u00e9ral du budget, avant d\u2019arriver au sommet de la pyramide. C\u2019est un homme qui a une parfaite ma\u00eetrise\u00a0 des dossiers. Il est\u00a0 tr\u00e8s \u00e0 l\u2019aise dans ses explications. Il a \u00e9t\u00e9 avec le d\u00e9funt Pierre Ndiaye, les grands avocats du plan S\u00e9n\u00e9gal \u00e9mergent. Un plan \u00a0qu\u2019ils ont contribu\u00e9 \u00e0 faire conna\u00eetre tr\u00e8s largement ici au S\u00e9n\u00e9gal et dans le monde. Il a \u00e9t\u00e9 aux c\u00f4t\u00e9s du nouveau Premier ministre, Amadou Ba sur tous les fronts, pour parler de ce plan. Il pourra donc bien r\u00e9ussir le boulot de ministre des finances, s\u2019il travaille en bonne harmonie avec la nouvelle ministre de l\u2019\u00e9conomie.<\/p>\n<p><strong>Oulimata Sarr, nouvelle ministre de l\u2019\u00e9conomie\u00a0: du pain sur la planche<\/strong><\/p>\n<p>Il faudra \u00e0 la nouvelle ministre en charge de l\u2019\u00e9conomie de bien cerner et rapidement, les r\u00e9alit\u00e9s et le mode de fonctionnement de ce grand minist\u00e8re. Il s\u2019agit de l\u2019un des minist\u00e8res les plus difficiles \u00e0 g\u00e9rer du gouvernement. Car, les hauts fonctionnaires de ce d\u00e9partement sont tr\u00e8s jaloux de leurs pr\u00e9rogatives. Autant, ils savent \u00eatre de loyaux serviteurs de l\u2019Etat, autant, ils n\u2019aiment pas se faire minimiser par les agents du priv\u00e9, lesquels sont souvent prompts \u00a0\u00e0 penser que les m\u00e9thodes de l\u2019administration sont d\u00e9pass\u00e9es. Certaines personnalit\u00e9s qui ont eu \u00e0 occuper cette fonction l\u2019ont appris \u00e0 leur d\u00e9pend. C\u2019est pourquoi, Oulimata Sarr malgr\u00e9 un tr\u00e8s bon cursus acad\u00e9mique et professionnel doit faire tout pour r\u00e9ussir un savant m\u00e9lange entre le milieu avec lequel il a l\u2019habitude de travailler et les agents de son d\u00e9partement. En plus de cela, il lui faudra \u00a0tisser des \u00ab\u00a0relations intelligentes\u00a0\u00bb avec le d\u00e9partement en charge des finances et du budget.\u00a0 Parce qu\u2019en fin de compte, c\u2019est un seul et m\u00eame minist\u00e8re qu\u2019on a voulu scinder en deux.<\/p>\n","protected":false},"excerpt":{"rendered":"<p>Dans le\u00a0 gouvernement form\u00e9 le samedi 17 septembre 2022, \u00a0par le nouveau Premier ministre, Amadou Ba, on note que le chef de l\u2019Etat, Macky Sall&#8230;<\/p>\n","protected":false},"author":1,"featured_media":3961,"comment_status":"closed","ping_status":"open","sticky":false,"template":"","format":"standard","meta":{"_jetpack_memberships_contains_paid_content":false,"footnotes":""},"categories":[23,15],"tags":[],"class_list":["post-3969","post","type-post","status-publish","format-standard","has-post-thumbnail","hentry","category-a-la-une","category-analyse","wpcat-23-id","wpcat-15-id"],"yoast_head":"<!-- This site is optimized with the Yoast SEO plugin v27.1.1 - https:\/\/yoast.com\/product\/yoast-seo-wordpress\/ -->\n<title>Nouveau gouvernement : L\u2019\u00e9conomie et les finances encore s\u00e9par\u00e9es - challenges economiques<\/title>\n<meta name=\"robots\" content=\"index, follow, max-snippet:-1, max-image-preview:large, max-video-preview:-1\" \/>\n<link rel=\"canonical\" href=\"https:\/\/challengeseconomiques.com\/?p=3969\" \/>\n<meta property=\"og:locale\" content=\"fr_FR\" \/>\n<meta property=\"og:type\" content=\"article\" \/>\n<meta property=\"og:title\" content=\"Nouveau gouvernement : L\u2019\u00e9conomie et les finances encore s\u00e9par\u00e9es - challenges economiques\" \/>\n<meta property=\"og:description\" content=\"Dans le\u00a0 gouvernement form\u00e9 le samedi 17 septembre 2022, \u00a0par le nouveau Premier ministre, Amadou Ba, on note que le chef de l\u2019Etat, Macky Sall...\" \/>\n<meta property=\"og:url\" content=\"https:\/\/challengeseconomiques.com\/?p=3969\" \/>\n<meta property=\"og:site_name\" content=\"challenges economiques\" \/>\n<meta property=\"article:published_time\" content=\"2022-09-19T17:06:19+00:00\" \/>\n<meta property=\"article:modified_time\" content=\"2023-09-26T15:34:12+00:00\" \/>\n<meta property=\"og:image\" content=\"https:\/\/challengeseconomiques.com\/wp-content\/uploads\/2022\/09\/mef.webp\" \/>\n\t<meta property=\"og:image:width\" content=\"790\" \/>\n\t<meta property=\"og:image:height\" content=\"430\" \/>\n\t<meta property=\"og:image:type\" content=\"image\/webp\" \/>\n<meta name=\"author\" content=\"admin\" \/>\n<meta name=\"twitter:card\" content=\"summary_large_image\" \/>\n<meta name=\"twitter:label1\" content=\"\u00c9crit par\" \/>\n\t<meta name=\"twitter:data1\" content=\"admin\" \/>\n\t<meta name=\"twitter:label2\" content=\"Dur\u00e9e de lecture estim\u00e9e\" \/>\n\t<meta name=\"twitter:data2\" content=\"3 minutes\" \/>\n<script type=\"application\/ld+json\" class=\"yoast-schema-graph\">{\"@context\":\"https:\/\/schema.org\",\"@graph\":[{\"@type\":\"Article\",\"@id\":\"https:\/\/challengeseconomiques.com\/?p=3969#article\",\"isPartOf\":{\"@id\":\"https:\/\/challengeseconomiques.com\/?p=3969\"},\"author\":{\"name\":\"admin\",\"@id\":\"https:\/\/challengeseconomiques.com\/#\/schema\/person\/b4568c9afebc5a9238a771873801e349\"},\"headline\":\"Nouveau gouvernement : L\u2019\u00e9conomie et les finances encore s\u00e9par\u00e9es\",\"datePublished\":\"2022-09-19T17:06:19+00:00\",\"dateModified\":\"2023-09-26T15:34:12+00:00\",\"mainEntityOfPage\":{\"@id\":\"https:\/\/challengeseconomiques.com\/?p=3969\"},\"wordCount\":611,\"image\":{\"@id\":\"https:\/\/challengeseconomiques.com\/?p=3969#primaryimage\"},\"thumbnailUrl\":\"https:\/\/challengeseconomiques.com\/wp-content\/uploads\/2022\/09\/mef.webp\",\"articleSection\":[\"A la une\",\"Analyse\"],\"inLanguage\":\"fr-FR\"},{\"@type\":\"WebPage\",\"@id\":\"https:\/\/challengeseconomiques.com\/?p=3969\",\"url\":\"https:\/\/challengeseconomiques.com\/?p=3969\",\"name\":\"Nouveau gouvernement : L\u2019\u00e9conomie et les finances encore s\u00e9par\u00e9es - challenges economiques\",\"isPartOf\":{\"@id\":\"https:\/\/challengeseconomiques.com\/#website\"},\"primaryImageOfPage\":{\"@id\":\"https:\/\/challengeseconomiques.com\/?p=3969#primaryimage\"},\"image\":{\"@id\":\"https:\/\/challengeseconomiques.com\/?p=3969#primaryimage\"},\"thumbnailUrl\":\"https:\/\/challengeseconomiques.com\/wp-content\/uploads\/2022\/09\/mef.webp\",\"datePublished\":\"2022-09-19T17:06:19+00:00\",\"dateModified\":\"2023-09-26T15:34:12+00:00\",\"author\":{\"@id\":\"https:\/\/challengeseconomiques.com\/#\/schema\/person\/b4568c9afebc5a9238a771873801e349\"},\"breadcrumb\":{\"@id\":\"https:\/\/challengeseconomiques.com\/?p=3969#breadcrumb\"},\"inLanguage\":\"fr-FR\",\"potentialAction\":[{\"@type\":\"ReadAction\",\"target\":[\"https:\/\/challengeseconomiques.com\/?p=3969\"]}]},{\"@type\":\"ImageObject\",\"inLanguage\":\"fr-FR\",\"@id\":\"https:\/\/challengeseconomiques.com\/?p=3969#primaryimage\",\"url\":\"https:\/\/challengeseconomiques.com\/wp-content\/uploads\/2022\/09\/mef.webp\",\"contentUrl\":\"https:\/\/challengeseconomiques.com\/wp-content\/uploads\/2022\/09\/mef.webp\",\"width\":790,\"height\":430},{\"@type\":\"BreadcrumbList\",\"@id\":\"https:\/\/challengeseconomiques.com\/?p=3969#breadcrumb\",\"itemListElement\":[{\"@type\":\"ListItem\",\"position\":1,\"name\":\"Home\",\"item\":\"https:\/\/challengeseconomiques.com\/\"},{\"@type\":\"ListItem\",\"position\":2,\"name\":\"Nouveau gouvernement : L\u2019\u00e9conomie et les finances encore s\u00e9par\u00e9es\"}]},{\"@type\":\"WebSite\",\"@id\":\"https:\/\/challengeseconomiques.com\/#website\",\"url\":\"https:\/\/challengeseconomiques.com\/\",\"name\":\"challenges economiques\",\"description\":\"\",\"potentialAction\":[{\"@type\":\"SearchAction\",\"target\":{\"@type\":\"EntryPoint\",\"urlTemplate\":\"https:\/\/challengeseconomiques.com\/?s={search_term_string}\"},\"query-input\":{\"@type\":\"PropertyValueSpecification\",\"valueRequired\":true,\"valueName\":\"search_term_string\"}}],\"inLanguage\":\"fr-FR\"},{\"@type\":\"Person\",\"@id\":\"https:\/\/challengeseconomiques.com\/#\/schema\/person\/b4568c9afebc5a9238a771873801e349\",\"name\":\"admin\",\"image\":{\"@type\":\"ImageObject\",\"inLanguage\":\"fr-FR\",\"@id\":\"https:\/\/challengeseconomiques.com\/#\/schema\/person\/image\/\",\"url\":\"https:\/\/secure.gravatar.com\/avatar\/099e42240b5eea11acdb72751fcce0dd918603f0749d24974b7984ea47ed9fd9?s=96&d=mm&r=g\",\"contentUrl\":\"https:\/\/secure.gravatar.com\/avatar\/099e42240b5eea11acdb72751fcce0dd918603f0749d24974b7984ea47ed9fd9?s=96&d=mm&r=g\",\"caption\":\"admin\"},\"sameAs\":[\"https:\/\/challengeseconomiques.com\"],\"url\":\"https:\/\/challengeseconomiques.com\/?author=1\"}]}<\/script>\n<!-- \/ Yoast SEO plugin. -->","yoast_head_json":{"title":"Nouveau gouvernement : L\u2019\u00e9conomie et les finances encore s\u00e9par\u00e9es - challenges economiques","robots":{"index":"index","follow":"follow","max-snippet":"max-snippet:-1","max-image-preview":"max-image-preview:large","max-video-preview":"max-video-preview:-1"},"canonical":"https:\/\/challengeseconomiques.com\/?p=3969","og_locale":"fr_FR","og_type":"article","og_title":"Nouveau gouvernement : L\u2019\u00e9conomie et les finances encore s\u00e9par\u00e9es - challenges economiques","og_description":"Dans le\u00a0 gouvernement form\u00e9 le samedi 17 septembre 2022, \u00a0par le nouveau Premier ministre, Amadou Ba, on note que le chef de l\u2019Etat, Macky Sall...","og_url":"https:\/\/challengeseconomiques.com\/?p=3969","og_site_name":"challenges economiques","article_published_time":"2022-09-19T17:06:19+00:00","article_modified_time":"2023-09-26T15:34:12+00:00","og_image":[{"width":790,"height":430,"url":"https:\/\/challengeseconomiques.com\/wp-content\/uploads\/2022\/09\/mef.webp","type":"image\/webp"}],"author":"admin","twitter_card":"summary_large_image","twitter_misc":{"\u00c9crit par":"admin","Dur\u00e9e de lecture estim\u00e9e":"3 minutes"},"schema":{"@context":"https:\/\/schema.org","@graph":[{"@type":"Article","@id":"https:\/\/challengeseconomiques.com\/?p=3969#article","isPartOf":{"@id":"https:\/\/challengeseconomiques.com\/?p=3969"},"author":{"name":"admin","@id":"https:\/\/challengeseconomiques.com\/#\/schema\/person\/b4568c9afebc5a9238a771873801e349"},"headline":"Nouveau gouvernement : L\u2019\u00e9conomie et les finances encore s\u00e9par\u00e9es","datePublished":"2022-09-19T17:06:19+00:00","dateModified":"2023-09-26T15:34:12+00:00","mainEntityOfPage":{"@id":"https:\/\/challengeseconomiques.com\/?p=3969"},"wordCount":611,"image":{"@id":"https:\/\/challengeseconomiques.com\/?p=3969#primaryimage"},"thumbnailUrl":"https:\/\/challengeseconomiques.com\/wp-content\/uploads\/2022\/09\/mef.webp","articleSection":["A la une","Analyse"],"inLanguage":"fr-FR"},{"@type":"WebPage","@id":"https:\/\/challengeseconomiques.com\/?p=3969","url":"https:\/\/challengeseconomiques.com\/?p=3969","name":"Nouveau gouvernement : L\u2019\u00e9conomie et les finances encore s\u00e9par\u00e9es - challenges economiques","isPartOf":{"@id":"https:\/\/challengeseconomiques.com\/#website"},"primaryImageOfPage":{"@id":"https:\/\/challengeseconomiques.com\/?p=3969#primaryimage"},"image":{"@id":"https:\/\/challengeseconomiques.com\/?p=3969#primaryimage"},"thumbnailUrl":"https:\/\/challengeseconomiques.com\/wp-content\/uploads\/2022\/09\/mef.webp","datePublished":"2022-09-19T17:06:19+00:00","dateModified":"2023-09-26T15:34:12+00:00","author":{"@id":"https:\/\/challengeseconomiques.com\/#\/schema\/person\/b4568c9afebc5a9238a771873801e349"},"breadcrumb":{"@id":"https:\/\/challengeseconomiques.com\/?p=3969#breadcrumb"},"inLanguage":"fr-FR","potentialAction":[{"@type":"ReadAction","target":["https:\/\/challengeseconomiques.com\/?p=3969"]}]},{"@type":"ImageObject","inLanguage":"fr-FR","@id":"https:\/\/challengeseconomiques.com\/?p=3969#primaryimage","url":"https:\/\/challengeseconomiques.com\/wp-content\/uploads\/2022\/09\/mef.webp","contentUrl":"https:\/\/challengeseconomiques.com\/wp-content\/uploads\/2022\/09\/mef.webp","width":790,"height":430},{"@type":"BreadcrumbList","@id":"https:\/\/challengeseconomiques.com\/?p=3969#breadcrumb","itemListElement":[{"@type":"ListItem","position":1,"name":"Home","item":"https:\/\/challengeseconomiques.com\/"},{"@type":"ListItem","position":2,"name":"Nouveau gouvernement : L\u2019\u00e9conomie et les finances encore s\u00e9par\u00e9es"}]},{"@type":"WebSite","@id":"https:\/\/challengeseconomiques.com\/#website","url":"https:\/\/challengeseconomiques.com\/","name":"challenges economiques","description":"","potentialAction":[{"@type":"SearchAction","target":{"@type":"EntryPoint","urlTemplate":"https:\/\/challengeseconomiques.com\/?s={search_term_string}"},"query-input":{"@type":"PropertyValueSpecification","valueRequired":true,"valueName":"search_term_string"}}],"inLanguage":"fr-FR"},{"@type":"Person","@id":"https:\/\/challengeseconomiques.com\/#\/schema\/person\/b4568c9afebc5a9238a771873801e349","name":"admin","image":{"@type":"ImageObject","inLanguage":"fr-FR","@id":"https:\/\/challengeseconomiques.com\/#\/schema\/person\/image\/","url":"https:\/\/secure.gravatar.com\/avatar\/099e42240b5eea11acdb72751fcce0dd918603f0749d24974b7984ea47ed9fd9?s=96&d=mm&r=g","contentUrl":"https:\/\/secure.gravatar.com\/avatar\/099e42240b5eea11acdb72751fcce0dd918603f0749d24974b7984ea47ed9fd9?s=96&d=mm&r=g","caption":"admin"},"sameAs":["https:\/\/challengeseconomiques.com"],"url":"https:\/\/challengeseconomiques.com\/?author=1"}]}},"jetpack_featured_media_url":"https:\/\/challengeseconomiques.com\/wp-content\/uploads\/2022\/09\/mef.webp","jetpack_sharing_enabled":true,"_links":{"self":[{"href":"https:\/\/challengeseconomiques.com\/index.php?rest_route=\/wp\/v2\/posts\/3969","targetHints":{"allow":["GET"]}}],"collection":[{"href":"https:\/\/challengeseconomiques.com\/index.php?rest_route=\/wp\/v2\/posts"}],"about":[{"href":"https:\/\/challengeseconomiques.com\/index.php?rest_route=\/wp\/v2\/types\/post"}],"author":[{"embeddable":true,"href":"https:\/\/challengeseconomiques.com\/index.php?rest_route=\/wp\/v2\/users\/1"}],"replies":[{"embeddable":true,"href":"https:\/\/challengeseconomiques.com\/index.php?rest_route=%2Fwp%2Fv2%2Fcomments&post=3969"}],"version-history":[{"count":3,"href":"https:\/\/challengeseconomiques.com\/index.php?rest_route=\/wp\/v2\/posts\/3969\/revisions"}],"predecessor-version":[{"id":5328,"href":"https:\/\/challengeseconomiques.com\/index.php?rest_route=\/wp\/v2\/posts\/3969\/revisions\/5328"}],"wp:featuredmedia":[{"embeddable":true,"href":"https:\/\/challengeseconomiques.com\/index.php?rest_route=\/wp\/v2\/media\/3961"}],"wp:attachment":[{"href":"https:\/\/challengeseconomiques.com\/index.php?rest_route=%2Fwp%2Fv2%2Fmedia&parent=3969"}],"wp:term":[{"taxonomy":"category","embeddable":true,"href":"https:\/\/challengeseconomiques.com\/index.php?rest_route=%2Fwp%2Fv2%2Fcategories&post=3969"},{"taxonomy":"post_tag","embeddable":true,"href":"https:\/\/challengeseconomiques.com\/index.php?rest_route=%2Fwp%2Fv2%2Ftags&post=3969"}],"curies":[{"name":"wp","href":"https:\/\/api.w.org\/{rel}","templated":true}]}}