{"id":3957,"date":"2022-09-17T14:27:03","date_gmt":"2022-09-17T14:27:03","guid":{"rendered":"https:\/\/challengeseconomiques.com\/?p=3957"},"modified":"2022-09-17T14:29:51","modified_gmt":"2022-09-17T14:29:51","slug":"renforcement-des-ressources-du-fad-le-plaidoyer-du-ministre-de-leconomie-amadou-hott","status":"publish","type":"post","link":"https:\/\/challengeseconomiques.com\/?p=3957","title":{"rendered":"Renforcement des ressources du FAD : Le plaidoyer du Ministre de l\u2019Economie Amadou Hott"},"content":{"rendered":"<p><strong>L\u2019argent est le nerf de la guerre, dit-on.<\/strong><strong> Pour renforcer les ressources du Fonds Africain de D\u00e9veloppement (FAD) et lui permettre de jouer pleinement son r\u00f4le, le <\/strong><strong>M<\/strong><strong>inistre de l\u2019Economie, du Plan et de la Coop\u00e9ration Amadou Hott, a lanc\u00e9 un plaidoyer en faveur du Fonds, \u00e0 l\u2019ouverture de la <\/strong><strong>troisi\u00e8me r\u00e9union de la 16<sup>\u00e8me <\/sup>&nbsp;reconstitution des ressources du FAD. <\/strong><\/p>\n<p>Le ministre Amadou Hott lanc\u00e9 un plaidoyer important consistant \u00e0 soutenir les pays africains \u00e0 faible revenu. Ces pays sont particuli\u00e8rement impact\u00e9s par les cons\u00e9quences des multiples crises qui frappent le continent africain.<\/p>\n<p>\u00ab&nbsp;C\u2019est pourquoi j\u2019appelle les partenaires au d\u00e9veloppement \u00e0 augmenter g\u00e9n\u00e9reusement les moyens du FAD dans le cadre de cette 16<sup>i\u00e8me<\/sup> reconstitution de ses ressources&nbsp;\u00bb, a-t-il indiqu\u00e9.<\/p>\n<p>Le FAD a \u00e9galement besoin que ses interventions soient optimis\u00e9es pour amplifier ses impacts. C\u2019est pourquoi, le S\u00e9n\u00e9gal en appelle \u00e0 plus d\u2019audace et d\u2019approches novatrices en termes de flexibilit\u00e9 dans les r\u00e8gles d\u2019allocation des ressources et d\u2019acc\u00e8s du FAD aux march\u00e9s internationaux des capitaux.<\/p>\n<p>Les donateurs ont toujours fait des efforts exceptionnels et continueront \u00e0 le faire surtout dans le cadre du FAD-16.<\/p>\n<p><strong>Acc\u00e8s au march\u00e9 des capitaux<\/strong><\/p>\n<p>Cependant, face \u00e0 l\u2019ampleur des besoins, \u00e0 la n\u00e9cessit\u00e9 d\u2019acc\u00e9l\u00e9rer les acc\u00e8s en Afrique et \u00e0 la raret\u00e9 des ressources concessionnelles, l\u2019acc\u00e8s du FAD aux march\u00e9s des capitaux devient une n\u00e9cessit\u00e9, a-t-il plaid\u00e9.<\/p>\n<p>Cet acc\u00e8s permettrait de cr\u00e9er un effet de levier pour offrir aux pays \u00e0 revenu faible des financements suppl\u00e9mentaires plus abordables que si ces derniers se lancent sur le march\u00e9 dans l\u2019obligation de trouver des ressources pour apporter des r\u00e9ponses aux pr\u00e9occupations urgentes de leurs populations.<\/p>\n<p>En acc\u00e9dant aux march\u00e9s des capitaux, le FAD pourra lever 33 milliards de dollars, en compl\u00e9ment de ses fonds propres de 25 milliards de dollars. \u00ab&nbsp;C\u2019est dans cet \u00e9lan que nous pourrons atteindre un objectif de billions \u00e0 trillions, une initiative lanc\u00e9e lors de la Conf\u00e9rence annuelle sur le financement \u00e0 Addis Ababa en 2015&nbsp;\u00bb, a-t-il affirm\u00e9.<\/p>\n<p><strong>Projets pour le S\u00e9n\u00e9gal<\/strong><\/p>\n<p>La r\u00e9allocation des Droits de Tirage Sp\u00e9ciaux (DTS) constitue \u00e9galement une opportunit\u00e9 d\u2019amplification des interventions du FAD-16. \u00ab&nbsp;Nos Chefs d\u2019\u00c9tats et de Gouvernements ont plaid\u00e9 pour la r\u00e9allocation d\u2019une partie des DTS \u00e0 travers les Banques multilat\u00e9rales de D\u00e9veloppement&nbsp;\u00bb, a-t-il rappel\u00e9, en ajoutant que le S\u00e9n\u00e9gal entend poursuivre le plaidoyer pour la mise en place d\u2019une solution technique pouvant convaincre les sceptiques.<\/p>\n<p>\u00ab&nbsp;Pour finir, je remercie encore les donateurs pour le soutien ind\u00e9fectible apport\u00e9 au FAD. J\u2019associe \u00e0 ces remerciements la BAD, un partenaire privil\u00e9gi\u00e9 du S\u00e9n\u00e9gal qui a financ\u00e9 dans notre pays des projets embl\u00e9matiques comme le TER et le Pont de la S\u00e9n\u00e9gambie&nbsp;\u00bb, a soulign\u00e9 le ministre de l\u2019Economie.<\/p>\n<p>Le S\u00e9n\u00e9gal attend impatiemment l\u2019aboutissement du financement de l\u2019autoroute Dakar-Saint Louis qui est un maillon important de l\u2019autoroute transafricaine Le Caire\u2013Dakar, un vrai levier d\u2019int\u00e9gration des \u00e9conomies et des peuples africains, a-t-il d\u00e9clar\u00e9.<\/p>\n<p><strong>Birame GUENE<\/strong><\/p>\n","protected":false},"excerpt":{"rendered":"<p>L\u2019argent est le nerf de la guerre, dit-on. Pour renforcer les ressources du Fonds Africain de D\u00e9veloppement (FAD) et lui permettre de jouer pleinement son&#8230;<\/p>\n","protected":false},"author":1,"featured_media":3383,"comment_status":"closed","ping_status":"open","sticky":false,"template":"","format":"standard","meta":{"_jetpack_memberships_contains_paid_content":false,"footnotes":""},"categories":[23,10],"tags":[],"class_list":["post-3957","post","type-post","status-publish","format-standard","has-post-thumbnail","hentry","category-a-la-une","category-infos-eco","wpcat-23-id","wpcat-10-id"],"yoast_head":"<!-- This site is optimized with the Yoast SEO plugin v27.1.1 - https:\/\/yoast.com\/product\/yoast-seo-wordpress\/ -->\n<title>Renforcement des ressources du FAD : Le plaidoyer du Ministre de l\u2019Economie Amadou Hott - challenges economiques<\/title>\n<meta name=\"robots\" content=\"index, follow, max-snippet:-1, max-image-preview:large, max-video-preview:-1\" \/>\n<link rel=\"canonical\" href=\"https:\/\/challengeseconomiques.com\/?p=3957\" \/>\n<meta property=\"og:locale\" content=\"fr_FR\" \/>\n<meta property=\"og:type\" content=\"article\" \/>\n<meta property=\"og:title\" content=\"Renforcement des ressources du FAD : Le plaidoyer du Ministre de l\u2019Economie Amadou Hott - challenges economiques\" \/>\n<meta property=\"og:description\" content=\"L\u2019argent est le nerf de la guerre, dit-on. Pour renforcer les ressources du Fonds Africain de D\u00e9veloppement (FAD) et lui permettre de jouer pleinement son...\" \/>\n<meta property=\"og:url\" content=\"https:\/\/challengeseconomiques.com\/?p=3957\" \/>\n<meta property=\"og:site_name\" content=\"challenges economiques\" \/>\n<meta property=\"article:published_time\" content=\"2022-09-17T14:27:03+00:00\" \/>\n<meta property=\"article:modified_time\" content=\"2022-09-17T14:29:51+00:00\" \/>\n<meta property=\"og:image\" content=\"https:\/\/challengeseconomiques.com\/wp-content\/uploads\/2022\/05\/amhott.jpg\" \/>\n\t<meta property=\"og:image:width\" content=\"1080\" \/>\n\t<meta property=\"og:image:height\" content=\"720\" \/>\n\t<meta property=\"og:image:type\" content=\"image\/jpeg\" \/>\n<meta name=\"author\" content=\"admin\" \/>\n<meta name=\"twitter:card\" content=\"summary_large_image\" \/>\n<meta name=\"twitter:label1\" content=\"\u00c9crit par\" \/>\n\t<meta name=\"twitter:data1\" content=\"admin\" \/>\n\t<meta name=\"twitter:label2\" content=\"Dur\u00e9e de lecture estim\u00e9e\" \/>\n\t<meta name=\"twitter:data2\" content=\"3 minutes\" \/>\n<script type=\"application\/ld+json\" class=\"yoast-schema-graph\">{\"@context\":\"https:\/\/schema.org\",\"@graph\":[{\"@type\":\"Article\",\"@id\":\"https:\/\/challengeseconomiques.com\/?p=3957#article\",\"isPartOf\":{\"@id\":\"https:\/\/challengeseconomiques.com\/?p=3957\"},\"author\":{\"name\":\"admin\",\"@id\":\"https:\/\/challengeseconomiques.com\/#\/schema\/person\/b4568c9afebc5a9238a771873801e349\"},\"headline\":\"Renforcement des ressources du FAD : Le plaidoyer du Ministre de l\u2019Economie Amadou Hott\",\"datePublished\":\"2022-09-17T14:27:03+00:00\",\"dateModified\":\"2022-09-17T14:29:51+00:00\",\"mainEntityOfPage\":{\"@id\":\"https:\/\/challengeseconomiques.com\/?p=3957\"},\"wordCount\":563,\"image\":{\"@id\":\"https:\/\/challengeseconomiques.com\/?p=3957#primaryimage\"},\"thumbnailUrl\":\"https:\/\/challengeseconomiques.com\/wp-content\/uploads\/2022\/05\/amhott.jpg\",\"articleSection\":[\"A la une\",\"Infos \u00e9co\"],\"inLanguage\":\"fr-FR\"},{\"@type\":\"WebPage\",\"@id\":\"https:\/\/challengeseconomiques.com\/?p=3957\",\"url\":\"https:\/\/challengeseconomiques.com\/?p=3957\",\"name\":\"Renforcement des ressources du FAD : Le plaidoyer du Ministre de l\u2019Economie Amadou Hott - challenges economiques\",\"isPartOf\":{\"@id\":\"https:\/\/challengeseconomiques.com\/#website\"},\"primaryImageOfPage\":{\"@id\":\"https:\/\/challengeseconomiques.com\/?p=3957#primaryimage\"},\"image\":{\"@id\":\"https:\/\/challengeseconomiques.com\/?p=3957#primaryimage\"},\"thumbnailUrl\":\"https:\/\/challengeseconomiques.com\/wp-content\/uploads\/2022\/05\/amhott.jpg\",\"datePublished\":\"2022-09-17T14:27:03+00:00\",\"dateModified\":\"2022-09-17T14:29:51+00:00\",\"author\":{\"@id\":\"https:\/\/challengeseconomiques.com\/#\/schema\/person\/b4568c9afebc5a9238a771873801e349\"},\"breadcrumb\":{\"@id\":\"https:\/\/challengeseconomiques.com\/?p=3957#breadcrumb\"},\"inLanguage\":\"fr-FR\",\"potentialAction\":[{\"@type\":\"ReadAction\",\"target\":[\"https:\/\/challengeseconomiques.com\/?p=3957\"]}]},{\"@type\":\"ImageObject\",\"inLanguage\":\"fr-FR\",\"@id\":\"https:\/\/challengeseconomiques.com\/?p=3957#primaryimage\",\"url\":\"https:\/\/challengeseconomiques.com\/wp-content\/uploads\/2022\/05\/amhott.jpg\",\"contentUrl\":\"https:\/\/challengeseconomiques.com\/wp-content\/uploads\/2022\/05\/amhott.jpg\",\"width\":1080,\"height\":720},{\"@type\":\"BreadcrumbList\",\"@id\":\"https:\/\/challengeseconomiques.com\/?p=3957#breadcrumb\",\"itemListElement\":[{\"@type\":\"ListItem\",\"position\":1,\"name\":\"Home\",\"item\":\"https:\/\/challengeseconomiques.com\/\"},{\"@type\":\"ListItem\",\"position\":2,\"name\":\"Renforcement des ressources du FAD : Le plaidoyer du Ministre de l\u2019Economie Amadou Hott\"}]},{\"@type\":\"WebSite\",\"@id\":\"https:\/\/challengeseconomiques.com\/#website\",\"url\":\"https:\/\/challengeseconomiques.com\/\",\"name\":\"challenges economiques\",\"description\":\"\",\"potentialAction\":[{\"@type\":\"SearchAction\",\"target\":{\"@type\":\"EntryPoint\",\"urlTemplate\":\"https:\/\/challengeseconomiques.com\/?s={search_term_string}\"},\"query-input\":{\"@type\":\"PropertyValueSpecification\",\"valueRequired\":true,\"valueName\":\"search_term_string\"}}],\"inLanguage\":\"fr-FR\"},{\"@type\":\"Person\",\"@id\":\"https:\/\/challengeseconomiques.com\/#\/schema\/person\/b4568c9afebc5a9238a771873801e349\",\"name\":\"admin\",\"image\":{\"@type\":\"ImageObject\",\"inLanguage\":\"fr-FR\",\"@id\":\"https:\/\/challengeseconomiques.com\/#\/schema\/person\/image\/\",\"url\":\"https:\/\/secure.gravatar.com\/avatar\/099e42240b5eea11acdb72751fcce0dd918603f0749d24974b7984ea47ed9fd9?s=96&d=mm&r=g\",\"contentUrl\":\"https:\/\/secure.gravatar.com\/avatar\/099e42240b5eea11acdb72751fcce0dd918603f0749d24974b7984ea47ed9fd9?s=96&d=mm&r=g\",\"caption\":\"admin\"},\"sameAs\":[\"https:\/\/challengeseconomiques.com\"],\"url\":\"https:\/\/challengeseconomiques.com\/?author=1\"}]}<\/script>\n<!-- \/ Yoast SEO plugin. -->","yoast_head_json":{"title":"Renforcement des ressources du FAD : Le plaidoyer du Ministre de l\u2019Economie Amadou Hott - challenges economiques","robots":{"index":"index","follow":"follow","max-snippet":"max-snippet:-1","max-image-preview":"max-image-preview:large","max-video-preview":"max-video-preview:-1"},"canonical":"https:\/\/challengeseconomiques.com\/?p=3957","og_locale":"fr_FR","og_type":"article","og_title":"Renforcement des ressources du FAD : Le plaidoyer du Ministre de l\u2019Economie Amadou Hott - challenges economiques","og_description":"L\u2019argent est le nerf de la guerre, dit-on. Pour renforcer les ressources du Fonds Africain de D\u00e9veloppement (FAD) et lui permettre de jouer pleinement son...","og_url":"https:\/\/challengeseconomiques.com\/?p=3957","og_site_name":"challenges economiques","article_published_time":"2022-09-17T14:27:03+00:00","article_modified_time":"2022-09-17T14:29:51+00:00","og_image":[{"width":1080,"height":720,"url":"https:\/\/challengeseconomiques.com\/wp-content\/uploads\/2022\/05\/amhott.jpg","type":"image\/jpeg"}],"author":"admin","twitter_card":"summary_large_image","twitter_misc":{"\u00c9crit par":"admin","Dur\u00e9e de lecture estim\u00e9e":"3 minutes"},"schema":{"@context":"https:\/\/schema.org","@graph":[{"@type":"Article","@id":"https:\/\/challengeseconomiques.com\/?p=3957#article","isPartOf":{"@id":"https:\/\/challengeseconomiques.com\/?p=3957"},"author":{"name":"admin","@id":"https:\/\/challengeseconomiques.com\/#\/schema\/person\/b4568c9afebc5a9238a771873801e349"},"headline":"Renforcement des ressources du FAD : Le plaidoyer du Ministre de l\u2019Economie Amadou Hott","datePublished":"2022-09-17T14:27:03+00:00","dateModified":"2022-09-17T14:29:51+00:00","mainEntityOfPage":{"@id":"https:\/\/challengeseconomiques.com\/?p=3957"},"wordCount":563,"image":{"@id":"https:\/\/challengeseconomiques.com\/?p=3957#primaryimage"},"thumbnailUrl":"https:\/\/challengeseconomiques.com\/wp-content\/uploads\/2022\/05\/amhott.jpg","articleSection":["A la une","Infos \u00e9co"],"inLanguage":"fr-FR"},{"@type":"WebPage","@id":"https:\/\/challengeseconomiques.com\/?p=3957","url":"https:\/\/challengeseconomiques.com\/?p=3957","name":"Renforcement des ressources du FAD : Le plaidoyer du Ministre de l\u2019Economie Amadou Hott - challenges economiques","isPartOf":{"@id":"https:\/\/challengeseconomiques.com\/#website"},"primaryImageOfPage":{"@id":"https:\/\/challengeseconomiques.com\/?p=3957#primaryimage"},"image":{"@id":"https:\/\/challengeseconomiques.com\/?p=3957#primaryimage"},"thumbnailUrl":"https:\/\/challengeseconomiques.com\/wp-content\/uploads\/2022\/05\/amhott.jpg","datePublished":"2022-09-17T14:27:03+00:00","dateModified":"2022-09-17T14:29:51+00:00","author":{"@id":"https:\/\/challengeseconomiques.com\/#\/schema\/person\/b4568c9afebc5a9238a771873801e349"},"breadcrumb":{"@id":"https:\/\/challengeseconomiques.com\/?p=3957#breadcrumb"},"inLanguage":"fr-FR","potentialAction":[{"@type":"ReadAction","target":["https:\/\/challengeseconomiques.com\/?p=3957"]}]},{"@type":"ImageObject","inLanguage":"fr-FR","@id":"https:\/\/challengeseconomiques.com\/?p=3957#primaryimage","url":"https:\/\/challengeseconomiques.com\/wp-content\/uploads\/2022\/05\/amhott.jpg","contentUrl":"https:\/\/challengeseconomiques.com\/wp-content\/uploads\/2022\/05\/amhott.jpg","width":1080,"height":720},{"@type":"BreadcrumbList","@id":"https:\/\/challengeseconomiques.com\/?p=3957#breadcrumb","itemListElement":[{"@type":"ListItem","position":1,"name":"Home","item":"https:\/\/challengeseconomiques.com\/"},{"@type":"ListItem","position":2,"name":"Renforcement des ressources du FAD : Le plaidoyer du Ministre de l\u2019Economie Amadou Hott"}]},{"@type":"WebSite","@id":"https:\/\/challengeseconomiques.com\/#website","url":"https:\/\/challengeseconomiques.com\/","name":"challenges economiques","description":"","potentialAction":[{"@type":"SearchAction","target":{"@type":"EntryPoint","urlTemplate":"https:\/\/challengeseconomiques.com\/?s={search_term_string}"},"query-input":{"@type":"PropertyValueSpecification","valueRequired":true,"valueName":"search_term_string"}}],"inLanguage":"fr-FR"},{"@type":"Person","@id":"https:\/\/challengeseconomiques.com\/#\/schema\/person\/b4568c9afebc5a9238a771873801e349","name":"admin","image":{"@type":"ImageObject","inLanguage":"fr-FR","@id":"https:\/\/challengeseconomiques.com\/#\/schema\/person\/image\/","url":"https:\/\/secure.gravatar.com\/avatar\/099e42240b5eea11acdb72751fcce0dd918603f0749d24974b7984ea47ed9fd9?s=96&d=mm&r=g","contentUrl":"https:\/\/secure.gravatar.com\/avatar\/099e42240b5eea11acdb72751fcce0dd918603f0749d24974b7984ea47ed9fd9?s=96&d=mm&r=g","caption":"admin"},"sameAs":["https:\/\/challengeseconomiques.com"],"url":"https:\/\/challengeseconomiques.com\/?author=1"}]}},"jetpack_featured_media_url":"https:\/\/challengeseconomiques.com\/wp-content\/uploads\/2022\/05\/amhott.jpg","jetpack_sharing_enabled":true,"_links":{"self":[{"href":"https:\/\/challengeseconomiques.com\/index.php?rest_route=\/wp\/v2\/posts\/3957","targetHints":{"allow":["GET"]}}],"collection":[{"href":"https:\/\/challengeseconomiques.com\/index.php?rest_route=\/wp\/v2\/posts"}],"about":[{"href":"https:\/\/challengeseconomiques.com\/index.php?rest_route=\/wp\/v2\/types\/post"}],"author":[{"embeddable":true,"href":"https:\/\/challengeseconomiques.com\/index.php?rest_route=\/wp\/v2\/users\/1"}],"replies":[{"embeddable":true,"href":"https:\/\/challengeseconomiques.com\/index.php?rest_route=%2Fwp%2Fv2%2Fcomments&post=3957"}],"version-history":[{"count":2,"href":"https:\/\/challengeseconomiques.com\/index.php?rest_route=\/wp\/v2\/posts\/3957\/revisions"}],"predecessor-version":[{"id":3959,"href":"https:\/\/challengeseconomiques.com\/index.php?rest_route=\/wp\/v2\/posts\/3957\/revisions\/3959"}],"wp:featuredmedia":[{"embeddable":true,"href":"https:\/\/challengeseconomiques.com\/index.php?rest_route=\/wp\/v2\/media\/3383"}],"wp:attachment":[{"href":"https:\/\/challengeseconomiques.com\/index.php?rest_route=%2Fwp%2Fv2%2Fmedia&parent=3957"}],"wp:term":[{"taxonomy":"category","embeddable":true,"href":"https:\/\/challengeseconomiques.com\/index.php?rest_route=%2Fwp%2Fv2%2Fcategories&post=3957"},{"taxonomy":"post_tag","embeddable":true,"href":"https:\/\/challengeseconomiques.com\/index.php?rest_route=%2Fwp%2Fv2%2Ftags&post=3957"}],"curies":[{"name":"wp","href":"https:\/\/api.w.org\/{rel}","templated":true}]}}