{"id":3940,"date":"2022-09-16T11:53:17","date_gmt":"2022-09-16T11:53:17","guid":{"rendered":"https:\/\/challengeseconomiques.com\/?p=3940"},"modified":"2022-09-16T11:53:50","modified_gmt":"2022-09-16T11:53:50","slug":"lafrique-a-le-choix-de-tous-ses-partenaires","status":"publish","type":"post","link":"https:\/\/challengeseconomiques.com\/?p=3940","title":{"rendered":"L\u2019Afrique a le choix de tous ses partenaires"},"content":{"rendered":"<p><strong>De son parcours dans les instances internationales (OMC, Fondation Mo Ibrahim) Pascal Lamy, 75 ans, capitalise sur une riche vision strat\u00e9gique. Il dessine une trajectoire pour l\u2019Europe et l\u2019Afrique au milieu des crises et des conflits de puissances.<\/strong><\/p>\n<p><strong>&nbsp;<\/strong><strong>En tant que pr\u00e9sident du Forum de Paris sur la Paix, comment jugez-vous votre exp\u00e9rience des derni\u00e8res ann\u00e9es&nbsp;? <\/strong><\/p>\n<p>Le Forum consiste donc \u00e0 mettre l\u2019accent sur les questions internationales dans l\u2019optique de trouver des solutions rapides en impliquant dans la gestion des probl\u00e8mes internationaux d\u2019autres acteurs que les diplomates. Pas sans eux, qui sont les repr\u00e9sentants des \u00c9tats-nations qui constituent juridiquement la soci\u00e9t\u00e9 internationale, mais avec des organisations de la soci\u00e9t\u00e9 civile, des organisations non-gouvernementales, des grandes institutions acad\u00e9miques, des grandes entreprises. Tous, au fond, comptent autant dans la n\u00e9cessit\u00e9 de trouver des solutions aux grands probl\u00e8mes de notre \u00e9poque.<\/p>\n<p>Lors de la prochaine \u00e9dition, les 11 et 12 novembre \u00e0 Paris au palais Brongniart, nous ferons une fois encore le tour d\u2019un certain nombre de probl\u00e8mes et de solutions. Il sera sujet de d\u00e9veloppement, de protection des enfants sur Internet, de protection de l\u2019Oc\u00e9an austral qui entoure l\u2019Oc\u00e9an antarctique, du nettoyage de l\u2019orbite terrestre basse qui commence \u00e0 \u00eatre encombr\u00e9e de d\u00e9bris de satellites ou d\u2019un jumeau num\u00e9rique des oc\u00e9ans dont nous avons besoin pour faire avancer la science.<\/p>\n<p>Le Forum de Paris sur la paix a \u00e9t\u00e9 lanc\u00e9 en 2018 \u00e0 l\u2019occasion du centenaire de l\u2019Armistice de la Premi\u00e8re Guerre mondiale. \u00c0 ce moment-l\u00e0, Emmanuel Macron consid\u00e9rait qu\u2019il fallait bien entendu faire un exercice m\u00e9moriel sur les ravages et les folies de cette \u00e9poque. Et aussi qu\u2019il fallait regarder vers l\u2019avenir et s\u2019int\u00e9resser \u00e0 ce qui provoque la paix ou la guerre. C\u2019est-\u00e0-dire des tensions, des difficult\u00e9s nationales, internationales, domestiques, sociales, \u00e9conomiques et environnementales.<\/p>\n<p><strong>Apr\u00e8s l\u2019invasion russe de l\u2019Ukraine, cette \u00e9volution sur le fil du rasoir cr\u00e9e-t-elle un moment de basculement ?<\/strong><\/p>\n<p>Je n\u2019ai pas de r\u00e9ponse claire \u00e0 cette question qui revient \u00e0 savoir s\u2019il y aura un <em>avant<\/em> et un <em>apr\u00e8s<\/em> comme il y en a eu dans les crises pr\u00e9c\u00e9dentes. Nous savons que nous sommes dans une crise \u00e9norme et globale, environnementale et \u00e9conomique, sanitaire aussi avec la crise sanitaire. Il y a la crise des r\u00e9gimes d\u00e9mocratiques partout en Europe. Pour faire bonne mesure, M. Poutine d\u00e9cide d\u2019envahir l\u2019Ukraine et de revenir au Moyen-\u00c2ge en \u00e9liminant tout ce qui a \u00e9t\u00e9 convenu de r\u00e8gles depuis une cinquantaine d\u2019ann\u00e9es pour \u00e9viter les guerres, stabiliser les fronti\u00e8res et que les pays ne reprennent pas la mauvaise habitude de mettre la main sur leur voisin.<\/p>\n<blockquote><p><strong><em>\u00ab\u00a0Je crois finalement beaucoup au progr\u00e8s de la d\u00e9mocratie en Afrique m\u00eame si je reconnais qu\u2019il est lent. Je constate, contrairement \u00e0 ce qu\u2019on a appris \u00e0 l\u2019\u00e9cole, qu\u2019il y a des entreprises, des entrepreneurs, et des succ\u00e8s dans de nombreux domaines sans que les conditions minimales de la bonne gouvernance soient r\u00e9unies\u00a0\u00bb.<\/em><\/strong><\/p><\/blockquote>\n<p>Cette p\u00e9riode est extr\u00eamement difficile et se traduit par de tr\u00e8s grandes difficult\u00e9s de concertation internationale. Le Conseil de s\u00e9curit\u00e9 de l\u2019ONU est rest\u00e9 totalement bloqu\u00e9 jusqu\u2019au moment o\u00f9 ses membres ont pu s\u2019ins\u00e9rer dans une op\u00e9ration d\u2019ordre humanitaire pour faire sortir des bateaux charg\u00e9s de c\u00e9r\u00e9ales de la mer Noire alors que les Russes l\u2019emp\u00eachaient. Dans cet esprit, nous avons essay\u00e9 cette ann\u00e9e, pas \u00e0 pas, sans forc\u00e9ment traiter de grandes questions, de trouver des solutions. Par exemple, nous avons essay\u00e9 de rem\u00e9dier \u00e0 ce que j\u2019appelle \u00ab&nbsp;<em>l\u2019apartheid vaccinal<\/em>&nbsp;\u00bb. En 2020, nous avons collect\u00e9 500 millions d\u2019euros pour acheter des vaccins aux pays qui en avaient besoin.<\/p>\n<p><strong>Dans cette histoire en train de se faire, sommes-nous en capacit\u00e9 de r\u00e9pondre avec nos moyens \u00e0 cette crise gigogne ? Comment hi\u00e9rarchisez-vous les priorit\u00e9s&nbsp;?<\/strong><\/p>\n<p>Le fond de tableau que nous connaissons, sans lequel ce qui se passe en Ukraine n\u2019est pas compr\u00e9hensible, est la rivalit\u00e9 g\u00e9opolitique, g\u00e9o\u00e9conomique, g\u00e9ostrat\u00e9gique et g\u00e9otechnologique entre les \u00c9tats-Unis et la Chine. Cela a commenc\u00e9 \u00e0 partir du moment o\u00f9 la Chine a voulu trouver sa place dans l\u2019ordre international. C\u2019est la grande question, et pour nous Europ\u00e9ens comme pour les Africains, elle pose des probl\u00e8mes redoutables. Si cette tension continue \u00e0 cro\u00eetre, nous serons les uns comme les autres sous pression de prendre parti. Pour l\u2019Europe, il n\u2019est pas question de consid\u00e9rer que nous serions \u00e9quidistants des \u00c9tats-Unis et de la Chine. Du point des valeurs, et c\u2019est ce qui compte \u00e0 la fin, nous sommes plus proches des Am\u00e9ricains que des Chinois.<\/p>\n<p>Mais il n\u2019est pas non plus question de nous aligner syst\u00e9matiquement sur des positions am\u00e9ricaines qui ne correspondent pas forc\u00e9ment \u00e0 nos int\u00e9r\u00eats ni \u00e0 nos valeurs. L\u2019Afrique, pays par pays mais aussi comme continent, a \u00e0 peu pr\u00e8s le m\u00eame probl\u00e8me. D\u2019ailleurs, si l\u2019Europe et l\u2019Afrique se parlaient davantage, elles seraient \u00e0 deux mieux \u00e0 m\u00eame de naviguer dans cette situation qui restera tr\u00e8s difficile dans les d\u00e9cennies qui viennent.<\/p>\n<p><strong>Y a-t-il moyen aujourd\u2019hui de peser et changer le monde ?<\/strong><\/p>\n<p>Quand on a, comme moi, 75 ans, on ne voit pas les choses de la m\u00eame mani\u00e8re que quand on en a 25. \u00c0 25 ans, on a le temps pour tout. Quand on a 75 ans, on est oblig\u00e9 de se dire : \u00ab&nbsp;<em>Qu\u2019est-ce que je fais de ce qui me reste \u00e0 vivre sur cette Terre qui puisse faire avancer les id\u00e9es auxquelles je crois ?<\/em>&nbsp;\u00bb \u00c9tant entendu que, entre 25 et 75 ans, j\u2019ai accumul\u00e9 un certain nombre d\u2019exp\u00e9riences, de savoirs, de r\u00e9seaux. Je suis plus clair sur ce que j\u2019ai envie de faire des ann\u00e9es qui me restent qu\u2019\u00e0 25 ans mais j\u2019ai aussi davantage de moyens de le faire.<\/p>\n<p><img fetchpriority=\"high\" decoding=\"async\" class=\"wp-image-69315 alignright lazyloaded\" src=\"https:\/\/magazinedelafrique.com\/wp-content\/uploads\/2022\/09\/Pascal-Lamy_2-300x188.jpg\" sizes=\"(max-width: 404px) 100vw, 404px\" srcset=\"https:\/\/magazinedelafrique.com\/wp-content\/uploads\/2022\/09\/Pascal-Lamy_2-300x188.jpg 300w, https:\/\/magazinedelafrique.com\/wp-content\/uploads\/2022\/09\/Pascal-Lamy_2-768x480.jpg 768w, https:\/\/magazinedelafrique.com\/wp-content\/uploads\/2022\/09\/Pascal-Lamy_2.jpg 800w\" alt=\"\" data-srcset=\"https:\/\/magazinedelafrique.com\/wp-content\/uploads\/2022\/09\/Pascal-Lamy_2-300x188.jpg 300w, https:\/\/magazinedelafrique.com\/wp-content\/uploads\/2022\/09\/Pascal-Lamy_2-768x480.jpg 768w, https:\/\/magazinedelafrique.com\/wp-content\/uploads\/2022\/09\/Pascal-Lamy_2.jpg 800w\" data-src=\"https:\/\/magazinedelafrique.com\/wp-content\/uploads\/2022\/09\/Pascal-Lamy_2-300x188.jpg\" data-sizes=\"(max-width: 404px) 100vw, 404px\" width=\"404\" height=\"253\"><\/p>\n<p>J\u2019ai eu la grande chance d\u2019avoir une vie professionnelle extr\u00eamement nourrie et instructive et de continuer \u00e0 apprendre tous les jours, ce qui est un formidable privil\u00e8ge. Il est des questions mondiales comme les questions environnementales, celles qui tournent autour de la mondialisation et de sa ma\u00eetrise, autour de l\u2019int\u00e9gration europ\u00e9enne ou africaine. Ce sont des domaines dans lesquels je continue \u00e0 \u0153uvrer parce que je pense que c\u2019est dans ce sens qu\u2019il faut aller pour le progr\u00e8s de l\u2019humanit\u00e9. J\u2019appartiens \u00e0 une g\u00e9n\u00e9ration qui a encore \u00e9t\u00e9 \u00e9duqu\u00e9e dans l\u2019id\u00e9e qu\u2019il y a du progr\u00e8s et que ce progr\u00e8s est n\u00e9cessaire.<\/p>\n<p>&nbsp;<\/p>\n<p><strong>En tant que membre du Conseil d\u2019administration de la Fondation Mo Ibrahim, quel regard portez-vous sur le \u00ab&nbsp;business model&nbsp;\u00bb de l\u2019Afrique&nbsp;? <\/strong><\/p>\n<p><strong>&nbsp;<\/strong>Tout d\u00e9pend de l\u2019\u00e9chelle de mesure utilis\u00e9e. Dans le dernier livre que j\u2019ai publi\u00e9 avec Nicole Gnesotto, <em>O\u00f9 va le monde ?<\/em> (\u00e9d. Odile Jacob, 2017), je consid\u00e9rais que la question essentielle pour l\u2019Afrique est de savoir qui va gagner la course entre l\u2019\u00e9conomie et la d\u00e9mographie. D\u2019o\u00f9 l\u2019importance d\u2019aider \u00e0 ce que la croissance \u00e9conomique gagne sur la croissance de la population.<\/p>\n<p>L\u2019Afrique est un continent plein de possibilit\u00e9s entrepreneuriales. On les voit se d\u00e9velopper et, de ce point de vue, je suis un afro-optimiste. Quand je vois ce que les jeunes g\u00e9n\u00e9rations ont comme \u00e9nergie, comment elles utilisent leur talent et ce qu\u2019elles ont appris en Afrique ou souvent ailleurs et les mettent au service du continent, je trouve cela tr\u00e8s \u00e9tonnant et parfois tr\u00e8s admirable. M\u00eame si ce bourgeonnement entrepreneurial, cette profusion d\u2019initiatives, se fait parfois dans un certain d\u00e9sordre. Avec des syst\u00e8mes gouvernementaux qui, manifestement, pourraient faire mieux pour assurer un \u00c9tat de droit, l\u2019absence de la corruption, et une vision \u00e0 long terme.<\/p>\n<p>Il y a \u00e9norm\u00e9ment de progr\u00e8s \u00e0 faire et nous y travaillons beaucoup avec la Fondation Mo Ibrahim, consacr\u00e9e \u00e0 l\u2019am\u00e9lioration de la gouvernance en Afrique du point de vue de la d\u00e9mocratie, des droits de l\u2019homme, de la lutte contre la corruption, et de la transparence de la vie publique. C\u2019est ce que je fais aussi avec Trademark East Africa, un organisme de coop\u00e9ration technique d\u2019int\u00e9gration \u00e9conomique en Afrique de l\u2019Est qui, d\u2019ailleurs, est en train de s\u2019\u00e9tendre \u00e0 l\u2019Afrique de l\u2019Ouest et \u00e0 l\u2019Afrique australe. Mais aussi, tous les deux ans, avec les rencontres Europe-Afrique qui sont mont\u00e9es par Aspen.<\/p>\n<p>Je crois que, dans les domaines d\u2019une int\u00e9gration \u00e9conomique plus pouss\u00e9e, je fais partie de ceux qui consid\u00e8rent qu\u2019une des principales erreurs que nous ayons faite quand nous \u00e9tions en Afrique, et que les Africains ont perp\u00e9tu\u00e9 lorsqu\u2019ils se sont d\u00e9colonis\u00e9s, est d\u2019avoir peupl\u00e9 ce continent de fronti\u00e8res. C\u2019est une v\u00e9role qu\u2019il faut surmonter. L\u2019Afrique a besoin d\u2019int\u00e9grer ses march\u00e9s pour p\u00e9n\u00e9trer dans la mondialisation. \u00c0 court terme, c\u2019est le probl\u00e8me essentiel.<\/p>\n<p><strong>Pourtant, la croissance ne produit plus de la richesse et de la prosp\u00e9rit\u00e9, la machine semble \u00eatre en panne.<\/strong><\/p>\n<p>\u00c7a d\u00e9pend des pays. Le B\u00e9nin, qui n\u2019a jamais \u00e9t\u00e9 parmi les <em>performers<\/em> africains comme l\u2019ont \u00e9t\u00e9 \u00e0 un moment l\u2019Afrique du Sud, le Kenya, le Ghana ou m\u00eame le Nigeria, va conna\u00eetre une croissance de l\u2019ordre de 6% \u00e0 7% cette ann\u00e9e. C\u2019est \u00e0 peu pr\u00e8s ce qu\u2019il faut, \u00e0 terme, pour que la r\u00e9gate entre l\u2019\u00e9conomie et la d\u00e9mographie soit gagn\u00e9e par l\u2019\u00e9conomie.<\/p>\n<p>En m\u00eame temps, il reste beaucoup \u00e0 faire, en tout cas de notre part \u00e0 nous, Europ\u00e9ens, pour mettre ce qui se passe en Afrique au bon niveau de nos priorit\u00e9s g\u00e9opolitiques. Je dis depuis longtemps \u00e0 Bruxelles que ce qui se passe en Chine ou aux \u00c9tats-Unis est tr\u00e8s important pour l\u2019Europe mais que ce qu\u2019il y a de plus important pour l\u2019Europe, en regardant les choses \u00e0 dix, vingt ou trente ans, c\u2019est ce qui se passe en Afrique.<\/p>\n<p>Il y a, certainement, \u00e0 am\u00e9liorer notre coop\u00e9ration. Par exemple, dans le financement des infrastructures, le goulot principal \u00e0 davantage de croissance africaine \u00e0 l\u2019\u00e9chelle continentale est l\u00e0 : transports, \u00e9nergie, r\u00e9seaux. C\u2019est all\u00e9 beaucoup plus vite en mati\u00e8re de communications parce que, justement, une g\u00e9n\u00e9ration a \u00e9t\u00e9 saut\u00e9e qui n\u2019avait plus besoin d\u2019installations fixes pour faire passer les t\u00e9l\u00e9phones. Et il y a \u00e9norm\u00e9ment \u00e0 faire dans le domaine des transports. Dans la production d\u2019\u00e9lectricit\u00e9, il est connu que 600 millions d\u2019Africains n\u2019ont pas acc\u00e8s correctement \u00e0 l\u2019\u00e9nergie. Une \u00e9conomie ne peut pas cro\u00eetre sans \u00e9nergie, m\u00eame si le potentiel du renouvelable est tr\u00e8s fort en Afrique.<\/p>\n<p>J\u2019ai suivi et en partie particip\u00e9 \u00e0 la pol\u00e9mique qui a suivi la conf\u00e9rence de Glasgow sur l\u2019attitude des pays du Nord \u00e0 l\u2019\u00e9gard du financement de l\u2019investissement dans le gaz en Afrique. Je suis de ceux qui pensent que, comme en Europe, le gaz est une \u00e9nergie de transition en attendant d\u2019\u00eatre beaucoup plus verts. Voil\u00e0 le champ sur lequel nous devrions placer nos priorit\u00e9s. Du point de vue des Europ\u00e9ens, le plus important est d\u2019aider les Africains \u00e0 <em>d\u00e9risquer<\/em>, comme on dit dans la finance, leurs investissements. L\u00e0 o\u00f9 un capitaliste normal demande 10% de rentabilit\u00e9, il demande 15% en Afrique parce qu\u2019il y a une prime de risque de 5%. Il faut faire descendre cette prime de risque et ramener ce taux de 15% \u00e0 10%.<\/p>\n<p>Cela d\u00e9pend en partie des Africains et de ce qui se passe dans le domaine de la s\u00e9curit\u00e9 publique et de la lutte contre le terrorisme et le fondamentalisme religieux. C\u2019est une affaire pour les Africains par les Africains. Ce n\u2019est pas \u00e0 nous de donner des le\u00e7ons mais on doit pouvoir aider.<\/p>\n<p><strong>On fait la diplomatie de sa g\u00e9ographie. Comment voyez-vous concr\u00e8tement l\u2019orientation des relations Afrique-Europe&nbsp;?<\/strong><\/p>\n<p>Je l\u2019ai souvent dit \u00e0 Bruxelles : l\u2019Afrique a le choix de ses partenaires pour l\u2019avenir. Elle peut choisir les \u00c9tats-Unis, la Chine, l\u2019Europe. Nous Europ\u00e9ens n\u2019avons pas le choix. Nous ne pouvons pas ne pas choisir l\u2019Afrique comme partenaire, compte tenu l\u2019importance de ce qui s\u2019y passe. Je ne parle pas forc\u00e9ment en termes de migrations ou de s\u00e9curit\u00e9. Cela va beaucoup plus loin que \u00e7a.<\/p>\n<p>La coop\u00e9ration entre l\u2019Europe et l\u2019Afrique a connu un tournant ces derni\u00e8res ann\u00e9es. Cela ne s\u2019appelle plus coop\u00e9ration mais partenariat et cela a de l\u2019importance au plan s\u00e9mantique. Une bonne partie des cr\u00e9dits europ\u00e9ens consacr\u00e9s \u00e0 ce qu\u2019on appelait traditionnellement le d\u00e9veloppement est pass\u00e9e \u00e0 la fourniture de garanties et \u00e0 des financements qui sont beaucoup plus orient\u00e9s vers le d\u00e9veloppement, la sant\u00e9 et l\u2019\u00e9ducation, qui sont des ingr\u00e9dients essentiels. Petit \u00e0 petit, nous allons vers un partenariat euro-africain de meilleure qualit\u00e9. Nous n\u2019y sommes pas et il suffit de voir ce qui s\u2019est pass\u00e9 quand il a fallu voter \u00e0 l\u2019ONU pour savoir si les pays condamnaient la Russie ou non. Nous savons que les \u00c9tats repr\u00e9sentant la majorit\u00e9 de la population africaine n\u2019ont pas vot\u00e9 avec nous.<\/p>\n<p>Cela dit quelque chose. Ce jour-l\u00e0, les Europ\u00e9ens ont d\u00e9couvert une r\u00e9alit\u00e9 qu\u2019un certain nombre d\u2019entre nous avaient mieux per\u00e7ue que d\u2019autres en \u00e9tant plus au contact ces derni\u00e8res ann\u00e9es. Notamment \u00e0 la suite de ce que j\u2019ai appel\u00e9 \u00ab&nbsp;<em>l\u2019apartheid Covid<\/em>&nbsp;\u00bb, o\u00f9 je trouve que les Am\u00e9ricains et les Europ\u00e9ens se sont tr\u00e8s mal comport\u00e9s. Cette dimension-l\u00e0 doit \u00eatre int\u00e9gr\u00e9e.<\/p>\n<p>Elle est la preuve que, malgr\u00e9 cette proximit\u00e9 en paroles, il reste des distances. Sans doute les pays africains qui n\u2019ont pas vot\u00e9 avec nous ont-ils voulu \u00e0 la fois donner un signal \u00e0 P\u00e9kin et \u00e0 Moscou et donner un signal \u00e0 Bruxelles et \u00e0 Washington. Dans cette affaire, ils ont un certain tort qui est de mettre Washington et Bruxelles dans le m\u00eame panier. De m\u00eame, je ne mettrais pas forc\u00e9ment, \u00e0 terme, P\u00e9kin et Moscou dans le m\u00eame panier.<\/p>\n<p><strong>Comment se d\u00e9velopper quand le feu est dans la maison ? Voyez ce qui se passe au Sahel aujourd\u2019hui.<\/strong><\/p>\n<p>J\u2019aurais tendance \u00e0 retourner la r\u00e9ponse. De ce point de vue, je suis tr\u00e8s classiquement social-d\u00e9mocrate. Je pense que l\u2019origine des instabilit\u00e9s sociales qui permettent \u00e0 ces mouvements de d\u00e9stabiliser les pays, d\u2019enr\u00f4ler des jeunes en leur donnant une arme, \u00e0 manger et une distraction, est d\u2019ordre \u00e9conomique et sociale. Le d\u00e9veloppement est la r\u00e9ponse au terrorisme et pas d\u2019abord la r\u00e9ponse s\u00e9curitaire. M\u00eame si, \u00e9videmment, un pays a besoin d\u2019un certain ordre pour continuer \u00e0 avancer sur ses deux jambes.<\/p>\n<p>L\u2019issue consiste effectivement \u00e0 soutenir le d\u00e9veloppement \u00e9conomique et ce qui le permet. C\u2019est-\u00e0-dire les conditions de base, les infrastructures physiques, humaines, \u00e9ducatives et de sant\u00e9. Il y a clairement des progr\u00e8s en regardant les mesures existantes qui, normalement, doivent favoriser \u00e0 terme davantage de d\u00e9veloppement \u00e9conomique. Mais il ne faut pas donner aux questions s\u00e9curitaires une primaut\u00e9 sans tenir compte du fait que l\u2019origine des probl\u00e8mes est dans le malheur des gens, des familles, des femmes, des filles et des hommes.<\/p>\n<p><strong>Barack Obama disait que l\u2019Afrique a besoin d\u2019institutions fortes et pas d\u2019hommes forts. On voit la multiplication de coups d\u2019\u00c9tats et un profond malaise structurel li\u00e9 \u00e0 la crise de gouvernance, particuli\u00e8rement en Afrique de l\u2019Ouest.<\/strong><\/p>\n<p>Je suis d\u2019accord. Les coups d\u2019\u00c9tat sont un des modes d\u2019ajustement permanents de la gouvernance africaine. D\u2019ailleurs, nous devrions peut-\u00eatre les regarder avec des yeux un peu diff\u00e9rents que ceux avec lesquels nous regardons l\u2019Europe, l\u2019Am\u00e9rique latine ou l\u2019Asie. Ce sont des signes que, quand il y a un probl\u00e8me politique, il y a une r\u00e9action de la population. De ce point de vue, l\u2019Afrique est plus proche de l\u2019esprit d\u00e9mocratique, pour des raisons qui correspondent aussi \u00e0 ses traditions culturelles.<\/p>\n<blockquote><p><strong><em>\u00ab\u00a0Il n\u2019est pas question pour les Europ\u00e9ens de s\u2019aligner syst\u00e9matiquement sur des positions am\u00e9ricaines qui ne correspondent pas forc\u00e9ment \u00e0 nos int\u00e9r\u00eats ni \u00e0 nos valeurs. L\u2019Afrique, pays par pays mais aussi comme continent, a \u00e0 peu pr\u00e8s le m\u00eame probl\u00e8me. D\u2019ailleurs, si l\u2019Europe et l\u2019Afrique se parlaient davantage, elles seraient mieux \u00e0 m\u00eame de naviguer dans une situation qui restera tr\u00e8s difficile dans les d\u00e9cennies qui viennent\u00a0\u00bb.<\/em><\/strong><\/p><\/blockquote>\n<p>Je crois finalement beaucoup au progr\u00e8s de la d\u00e9mocratie en Afrique m\u00eame si je reconnais qu\u2019il est lent. Je constate, contrairement \u00e0 ce qu\u2019on a appris \u00e0 l\u2019\u00e9cole, qu\u2019il y a des entreprises, des entrepreneurs, et des succ\u00e8s dans de nombreux domaines sans que les conditions minimales de la bonne gouvernance soient r\u00e9unies. Si elles l\u2019\u00e9taient, l\u2019Afrique se d\u00e9velopperait plus vite qu\u2019elle ne le fait aujourd\u2019hui, et nous y travaillons beaucoup \u00e0 la Fondation Mo Ibrahim. L\u2019exp\u00e9rience des derni\u00e8res ann\u00e9es l\u2019a montr\u00e9, cela freine mais n\u2019emp\u00eache pas le d\u00e9veloppement \u00e9conomique.<\/p>\n<p><strong>Revenons sur votre parcours, allez-vous&nbsp; \u00e9crire des livres et traduire votre exp\u00e9rience par une r\u00e9flexion au long cours ? <\/strong><\/p>\n<p>Je l\u2019ai fait de temps en temps. En ce moment, j\u2019ai tellement de choses \u00e0 faire, le monde va tellement mal et la question du basculement est si fondamentale, que j\u2019ai besoin d\u2019y r\u00e9fl\u00e9chir avant d\u2019\u00e9crire quelque chose. Je vois des ingr\u00e9dients de transformation mais aussi des choses qui ne changent pas. Avec mon regard d\u2019Europ\u00e9en, je vois bien qu\u2019il se passe quelque chose, mais ce n\u2019est pas si s\u00fbr. Je vais attendre un peu avant de reprendre la plume sur ces grandes questions qui agitent l\u2019humanit\u00e9, le monde, nous Europ\u00e9ens et vous Africains.<\/p>\n<p><strong>Pour quelqu\u2019un qui aime r\u00e9fl\u00e9chir, comment jugez-vous la temporalit\u00e9 des urgences du moment qui exigent des r\u00e9ponses rapides et les solutions qui, elles, demandent du temps pour fournir des r\u00e9sultats&nbsp;? <\/strong><\/p>\n<p>Vous venez d\u2019\u00e9noncer l\u2019\u00e9nigme de la politique. Comme le disait Jean-Claude Juncker, il y a le sujet de ce qu\u2019il faut faire, qui m\u00e9rite r\u00e9flexion, et il y a le sujet de savoir si on sera r\u00e9\u00e9lu si on le fait. Le premier est un sujet de long terme et le second un sujet de court terme. Comment les articule-t-on ? C\u2019est pour moi le myst\u00e8re et le secret de l\u2019homme et de la femme politique. Deux tr\u00e8s beaux exemples existent en ce moment avec l\u2019invasion de l\u2019Ukraine.<\/p>\n<p>Le premier est la situation militaire, \u00e9conomique, psychologique de part et d\u2019autre. Ce sera le temps qui d\u00e9terminera si nous parvenons ou non \u00e0 repousser M. Poutine \u00e0 l\u2019int\u00e9rieur de ses fronti\u00e8res. Lequel a de bonnes raisons de penser que s\u2019il joue la montre il pourrait y arriver mieux que nous. \u00c0 court terme, le vrai probl\u00e8me pour nous Europ\u00e9ens qui voulons aider les Ukrainiens \u00e0 repousser cette agression, c\u2019est le temps.<\/p>\n<p><img decoding=\"async\" class=\"wp-image-69314 alignleft lazyloaded\" src=\"https:\/\/magazinedelafrique.com\/wp-content\/uploads\/2022\/09\/Pascal-Lamy_3-300x188.jpg\" sizes=\"(max-width: 431px) 100vw, 431px\" srcset=\"https:\/\/magazinedelafrique.com\/wp-content\/uploads\/2022\/09\/Pascal-Lamy_3-300x188.jpg 300w, https:\/\/magazinedelafrique.com\/wp-content\/uploads\/2022\/09\/Pascal-Lamy_3-768x480.jpg 768w, https:\/\/magazinedelafrique.com\/wp-content\/uploads\/2022\/09\/Pascal-Lamy_3.jpg 800w\" alt=\"\" data-srcset=\"https:\/\/magazinedelafrique.com\/wp-content\/uploads\/2022\/09\/Pascal-Lamy_3-300x188.jpg 300w, https:\/\/magazinedelafrique.com\/wp-content\/uploads\/2022\/09\/Pascal-Lamy_3-768x480.jpg 768w, https:\/\/magazinedelafrique.com\/wp-content\/uploads\/2022\/09\/Pascal-Lamy_3.jpg 800w\" data-src=\"https:\/\/magazinedelafrique.com\/wp-content\/uploads\/2022\/09\/Pascal-Lamy_3-300x188.jpg\" data-sizes=\"(max-width: 431px) 100vw, 431px\" width=\"431\" height=\"270\"><\/p>\n<p>Deuxi\u00e8me exemple imm\u00e9diat, les probl\u00e8mes \u00e9nerg\u00e9tiques. Nous avons tous commenc\u00e9 une entreprise de d\u00e9carbonation de nos \u00e9conomies \u00e0 \u00e9ch\u00e9ance 2050. Le carbone <em>net zero<\/em> suppose de passer au renouvelable, de faire des \u00e9conomies d\u2019\u00e9nergie, de sortir des \u00e9nergies fossiles. Manque de chance, et Vladimir Poutine a \u00e9t\u00e9 de ce point de vue assez intelligent voire roublard, il a choisi de nous attaquer sur notre vuln\u00e9rabilit\u00e9 \u00e9nerg\u00e9tique et de faire en sorte que les prix montent. Devons-nous pendant ce temps recourir davantage et pour combien de temps \u00e0 des \u00e9nergies fossiles parce que la hausse des prix de l\u2019\u00e9nergie va freiner la transformation du syst\u00e8me ? J\u2019en discute souvent \u00e0 Bruxelles, nous devons \u00eatre tr\u00e8s prudents en prenant les mesures \u00e0 court terme que nous devons prendre pour assurer notre s\u00e9curit\u00e9 \u00e9nerg\u00e9tique. Mais sans d\u00e9vier de notre trajectoire \u00e0 long terme qui est celle de l\u2019ind\u00e9pendance vis-\u00e0-vis des \u00e9nergies fossiles. C\u2019est encore un exemple o\u00f9 le secret est dans cette articulation.<\/p>\n<p><strong>Le Magazine de l&rsquo;Afrique<\/strong><\/p>\n","protected":false},"excerpt":{"rendered":"<p>De son parcours dans les instances internationales (OMC, Fondation Mo Ibrahim) Pascal Lamy, 75 ans, capitalise sur une riche vision strat\u00e9gique. Il dessine une trajectoire&#8230;<\/p>\n","protected":false},"author":1,"featured_media":3941,"comment_status":"closed","ping_status":"open","sticky":false,"template":"","format":"standard","meta":{"_jetpack_memberships_contains_paid_content":false,"footnotes":""},"categories":[23,11],"tags":[],"class_list":["post-3940","post","type-post","status-publish","format-standard","has-post-thumbnail","hentry","category-a-la-une","category-lentretien","wpcat-23-id","wpcat-11-id"],"yoast_head":"<!-- This site is optimized with the Yoast SEO plugin v27.1.1 - https:\/\/yoast.com\/product\/yoast-seo-wordpress\/ -->\n<title>L\u2019Afrique a le choix de tous ses partenaires - challenges economiques<\/title>\n<meta name=\"robots\" content=\"index, follow, max-snippet:-1, max-image-preview:large, max-video-preview:-1\" \/>\n<link rel=\"canonical\" href=\"https:\/\/challengeseconomiques.com\/?p=3940\" \/>\n<meta property=\"og:locale\" content=\"fr_FR\" \/>\n<meta property=\"og:type\" content=\"article\" \/>\n<meta property=\"og:title\" content=\"L\u2019Afrique a le choix de tous ses partenaires - challenges economiques\" \/>\n<meta property=\"og:description\" content=\"De son parcours dans les instances internationales (OMC, Fondation Mo Ibrahim) Pascal Lamy, 75 ans, capitalise sur une riche vision strat\u00e9gique. Il dessine une trajectoire...\" \/>\n<meta property=\"og:url\" content=\"https:\/\/challengeseconomiques.com\/?p=3940\" \/>\n<meta property=\"og:site_name\" content=\"challenges economiques\" \/>\n<meta property=\"article:published_time\" content=\"2022-09-16T11:53:17+00:00\" \/>\n<meta property=\"article:modified_time\" content=\"2022-09-16T11:53:50+00:00\" \/>\n<meta property=\"og:image\" content=\"https:\/\/challengeseconomiques.com\/wp-content\/uploads\/2022\/09\/Pascal-Lamy_1-770x470-1.webp\" \/>\n\t<meta property=\"og:image:width\" content=\"770\" \/>\n\t<meta property=\"og:image:height\" content=\"470\" \/>\n\t<meta property=\"og:image:type\" content=\"image\/webp\" \/>\n<meta name=\"author\" content=\"admin\" \/>\n<meta name=\"twitter:card\" content=\"summary_large_image\" \/>\n<meta name=\"twitter:label1\" content=\"\u00c9crit par\" \/>\n\t<meta name=\"twitter:data1\" content=\"admin\" \/>\n\t<meta name=\"twitter:label2\" content=\"Dur\u00e9e de lecture estim\u00e9e\" \/>\n\t<meta name=\"twitter:data2\" content=\"17 minutes\" \/>\n<script type=\"application\/ld+json\" class=\"yoast-schema-graph\">{\"@context\":\"https:\/\/schema.org\",\"@graph\":[{\"@type\":\"Article\",\"@id\":\"https:\/\/challengeseconomiques.com\/?p=3940#article\",\"isPartOf\":{\"@id\":\"https:\/\/challengeseconomiques.com\/?p=3940\"},\"author\":{\"name\":\"admin\",\"@id\":\"https:\/\/challengeseconomiques.com\/#\/schema\/person\/b4568c9afebc5a9238a771873801e349\"},\"headline\":\"L\u2019Afrique a le choix de tous ses partenaires\",\"datePublished\":\"2022-09-16T11:53:17+00:00\",\"dateModified\":\"2022-09-16T11:53:50+00:00\",\"mainEntityOfPage\":{\"@id\":\"https:\/\/challengeseconomiques.com\/?p=3940\"},\"wordCount\":3542,\"image\":{\"@id\":\"https:\/\/challengeseconomiques.com\/?p=3940#primaryimage\"},\"thumbnailUrl\":\"https:\/\/challengeseconomiques.com\/wp-content\/uploads\/2022\/09\/Pascal-Lamy_1-770x470-1.webp\",\"articleSection\":[\"A la une\",\"l'entretien\"],\"inLanguage\":\"fr-FR\"},{\"@type\":\"WebPage\",\"@id\":\"https:\/\/challengeseconomiques.com\/?p=3940\",\"url\":\"https:\/\/challengeseconomiques.com\/?p=3940\",\"name\":\"L\u2019Afrique a le choix de tous ses partenaires - challenges economiques\",\"isPartOf\":{\"@id\":\"https:\/\/challengeseconomiques.com\/#website\"},\"primaryImageOfPage\":{\"@id\":\"https:\/\/challengeseconomiques.com\/?p=3940#primaryimage\"},\"image\":{\"@id\":\"https:\/\/challengeseconomiques.com\/?p=3940#primaryimage\"},\"thumbnailUrl\":\"https:\/\/challengeseconomiques.com\/wp-content\/uploads\/2022\/09\/Pascal-Lamy_1-770x470-1.webp\",\"datePublished\":\"2022-09-16T11:53:17+00:00\",\"dateModified\":\"2022-09-16T11:53:50+00:00\",\"author\":{\"@id\":\"https:\/\/challengeseconomiques.com\/#\/schema\/person\/b4568c9afebc5a9238a771873801e349\"},\"breadcrumb\":{\"@id\":\"https:\/\/challengeseconomiques.com\/?p=3940#breadcrumb\"},\"inLanguage\":\"fr-FR\",\"potentialAction\":[{\"@type\":\"ReadAction\",\"target\":[\"https:\/\/challengeseconomiques.com\/?p=3940\"]}]},{\"@type\":\"ImageObject\",\"inLanguage\":\"fr-FR\",\"@id\":\"https:\/\/challengeseconomiques.com\/?p=3940#primaryimage\",\"url\":\"https:\/\/challengeseconomiques.com\/wp-content\/uploads\/2022\/09\/Pascal-Lamy_1-770x470-1.webp\",\"contentUrl\":\"https:\/\/challengeseconomiques.com\/wp-content\/uploads\/2022\/09\/Pascal-Lamy_1-770x470-1.webp\",\"width\":770,\"height\":470},{\"@type\":\"BreadcrumbList\",\"@id\":\"https:\/\/challengeseconomiques.com\/?p=3940#breadcrumb\",\"itemListElement\":[{\"@type\":\"ListItem\",\"position\":1,\"name\":\"Home\",\"item\":\"https:\/\/challengeseconomiques.com\/\"},{\"@type\":\"ListItem\",\"position\":2,\"name\":\"L\u2019Afrique a le choix de tous ses partenaires\"}]},{\"@type\":\"WebSite\",\"@id\":\"https:\/\/challengeseconomiques.com\/#website\",\"url\":\"https:\/\/challengeseconomiques.com\/\",\"name\":\"challenges economiques\",\"description\":\"\",\"potentialAction\":[{\"@type\":\"SearchAction\",\"target\":{\"@type\":\"EntryPoint\",\"urlTemplate\":\"https:\/\/challengeseconomiques.com\/?s={search_term_string}\"},\"query-input\":{\"@type\":\"PropertyValueSpecification\",\"valueRequired\":true,\"valueName\":\"search_term_string\"}}],\"inLanguage\":\"fr-FR\"},{\"@type\":\"Person\",\"@id\":\"https:\/\/challengeseconomiques.com\/#\/schema\/person\/b4568c9afebc5a9238a771873801e349\",\"name\":\"admin\",\"image\":{\"@type\":\"ImageObject\",\"inLanguage\":\"fr-FR\",\"@id\":\"https:\/\/challengeseconomiques.com\/#\/schema\/person\/image\/\",\"url\":\"https:\/\/secure.gravatar.com\/avatar\/099e42240b5eea11acdb72751fcce0dd918603f0749d24974b7984ea47ed9fd9?s=96&d=mm&r=g\",\"contentUrl\":\"https:\/\/secure.gravatar.com\/avatar\/099e42240b5eea11acdb72751fcce0dd918603f0749d24974b7984ea47ed9fd9?s=96&d=mm&r=g\",\"caption\":\"admin\"},\"sameAs\":[\"https:\/\/challengeseconomiques.com\"],\"url\":\"https:\/\/challengeseconomiques.com\/?author=1\"}]}<\/script>\n<!-- \/ Yoast SEO plugin. -->","yoast_head_json":{"title":"L\u2019Afrique a le choix de tous ses partenaires - challenges economiques","robots":{"index":"index","follow":"follow","max-snippet":"max-snippet:-1","max-image-preview":"max-image-preview:large","max-video-preview":"max-video-preview:-1"},"canonical":"https:\/\/challengeseconomiques.com\/?p=3940","og_locale":"fr_FR","og_type":"article","og_title":"L\u2019Afrique a le choix de tous ses partenaires - challenges economiques","og_description":"De son parcours dans les instances internationales (OMC, Fondation Mo Ibrahim) Pascal Lamy, 75 ans, capitalise sur une riche vision strat\u00e9gique. Il dessine une trajectoire...","og_url":"https:\/\/challengeseconomiques.com\/?p=3940","og_site_name":"challenges economiques","article_published_time":"2022-09-16T11:53:17+00:00","article_modified_time":"2022-09-16T11:53:50+00:00","og_image":[{"width":770,"height":470,"url":"https:\/\/challengeseconomiques.com\/wp-content\/uploads\/2022\/09\/Pascal-Lamy_1-770x470-1.webp","type":"image\/webp"}],"author":"admin","twitter_card":"summary_large_image","twitter_misc":{"\u00c9crit par":"admin","Dur\u00e9e de lecture estim\u00e9e":"17 minutes"},"schema":{"@context":"https:\/\/schema.org","@graph":[{"@type":"Article","@id":"https:\/\/challengeseconomiques.com\/?p=3940#article","isPartOf":{"@id":"https:\/\/challengeseconomiques.com\/?p=3940"},"author":{"name":"admin","@id":"https:\/\/challengeseconomiques.com\/#\/schema\/person\/b4568c9afebc5a9238a771873801e349"},"headline":"L\u2019Afrique a le choix de tous ses partenaires","datePublished":"2022-09-16T11:53:17+00:00","dateModified":"2022-09-16T11:53:50+00:00","mainEntityOfPage":{"@id":"https:\/\/challengeseconomiques.com\/?p=3940"},"wordCount":3542,"image":{"@id":"https:\/\/challengeseconomiques.com\/?p=3940#primaryimage"},"thumbnailUrl":"https:\/\/challengeseconomiques.com\/wp-content\/uploads\/2022\/09\/Pascal-Lamy_1-770x470-1.webp","articleSection":["A la une","l'entretien"],"inLanguage":"fr-FR"},{"@type":"WebPage","@id":"https:\/\/challengeseconomiques.com\/?p=3940","url":"https:\/\/challengeseconomiques.com\/?p=3940","name":"L\u2019Afrique a le choix de tous ses partenaires - challenges economiques","isPartOf":{"@id":"https:\/\/challengeseconomiques.com\/#website"},"primaryImageOfPage":{"@id":"https:\/\/challengeseconomiques.com\/?p=3940#primaryimage"},"image":{"@id":"https:\/\/challengeseconomiques.com\/?p=3940#primaryimage"},"thumbnailUrl":"https:\/\/challengeseconomiques.com\/wp-content\/uploads\/2022\/09\/Pascal-Lamy_1-770x470-1.webp","datePublished":"2022-09-16T11:53:17+00:00","dateModified":"2022-09-16T11:53:50+00:00","author":{"@id":"https:\/\/challengeseconomiques.com\/#\/schema\/person\/b4568c9afebc5a9238a771873801e349"},"breadcrumb":{"@id":"https:\/\/challengeseconomiques.com\/?p=3940#breadcrumb"},"inLanguage":"fr-FR","potentialAction":[{"@type":"ReadAction","target":["https:\/\/challengeseconomiques.com\/?p=3940"]}]},{"@type":"ImageObject","inLanguage":"fr-FR","@id":"https:\/\/challengeseconomiques.com\/?p=3940#primaryimage","url":"https:\/\/challengeseconomiques.com\/wp-content\/uploads\/2022\/09\/Pascal-Lamy_1-770x470-1.webp","contentUrl":"https:\/\/challengeseconomiques.com\/wp-content\/uploads\/2022\/09\/Pascal-Lamy_1-770x470-1.webp","width":770,"height":470},{"@type":"BreadcrumbList","@id":"https:\/\/challengeseconomiques.com\/?p=3940#breadcrumb","itemListElement":[{"@type":"ListItem","position":1,"name":"Home","item":"https:\/\/challengeseconomiques.com\/"},{"@type":"ListItem","position":2,"name":"L\u2019Afrique a le choix de tous ses partenaires"}]},{"@type":"WebSite","@id":"https:\/\/challengeseconomiques.com\/#website","url":"https:\/\/challengeseconomiques.com\/","name":"challenges economiques","description":"","potentialAction":[{"@type":"SearchAction","target":{"@type":"EntryPoint","urlTemplate":"https:\/\/challengeseconomiques.com\/?s={search_term_string}"},"query-input":{"@type":"PropertyValueSpecification","valueRequired":true,"valueName":"search_term_string"}}],"inLanguage":"fr-FR"},{"@type":"Person","@id":"https:\/\/challengeseconomiques.com\/#\/schema\/person\/b4568c9afebc5a9238a771873801e349","name":"admin","image":{"@type":"ImageObject","inLanguage":"fr-FR","@id":"https:\/\/challengeseconomiques.com\/#\/schema\/person\/image\/","url":"https:\/\/secure.gravatar.com\/avatar\/099e42240b5eea11acdb72751fcce0dd918603f0749d24974b7984ea47ed9fd9?s=96&d=mm&r=g","contentUrl":"https:\/\/secure.gravatar.com\/avatar\/099e42240b5eea11acdb72751fcce0dd918603f0749d24974b7984ea47ed9fd9?s=96&d=mm&r=g","caption":"admin"},"sameAs":["https:\/\/challengeseconomiques.com"],"url":"https:\/\/challengeseconomiques.com\/?author=1"}]}},"jetpack_featured_media_url":"https:\/\/challengeseconomiques.com\/wp-content\/uploads\/2022\/09\/Pascal-Lamy_1-770x470-1.webp","jetpack_sharing_enabled":true,"_links":{"self":[{"href":"https:\/\/challengeseconomiques.com\/index.php?rest_route=\/wp\/v2\/posts\/3940","targetHints":{"allow":["GET"]}}],"collection":[{"href":"https:\/\/challengeseconomiques.com\/index.php?rest_route=\/wp\/v2\/posts"}],"about":[{"href":"https:\/\/challengeseconomiques.com\/index.php?rest_route=\/wp\/v2\/types\/post"}],"author":[{"embeddable":true,"href":"https:\/\/challengeseconomiques.com\/index.php?rest_route=\/wp\/v2\/users\/1"}],"replies":[{"embeddable":true,"href":"https:\/\/challengeseconomiques.com\/index.php?rest_route=%2Fwp%2Fv2%2Fcomments&post=3940"}],"version-history":[{"count":2,"href":"https:\/\/challengeseconomiques.com\/index.php?rest_route=\/wp\/v2\/posts\/3940\/revisions"}],"predecessor-version":[{"id":3943,"href":"https:\/\/challengeseconomiques.com\/index.php?rest_route=\/wp\/v2\/posts\/3940\/revisions\/3943"}],"wp:featuredmedia":[{"embeddable":true,"href":"https:\/\/challengeseconomiques.com\/index.php?rest_route=\/wp\/v2\/media\/3941"}],"wp:attachment":[{"href":"https:\/\/challengeseconomiques.com\/index.php?rest_route=%2Fwp%2Fv2%2Fmedia&parent=3940"}],"wp:term":[{"taxonomy":"category","embeddable":true,"href":"https:\/\/challengeseconomiques.com\/index.php?rest_route=%2Fwp%2Fv2%2Fcategories&post=3940"},{"taxonomy":"post_tag","embeddable":true,"href":"https:\/\/challengeseconomiques.com\/index.php?rest_route=%2Fwp%2Fv2%2Ftags&post=3940"}],"curies":[{"name":"wp","href":"https:\/\/api.w.org\/{rel}","templated":true}]}}