{"id":3931,"date":"2022-09-14T14:12:21","date_gmt":"2022-09-14T14:12:21","guid":{"rendered":"https:\/\/challengeseconomiques.com\/?p=3931"},"modified":"2022-09-14T14:15:23","modified_gmt":"2022-09-14T14:15:23","slug":"la-bceao-jouera-sa-partition-dans-la-lutte-contre-la-hausse-des-prix","status":"publish","type":"post","link":"https:\/\/challengeseconomiques.com\/?p=3931","title":{"rendered":"La BCEAO jouera sa partition dans la lutte contre la hausse des prix"},"content":{"rendered":"<p><strong>La Banque centrale des Etats de l\u2019Afrique de l\u2019Ouest jouera sa partition dans la lutte contre la hausse des prix, a assur\u00e9 son nouveau gouverneur, Jean-Claude Kassi Brou, engag\u00e9 \u00e0 en faire une de ses priorit\u00e9s \u00e0 la t\u00eate de l\u2019institution d\u2019\u00e9mission mon\u00e9taire.<\/strong><\/p>\n<p>\u2019\u2019Il est important que la question de la hausse des prix soit bien analys\u00e9e et prise en charge parce qu\u2019on observe une forte hausse des prix dans notre r\u00e9gion avec un effet n\u00e9gatif sur le pouvoir d\u2019achat des populations, sur la comp\u00e9titivit\u00e9 de nos \u00e9conomies ainsi que sur la consommation et l\u2019investissement\u2019\u2019, a-t-il d\u00e9clar\u00e9.<\/p>\n<p>Le gouverneur Brou pr\u00e9sidait la 3\u00e9me session du Comit\u00e9 de politique mon\u00e9taire de la Banque centrale des Etats de l\u2019Afrique de l\u2019Ouest (BCEAO) au titre de l\u2019ann\u00e9e 2022, ouverte mercredi au si\u00e8ge de l\u2019institution \u00e0 Dakar, la premi\u00e8re en pr\u00e9sentiel depuis le d\u00e9but de la crise sanitaire en 2020.<\/p>\n<p>Pour sa premi\u00e8re pr\u00e9sidence \u00e0 la t\u00eate du CPM, le gouverneur\u00a0Jean-Claude Kassi Brou a rappel\u00e9 la mission de cet organe de la BCEAO qui est \u2019\u2019d\u2019\u0153uvrer au maintien de la stabilit\u00e9 des prix dans les pays de l\u2019Union mon\u00e9taire tout en soutenant leur croissance \u00e9conomique, gage d\u2019une stabilit\u00e9 macro\u00e9conomique et de d\u00e9veloppement durable\u2019\u2019.<\/p>\n<p>\u2019\u2019Il nous faut \u00eatre constamment vigilant et attentif aux mutations en cours qui nous imposent d\u2019\u00eatre proactifs pour proposer des solutions idoines\u00a0au moment appropri\u00e9\u2019\u2019, a-t-il soulign\u00e9.<\/p>\n<p>En poste depuis juillet, il a soulign\u00e9 que sa prise de fonction en tant que gouverneur et pr\u00e9sident du CPM intervient \u00e0 un moment o\u00f9 les Etats membres de l\u2019Union, \u00e0 l\u2019instar des autres pays du continent, traversent des crises profondes.<\/p>\n<p>Il s\u2019agit d\u2019abord de la crise li\u00e9e \u00e0 la pand\u00e9mie de la Covid-19 dont \u2018\u2019les effets n\u00e9fastes sur les \u00e9conomies continuent de se faire sentir malgr\u00e9 l\u2019att\u00e9nuation de sa propagation et de sa virulence, mais \u00e9galement de la crise s\u00e9curitaire qui touchent beaucoup de pays de la r\u00e9gion\u2019\u2019, a-t-il dit.<\/p>\n<p>Outre les pertes en vie humaines, a dit Jean Claude Kassi Brou, la crise s\u00e9curitaire provoque un v\u00e9ritable d\u00e9sastre humanitaire\u00a0avec des millions de d\u00e9plac\u00e9s. Elle perturbe les circuits d\u2019approvisionnement des march\u00e9s mais \u00e9galement les budgets des Etats.<\/p>\n<p>Il a \u00e9galement \u00e9voqu\u00e9 la \u2018\u2019crise li\u00e9e aux changements climatiques\u00a0qui perturbent le cycle des pluies dont le secteur rural est tributaire et provoquant une alternance d\u2019inondations et de vagues de s\u00e9cheresse pr\u00e9judiciable \u00e0 notre secteur agricole\u2019\u2019.<\/p>\n<p>Le conflit russo-ukrainien est venu \u2018\u2019exacerber la perturbation des cha\u00eenes d\u2019approvisionnement au niveau mondial renfor\u00e7ant la spirale inflationniste\u00a0tant pour les produits alimentaires que pour les produits \u00e9nerg\u00e9tiques\u2019\u2019, a-t-il dit.<\/p>\n<p>\u2019\u2019Chacune de ces crises a un fort impact n\u00e9gatif sur le plan humain, social et \u00e9conomique. Depuis 2020, ces crises accroissent les risques sur nos perspectives de croissance \u00e9conomique et cr\u00e9ent des tensions inflationnistes dans notre zone et nous \u00e9loignent davantage de nos objectifs\u2019\u2019, selon le gouverneur.<\/p>\n<p>Il a tenu \u00e0 rendre hommage \u00e0 son pr\u00e9d\u00e9cesseur Ti\u00e9moko Meyliet Kon\u00e9, nomm\u00e9 Vice-pr\u00e9sident de la R\u00e9publique de C\u00f4te d\u2019Ivoire, pour son \u2019\u2019remarquable travail au cours de son mandat \u00e0 la t\u00eate de la BCEAO\u2019\u2019\u2019.<\/p>\n<p>\u2019\u2019Pendant les onze ann\u00e9es durant lesquelles il a pr\u00e9sid\u00e9 le CPM, celui-ci a pris des d\u00e9cisions importantes et judicieuses qui ont permis d\u2019atteindre ses objectifs de\u00a0pr\u00e9servation de la stabilit\u00e9 mon\u00e9taire dans l\u2019Union\u2019\u2019, a-t-il relev\u00e9.<\/p>\n<p>Au cours de cette session \u00e0 huis clos, le CPM prendra connaissance des rapports soumis par la BCEAO afin de parvenir apr\u00e8s d\u00e9lib\u00e9ration \u00e0 un consensus sur les mesures \u00e0 prendre afin d\u2019assurer une stabilit\u00e9 mon\u00e9taire\u00a0dans l\u2019Union pour une croissance \u00e9quilibr\u00e9e.<\/p>\n<p>Le rapport final fera une synth\u00e8se des \u00e9volutions de l\u2019environnement international et r\u00e9gional ainsi que sur les perspectives avec un accent sur les risques.<\/p>\n<p><strong>APS<\/strong><\/p>\n","protected":false},"excerpt":{"rendered":"<p>La Banque centrale des Etats de l\u2019Afrique de l\u2019Ouest jouera sa partition dans la lutte contre la hausse des prix, a assur\u00e9 son nouveau gouverneur,&#8230;<\/p>\n","protected":false},"author":1,"featured_media":886,"comment_status":"closed","ping_status":"open","sticky":false,"template":"","format":"standard","meta":{"_jetpack_memberships_contains_paid_content":false,"footnotes":""},"categories":[23,10],"tags":[],"class_list":["post-3931","post","type-post","status-publish","format-standard","has-post-thumbnail","hentry","category-a-la-une","category-infos-eco","wpcat-23-id","wpcat-10-id"],"yoast_head":"<!-- This site is optimized with the Yoast SEO plugin v27.1.1 - https:\/\/yoast.com\/product\/yoast-seo-wordpress\/ -->\n<title>La BCEAO jouera sa partition dans la lutte contre la hausse des prix - challenges economiques<\/title>\n<meta name=\"robots\" content=\"index, follow, max-snippet:-1, max-image-preview:large, max-video-preview:-1\" \/>\n<link rel=\"canonical\" href=\"https:\/\/challengeseconomiques.com\/?p=3931\" \/>\n<meta property=\"og:locale\" content=\"fr_FR\" \/>\n<meta property=\"og:type\" content=\"article\" \/>\n<meta property=\"og:title\" content=\"La BCEAO jouera sa partition dans la lutte contre la hausse des prix - challenges economiques\" \/>\n<meta property=\"og:description\" content=\"La Banque centrale des Etats de l\u2019Afrique de l\u2019Ouest jouera sa partition dans la lutte contre la hausse des prix, a assur\u00e9 son nouveau gouverneur,...\" \/>\n<meta property=\"og:url\" content=\"https:\/\/challengeseconomiques.com\/?p=3931\" \/>\n<meta property=\"og:site_name\" content=\"challenges economiques\" \/>\n<meta property=\"article:published_time\" content=\"2022-09-14T14:12:21+00:00\" \/>\n<meta property=\"article:modified_time\" content=\"2022-09-14T14:15:23+00:00\" \/>\n<meta property=\"og:image\" content=\"https:\/\/challengeseconomiques.com\/wp-content\/uploads\/2021\/04\/bceao-dakar-microfinance-860x420-1.jpg\" \/>\n\t<meta property=\"og:image:width\" content=\"860\" \/>\n\t<meta property=\"og:image:height\" content=\"420\" \/>\n\t<meta property=\"og:image:type\" content=\"image\/jpeg\" \/>\n<meta name=\"author\" content=\"admin\" \/>\n<meta name=\"twitter:card\" content=\"summary_large_image\" \/>\n<meta name=\"twitter:label1\" content=\"\u00c9crit par\" \/>\n\t<meta name=\"twitter:data1\" content=\"admin\" \/>\n\t<meta name=\"twitter:label2\" content=\"Dur\u00e9e de lecture estim\u00e9e\" \/>\n\t<meta name=\"twitter:data2\" content=\"4 minutes\" \/>\n<script type=\"application\/ld+json\" class=\"yoast-schema-graph\">{\"@context\":\"https:\/\/schema.org\",\"@graph\":[{\"@type\":\"Article\",\"@id\":\"https:\/\/challengeseconomiques.com\/?p=3931#article\",\"isPartOf\":{\"@id\":\"https:\/\/challengeseconomiques.com\/?p=3931\"},\"author\":{\"name\":\"admin\",\"@id\":\"https:\/\/challengeseconomiques.com\/#\/schema\/person\/b4568c9afebc5a9238a771873801e349\"},\"headline\":\"La BCEAO jouera sa partition dans la lutte contre la hausse des prix\",\"datePublished\":\"2022-09-14T14:12:21+00:00\",\"dateModified\":\"2022-09-14T14:15:23+00:00\",\"mainEntityOfPage\":{\"@id\":\"https:\/\/challengeseconomiques.com\/?p=3931\"},\"wordCount\":693,\"image\":{\"@id\":\"https:\/\/challengeseconomiques.com\/?p=3931#primaryimage\"},\"thumbnailUrl\":\"https:\/\/challengeseconomiques.com\/wp-content\/uploads\/2021\/04\/bceao-dakar-microfinance-860x420-1.jpg\",\"articleSection\":[\"A la une\",\"Infos \u00e9co\"],\"inLanguage\":\"fr-FR\"},{\"@type\":\"WebPage\",\"@id\":\"https:\/\/challengeseconomiques.com\/?p=3931\",\"url\":\"https:\/\/challengeseconomiques.com\/?p=3931\",\"name\":\"La BCEAO jouera sa partition dans la lutte contre la hausse des prix - challenges economiques\",\"isPartOf\":{\"@id\":\"https:\/\/challengeseconomiques.com\/#website\"},\"primaryImageOfPage\":{\"@id\":\"https:\/\/challengeseconomiques.com\/?p=3931#primaryimage\"},\"image\":{\"@id\":\"https:\/\/challengeseconomiques.com\/?p=3931#primaryimage\"},\"thumbnailUrl\":\"https:\/\/challengeseconomiques.com\/wp-content\/uploads\/2021\/04\/bceao-dakar-microfinance-860x420-1.jpg\",\"datePublished\":\"2022-09-14T14:12:21+00:00\",\"dateModified\":\"2022-09-14T14:15:23+00:00\",\"author\":{\"@id\":\"https:\/\/challengeseconomiques.com\/#\/schema\/person\/b4568c9afebc5a9238a771873801e349\"},\"breadcrumb\":{\"@id\":\"https:\/\/challengeseconomiques.com\/?p=3931#breadcrumb\"},\"inLanguage\":\"fr-FR\",\"potentialAction\":[{\"@type\":\"ReadAction\",\"target\":[\"https:\/\/challengeseconomiques.com\/?p=3931\"]}]},{\"@type\":\"ImageObject\",\"inLanguage\":\"fr-FR\",\"@id\":\"https:\/\/challengeseconomiques.com\/?p=3931#primaryimage\",\"url\":\"https:\/\/challengeseconomiques.com\/wp-content\/uploads\/2021\/04\/bceao-dakar-microfinance-860x420-1.jpg\",\"contentUrl\":\"https:\/\/challengeseconomiques.com\/wp-content\/uploads\/2021\/04\/bceao-dakar-microfinance-860x420-1.jpg\",\"width\":860,\"height\":420},{\"@type\":\"BreadcrumbList\",\"@id\":\"https:\/\/challengeseconomiques.com\/?p=3931#breadcrumb\",\"itemListElement\":[{\"@type\":\"ListItem\",\"position\":1,\"name\":\"Home\",\"item\":\"https:\/\/challengeseconomiques.com\/\"},{\"@type\":\"ListItem\",\"position\":2,\"name\":\"La BCEAO jouera sa partition dans la lutte contre la hausse des prix\"}]},{\"@type\":\"WebSite\",\"@id\":\"https:\/\/challengeseconomiques.com\/#website\",\"url\":\"https:\/\/challengeseconomiques.com\/\",\"name\":\"challenges economiques\",\"description\":\"\",\"potentialAction\":[{\"@type\":\"SearchAction\",\"target\":{\"@type\":\"EntryPoint\",\"urlTemplate\":\"https:\/\/challengeseconomiques.com\/?s={search_term_string}\"},\"query-input\":{\"@type\":\"PropertyValueSpecification\",\"valueRequired\":true,\"valueName\":\"search_term_string\"}}],\"inLanguage\":\"fr-FR\"},{\"@type\":\"Person\",\"@id\":\"https:\/\/challengeseconomiques.com\/#\/schema\/person\/b4568c9afebc5a9238a771873801e349\",\"name\":\"admin\",\"image\":{\"@type\":\"ImageObject\",\"inLanguage\":\"fr-FR\",\"@id\":\"https:\/\/challengeseconomiques.com\/#\/schema\/person\/image\/\",\"url\":\"https:\/\/secure.gravatar.com\/avatar\/099e42240b5eea11acdb72751fcce0dd918603f0749d24974b7984ea47ed9fd9?s=96&d=mm&r=g\",\"contentUrl\":\"https:\/\/secure.gravatar.com\/avatar\/099e42240b5eea11acdb72751fcce0dd918603f0749d24974b7984ea47ed9fd9?s=96&d=mm&r=g\",\"caption\":\"admin\"},\"sameAs\":[\"https:\/\/challengeseconomiques.com\"],\"url\":\"https:\/\/challengeseconomiques.com\/?author=1\"}]}<\/script>\n<!-- \/ Yoast SEO plugin. -->","yoast_head_json":{"title":"La BCEAO jouera sa partition dans la lutte contre la hausse des prix - challenges economiques","robots":{"index":"index","follow":"follow","max-snippet":"max-snippet:-1","max-image-preview":"max-image-preview:large","max-video-preview":"max-video-preview:-1"},"canonical":"https:\/\/challengeseconomiques.com\/?p=3931","og_locale":"fr_FR","og_type":"article","og_title":"La BCEAO jouera sa partition dans la lutte contre la hausse des prix - challenges economiques","og_description":"La Banque centrale des Etats de l\u2019Afrique de l\u2019Ouest jouera sa partition dans la lutte contre la hausse des prix, a assur\u00e9 son nouveau gouverneur,...","og_url":"https:\/\/challengeseconomiques.com\/?p=3931","og_site_name":"challenges economiques","article_published_time":"2022-09-14T14:12:21+00:00","article_modified_time":"2022-09-14T14:15:23+00:00","og_image":[{"width":860,"height":420,"url":"https:\/\/challengeseconomiques.com\/wp-content\/uploads\/2021\/04\/bceao-dakar-microfinance-860x420-1.jpg","type":"image\/jpeg"}],"author":"admin","twitter_card":"summary_large_image","twitter_misc":{"\u00c9crit par":"admin","Dur\u00e9e de lecture estim\u00e9e":"4 minutes"},"schema":{"@context":"https:\/\/schema.org","@graph":[{"@type":"Article","@id":"https:\/\/challengeseconomiques.com\/?p=3931#article","isPartOf":{"@id":"https:\/\/challengeseconomiques.com\/?p=3931"},"author":{"name":"admin","@id":"https:\/\/challengeseconomiques.com\/#\/schema\/person\/b4568c9afebc5a9238a771873801e349"},"headline":"La BCEAO jouera sa partition dans la lutte contre la hausse des prix","datePublished":"2022-09-14T14:12:21+00:00","dateModified":"2022-09-14T14:15:23+00:00","mainEntityOfPage":{"@id":"https:\/\/challengeseconomiques.com\/?p=3931"},"wordCount":693,"image":{"@id":"https:\/\/challengeseconomiques.com\/?p=3931#primaryimage"},"thumbnailUrl":"https:\/\/challengeseconomiques.com\/wp-content\/uploads\/2021\/04\/bceao-dakar-microfinance-860x420-1.jpg","articleSection":["A la une","Infos \u00e9co"],"inLanguage":"fr-FR"},{"@type":"WebPage","@id":"https:\/\/challengeseconomiques.com\/?p=3931","url":"https:\/\/challengeseconomiques.com\/?p=3931","name":"La BCEAO jouera sa partition dans la lutte contre la hausse des prix - challenges economiques","isPartOf":{"@id":"https:\/\/challengeseconomiques.com\/#website"},"primaryImageOfPage":{"@id":"https:\/\/challengeseconomiques.com\/?p=3931#primaryimage"},"image":{"@id":"https:\/\/challengeseconomiques.com\/?p=3931#primaryimage"},"thumbnailUrl":"https:\/\/challengeseconomiques.com\/wp-content\/uploads\/2021\/04\/bceao-dakar-microfinance-860x420-1.jpg","datePublished":"2022-09-14T14:12:21+00:00","dateModified":"2022-09-14T14:15:23+00:00","author":{"@id":"https:\/\/challengeseconomiques.com\/#\/schema\/person\/b4568c9afebc5a9238a771873801e349"},"breadcrumb":{"@id":"https:\/\/challengeseconomiques.com\/?p=3931#breadcrumb"},"inLanguage":"fr-FR","potentialAction":[{"@type":"ReadAction","target":["https:\/\/challengeseconomiques.com\/?p=3931"]}]},{"@type":"ImageObject","inLanguage":"fr-FR","@id":"https:\/\/challengeseconomiques.com\/?p=3931#primaryimage","url":"https:\/\/challengeseconomiques.com\/wp-content\/uploads\/2021\/04\/bceao-dakar-microfinance-860x420-1.jpg","contentUrl":"https:\/\/challengeseconomiques.com\/wp-content\/uploads\/2021\/04\/bceao-dakar-microfinance-860x420-1.jpg","width":860,"height":420},{"@type":"BreadcrumbList","@id":"https:\/\/challengeseconomiques.com\/?p=3931#breadcrumb","itemListElement":[{"@type":"ListItem","position":1,"name":"Home","item":"https:\/\/challengeseconomiques.com\/"},{"@type":"ListItem","position":2,"name":"La BCEAO jouera sa partition dans la lutte contre la hausse des prix"}]},{"@type":"WebSite","@id":"https:\/\/challengeseconomiques.com\/#website","url":"https:\/\/challengeseconomiques.com\/","name":"challenges economiques","description":"","potentialAction":[{"@type":"SearchAction","target":{"@type":"EntryPoint","urlTemplate":"https:\/\/challengeseconomiques.com\/?s={search_term_string}"},"query-input":{"@type":"PropertyValueSpecification","valueRequired":true,"valueName":"search_term_string"}}],"inLanguage":"fr-FR"},{"@type":"Person","@id":"https:\/\/challengeseconomiques.com\/#\/schema\/person\/b4568c9afebc5a9238a771873801e349","name":"admin","image":{"@type":"ImageObject","inLanguage":"fr-FR","@id":"https:\/\/challengeseconomiques.com\/#\/schema\/person\/image\/","url":"https:\/\/secure.gravatar.com\/avatar\/099e42240b5eea11acdb72751fcce0dd918603f0749d24974b7984ea47ed9fd9?s=96&d=mm&r=g","contentUrl":"https:\/\/secure.gravatar.com\/avatar\/099e42240b5eea11acdb72751fcce0dd918603f0749d24974b7984ea47ed9fd9?s=96&d=mm&r=g","caption":"admin"},"sameAs":["https:\/\/challengeseconomiques.com"],"url":"https:\/\/challengeseconomiques.com\/?author=1"}]}},"jetpack_featured_media_url":"https:\/\/challengeseconomiques.com\/wp-content\/uploads\/2021\/04\/bceao-dakar-microfinance-860x420-1.jpg","jetpack_sharing_enabled":true,"_links":{"self":[{"href":"https:\/\/challengeseconomiques.com\/index.php?rest_route=\/wp\/v2\/posts\/3931","targetHints":{"allow":["GET"]}}],"collection":[{"href":"https:\/\/challengeseconomiques.com\/index.php?rest_route=\/wp\/v2\/posts"}],"about":[{"href":"https:\/\/challengeseconomiques.com\/index.php?rest_route=\/wp\/v2\/types\/post"}],"author":[{"embeddable":true,"href":"https:\/\/challengeseconomiques.com\/index.php?rest_route=\/wp\/v2\/users\/1"}],"replies":[{"embeddable":true,"href":"https:\/\/challengeseconomiques.com\/index.php?rest_route=%2Fwp%2Fv2%2Fcomments&post=3931"}],"version-history":[{"count":3,"href":"https:\/\/challengeseconomiques.com\/index.php?rest_route=\/wp\/v2\/posts\/3931\/revisions"}],"predecessor-version":[{"id":3935,"href":"https:\/\/challengeseconomiques.com\/index.php?rest_route=\/wp\/v2\/posts\/3931\/revisions\/3935"}],"wp:featuredmedia":[{"embeddable":true,"href":"https:\/\/challengeseconomiques.com\/index.php?rest_route=\/wp\/v2\/media\/886"}],"wp:attachment":[{"href":"https:\/\/challengeseconomiques.com\/index.php?rest_route=%2Fwp%2Fv2%2Fmedia&parent=3931"}],"wp:term":[{"taxonomy":"category","embeddable":true,"href":"https:\/\/challengeseconomiques.com\/index.php?rest_route=%2Fwp%2Fv2%2Fcategories&post=3931"},{"taxonomy":"post_tag","embeddable":true,"href":"https:\/\/challengeseconomiques.com\/index.php?rest_route=%2Fwp%2Fv2%2Ftags&post=3931"}],"curies":[{"name":"wp","href":"https:\/\/api.w.org\/{rel}","templated":true}]}}