{"id":3920,"date":"2022-09-13T10:37:24","date_gmt":"2022-09-13T10:37:24","guid":{"rendered":"https:\/\/challengeseconomiques.com\/?p=3920"},"modified":"2022-09-13T10:53:37","modified_gmt":"2022-09-13T10:53:37","slug":"jeremy-awori-designe-nouveau-directeur-general-du-groupe-ecobank","status":"publish","type":"post","link":"https:\/\/challengeseconomiques.com\/?p=3920","title":{"rendered":"Jeremy Awori d\u00e9sign\u00e9 nouveau Directeur g\u00e9n\u00e9ral du groupe Ecobank"},"content":{"rendered":"<p><strong>Avec le d\u00e9part \u00e0 la retraite de Ade Ayeyemi, le Conseil d\u2019administration du Groupe Ecobank a d\u00e9sign\u00e9 J\u00e9r\u00e9my Awori comme nouveau directeur g\u00e9n\u00e9ral<\/strong><\/p>\n<p>Ecobank Transnational Incorporated, la soci\u00e9t\u00e9 m\u00e8re du Groupe Ecobank, a annonc\u00e9 le 12 septembre le d\u00e9part \u00e0 la retraite de son&nbsp; directeur g\u00e9n\u00e9ral actuel, Ade Ayeyemi, apr\u00e8s &nbsp;que ce dernier ait atteint l&rsquo;\u00e2ge de 60 ans, conform\u00e9ment \u00e0 la politique de l\u2019entreprise.<\/p>\n<p>Le Conseil d\u2019Administration a d\u00e9sign\u00e9 Jeremy Awori pour lui succ\u00e9der au poste de directeur g\u00e9n\u00e9ral selon cette annonce post\u00e9e sur le site de la banque panafricaine. Dans la m\u00eame annonce, il est pr\u00e9cis\u00e9 que&nbsp; les dates de prise d&rsquo;effet de cette d\u00e9cision du conseil d\u2019administration de la banque &nbsp;seront communiqu\u00e9es ult\u00e9rieurement. D\u2019apr\u00e8s l\u2019annonce, Alain Nkontchou, pr\u00e9sident du Conseil d\u2019Administration, a remerci\u00e9 Ade Ayeyemi pour son immense contribution au cours de ces sept derni\u00e8res ann\u00e9es \u00e0 la t\u00eate du Groupe Ecobank. \u00abAde Ayeyemi peut \u00eatre fier, \u00e0 juste titre, d&rsquo;avoir r\u00e9ussi \u00e0 diriger la mise en \u0153uvre de la strat\u00e9gie de la Feuille de route pour le Leadership, \u00e0 relever les d\u00e9fis, \u00e0 saisir les opportunit\u00e9s et \u00e0 positionner Ecobank pour une croissance durable \u00e0 long terme. Ses connaissances approfondies, sa vision, son engagement et son immense enthousiasme ont fait toute la diff\u00e9rence. Ce fut un r\u00e9el plaisir de travailler avec lui. Je compte sur son appui sans faille pour assurer une transition ais\u00e9e lors de la prise de fonction de Jeremy Awori au poste de directeur g\u00e9n\u00e9ral\u00bb, a-t-il indiqu\u00e9\u00bb Concernant J\u00e9r\u00e9my Awori, le PCA du groupe Ecobank dira selon toujours cette annonce qu\u2019&nbsp;\u00ab&nbsp;il est un leader tr\u00e8s respect\u00e9 dans le secteur bancaire, qui a obtenu des r\u00e9sultats significatifs dans ses pr\u00e9c\u00e9dentes fonctions. Le Conseil d&rsquo;Administration est convaincu que son dynamisme et sa forte orientation vers les r\u00e9sultats seront essentiels pour guider le Groupe dans sa prochaine phase\u00bb.<\/p>\n<p><strong>Quant \u00e0 Ade Ayeyemi, il est indiqu\u00e9 dans l\u2019annonce qu\u2019il <\/strong>&nbsp;a exprim\u00e9 sa profonde gratitude pour avoir eu l\u2019opportunit\u00e9 de diriger le Groupe Ecobank. Il a d\u00e9clar\u00e9&nbsp; que : \u00ab Cela a \u00e9t\u00e9 un grand privil\u00e8ge pour moi d\u2019avoir pu diriger une \u00e9quipe formidable d\u2019Ecobanquiers afin de permettre au Groupe Ecobank de renouer avec la croissance et de continuer \u00e0 r\u00e9aliser notre noble mission panafricaine \u00bb. Il a \u00e9galement exprim\u00e9 son engagement \u00e0 assurer une transition harmonieuse et \u00e0 faciliter la mise en place de son successeur.<\/p>\n<p>&nbsp;<\/p>\n","protected":false},"excerpt":{"rendered":"<p>Avec le d\u00e9part \u00e0 la retraite de Ade Ayeyemi, le Conseil d\u2019administration du Groupe Ecobank a d\u00e9sign\u00e9 J\u00e9r\u00e9my Awori comme nouveau directeur g\u00e9n\u00e9ral Ecobank Transnational&#8230;<\/p>\n","protected":false},"author":1,"featured_media":3924,"comment_status":"closed","ping_status":"open","sticky":false,"template":"","format":"standard","meta":{"_jetpack_memberships_contains_paid_content":false,"footnotes":""},"categories":[23,10],"tags":[],"class_list":["post-3920","post","type-post","status-publish","format-standard","has-post-thumbnail","hentry","category-a-la-une","category-infos-eco","wpcat-23-id","wpcat-10-id"],"yoast_head":"<!-- This site is optimized with the Yoast SEO plugin v27.1.1 - https:\/\/yoast.com\/product\/yoast-seo-wordpress\/ -->\n<title>Jeremy Awori d\u00e9sign\u00e9 nouveau Directeur g\u00e9n\u00e9ral du groupe Ecobank - challenges economiques<\/title>\n<meta name=\"robots\" content=\"index, follow, max-snippet:-1, max-image-preview:large, max-video-preview:-1\" \/>\n<link rel=\"canonical\" href=\"https:\/\/challengeseconomiques.com\/?p=3920\" \/>\n<meta property=\"og:locale\" content=\"fr_FR\" \/>\n<meta property=\"og:type\" content=\"article\" \/>\n<meta property=\"og:title\" content=\"Jeremy Awori d\u00e9sign\u00e9 nouveau Directeur g\u00e9n\u00e9ral du groupe Ecobank - challenges economiques\" \/>\n<meta property=\"og:description\" content=\"Avec le d\u00e9part \u00e0 la retraite de Ade Ayeyemi, le Conseil d\u2019administration du Groupe Ecobank a d\u00e9sign\u00e9 J\u00e9r\u00e9my Awori comme nouveau directeur g\u00e9n\u00e9ral Ecobank Transnational...\" \/>\n<meta property=\"og:url\" content=\"https:\/\/challengeseconomiques.com\/?p=3920\" \/>\n<meta property=\"og:site_name\" content=\"challenges economiques\" \/>\n<meta property=\"article:published_time\" content=\"2022-09-13T10:37:24+00:00\" \/>\n<meta property=\"article:modified_time\" content=\"2022-09-13T10:53:37+00:00\" \/>\n<meta property=\"og:image\" content=\"https:\/\/challengeseconomiques.com\/wp-content\/uploads\/2022\/09\/jeremy-awori.jpg\" \/>\n\t<meta property=\"og:image:width\" content=\"1000\" \/>\n\t<meta property=\"og:image:height\" content=\"983\" \/>\n\t<meta property=\"og:image:type\" content=\"image\/jpeg\" \/>\n<meta name=\"author\" content=\"admin\" \/>\n<meta name=\"twitter:card\" content=\"summary_large_image\" \/>\n<meta name=\"twitter:label1\" content=\"\u00c9crit par\" \/>\n\t<meta name=\"twitter:data1\" content=\"admin\" \/>\n\t<meta name=\"twitter:label2\" content=\"Dur\u00e9e de lecture estim\u00e9e\" \/>\n\t<meta name=\"twitter:data2\" content=\"2 minutes\" \/>\n<script type=\"application\/ld+json\" class=\"yoast-schema-graph\">{\"@context\":\"https:\/\/schema.org\",\"@graph\":[{\"@type\":\"Article\",\"@id\":\"https:\/\/challengeseconomiques.com\/?p=3920#article\",\"isPartOf\":{\"@id\":\"https:\/\/challengeseconomiques.com\/?p=3920\"},\"author\":{\"name\":\"admin\",\"@id\":\"https:\/\/challengeseconomiques.com\/#\/schema\/person\/b4568c9afebc5a9238a771873801e349\"},\"headline\":\"Jeremy Awori d\u00e9sign\u00e9 nouveau Directeur g\u00e9n\u00e9ral du groupe Ecobank\",\"datePublished\":\"2022-09-13T10:37:24+00:00\",\"dateModified\":\"2022-09-13T10:53:37+00:00\",\"mainEntityOfPage\":{\"@id\":\"https:\/\/challengeseconomiques.com\/?p=3920\"},\"wordCount\":455,\"image\":{\"@id\":\"https:\/\/challengeseconomiques.com\/?p=3920#primaryimage\"},\"thumbnailUrl\":\"https:\/\/challengeseconomiques.com\/wp-content\/uploads\/2022\/09\/jeremy-awori.jpg\",\"articleSection\":[\"A la une\",\"Infos \u00e9co\"],\"inLanguage\":\"fr-FR\"},{\"@type\":\"WebPage\",\"@id\":\"https:\/\/challengeseconomiques.com\/?p=3920\",\"url\":\"https:\/\/challengeseconomiques.com\/?p=3920\",\"name\":\"Jeremy Awori d\u00e9sign\u00e9 nouveau Directeur g\u00e9n\u00e9ral du groupe Ecobank - challenges economiques\",\"isPartOf\":{\"@id\":\"https:\/\/challengeseconomiques.com\/#website\"},\"primaryImageOfPage\":{\"@id\":\"https:\/\/challengeseconomiques.com\/?p=3920#primaryimage\"},\"image\":{\"@id\":\"https:\/\/challengeseconomiques.com\/?p=3920#primaryimage\"},\"thumbnailUrl\":\"https:\/\/challengeseconomiques.com\/wp-content\/uploads\/2022\/09\/jeremy-awori.jpg\",\"datePublished\":\"2022-09-13T10:37:24+00:00\",\"dateModified\":\"2022-09-13T10:53:37+00:00\",\"author\":{\"@id\":\"https:\/\/challengeseconomiques.com\/#\/schema\/person\/b4568c9afebc5a9238a771873801e349\"},\"breadcrumb\":{\"@id\":\"https:\/\/challengeseconomiques.com\/?p=3920#breadcrumb\"},\"inLanguage\":\"fr-FR\",\"potentialAction\":[{\"@type\":\"ReadAction\",\"target\":[\"https:\/\/challengeseconomiques.com\/?p=3920\"]}]},{\"@type\":\"ImageObject\",\"inLanguage\":\"fr-FR\",\"@id\":\"https:\/\/challengeseconomiques.com\/?p=3920#primaryimage\",\"url\":\"https:\/\/challengeseconomiques.com\/wp-content\/uploads\/2022\/09\/jeremy-awori.jpg\",\"contentUrl\":\"https:\/\/challengeseconomiques.com\/wp-content\/uploads\/2022\/09\/jeremy-awori.jpg\",\"width\":1000,\"height\":983},{\"@type\":\"BreadcrumbList\",\"@id\":\"https:\/\/challengeseconomiques.com\/?p=3920#breadcrumb\",\"itemListElement\":[{\"@type\":\"ListItem\",\"position\":1,\"name\":\"Home\",\"item\":\"https:\/\/challengeseconomiques.com\/\"},{\"@type\":\"ListItem\",\"position\":2,\"name\":\"Jeremy Awori d\u00e9sign\u00e9 nouveau Directeur g\u00e9n\u00e9ral du groupe Ecobank\"}]},{\"@type\":\"WebSite\",\"@id\":\"https:\/\/challengeseconomiques.com\/#website\",\"url\":\"https:\/\/challengeseconomiques.com\/\",\"name\":\"challenges economiques\",\"description\":\"\",\"potentialAction\":[{\"@type\":\"SearchAction\",\"target\":{\"@type\":\"EntryPoint\",\"urlTemplate\":\"https:\/\/challengeseconomiques.com\/?s={search_term_string}\"},\"query-input\":{\"@type\":\"PropertyValueSpecification\",\"valueRequired\":true,\"valueName\":\"search_term_string\"}}],\"inLanguage\":\"fr-FR\"},{\"@type\":\"Person\",\"@id\":\"https:\/\/challengeseconomiques.com\/#\/schema\/person\/b4568c9afebc5a9238a771873801e349\",\"name\":\"admin\",\"image\":{\"@type\":\"ImageObject\",\"inLanguage\":\"fr-FR\",\"@id\":\"https:\/\/challengeseconomiques.com\/#\/schema\/person\/image\/\",\"url\":\"https:\/\/secure.gravatar.com\/avatar\/099e42240b5eea11acdb72751fcce0dd918603f0749d24974b7984ea47ed9fd9?s=96&d=mm&r=g\",\"contentUrl\":\"https:\/\/secure.gravatar.com\/avatar\/099e42240b5eea11acdb72751fcce0dd918603f0749d24974b7984ea47ed9fd9?s=96&d=mm&r=g\",\"caption\":\"admin\"},\"sameAs\":[\"https:\/\/challengeseconomiques.com\"],\"url\":\"https:\/\/challengeseconomiques.com\/?author=1\"}]}<\/script>\n<!-- \/ Yoast SEO plugin. -->","yoast_head_json":{"title":"Jeremy Awori d\u00e9sign\u00e9 nouveau Directeur g\u00e9n\u00e9ral du groupe Ecobank - challenges economiques","robots":{"index":"index","follow":"follow","max-snippet":"max-snippet:-1","max-image-preview":"max-image-preview:large","max-video-preview":"max-video-preview:-1"},"canonical":"https:\/\/challengeseconomiques.com\/?p=3920","og_locale":"fr_FR","og_type":"article","og_title":"Jeremy Awori d\u00e9sign\u00e9 nouveau Directeur g\u00e9n\u00e9ral du groupe Ecobank - challenges economiques","og_description":"Avec le d\u00e9part \u00e0 la retraite de Ade Ayeyemi, le Conseil d\u2019administration du Groupe Ecobank a d\u00e9sign\u00e9 J\u00e9r\u00e9my Awori comme nouveau directeur g\u00e9n\u00e9ral Ecobank Transnational...","og_url":"https:\/\/challengeseconomiques.com\/?p=3920","og_site_name":"challenges economiques","article_published_time":"2022-09-13T10:37:24+00:00","article_modified_time":"2022-09-13T10:53:37+00:00","og_image":[{"width":1000,"height":983,"url":"https:\/\/challengeseconomiques.com\/wp-content\/uploads\/2022\/09\/jeremy-awori.jpg","type":"image\/jpeg"}],"author":"admin","twitter_card":"summary_large_image","twitter_misc":{"\u00c9crit par":"admin","Dur\u00e9e de lecture estim\u00e9e":"2 minutes"},"schema":{"@context":"https:\/\/schema.org","@graph":[{"@type":"Article","@id":"https:\/\/challengeseconomiques.com\/?p=3920#article","isPartOf":{"@id":"https:\/\/challengeseconomiques.com\/?p=3920"},"author":{"name":"admin","@id":"https:\/\/challengeseconomiques.com\/#\/schema\/person\/b4568c9afebc5a9238a771873801e349"},"headline":"Jeremy Awori d\u00e9sign\u00e9 nouveau Directeur g\u00e9n\u00e9ral du groupe Ecobank","datePublished":"2022-09-13T10:37:24+00:00","dateModified":"2022-09-13T10:53:37+00:00","mainEntityOfPage":{"@id":"https:\/\/challengeseconomiques.com\/?p=3920"},"wordCount":455,"image":{"@id":"https:\/\/challengeseconomiques.com\/?p=3920#primaryimage"},"thumbnailUrl":"https:\/\/challengeseconomiques.com\/wp-content\/uploads\/2022\/09\/jeremy-awori.jpg","articleSection":["A la une","Infos \u00e9co"],"inLanguage":"fr-FR"},{"@type":"WebPage","@id":"https:\/\/challengeseconomiques.com\/?p=3920","url":"https:\/\/challengeseconomiques.com\/?p=3920","name":"Jeremy Awori d\u00e9sign\u00e9 nouveau Directeur g\u00e9n\u00e9ral du groupe Ecobank - challenges economiques","isPartOf":{"@id":"https:\/\/challengeseconomiques.com\/#website"},"primaryImageOfPage":{"@id":"https:\/\/challengeseconomiques.com\/?p=3920#primaryimage"},"image":{"@id":"https:\/\/challengeseconomiques.com\/?p=3920#primaryimage"},"thumbnailUrl":"https:\/\/challengeseconomiques.com\/wp-content\/uploads\/2022\/09\/jeremy-awori.jpg","datePublished":"2022-09-13T10:37:24+00:00","dateModified":"2022-09-13T10:53:37+00:00","author":{"@id":"https:\/\/challengeseconomiques.com\/#\/schema\/person\/b4568c9afebc5a9238a771873801e349"},"breadcrumb":{"@id":"https:\/\/challengeseconomiques.com\/?p=3920#breadcrumb"},"inLanguage":"fr-FR","potentialAction":[{"@type":"ReadAction","target":["https:\/\/challengeseconomiques.com\/?p=3920"]}]},{"@type":"ImageObject","inLanguage":"fr-FR","@id":"https:\/\/challengeseconomiques.com\/?p=3920#primaryimage","url":"https:\/\/challengeseconomiques.com\/wp-content\/uploads\/2022\/09\/jeremy-awori.jpg","contentUrl":"https:\/\/challengeseconomiques.com\/wp-content\/uploads\/2022\/09\/jeremy-awori.jpg","width":1000,"height":983},{"@type":"BreadcrumbList","@id":"https:\/\/challengeseconomiques.com\/?p=3920#breadcrumb","itemListElement":[{"@type":"ListItem","position":1,"name":"Home","item":"https:\/\/challengeseconomiques.com\/"},{"@type":"ListItem","position":2,"name":"Jeremy Awori d\u00e9sign\u00e9 nouveau Directeur g\u00e9n\u00e9ral du groupe Ecobank"}]},{"@type":"WebSite","@id":"https:\/\/challengeseconomiques.com\/#website","url":"https:\/\/challengeseconomiques.com\/","name":"challenges economiques","description":"","potentialAction":[{"@type":"SearchAction","target":{"@type":"EntryPoint","urlTemplate":"https:\/\/challengeseconomiques.com\/?s={search_term_string}"},"query-input":{"@type":"PropertyValueSpecification","valueRequired":true,"valueName":"search_term_string"}}],"inLanguage":"fr-FR"},{"@type":"Person","@id":"https:\/\/challengeseconomiques.com\/#\/schema\/person\/b4568c9afebc5a9238a771873801e349","name":"admin","image":{"@type":"ImageObject","inLanguage":"fr-FR","@id":"https:\/\/challengeseconomiques.com\/#\/schema\/person\/image\/","url":"https:\/\/secure.gravatar.com\/avatar\/099e42240b5eea11acdb72751fcce0dd918603f0749d24974b7984ea47ed9fd9?s=96&d=mm&r=g","contentUrl":"https:\/\/secure.gravatar.com\/avatar\/099e42240b5eea11acdb72751fcce0dd918603f0749d24974b7984ea47ed9fd9?s=96&d=mm&r=g","caption":"admin"},"sameAs":["https:\/\/challengeseconomiques.com"],"url":"https:\/\/challengeseconomiques.com\/?author=1"}]}},"jetpack_featured_media_url":"https:\/\/challengeseconomiques.com\/wp-content\/uploads\/2022\/09\/jeremy-awori.jpg","jetpack_sharing_enabled":true,"_links":{"self":[{"href":"https:\/\/challengeseconomiques.com\/index.php?rest_route=\/wp\/v2\/posts\/3920","targetHints":{"allow":["GET"]}}],"collection":[{"href":"https:\/\/challengeseconomiques.com\/index.php?rest_route=\/wp\/v2\/posts"}],"about":[{"href":"https:\/\/challengeseconomiques.com\/index.php?rest_route=\/wp\/v2\/types\/post"}],"author":[{"embeddable":true,"href":"https:\/\/challengeseconomiques.com\/index.php?rest_route=\/wp\/v2\/users\/1"}],"replies":[{"embeddable":true,"href":"https:\/\/challengeseconomiques.com\/index.php?rest_route=%2Fwp%2Fv2%2Fcomments&post=3920"}],"version-history":[{"count":2,"href":"https:\/\/challengeseconomiques.com\/index.php?rest_route=\/wp\/v2\/posts\/3920\/revisions"}],"predecessor-version":[{"id":3923,"href":"https:\/\/challengeseconomiques.com\/index.php?rest_route=\/wp\/v2\/posts\/3920\/revisions\/3923"}],"wp:featuredmedia":[{"embeddable":true,"href":"https:\/\/challengeseconomiques.com\/index.php?rest_route=\/wp\/v2\/media\/3924"}],"wp:attachment":[{"href":"https:\/\/challengeseconomiques.com\/index.php?rest_route=%2Fwp%2Fv2%2Fmedia&parent=3920"}],"wp:term":[{"taxonomy":"category","embeddable":true,"href":"https:\/\/challengeseconomiques.com\/index.php?rest_route=%2Fwp%2Fv2%2Fcategories&post=3920"},{"taxonomy":"post_tag","embeddable":true,"href":"https:\/\/challengeseconomiques.com\/index.php?rest_route=%2Fwp%2Fv2%2Ftags&post=3920"}],"curies":[{"name":"wp","href":"https:\/\/api.w.org\/{rel}","templated":true}]}}