{"id":3917,"date":"2022-09-12T15:20:01","date_gmt":"2022-09-12T15:20:01","guid":{"rendered":"https:\/\/challengeseconomiques.com\/?p=3917"},"modified":"2022-09-12T15:20:26","modified_gmt":"2022-09-12T15:20:26","slug":"contenu-local-au-senegal-diagnostic-et-actions-curatives-du-cadre-juridique-trois-ans-apres-sa-creation-pour-la-promotion-du-secteur-prive-senegalais","status":"publish","type":"post","link":"https:\/\/challengeseconomiques.com\/?p=3917","title":{"rendered":"contenu local au s\u00e9n\u00e9gal : diagnostic et actions curatives du cadre juridique trois ans apr\u00e8s sa cr\u00e9ation pour la promotion du secteur priv\u00e9 s\u00e9n\u00e9galais"},"content":{"rendered":"<h3 class=\"access\">Le cadre juridique relatif au contenu local s\u00e9n\u00e9galais conna\u00eet une mise en \u0153uvre timide contrairement aux attentes du secteur priv\u00e9 s\u00e9n\u00e9galais et d\u2019autres organisations de gouvernance du secteur extractif.<\/h3>\n<p>A la suite des importantes d\u00e9couvertes du p\u00e9trole et du gaz en 2014-2015, l\u2019Etat s\u00e9n\u00e9galais a multipli\u00e9 les initiatives au cours de ces trois derni\u00e8res ann\u00e9es visant \u00e0 promouvoir le contenu local dans le secteur extractif. En effet, en plus de la Constitution qui attribue l\u2019appartenance des ressources naturelles du pays au peuple s\u00e9n\u00e9galais, il a mis en place un cadre juridique sp\u00e9cifique avec la loi 2019-04 du 1er f\u00e9vrier 2019 relative au contenu local dans le secteur des hydrocarbures et un cadre institutionnel avec l\u2019institution d\u2019un Comit\u00e9 National de Suivi du Contenu Local (CNSCL) et d\u2019un Fonds d\u2019Appui au D\u00e9veloppement du Contenu Local (FADCL). Bref tout un garde-fou pour faire profiter pleinement l\u2019entreprise s\u00e9n\u00e9galaise des retomb\u00e9es de tout ce qui se fait sur toute la cha\u00eene de valeur de l\u2019industrie p\u00e9troli\u00e8re et gazi\u00e8re. Signalons que le CNSCL n\u2019a qu\u2019un an d\u2019existence.<\/p>\n<p>Avec ce cadre juridique et institutionnel, le secteur priv\u00e9 s\u00e9n\u00e9galais doit normalement se sentir prot\u00e9ger pour saisir les opportunit\u00e9s qui s\u2019offrent \u00e0 lui dans ce secteur extractif. En effet, la loi sur le contenu local oblige les contractants, sous-traitants, prestataires de services et fournisseurs, impliqu\u00e9s directement ou indirectement dans les activit\u00e9s p\u00e9troli\u00e8res et gazi\u00e8res, \u00e0 \u00e9tablir un plan de contenu local qu\u2019ils soumettent au&nbsp;CNSCL.<\/p>\n<p>Ce plan d\u00e9crit les activit\u00e9s de l\u2019entreprise ainsi que les biens, services et comp\u00e9tences n\u00e9cessaires \u00e0 leur r\u00e9alisation. &nbsp;Il est mis \u00e0 jour chaque ann\u00e9e et contient, au moins, les axes li\u00e9s \u00e0 la promotion du capital et des entreprises s\u00e9n\u00e9galaises, de l\u2019emploi et de la formation ; la promotion et utilisation des biens et services locaux ; le transfert de technologie et de savoir\u2010faire ; la promotion de la recherche d\u00e9veloppement ; la promotion des services financiers et assurances et la promotion de la prestation de services intellectuels nationaux.<br \/>\nA cet \u00e9gard, le plan contient notamment un rapport d\u00e9taillant les r\u00e9alisations de l\u2019entreprise selon les axes pr\u00e9cit\u00e9s au cours des douze (12) derniers mois ;&nbsp;un descriptif des pr\u00e9visions de l\u2019entreprise selon les axes pr\u00e9cit\u00e9s&nbsp;pour les douze (12) mois suivants et un rapport pr\u00e9sentant et justifiant les efforts financiers et techniques consentis par l\u2019entreprise pour diminuer graduellement le recours \u00e0 du personnel, du capital, de la technologie, des biens, des services ou des prestations ne provenant pas du S\u00e9n\u00e9gal, si besoin est.<\/p>\n<p><strong>Interrogations du secteur priv\u00e9 s\u00e9n\u00e9galais sur le dispositif normatif et institutionnel<\/strong><\/p>\n<div>Entre les th\u00e9ories et la pratique, il y a toujours un grand foss\u00e9. Le cadre normatif et institutionnel relatif au contenu local mis en place par l\u2019Etat s\u00e9n\u00e9galais ne fait pas exception \u00e0 cette r\u00e8gle. En effet, ce dispositif ne rassure pas du tout le secteur priv\u00e9 s\u00e9n\u00e9galais. Les craintes et autres pr\u00e9occupations du Club des investisseurs s\u00e9n\u00e9galais (CIS) en sont assez illustratives.<\/p>\n<p>Elles sont relatives aux confusions qui pourraient exister entre les r\u00e9gimes juridiques du contenu local et ceux de la Responsabilit\u00e9 soci\u00e9tale des entreprises (RSE), \u00e0 la non clarification de la notion de soci\u00e9t\u00e9 de droit national au profit du secteur priv\u00e9 s\u00e9n\u00e9galais, aux r\u00e9gimes diff\u00e9renci\u00e9s et retour graduel, aux trait\u00e9s bilat\u00e9raux d\u2019investissement qui g\u00e9n\u00e8rent moins de contenu local et sont sup\u00e9rieurs au droit national avec le risque de voir la Loi sur le contenu local vid\u00e9e de sa substance par des engagements juridiques ext\u00e9rieurs contraignants qui serviront de refuge aux co-contractants.<\/p>\n<p>Ce n\u2019est pas tout. Les investisseurs s\u00e9n\u00e9galais se pr\u00e9occupent aussi des prestations intellectuelles. Ils craignent qu\u2019une exclusivit\u00e9 ne soit pas accord\u00e9e au cabinet prestataire qui sera choisi pour capter l\u2019essentiel du dividende \u00e9conomique et qu\u2019il ne soit pas s\u00e9n\u00e9galais. De m\u00eame, ils s\u2019\u00e9tonnent du fait que l\u2019appel \u00e0 candidature est soumis \u00e0 une d\u00e9rogation importante qui laisse trop de marges de man\u0153uvre au co-contractant. Ce qui pourrait ouvrir la voie \u00e0 une pratique discr\u00e9tionnaire, voire arbitraire d\u2019octrois de march\u00e9s, en dehors des principes d\u2019\u00e9galit\u00e9 et de non-discrimination \u00e9nonc\u00e9s par la Loi.<\/p>\n<p>Autre objet de pr\u00e9occupations, c\u2019est la composition de CNSCL o\u00f9 le secteur priv\u00e9 s\u00e9n\u00e9galais et la soci\u00e9t\u00e9 civile sont sous repr\u00e9sent\u00e9s et le caract\u00e8re non dissuasif des sanctions financi\u00e8res.<\/p>\n<p><strong>Des points d\u2019am\u00e9lioration que les autorit\u00e9s publiques gagneraient \u00e0 int\u00e9grer<\/strong><\/p>\n<p>Au regard de ce qui pr\u00e9c\u00e8de, il s\u2019av\u00e8re n\u00e9cessaire pour les pouvoirs publics de&nbsp;:<\/p>\n<\/div>\n<p>Prendre en consid\u00e9ration tous ces griefs soulev\u00e9s par le secteur priv\u00e9 s\u00e9n\u00e9galais en y apportant des r\u00e9ponses exactes et claires ; Inviter le CNSCL \u00e0 faire le point sur les plans de contenu local que les contractants, sous-traitants, prestataires de services et fournisseurs sont tenus d\u2019\u00e9tablir et de lui soumettre Publier dans les meilleurs d\u00e9lais le rapport sur la mise en \u0153uvre de la strat\u00e9gie de contenu local&nbsp;;Cr\u00e9er un organe ind\u00e9pendant de contr\u00f4le des op\u00e9rations p\u00e9troli\u00e8re et gazi\u00e8re sur la base d\u2019un cahier de charge avec une obligation de r\u00e9sultat.<\/p>\n<p><strong>(Source : Equonet.net)<\/strong><\/p>\n<div class=\"google-auto-placed ap_container\"><ins class=\"adsbygoogle adsbygoogle-noablate\" data-ad-format=\"auto\" data-ad-client=\"ca-pub-6209118229915346\" data-adsbygoogle-status=\"done\" data-ad-status=\"filled\"><\/p>\n<div id=\"aswift_3_host\" tabindex=\"0\" title=\"Advertisement\" aria-label=\"Advertisement\"><\/div>\n<p><\/ins><\/div>\n","protected":false},"excerpt":{"rendered":"<p>Le cadre juridique relatif au contenu local s\u00e9n\u00e9galais conna\u00eet une mise en \u0153uvre timide contrairement aux attentes du secteur priv\u00e9 s\u00e9n\u00e9galais et d\u2019autres organisations de&#8230;<\/p>\n","protected":false},"author":1,"featured_media":2439,"comment_status":"closed","ping_status":"open","sticky":false,"template":"","format":"standard","meta":{"_jetpack_memberships_contains_paid_content":false,"footnotes":""},"categories":[23,10],"tags":[],"class_list":["post-3917","post","type-post","status-publish","format-standard","has-post-thumbnail","hentry","category-a-la-une","category-infos-eco","wpcat-23-id","wpcat-10-id"],"yoast_head":"<!-- This site is optimized with the Yoast SEO plugin v27.1.1 - https:\/\/yoast.com\/product\/yoast-seo-wordpress\/ -->\n<title>contenu local au s\u00e9n\u00e9gal : diagnostic et actions curatives du cadre juridique trois ans apr\u00e8s sa cr\u00e9ation pour la promotion du secteur priv\u00e9 s\u00e9n\u00e9galais - challenges economiques<\/title>\n<meta name=\"robots\" content=\"index, follow, max-snippet:-1, max-image-preview:large, max-video-preview:-1\" \/>\n<link rel=\"canonical\" href=\"https:\/\/challengeseconomiques.com\/?p=3917\" \/>\n<meta property=\"og:locale\" content=\"fr_FR\" \/>\n<meta property=\"og:type\" content=\"article\" \/>\n<meta property=\"og:title\" content=\"contenu local au s\u00e9n\u00e9gal : diagnostic et actions curatives du cadre juridique trois ans apr\u00e8s sa cr\u00e9ation pour la promotion du secteur priv\u00e9 s\u00e9n\u00e9galais - challenges economiques\" \/>\n<meta property=\"og:description\" content=\"Le cadre juridique relatif au contenu local s\u00e9n\u00e9galais conna\u00eet une mise en \u0153uvre timide contrairement aux attentes du secteur priv\u00e9 s\u00e9n\u00e9galais et d\u2019autres organisations de...\" \/>\n<meta property=\"og:url\" content=\"https:\/\/challengeseconomiques.com\/?p=3917\" \/>\n<meta property=\"og:site_name\" content=\"challenges economiques\" \/>\n<meta property=\"article:published_time\" content=\"2022-09-12T15:20:01+00:00\" \/>\n<meta property=\"article:modified_time\" content=\"2022-09-12T15:20:26+00:00\" \/>\n<meta property=\"og:image\" content=\"https:\/\/challengeseconomiques.com\/wp-content\/uploads\/2021\/12\/Macky-Sall-previent-les-Senegalais-sur-le-petrole.jpg\" \/>\n\t<meta property=\"og:image:width\" content=\"1080\" \/>\n\t<meta property=\"og:image:height\" content=\"669\" \/>\n\t<meta property=\"og:image:type\" content=\"image\/jpeg\" \/>\n<meta name=\"author\" content=\"admin\" \/>\n<meta name=\"twitter:card\" content=\"summary_large_image\" \/>\n<meta name=\"twitter:label1\" content=\"\u00c9crit par\" \/>\n\t<meta name=\"twitter:data1\" content=\"admin\" \/>\n\t<meta name=\"twitter:label2\" content=\"Dur\u00e9e de lecture estim\u00e9e\" \/>\n\t<meta name=\"twitter:data2\" content=\"5 minutes\" \/>\n<script type=\"application\/ld+json\" class=\"yoast-schema-graph\">{\"@context\":\"https:\/\/schema.org\",\"@graph\":[{\"@type\":\"Article\",\"@id\":\"https:\/\/challengeseconomiques.com\/?p=3917#article\",\"isPartOf\":{\"@id\":\"https:\/\/challengeseconomiques.com\/?p=3917\"},\"author\":{\"name\":\"admin\",\"@id\":\"https:\/\/challengeseconomiques.com\/#\/schema\/person\/b4568c9afebc5a9238a771873801e349\"},\"headline\":\"contenu local au s\u00e9n\u00e9gal : diagnostic et actions curatives du cadre juridique trois ans apr\u00e8s sa cr\u00e9ation pour la promotion du secteur priv\u00e9 s\u00e9n\u00e9galais\",\"datePublished\":\"2022-09-12T15:20:01+00:00\",\"dateModified\":\"2022-09-12T15:20:26+00:00\",\"mainEntityOfPage\":{\"@id\":\"https:\/\/challengeseconomiques.com\/?p=3917\"},\"wordCount\":980,\"image\":{\"@id\":\"https:\/\/challengeseconomiques.com\/?p=3917#primaryimage\"},\"thumbnailUrl\":\"https:\/\/challengeseconomiques.com\/wp-content\/uploads\/2021\/12\/Macky-Sall-previent-les-Senegalais-sur-le-petrole.jpg\",\"articleSection\":[\"A la une\",\"Infos \u00e9co\"],\"inLanguage\":\"fr-FR\"},{\"@type\":\"WebPage\",\"@id\":\"https:\/\/challengeseconomiques.com\/?p=3917\",\"url\":\"https:\/\/challengeseconomiques.com\/?p=3917\",\"name\":\"contenu local au s\u00e9n\u00e9gal : diagnostic et actions curatives du cadre juridique trois ans apr\u00e8s sa cr\u00e9ation pour la promotion du secteur priv\u00e9 s\u00e9n\u00e9galais - challenges economiques\",\"isPartOf\":{\"@id\":\"https:\/\/challengeseconomiques.com\/#website\"},\"primaryImageOfPage\":{\"@id\":\"https:\/\/challengeseconomiques.com\/?p=3917#primaryimage\"},\"image\":{\"@id\":\"https:\/\/challengeseconomiques.com\/?p=3917#primaryimage\"},\"thumbnailUrl\":\"https:\/\/challengeseconomiques.com\/wp-content\/uploads\/2021\/12\/Macky-Sall-previent-les-Senegalais-sur-le-petrole.jpg\",\"datePublished\":\"2022-09-12T15:20:01+00:00\",\"dateModified\":\"2022-09-12T15:20:26+00:00\",\"author\":{\"@id\":\"https:\/\/challengeseconomiques.com\/#\/schema\/person\/b4568c9afebc5a9238a771873801e349\"},\"breadcrumb\":{\"@id\":\"https:\/\/challengeseconomiques.com\/?p=3917#breadcrumb\"},\"inLanguage\":\"fr-FR\",\"potentialAction\":[{\"@type\":\"ReadAction\",\"target\":[\"https:\/\/challengeseconomiques.com\/?p=3917\"]}]},{\"@type\":\"ImageObject\",\"inLanguage\":\"fr-FR\",\"@id\":\"https:\/\/challengeseconomiques.com\/?p=3917#primaryimage\",\"url\":\"https:\/\/challengeseconomiques.com\/wp-content\/uploads\/2021\/12\/Macky-Sall-previent-les-Senegalais-sur-le-petrole.jpg\",\"contentUrl\":\"https:\/\/challengeseconomiques.com\/wp-content\/uploads\/2021\/12\/Macky-Sall-previent-les-Senegalais-sur-le-petrole.jpg\",\"width\":1080,\"height\":669},{\"@type\":\"BreadcrumbList\",\"@id\":\"https:\/\/challengeseconomiques.com\/?p=3917#breadcrumb\",\"itemListElement\":[{\"@type\":\"ListItem\",\"position\":1,\"name\":\"Home\",\"item\":\"https:\/\/challengeseconomiques.com\/\"},{\"@type\":\"ListItem\",\"position\":2,\"name\":\"contenu local au s\u00e9n\u00e9gal : diagnostic et actions curatives du cadre juridique trois ans apr\u00e8s sa cr\u00e9ation pour la promotion du secteur priv\u00e9 s\u00e9n\u00e9galais\"}]},{\"@type\":\"WebSite\",\"@id\":\"https:\/\/challengeseconomiques.com\/#website\",\"url\":\"https:\/\/challengeseconomiques.com\/\",\"name\":\"challenges economiques\",\"description\":\"\",\"potentialAction\":[{\"@type\":\"SearchAction\",\"target\":{\"@type\":\"EntryPoint\",\"urlTemplate\":\"https:\/\/challengeseconomiques.com\/?s={search_term_string}\"},\"query-input\":{\"@type\":\"PropertyValueSpecification\",\"valueRequired\":true,\"valueName\":\"search_term_string\"}}],\"inLanguage\":\"fr-FR\"},{\"@type\":\"Person\",\"@id\":\"https:\/\/challengeseconomiques.com\/#\/schema\/person\/b4568c9afebc5a9238a771873801e349\",\"name\":\"admin\",\"image\":{\"@type\":\"ImageObject\",\"inLanguage\":\"fr-FR\",\"@id\":\"https:\/\/challengeseconomiques.com\/#\/schema\/person\/image\/\",\"url\":\"https:\/\/secure.gravatar.com\/avatar\/099e42240b5eea11acdb72751fcce0dd918603f0749d24974b7984ea47ed9fd9?s=96&d=mm&r=g\",\"contentUrl\":\"https:\/\/secure.gravatar.com\/avatar\/099e42240b5eea11acdb72751fcce0dd918603f0749d24974b7984ea47ed9fd9?s=96&d=mm&r=g\",\"caption\":\"admin\"},\"sameAs\":[\"https:\/\/challengeseconomiques.com\"],\"url\":\"https:\/\/challengeseconomiques.com\/?author=1\"}]}<\/script>\n<!-- \/ Yoast SEO plugin. -->","yoast_head_json":{"title":"contenu local au s\u00e9n\u00e9gal : diagnostic et actions curatives du cadre juridique trois ans apr\u00e8s sa cr\u00e9ation pour la promotion du secteur priv\u00e9 s\u00e9n\u00e9galais - challenges economiques","robots":{"index":"index","follow":"follow","max-snippet":"max-snippet:-1","max-image-preview":"max-image-preview:large","max-video-preview":"max-video-preview:-1"},"canonical":"https:\/\/challengeseconomiques.com\/?p=3917","og_locale":"fr_FR","og_type":"article","og_title":"contenu local au s\u00e9n\u00e9gal : diagnostic et actions curatives du cadre juridique trois ans apr\u00e8s sa cr\u00e9ation pour la promotion du secteur priv\u00e9 s\u00e9n\u00e9galais - challenges economiques","og_description":"Le cadre juridique relatif au contenu local s\u00e9n\u00e9galais conna\u00eet une mise en \u0153uvre timide contrairement aux attentes du secteur priv\u00e9 s\u00e9n\u00e9galais et d\u2019autres organisations de...","og_url":"https:\/\/challengeseconomiques.com\/?p=3917","og_site_name":"challenges economiques","article_published_time":"2022-09-12T15:20:01+00:00","article_modified_time":"2022-09-12T15:20:26+00:00","og_image":[{"width":1080,"height":669,"url":"https:\/\/challengeseconomiques.com\/wp-content\/uploads\/2021\/12\/Macky-Sall-previent-les-Senegalais-sur-le-petrole.jpg","type":"image\/jpeg"}],"author":"admin","twitter_card":"summary_large_image","twitter_misc":{"\u00c9crit par":"admin","Dur\u00e9e de lecture estim\u00e9e":"5 minutes"},"schema":{"@context":"https:\/\/schema.org","@graph":[{"@type":"Article","@id":"https:\/\/challengeseconomiques.com\/?p=3917#article","isPartOf":{"@id":"https:\/\/challengeseconomiques.com\/?p=3917"},"author":{"name":"admin","@id":"https:\/\/challengeseconomiques.com\/#\/schema\/person\/b4568c9afebc5a9238a771873801e349"},"headline":"contenu local au s\u00e9n\u00e9gal : diagnostic et actions curatives du cadre juridique trois ans apr\u00e8s sa cr\u00e9ation pour la promotion du secteur priv\u00e9 s\u00e9n\u00e9galais","datePublished":"2022-09-12T15:20:01+00:00","dateModified":"2022-09-12T15:20:26+00:00","mainEntityOfPage":{"@id":"https:\/\/challengeseconomiques.com\/?p=3917"},"wordCount":980,"image":{"@id":"https:\/\/challengeseconomiques.com\/?p=3917#primaryimage"},"thumbnailUrl":"https:\/\/challengeseconomiques.com\/wp-content\/uploads\/2021\/12\/Macky-Sall-previent-les-Senegalais-sur-le-petrole.jpg","articleSection":["A la une","Infos \u00e9co"],"inLanguage":"fr-FR"},{"@type":"WebPage","@id":"https:\/\/challengeseconomiques.com\/?p=3917","url":"https:\/\/challengeseconomiques.com\/?p=3917","name":"contenu local au s\u00e9n\u00e9gal : diagnostic et actions curatives du cadre juridique trois ans apr\u00e8s sa cr\u00e9ation pour la promotion du secteur priv\u00e9 s\u00e9n\u00e9galais - challenges economiques","isPartOf":{"@id":"https:\/\/challengeseconomiques.com\/#website"},"primaryImageOfPage":{"@id":"https:\/\/challengeseconomiques.com\/?p=3917#primaryimage"},"image":{"@id":"https:\/\/challengeseconomiques.com\/?p=3917#primaryimage"},"thumbnailUrl":"https:\/\/challengeseconomiques.com\/wp-content\/uploads\/2021\/12\/Macky-Sall-previent-les-Senegalais-sur-le-petrole.jpg","datePublished":"2022-09-12T15:20:01+00:00","dateModified":"2022-09-12T15:20:26+00:00","author":{"@id":"https:\/\/challengeseconomiques.com\/#\/schema\/person\/b4568c9afebc5a9238a771873801e349"},"breadcrumb":{"@id":"https:\/\/challengeseconomiques.com\/?p=3917#breadcrumb"},"inLanguage":"fr-FR","potentialAction":[{"@type":"ReadAction","target":["https:\/\/challengeseconomiques.com\/?p=3917"]}]},{"@type":"ImageObject","inLanguage":"fr-FR","@id":"https:\/\/challengeseconomiques.com\/?p=3917#primaryimage","url":"https:\/\/challengeseconomiques.com\/wp-content\/uploads\/2021\/12\/Macky-Sall-previent-les-Senegalais-sur-le-petrole.jpg","contentUrl":"https:\/\/challengeseconomiques.com\/wp-content\/uploads\/2021\/12\/Macky-Sall-previent-les-Senegalais-sur-le-petrole.jpg","width":1080,"height":669},{"@type":"BreadcrumbList","@id":"https:\/\/challengeseconomiques.com\/?p=3917#breadcrumb","itemListElement":[{"@type":"ListItem","position":1,"name":"Home","item":"https:\/\/challengeseconomiques.com\/"},{"@type":"ListItem","position":2,"name":"contenu local au s\u00e9n\u00e9gal : diagnostic et actions curatives du cadre juridique trois ans apr\u00e8s sa cr\u00e9ation pour la promotion du secteur priv\u00e9 s\u00e9n\u00e9galais"}]},{"@type":"WebSite","@id":"https:\/\/challengeseconomiques.com\/#website","url":"https:\/\/challengeseconomiques.com\/","name":"challenges economiques","description":"","potentialAction":[{"@type":"SearchAction","target":{"@type":"EntryPoint","urlTemplate":"https:\/\/challengeseconomiques.com\/?s={search_term_string}"},"query-input":{"@type":"PropertyValueSpecification","valueRequired":true,"valueName":"search_term_string"}}],"inLanguage":"fr-FR"},{"@type":"Person","@id":"https:\/\/challengeseconomiques.com\/#\/schema\/person\/b4568c9afebc5a9238a771873801e349","name":"admin","image":{"@type":"ImageObject","inLanguage":"fr-FR","@id":"https:\/\/challengeseconomiques.com\/#\/schema\/person\/image\/","url":"https:\/\/secure.gravatar.com\/avatar\/099e42240b5eea11acdb72751fcce0dd918603f0749d24974b7984ea47ed9fd9?s=96&d=mm&r=g","contentUrl":"https:\/\/secure.gravatar.com\/avatar\/099e42240b5eea11acdb72751fcce0dd918603f0749d24974b7984ea47ed9fd9?s=96&d=mm&r=g","caption":"admin"},"sameAs":["https:\/\/challengeseconomiques.com"],"url":"https:\/\/challengeseconomiques.com\/?author=1"}]}},"jetpack_featured_media_url":"https:\/\/challengeseconomiques.com\/wp-content\/uploads\/2021\/12\/Macky-Sall-previent-les-Senegalais-sur-le-petrole.jpg","jetpack_sharing_enabled":true,"_links":{"self":[{"href":"https:\/\/challengeseconomiques.com\/index.php?rest_route=\/wp\/v2\/posts\/3917","targetHints":{"allow":["GET"]}}],"collection":[{"href":"https:\/\/challengeseconomiques.com\/index.php?rest_route=\/wp\/v2\/posts"}],"about":[{"href":"https:\/\/challengeseconomiques.com\/index.php?rest_route=\/wp\/v2\/types\/post"}],"author":[{"embeddable":true,"href":"https:\/\/challengeseconomiques.com\/index.php?rest_route=\/wp\/v2\/users\/1"}],"replies":[{"embeddable":true,"href":"https:\/\/challengeseconomiques.com\/index.php?rest_route=%2Fwp%2Fv2%2Fcomments&post=3917"}],"version-history":[{"count":2,"href":"https:\/\/challengeseconomiques.com\/index.php?rest_route=\/wp\/v2\/posts\/3917\/revisions"}],"predecessor-version":[{"id":3919,"href":"https:\/\/challengeseconomiques.com\/index.php?rest_route=\/wp\/v2\/posts\/3917\/revisions\/3919"}],"wp:featuredmedia":[{"embeddable":true,"href":"https:\/\/challengeseconomiques.com\/index.php?rest_route=\/wp\/v2\/media\/2439"}],"wp:attachment":[{"href":"https:\/\/challengeseconomiques.com\/index.php?rest_route=%2Fwp%2Fv2%2Fmedia&parent=3917"}],"wp:term":[{"taxonomy":"category","embeddable":true,"href":"https:\/\/challengeseconomiques.com\/index.php?rest_route=%2Fwp%2Fv2%2Fcategories&post=3917"},{"taxonomy":"post_tag","embeddable":true,"href":"https:\/\/challengeseconomiques.com\/index.php?rest_route=%2Fwp%2Fv2%2Ftags&post=3917"}],"curies":[{"name":"wp","href":"https:\/\/api.w.org\/{rel}","templated":true}]}}