{"id":3914,"date":"2022-09-12T15:08:58","date_gmt":"2022-09-12T15:08:58","guid":{"rendered":"https:\/\/challengeseconomiques.com\/?p=3914"},"modified":"2024-12-31T16:53:06","modified_gmt":"2024-12-31T16:53:06","slug":"air-senegal-reussira-t-elle-a-se-maintenir-dans-les-airs","status":"publish","type":"post","link":"https:\/\/challengeseconomiques.com\/?p=3914","title":{"rendered":"Air S\u00e9n\u00e9gal r\u00e9ussira-t-elle \u00e0 se maintenir dans les airs ?"},"content":{"rendered":"<p><strong>Air S\u00e9n\u00e9gal Sa connaitra-t-elle le m\u00eame sort que ces devanci\u00e8res ? C\u2019est la question que l\u2019on est tent\u00e9 de se poser , surtout au vue des nombreuses difficult\u00e9s qu\u2019elle traverse depuis sa cr\u00e9ation. En plus de l\u2019instabilit\u00e9 au niveau de son management strat\u00e9gique , la compagnie a\u00e9rienne doit faire faire face \u00e0 un important d\u00e9ficit<\/strong>.<\/p>\n<p>Malgr\u00e9 des d\u00e9buts prometteurs, avec une r\u00e9elle volont\u00e9 des autorit\u00e9s s\u00e9n\u00e9galaises \u00a0de mettre en place une compagnie a\u00e9rienne digne de ce nom, Air S\u00e9n\u00e9gal semble \u00eatre dans une zone de turbulence qui dure depuis trop longtemps. Selon jeune Afrique, le d\u00e9ficit \u00e0 Air S\u00e9n\u00e9gal\u00a0 atteint plus de 60 millions d\u2019Euros, plus de 39 milliards F CFA. A quoi cela est-il d\u00fb ? \u00a0Une mauvaise gestion, de l\u2019amateurisme. Dans tous les cas, le constat est l\u00e0 : le S\u00e9n\u00e9gal a tent\u00e9 \u00e0 trois reprises de mettre sur pied une compagnie a\u00e9rienne et \u00e0 chaque fois, c\u2019est un \u00e9chec. Air S\u00e9n\u00e9gal international a crash\u00e9 malgr\u00e9 un d\u00e9collage r\u00e9ussit. S\u00e9n\u00e9gal Airlines n\u2019a pas connu un meilleur sort. Et maintenant, c\u2019est au tour d\u2019Air S\u00e9n\u00e9gal SA de conna\u00eetre des difficult\u00e9s.<\/p>\n<p><strong>Un bon d\u00e9part pour Air S\u00e9n\u00e9gal<\/strong><\/p>\n<p>Le projet de cr\u00e9ation d\u2018une compagnie a\u00e9rienne nationale faisait partis d\u2019un ensemble. Le gouvernement du pr\u00e9sident Macky Sall voulait faire du S\u00e9n\u00e9gal un hub a\u00e9rien. Apr\u00e8s l\u2019ach\u00e8vement des travaux de l\u2019a\u00e9roport international Blaise Diagne et son inauguration, les autorit\u00e9s ont embray\u00e9 sur la cr\u00e9ation de cette compagnie a\u00e9rienne.<\/p>\n<p>Pour desservir les premi\u00e8res destinations inscrites \u00e0 son tableau de bord, Air S\u00e9n\u00e9gal louera des avions. Par la suite, la compagnie a\u00e9rienne se dotera d\u2019appareils neufs de derni\u00e8re g\u00e9n\u00e9ration. Ceci a permis \u00e0 la compagnie de se positionner sur des destinations comme Paris et New York sur lesquelles, la demande \u00e9tait forte et sur d\u2019autres destinations. L\u2019ambition affirm\u00e9e \u00e9tait donc claire : faire de Air S\u00e9n\u00e9gal une grande compagnie a\u00e9rienne \u00e0 l\u2019instar de Royal Air Maroc ou encore Ethiopian Airlines. Cependant, les difficult\u00e9s n\u2019ont pas cess\u00e9 de se dresser sur la trajectoire de la jeune compagnie dont des retards r\u00e9currents.<\/p>\n<p>C\u2019est ainsi que le gouvernement se d\u00e9barrassera du premier Directeur g\u00e9n\u00e9ral, le fran\u00e7ais Philippe Bohn nomm\u00e9 en ao\u00fbt 2017. Pour le remplacer, Macky Sall choisira \u00a0le brillant polytechnicien Ibrahima Kane, alors Directeur g\u00e9n\u00e9ral du Fonds souverain pour les investissements strat\u00e9giques (FONSIS). Ce dernier submerg\u00e9 par la vague passera lui aussi \u00e0 la trappe et sera d\u00e9barqu\u00e9 \u00e0 son tour le 12 juillet 2022 et remplac\u00e9 par El Hadji Badara Fall. C\u2019est maintenant \u00e0 ce dernier que revient la redoutable t\u00e2che de sortir la compagnie a\u00e9rienne s\u00e9n\u00e9galaise de cette temp\u00eate.<\/p>\n","protected":false},"excerpt":{"rendered":"<p>Air S\u00e9n\u00e9gal Sa connaitra-t-elle le m\u00eame sort que ces devanci\u00e8res ? C\u2019est la question que l\u2019on est tent\u00e9 de se poser , surtout au vue&#8230;<\/p>\n","protected":false},"author":1,"featured_media":1646,"comment_status":"closed","ping_status":"open","sticky":false,"template":"","format":"standard","meta":{"_jetpack_memberships_contains_paid_content":false,"footnotes":""},"categories":[23,10],"tags":[],"class_list":["post-3914","post","type-post","status-publish","format-standard","has-post-thumbnail","hentry","category-a-la-une","category-infos-eco","wpcat-23-id","wpcat-10-id"],"yoast_head":"<!-- This site is optimized with the Yoast SEO plugin v27.1.1 - https:\/\/yoast.com\/product\/yoast-seo-wordpress\/ -->\n<title>Air S\u00e9n\u00e9gal r\u00e9ussira-t-elle \u00e0 se maintenir dans les airs ? - challenges economiques<\/title>\n<meta name=\"robots\" content=\"index, follow, max-snippet:-1, max-image-preview:large, max-video-preview:-1\" \/>\n<link rel=\"canonical\" href=\"https:\/\/challengeseconomiques.com\/?p=3914\" \/>\n<meta property=\"og:locale\" content=\"fr_FR\" \/>\n<meta property=\"og:type\" content=\"article\" \/>\n<meta property=\"og:title\" content=\"Air S\u00e9n\u00e9gal r\u00e9ussira-t-elle \u00e0 se maintenir dans les airs ? - challenges economiques\" \/>\n<meta property=\"og:description\" content=\"Air S\u00e9n\u00e9gal Sa connaitra-t-elle le m\u00eame sort que ces devanci\u00e8res ? C\u2019est la question que l\u2019on est tent\u00e9 de se poser , surtout au vue...\" \/>\n<meta property=\"og:url\" content=\"https:\/\/challengeseconomiques.com\/?p=3914\" \/>\n<meta property=\"og:site_name\" content=\"challenges economiques\" \/>\n<meta property=\"article:published_time\" content=\"2022-09-12T15:08:58+00:00\" \/>\n<meta property=\"article:modified_time\" content=\"2024-12-31T16:53:06+00:00\" \/>\n<meta property=\"og:image\" content=\"https:\/\/challengeseconomiques.com\/wp-content\/uploads\/2021\/08\/air-senegal.jpg\" \/>\n\t<meta property=\"og:image:width\" content=\"1440\" \/>\n\t<meta property=\"og:image:height\" content=\"960\" \/>\n\t<meta property=\"og:image:type\" content=\"image\/jpeg\" \/>\n<meta name=\"author\" content=\"admin\" \/>\n<meta name=\"twitter:card\" content=\"summary_large_image\" \/>\n<meta name=\"twitter:label1\" content=\"\u00c9crit par\" \/>\n\t<meta name=\"twitter:data1\" content=\"admin\" \/>\n\t<meta name=\"twitter:label2\" content=\"Dur\u00e9e de lecture estim\u00e9e\" \/>\n\t<meta name=\"twitter:data2\" content=\"3 minutes\" \/>\n<script type=\"application\/ld+json\" class=\"yoast-schema-graph\">{\"@context\":\"https:\/\/schema.org\",\"@graph\":[{\"@type\":\"Article\",\"@id\":\"https:\/\/challengeseconomiques.com\/?p=3914#article\",\"isPartOf\":{\"@id\":\"https:\/\/challengeseconomiques.com\/?p=3914\"},\"author\":{\"name\":\"admin\",\"@id\":\"https:\/\/challengeseconomiques.com\/#\/schema\/person\/b4568c9afebc5a9238a771873801e349\"},\"headline\":\"Air S\u00e9n\u00e9gal r\u00e9ussira-t-elle \u00e0 se maintenir dans les airs ?\",\"datePublished\":\"2022-09-12T15:08:58+00:00\",\"dateModified\":\"2024-12-31T16:53:06+00:00\",\"mainEntityOfPage\":{\"@id\":\"https:\/\/challengeseconomiques.com\/?p=3914\"},\"wordCount\":510,\"image\":{\"@id\":\"https:\/\/challengeseconomiques.com\/?p=3914#primaryimage\"},\"thumbnailUrl\":\"https:\/\/challengeseconomiques.com\/wp-content\/uploads\/2021\/08\/air-senegal.jpg\",\"articleSection\":[\"A la une\",\"Infos \u00e9co\"],\"inLanguage\":\"fr-FR\"},{\"@type\":\"WebPage\",\"@id\":\"https:\/\/challengeseconomiques.com\/?p=3914\",\"url\":\"https:\/\/challengeseconomiques.com\/?p=3914\",\"name\":\"Air S\u00e9n\u00e9gal r\u00e9ussira-t-elle \u00e0 se maintenir dans les airs ? - challenges economiques\",\"isPartOf\":{\"@id\":\"https:\/\/challengeseconomiques.com\/#website\"},\"primaryImageOfPage\":{\"@id\":\"https:\/\/challengeseconomiques.com\/?p=3914#primaryimage\"},\"image\":{\"@id\":\"https:\/\/challengeseconomiques.com\/?p=3914#primaryimage\"},\"thumbnailUrl\":\"https:\/\/challengeseconomiques.com\/wp-content\/uploads\/2021\/08\/air-senegal.jpg\",\"datePublished\":\"2022-09-12T15:08:58+00:00\",\"dateModified\":\"2024-12-31T16:53:06+00:00\",\"author\":{\"@id\":\"https:\/\/challengeseconomiques.com\/#\/schema\/person\/b4568c9afebc5a9238a771873801e349\"},\"breadcrumb\":{\"@id\":\"https:\/\/challengeseconomiques.com\/?p=3914#breadcrumb\"},\"inLanguage\":\"fr-FR\",\"potentialAction\":[{\"@type\":\"ReadAction\",\"target\":[\"https:\/\/challengeseconomiques.com\/?p=3914\"]}]},{\"@type\":\"ImageObject\",\"inLanguage\":\"fr-FR\",\"@id\":\"https:\/\/challengeseconomiques.com\/?p=3914#primaryimage\",\"url\":\"https:\/\/challengeseconomiques.com\/wp-content\/uploads\/2021\/08\/air-senegal.jpg\",\"contentUrl\":\"https:\/\/challengeseconomiques.com\/wp-content\/uploads\/2021\/08\/air-senegal.jpg\",\"width\":1440,\"height\":960},{\"@type\":\"BreadcrumbList\",\"@id\":\"https:\/\/challengeseconomiques.com\/?p=3914#breadcrumb\",\"itemListElement\":[{\"@type\":\"ListItem\",\"position\":1,\"name\":\"Home\",\"item\":\"https:\/\/challengeseconomiques.com\/\"},{\"@type\":\"ListItem\",\"position\":2,\"name\":\"Air S\u00e9n\u00e9gal r\u00e9ussira-t-elle \u00e0 se maintenir dans les airs ?\"}]},{\"@type\":\"WebSite\",\"@id\":\"https:\/\/challengeseconomiques.com\/#website\",\"url\":\"https:\/\/challengeseconomiques.com\/\",\"name\":\"challenges economiques\",\"description\":\"\",\"potentialAction\":[{\"@type\":\"SearchAction\",\"target\":{\"@type\":\"EntryPoint\",\"urlTemplate\":\"https:\/\/challengeseconomiques.com\/?s={search_term_string}\"},\"query-input\":{\"@type\":\"PropertyValueSpecification\",\"valueRequired\":true,\"valueName\":\"search_term_string\"}}],\"inLanguage\":\"fr-FR\"},{\"@type\":\"Person\",\"@id\":\"https:\/\/challengeseconomiques.com\/#\/schema\/person\/b4568c9afebc5a9238a771873801e349\",\"name\":\"admin\",\"image\":{\"@type\":\"ImageObject\",\"inLanguage\":\"fr-FR\",\"@id\":\"https:\/\/challengeseconomiques.com\/#\/schema\/person\/image\/\",\"url\":\"https:\/\/secure.gravatar.com\/avatar\/099e42240b5eea11acdb72751fcce0dd918603f0749d24974b7984ea47ed9fd9?s=96&d=mm&r=g\",\"contentUrl\":\"https:\/\/secure.gravatar.com\/avatar\/099e42240b5eea11acdb72751fcce0dd918603f0749d24974b7984ea47ed9fd9?s=96&d=mm&r=g\",\"caption\":\"admin\"},\"sameAs\":[\"https:\/\/challengeseconomiques.com\"],\"url\":\"https:\/\/challengeseconomiques.com\/?author=1\"}]}<\/script>\n<!-- \/ Yoast SEO plugin. -->","yoast_head_json":{"title":"Air S\u00e9n\u00e9gal r\u00e9ussira-t-elle \u00e0 se maintenir dans les airs ? - challenges economiques","robots":{"index":"index","follow":"follow","max-snippet":"max-snippet:-1","max-image-preview":"max-image-preview:large","max-video-preview":"max-video-preview:-1"},"canonical":"https:\/\/challengeseconomiques.com\/?p=3914","og_locale":"fr_FR","og_type":"article","og_title":"Air S\u00e9n\u00e9gal r\u00e9ussira-t-elle \u00e0 se maintenir dans les airs ? - challenges economiques","og_description":"Air S\u00e9n\u00e9gal Sa connaitra-t-elle le m\u00eame sort que ces devanci\u00e8res ? C\u2019est la question que l\u2019on est tent\u00e9 de se poser , surtout au vue...","og_url":"https:\/\/challengeseconomiques.com\/?p=3914","og_site_name":"challenges economiques","article_published_time":"2022-09-12T15:08:58+00:00","article_modified_time":"2024-12-31T16:53:06+00:00","og_image":[{"width":1440,"height":960,"url":"https:\/\/challengeseconomiques.com\/wp-content\/uploads\/2021\/08\/air-senegal.jpg","type":"image\/jpeg"}],"author":"admin","twitter_card":"summary_large_image","twitter_misc":{"\u00c9crit par":"admin","Dur\u00e9e de lecture estim\u00e9e":"3 minutes"},"schema":{"@context":"https:\/\/schema.org","@graph":[{"@type":"Article","@id":"https:\/\/challengeseconomiques.com\/?p=3914#article","isPartOf":{"@id":"https:\/\/challengeseconomiques.com\/?p=3914"},"author":{"name":"admin","@id":"https:\/\/challengeseconomiques.com\/#\/schema\/person\/b4568c9afebc5a9238a771873801e349"},"headline":"Air S\u00e9n\u00e9gal r\u00e9ussira-t-elle \u00e0 se maintenir dans les airs ?","datePublished":"2022-09-12T15:08:58+00:00","dateModified":"2024-12-31T16:53:06+00:00","mainEntityOfPage":{"@id":"https:\/\/challengeseconomiques.com\/?p=3914"},"wordCount":510,"image":{"@id":"https:\/\/challengeseconomiques.com\/?p=3914#primaryimage"},"thumbnailUrl":"https:\/\/challengeseconomiques.com\/wp-content\/uploads\/2021\/08\/air-senegal.jpg","articleSection":["A la une","Infos \u00e9co"],"inLanguage":"fr-FR"},{"@type":"WebPage","@id":"https:\/\/challengeseconomiques.com\/?p=3914","url":"https:\/\/challengeseconomiques.com\/?p=3914","name":"Air S\u00e9n\u00e9gal r\u00e9ussira-t-elle \u00e0 se maintenir dans les airs ? - challenges economiques","isPartOf":{"@id":"https:\/\/challengeseconomiques.com\/#website"},"primaryImageOfPage":{"@id":"https:\/\/challengeseconomiques.com\/?p=3914#primaryimage"},"image":{"@id":"https:\/\/challengeseconomiques.com\/?p=3914#primaryimage"},"thumbnailUrl":"https:\/\/challengeseconomiques.com\/wp-content\/uploads\/2021\/08\/air-senegal.jpg","datePublished":"2022-09-12T15:08:58+00:00","dateModified":"2024-12-31T16:53:06+00:00","author":{"@id":"https:\/\/challengeseconomiques.com\/#\/schema\/person\/b4568c9afebc5a9238a771873801e349"},"breadcrumb":{"@id":"https:\/\/challengeseconomiques.com\/?p=3914#breadcrumb"},"inLanguage":"fr-FR","potentialAction":[{"@type":"ReadAction","target":["https:\/\/challengeseconomiques.com\/?p=3914"]}]},{"@type":"ImageObject","inLanguage":"fr-FR","@id":"https:\/\/challengeseconomiques.com\/?p=3914#primaryimage","url":"https:\/\/challengeseconomiques.com\/wp-content\/uploads\/2021\/08\/air-senegal.jpg","contentUrl":"https:\/\/challengeseconomiques.com\/wp-content\/uploads\/2021\/08\/air-senegal.jpg","width":1440,"height":960},{"@type":"BreadcrumbList","@id":"https:\/\/challengeseconomiques.com\/?p=3914#breadcrumb","itemListElement":[{"@type":"ListItem","position":1,"name":"Home","item":"https:\/\/challengeseconomiques.com\/"},{"@type":"ListItem","position":2,"name":"Air S\u00e9n\u00e9gal r\u00e9ussira-t-elle \u00e0 se maintenir dans les airs ?"}]},{"@type":"WebSite","@id":"https:\/\/challengeseconomiques.com\/#website","url":"https:\/\/challengeseconomiques.com\/","name":"challenges economiques","description":"","potentialAction":[{"@type":"SearchAction","target":{"@type":"EntryPoint","urlTemplate":"https:\/\/challengeseconomiques.com\/?s={search_term_string}"},"query-input":{"@type":"PropertyValueSpecification","valueRequired":true,"valueName":"search_term_string"}}],"inLanguage":"fr-FR"},{"@type":"Person","@id":"https:\/\/challengeseconomiques.com\/#\/schema\/person\/b4568c9afebc5a9238a771873801e349","name":"admin","image":{"@type":"ImageObject","inLanguage":"fr-FR","@id":"https:\/\/challengeseconomiques.com\/#\/schema\/person\/image\/","url":"https:\/\/secure.gravatar.com\/avatar\/099e42240b5eea11acdb72751fcce0dd918603f0749d24974b7984ea47ed9fd9?s=96&d=mm&r=g","contentUrl":"https:\/\/secure.gravatar.com\/avatar\/099e42240b5eea11acdb72751fcce0dd918603f0749d24974b7984ea47ed9fd9?s=96&d=mm&r=g","caption":"admin"},"sameAs":["https:\/\/challengeseconomiques.com"],"url":"https:\/\/challengeseconomiques.com\/?author=1"}]}},"jetpack_featured_media_url":"https:\/\/challengeseconomiques.com\/wp-content\/uploads\/2021\/08\/air-senegal.jpg","jetpack_sharing_enabled":true,"_links":{"self":[{"href":"https:\/\/challengeseconomiques.com\/index.php?rest_route=\/wp\/v2\/posts\/3914","targetHints":{"allow":["GET"]}}],"collection":[{"href":"https:\/\/challengeseconomiques.com\/index.php?rest_route=\/wp\/v2\/posts"}],"about":[{"href":"https:\/\/challengeseconomiques.com\/index.php?rest_route=\/wp\/v2\/types\/post"}],"author":[{"embeddable":true,"href":"https:\/\/challengeseconomiques.com\/index.php?rest_route=\/wp\/v2\/users\/1"}],"replies":[{"embeddable":true,"href":"https:\/\/challengeseconomiques.com\/index.php?rest_route=%2Fwp%2Fv2%2Fcomments&post=3914"}],"version-history":[{"count":3,"href":"https:\/\/challengeseconomiques.com\/index.php?rest_route=\/wp\/v2\/posts\/3914\/revisions"}],"predecessor-version":[{"id":7551,"href":"https:\/\/challengeseconomiques.com\/index.php?rest_route=\/wp\/v2\/posts\/3914\/revisions\/7551"}],"wp:featuredmedia":[{"embeddable":true,"href":"https:\/\/challengeseconomiques.com\/index.php?rest_route=\/wp\/v2\/media\/1646"}],"wp:attachment":[{"href":"https:\/\/challengeseconomiques.com\/index.php?rest_route=%2Fwp%2Fv2%2Fmedia&parent=3914"}],"wp:term":[{"taxonomy":"category","embeddable":true,"href":"https:\/\/challengeseconomiques.com\/index.php?rest_route=%2Fwp%2Fv2%2Fcategories&post=3914"},{"taxonomy":"post_tag","embeddable":true,"href":"https:\/\/challengeseconomiques.com\/index.php?rest_route=%2Fwp%2Fv2%2Ftags&post=3914"}],"curies":[{"name":"wp","href":"https:\/\/api.w.org\/{rel}","templated":true}]}}