{"id":3910,"date":"2022-09-10T13:15:34","date_gmt":"2022-09-10T13:15:34","guid":{"rendered":"https:\/\/challengeseconomiques.com\/?p=3910"},"modified":"2022-09-10T13:16:11","modified_gmt":"2022-09-10T13:16:11","slug":"gco-accelere-son-developpement-au-benefice-de-lensemble-de-ses-parties-prenantes","status":"publish","type":"post","link":"https:\/\/challengeseconomiques.com\/?p=3910","title":{"rendered":"GCO acc\u00e9l\u00e8re son d\u00e9veloppement au b\u00e9n\u00e9fice de l\u2019ensemble de ses parties prenantes"},"content":{"rendered":"<p><strong>Grande C\u00f4te Op\u00e9rations, filiale du Groupe minier et m\u00e9tallurgique fran\u00e7ais Eramet, investit \u00e0 hauteur de 30 M\u20ac dans un nouvel \u00e9quipement minier de traitement des sables min\u00e9ralis\u00e9s. Il a par ailleurs r\u00e9habilit\u00e9 et restitu\u00e9 85 hectares de terres \u00e0 l\u2019Etat<\/strong><\/p>\n<p><strong>\u00a0<\/strong><\/p>\n<p>GCO a fait l\u2019acquisition d\u2019un nouvel \u00e9quipement minier qui va permettre de valoriser les sables min\u00e9ralis\u00e9s que la drague ne peut extraire dans les dunes, optimisant ainsi la valorisation de la ressource mini\u00e8re annonce la compagnie mini\u00e8re dans un communiqu\u00e9. L\u2019investissement de 30 millions d\u2019euros poursuit le communiqu\u00e9 est accompagn\u00e9 du recrutement de 104 collaborateurs ce qui porte \u00e0 1 700 le nombre d\u2019emplois g\u00e9n\u00e9r\u00e9s par GCO. Embauche locale, formation, exigences de s\u00e9curit\u00e9 au travail, plan de \u00a0d\u00e9veloppement : l\u2019entreprise est engag\u00e9e \u00e0 valoriser la\u00a0 premi\u00e8re richesse de l\u2019entreprise, son capital humain selon le communiqu\u00e9 qui pr\u00e9cise\u00a0 que \u00a0par ailleurs que 97% des emplois sont pourvus par des S\u00e9n\u00e9galais.<\/p>\n<p><strong>\u00a0<\/strong><strong>85 hectares de terres r\u00e9habilit\u00e9es et restitu\u00e9es \u00e0 l\u2019Etat<\/strong><\/p>\n<p>D\u2019apr\u00e8s le communiqu\u00e9, \u00a085 hectares de terres r\u00e9habilit\u00e9es et replant\u00e9es d\u2019esp\u00e8ces choisies par les communaut\u00e9s locales ont \u00e9t\u00e9 restitu\u00e9es \u00e0 l\u2019Etat \u00e0 travers la Direction des Eaux et For\u00eats. Le communiqu\u00e9 pr\u00e9cise que ce sont \u00a0\u00a0les premiers d\u2019une longue s\u00e9rie qui seront restitu\u00e9s de fa\u00e7on graduelle et continue : 950 ha restitu\u00e9s d\u2019ici 2025.<\/p>\n<p>Pour illustrer son engagement en faveur de la Plan\u00e8te, rappelons que GCO est \u00e9galement la premi\u00e8re mine s\u00e9n\u00e9galaise \u00e0 avoir obtenu les certifications ISO 14\u00a0001 informe le communiqu\u00e9. D\u2019apr\u00e8s lequel, en 2021, GCO a lanc\u00e9 un projet de d\u00e9veloppement d\u2019une centrale solaire hybride en vue de fortement diminuer son empreinte carbone.<\/p>\n<p>A travers le communiqu\u00e9 GCO explique qu\u2019il \u00a0est possible de mener un ambitieux projet minier tout en respectant ses engagements environnementaux. \u00a08 ans apr\u00e8s sa mise en service et apr\u00e8s US$830 millions d\u2019investissement, GCO est devenu un des leaders mondiaux des sables min\u00e9ralis\u00e9s selon le communiqu\u00e9.\u00a0 L\u2019entreprise se d\u00e9veloppe sur la base des meilleurs standards internationaux assure le communiqu\u00e9.<\/p>\n<p>\u00ab Nous travaillons avec \u00e9nergie et engagement pour faire de GCO une entreprise performante, responsable et durable pour tous \u00bb, a r\u00e9sum\u00e9 Guillaume Kurek, Directeur G\u00e9n\u00e9ral.<\/p>\n<p>Quant \u00e0 Christel Bores, PDG Eramet, il a d\u00e9clar\u00e9 que \u00ab GCO s\u2019inscrit dans la philosophie d\u2019Eramet, une entreprise citoyenne, engag\u00e9e et contributive. C\u2019est avec nos parties prenantes : les autorit\u00e9s nationales et locales, les communaut\u00e9s avoisinantes des sites de production, mais aussi avec nos salari\u00e9s et nos sous-traitants que nous cr\u00e9erons de la valeur pour tous. GCO d\u00e9montre qu\u2019elle est un partenaire de premier plan du S\u00e9n\u00e9gal, \u00e0 la pointe des technologies mini\u00e8res et de la gestion responsable de ses activit\u00e9s. \u00bb<\/p>\n","protected":false},"excerpt":{"rendered":"<p>Grande C\u00f4te Op\u00e9rations, filiale du Groupe minier et m\u00e9tallurgique fran\u00e7ais Eramet, investit \u00e0 hauteur de 30 M\u20ac dans un nouvel \u00e9quipement minier de traitement des&#8230;<\/p>\n","protected":false},"author":1,"featured_media":3911,"comment_status":"closed","ping_status":"open","sticky":false,"template":"","format":"standard","meta":{"_jetpack_memberships_contains_paid_content":false,"footnotes":""},"categories":[23,10],"tags":[],"class_list":["post-3910","post","type-post","status-publish","format-standard","has-post-thumbnail","hentry","category-a-la-une","category-infos-eco","wpcat-23-id","wpcat-10-id"],"yoast_head":"<!-- This site is optimized with the Yoast SEO plugin v27.1.1 - https:\/\/yoast.com\/product\/yoast-seo-wordpress\/ -->\n<title>GCO acc\u00e9l\u00e8re son d\u00e9veloppement au b\u00e9n\u00e9fice de l\u2019ensemble de ses parties prenantes - challenges economiques<\/title>\n<meta name=\"robots\" content=\"index, follow, max-snippet:-1, max-image-preview:large, max-video-preview:-1\" \/>\n<link rel=\"canonical\" href=\"https:\/\/challengeseconomiques.com\/?p=3910\" \/>\n<meta property=\"og:locale\" content=\"fr_FR\" \/>\n<meta property=\"og:type\" content=\"article\" \/>\n<meta property=\"og:title\" content=\"GCO acc\u00e9l\u00e8re son d\u00e9veloppement au b\u00e9n\u00e9fice de l\u2019ensemble de ses parties prenantes - challenges economiques\" \/>\n<meta property=\"og:description\" content=\"Grande C\u00f4te Op\u00e9rations, filiale du Groupe minier et m\u00e9tallurgique fran\u00e7ais Eramet, investit \u00e0 hauteur de 30 M\u20ac dans un nouvel \u00e9quipement minier de traitement des...\" \/>\n<meta property=\"og:url\" content=\"https:\/\/challengeseconomiques.com\/?p=3910\" \/>\n<meta property=\"og:site_name\" content=\"challenges economiques\" \/>\n<meta property=\"article:published_time\" content=\"2022-09-10T13:15:34+00:00\" \/>\n<meta property=\"article:modified_time\" content=\"2022-09-10T13:16:11+00:00\" \/>\n<meta property=\"og:image\" content=\"https:\/\/challengeseconomiques.com\/wp-content\/uploads\/2022\/09\/GCOPHOTOS.jpg\" \/>\n\t<meta property=\"og:image:width\" content=\"1080\" \/>\n\t<meta property=\"og:image:height\" content=\"720\" \/>\n\t<meta property=\"og:image:type\" content=\"image\/jpeg\" \/>\n<meta name=\"author\" content=\"admin\" \/>\n<meta name=\"twitter:card\" content=\"summary_large_image\" \/>\n<meta name=\"twitter:label1\" content=\"\u00c9crit par\" \/>\n\t<meta name=\"twitter:data1\" content=\"admin\" \/>\n\t<meta name=\"twitter:label2\" content=\"Dur\u00e9e de lecture estim\u00e9e\" \/>\n\t<meta name=\"twitter:data2\" content=\"3 minutes\" \/>\n<script type=\"application\/ld+json\" class=\"yoast-schema-graph\">{\"@context\":\"https:\/\/schema.org\",\"@graph\":[{\"@type\":\"Article\",\"@id\":\"https:\/\/challengeseconomiques.com\/?p=3910#article\",\"isPartOf\":{\"@id\":\"https:\/\/challengeseconomiques.com\/?p=3910\"},\"author\":{\"name\":\"admin\",\"@id\":\"https:\/\/challengeseconomiques.com\/#\/schema\/person\/b4568c9afebc5a9238a771873801e349\"},\"headline\":\"GCO acc\u00e9l\u00e8re son d\u00e9veloppement au b\u00e9n\u00e9fice de l\u2019ensemble de ses parties prenantes\",\"datePublished\":\"2022-09-10T13:15:34+00:00\",\"dateModified\":\"2022-09-10T13:16:11+00:00\",\"mainEntityOfPage\":{\"@id\":\"https:\/\/challengeseconomiques.com\/?p=3910\"},\"wordCount\":503,\"image\":{\"@id\":\"https:\/\/challengeseconomiques.com\/?p=3910#primaryimage\"},\"thumbnailUrl\":\"https:\/\/challengeseconomiques.com\/wp-content\/uploads\/2022\/09\/GCOPHOTOS.jpg\",\"articleSection\":[\"A la une\",\"Infos \u00e9co\"],\"inLanguage\":\"fr-FR\"},{\"@type\":\"WebPage\",\"@id\":\"https:\/\/challengeseconomiques.com\/?p=3910\",\"url\":\"https:\/\/challengeseconomiques.com\/?p=3910\",\"name\":\"GCO acc\u00e9l\u00e8re son d\u00e9veloppement au b\u00e9n\u00e9fice de l\u2019ensemble de ses parties prenantes - challenges economiques\",\"isPartOf\":{\"@id\":\"https:\/\/challengeseconomiques.com\/#website\"},\"primaryImageOfPage\":{\"@id\":\"https:\/\/challengeseconomiques.com\/?p=3910#primaryimage\"},\"image\":{\"@id\":\"https:\/\/challengeseconomiques.com\/?p=3910#primaryimage\"},\"thumbnailUrl\":\"https:\/\/challengeseconomiques.com\/wp-content\/uploads\/2022\/09\/GCOPHOTOS.jpg\",\"datePublished\":\"2022-09-10T13:15:34+00:00\",\"dateModified\":\"2022-09-10T13:16:11+00:00\",\"author\":{\"@id\":\"https:\/\/challengeseconomiques.com\/#\/schema\/person\/b4568c9afebc5a9238a771873801e349\"},\"breadcrumb\":{\"@id\":\"https:\/\/challengeseconomiques.com\/?p=3910#breadcrumb\"},\"inLanguage\":\"fr-FR\",\"potentialAction\":[{\"@type\":\"ReadAction\",\"target\":[\"https:\/\/challengeseconomiques.com\/?p=3910\"]}]},{\"@type\":\"ImageObject\",\"inLanguage\":\"fr-FR\",\"@id\":\"https:\/\/challengeseconomiques.com\/?p=3910#primaryimage\",\"url\":\"https:\/\/challengeseconomiques.com\/wp-content\/uploads\/2022\/09\/GCOPHOTOS.jpg\",\"contentUrl\":\"https:\/\/challengeseconomiques.com\/wp-content\/uploads\/2022\/09\/GCOPHOTOS.jpg\",\"width\":1080,\"height\":720},{\"@type\":\"BreadcrumbList\",\"@id\":\"https:\/\/challengeseconomiques.com\/?p=3910#breadcrumb\",\"itemListElement\":[{\"@type\":\"ListItem\",\"position\":1,\"name\":\"Home\",\"item\":\"https:\/\/challengeseconomiques.com\/\"},{\"@type\":\"ListItem\",\"position\":2,\"name\":\"GCO acc\u00e9l\u00e8re son d\u00e9veloppement au b\u00e9n\u00e9fice de l\u2019ensemble de ses parties prenantes\"}]},{\"@type\":\"WebSite\",\"@id\":\"https:\/\/challengeseconomiques.com\/#website\",\"url\":\"https:\/\/challengeseconomiques.com\/\",\"name\":\"challenges economiques\",\"description\":\"\",\"potentialAction\":[{\"@type\":\"SearchAction\",\"target\":{\"@type\":\"EntryPoint\",\"urlTemplate\":\"https:\/\/challengeseconomiques.com\/?s={search_term_string}\"},\"query-input\":{\"@type\":\"PropertyValueSpecification\",\"valueRequired\":true,\"valueName\":\"search_term_string\"}}],\"inLanguage\":\"fr-FR\"},{\"@type\":\"Person\",\"@id\":\"https:\/\/challengeseconomiques.com\/#\/schema\/person\/b4568c9afebc5a9238a771873801e349\",\"name\":\"admin\",\"image\":{\"@type\":\"ImageObject\",\"inLanguage\":\"fr-FR\",\"@id\":\"https:\/\/challengeseconomiques.com\/#\/schema\/person\/image\/\",\"url\":\"https:\/\/secure.gravatar.com\/avatar\/099e42240b5eea11acdb72751fcce0dd918603f0749d24974b7984ea47ed9fd9?s=96&d=mm&r=g\",\"contentUrl\":\"https:\/\/secure.gravatar.com\/avatar\/099e42240b5eea11acdb72751fcce0dd918603f0749d24974b7984ea47ed9fd9?s=96&d=mm&r=g\",\"caption\":\"admin\"},\"sameAs\":[\"https:\/\/challengeseconomiques.com\"],\"url\":\"https:\/\/challengeseconomiques.com\/?author=1\"}]}<\/script>\n<!-- \/ Yoast SEO plugin. -->","yoast_head_json":{"title":"GCO acc\u00e9l\u00e8re son d\u00e9veloppement au b\u00e9n\u00e9fice de l\u2019ensemble de ses parties prenantes - challenges economiques","robots":{"index":"index","follow":"follow","max-snippet":"max-snippet:-1","max-image-preview":"max-image-preview:large","max-video-preview":"max-video-preview:-1"},"canonical":"https:\/\/challengeseconomiques.com\/?p=3910","og_locale":"fr_FR","og_type":"article","og_title":"GCO acc\u00e9l\u00e8re son d\u00e9veloppement au b\u00e9n\u00e9fice de l\u2019ensemble de ses parties prenantes - challenges economiques","og_description":"Grande C\u00f4te Op\u00e9rations, filiale du Groupe minier et m\u00e9tallurgique fran\u00e7ais Eramet, investit \u00e0 hauteur de 30 M\u20ac dans un nouvel \u00e9quipement minier de traitement des...","og_url":"https:\/\/challengeseconomiques.com\/?p=3910","og_site_name":"challenges economiques","article_published_time":"2022-09-10T13:15:34+00:00","article_modified_time":"2022-09-10T13:16:11+00:00","og_image":[{"width":1080,"height":720,"url":"https:\/\/challengeseconomiques.com\/wp-content\/uploads\/2022\/09\/GCOPHOTOS.jpg","type":"image\/jpeg"}],"author":"admin","twitter_card":"summary_large_image","twitter_misc":{"\u00c9crit par":"admin","Dur\u00e9e de lecture estim\u00e9e":"3 minutes"},"schema":{"@context":"https:\/\/schema.org","@graph":[{"@type":"Article","@id":"https:\/\/challengeseconomiques.com\/?p=3910#article","isPartOf":{"@id":"https:\/\/challengeseconomiques.com\/?p=3910"},"author":{"name":"admin","@id":"https:\/\/challengeseconomiques.com\/#\/schema\/person\/b4568c9afebc5a9238a771873801e349"},"headline":"GCO acc\u00e9l\u00e8re son d\u00e9veloppement au b\u00e9n\u00e9fice de l\u2019ensemble de ses parties prenantes","datePublished":"2022-09-10T13:15:34+00:00","dateModified":"2022-09-10T13:16:11+00:00","mainEntityOfPage":{"@id":"https:\/\/challengeseconomiques.com\/?p=3910"},"wordCount":503,"image":{"@id":"https:\/\/challengeseconomiques.com\/?p=3910#primaryimage"},"thumbnailUrl":"https:\/\/challengeseconomiques.com\/wp-content\/uploads\/2022\/09\/GCOPHOTOS.jpg","articleSection":["A la une","Infos \u00e9co"],"inLanguage":"fr-FR"},{"@type":"WebPage","@id":"https:\/\/challengeseconomiques.com\/?p=3910","url":"https:\/\/challengeseconomiques.com\/?p=3910","name":"GCO acc\u00e9l\u00e8re son d\u00e9veloppement au b\u00e9n\u00e9fice de l\u2019ensemble de ses parties prenantes - challenges economiques","isPartOf":{"@id":"https:\/\/challengeseconomiques.com\/#website"},"primaryImageOfPage":{"@id":"https:\/\/challengeseconomiques.com\/?p=3910#primaryimage"},"image":{"@id":"https:\/\/challengeseconomiques.com\/?p=3910#primaryimage"},"thumbnailUrl":"https:\/\/challengeseconomiques.com\/wp-content\/uploads\/2022\/09\/GCOPHOTOS.jpg","datePublished":"2022-09-10T13:15:34+00:00","dateModified":"2022-09-10T13:16:11+00:00","author":{"@id":"https:\/\/challengeseconomiques.com\/#\/schema\/person\/b4568c9afebc5a9238a771873801e349"},"breadcrumb":{"@id":"https:\/\/challengeseconomiques.com\/?p=3910#breadcrumb"},"inLanguage":"fr-FR","potentialAction":[{"@type":"ReadAction","target":["https:\/\/challengeseconomiques.com\/?p=3910"]}]},{"@type":"ImageObject","inLanguage":"fr-FR","@id":"https:\/\/challengeseconomiques.com\/?p=3910#primaryimage","url":"https:\/\/challengeseconomiques.com\/wp-content\/uploads\/2022\/09\/GCOPHOTOS.jpg","contentUrl":"https:\/\/challengeseconomiques.com\/wp-content\/uploads\/2022\/09\/GCOPHOTOS.jpg","width":1080,"height":720},{"@type":"BreadcrumbList","@id":"https:\/\/challengeseconomiques.com\/?p=3910#breadcrumb","itemListElement":[{"@type":"ListItem","position":1,"name":"Home","item":"https:\/\/challengeseconomiques.com\/"},{"@type":"ListItem","position":2,"name":"GCO acc\u00e9l\u00e8re son d\u00e9veloppement au b\u00e9n\u00e9fice de l\u2019ensemble de ses parties prenantes"}]},{"@type":"WebSite","@id":"https:\/\/challengeseconomiques.com\/#website","url":"https:\/\/challengeseconomiques.com\/","name":"challenges economiques","description":"","potentialAction":[{"@type":"SearchAction","target":{"@type":"EntryPoint","urlTemplate":"https:\/\/challengeseconomiques.com\/?s={search_term_string}"},"query-input":{"@type":"PropertyValueSpecification","valueRequired":true,"valueName":"search_term_string"}}],"inLanguage":"fr-FR"},{"@type":"Person","@id":"https:\/\/challengeseconomiques.com\/#\/schema\/person\/b4568c9afebc5a9238a771873801e349","name":"admin","image":{"@type":"ImageObject","inLanguage":"fr-FR","@id":"https:\/\/challengeseconomiques.com\/#\/schema\/person\/image\/","url":"https:\/\/secure.gravatar.com\/avatar\/099e42240b5eea11acdb72751fcce0dd918603f0749d24974b7984ea47ed9fd9?s=96&d=mm&r=g","contentUrl":"https:\/\/secure.gravatar.com\/avatar\/099e42240b5eea11acdb72751fcce0dd918603f0749d24974b7984ea47ed9fd9?s=96&d=mm&r=g","caption":"admin"},"sameAs":["https:\/\/challengeseconomiques.com"],"url":"https:\/\/challengeseconomiques.com\/?author=1"}]}},"jetpack_featured_media_url":"https:\/\/challengeseconomiques.com\/wp-content\/uploads\/2022\/09\/GCOPHOTOS.jpg","jetpack_sharing_enabled":true,"_links":{"self":[{"href":"https:\/\/challengeseconomiques.com\/index.php?rest_route=\/wp\/v2\/posts\/3910","targetHints":{"allow":["GET"]}}],"collection":[{"href":"https:\/\/challengeseconomiques.com\/index.php?rest_route=\/wp\/v2\/posts"}],"about":[{"href":"https:\/\/challengeseconomiques.com\/index.php?rest_route=\/wp\/v2\/types\/post"}],"author":[{"embeddable":true,"href":"https:\/\/challengeseconomiques.com\/index.php?rest_route=\/wp\/v2\/users\/1"}],"replies":[{"embeddable":true,"href":"https:\/\/challengeseconomiques.com\/index.php?rest_route=%2Fwp%2Fv2%2Fcomments&post=3910"}],"version-history":[{"count":2,"href":"https:\/\/challengeseconomiques.com\/index.php?rest_route=\/wp\/v2\/posts\/3910\/revisions"}],"predecessor-version":[{"id":3913,"href":"https:\/\/challengeseconomiques.com\/index.php?rest_route=\/wp\/v2\/posts\/3910\/revisions\/3913"}],"wp:featuredmedia":[{"embeddable":true,"href":"https:\/\/challengeseconomiques.com\/index.php?rest_route=\/wp\/v2\/media\/3911"}],"wp:attachment":[{"href":"https:\/\/challengeseconomiques.com\/index.php?rest_route=%2Fwp%2Fv2%2Fmedia&parent=3910"}],"wp:term":[{"taxonomy":"category","embeddable":true,"href":"https:\/\/challengeseconomiques.com\/index.php?rest_route=%2Fwp%2Fv2%2Fcategories&post=3910"},{"taxonomy":"post_tag","embeddable":true,"href":"https:\/\/challengeseconomiques.com\/index.php?rest_route=%2Fwp%2Fv2%2Ftags&post=3910"}],"curies":[{"name":"wp","href":"https:\/\/api.w.org\/{rel}","templated":true}]}}